{"id":88136,"date":"2022-01-07T21:49:35","date_gmt":"2022-01-07T21:49:35","guid":{"rendered":"https:\/\/quehacerpolitico.mx\/?p=88136"},"modified":"2022-01-07T21:49:36","modified_gmt":"2022-01-07T21:49:36","slug":"sidney-poitier-fallece-a-los-94-anos-el-primer-actor-negro-en-ganar-el-oscar","status":"publish","type":"post","link":"https:\/\/quehacerpolitico.mx\/?p=88136","title":{"rendered":"Sidney Poitier: Fallece a los 94 a\u00f1os el primer actor negro en ganar el Oscar"},"content":{"rendered":"\n<p>Por Redacci\u00f3n QP<\/p>\n\n\n\n<p>El actor Sidney Poitier inspir\u00f3 a\u00a0muchos e hizo un cambio que podemos ver en la industria a d\u00eda de hoy<\/p>\n\n\n\n<p>S\u00eddney Poitier, actor pionero e inspiraci\u00f3n de muchos, que<strong>\u00a0transform\u00f3 la manera en la que era retratada la gente negra en la pantalla<\/strong>\u00a0y se convirti\u00f3 en<strong>\u00a0el primer actor negro<\/strong>\u00a0en ganar un premio de la Academia en un papel protagonico fallece a la edad de 94 a\u00f1os.<\/p>\n\n\n\n<p>Pointer,\u00a0<strong>ganador del Oscar en 1964<\/strong>\u00a0por\u00a0 &#8220;Lilies of the Field&#8221; (&#8220;Los lirios del valle&#8221;) falleci\u00f3 este jueves en Bahamas, seg\u00fan informa Eugene Torchon-Newry, director general interino del Ministerio de Asuntos Exteriores en Bahamas.<\/p>\n\n\n\n<h2 class=\"wp-block-heading\">Sidney Poitier: El antes y el despu\u00e9s<\/h2>\n\n\n\n<p>M\u00e1s all\u00e1 de los colores,\u00a0<strong>pocos son los actores logran la influencia que obtuvo Pinter\u00a0<\/strong>dentro y fuera de la pantalla. Pointer, hijo de agricultores de Tomate bahame\u00f1os,\u00a0<strong>nunca\u00a0<\/strong>hab\u00eda visto actores negros teniendo protagonicos o ogrande que una pelicula se produjera por su poder en el medio.<\/p>\n\n\n\n<p>Antes de que Pointer cambiara las cosas, a pocos actores negros se les permitia salirse de los&nbsp;<strong>esteriotipos&nbsp;<\/strong>de sirvientes temerosos o aristas alegres, y practicamente&nbsp;<strong>nunca se trataba de contar la historia de una persona negra.<\/strong><\/p>\n\n\n\n<p>El ascenso de Pointer refleja\u00a0<strong>los cambios profundos<\/strong>\u00a0que tuvo EU en las d\u00e9cadas de los 50\u2019s y 60\u2019s, pues a medida que las actitudes raciales avanzaban para bien, durante la era de los derechos civiles y las leyes de segregaci\u00f3n casi reci\u00e9n declaradas ilegales Pointer era el actor al que la industria llamaba cautelosa\u00a0<strong>para contar historias sobre el progreso.<\/strong><\/p>\n\n\n\n<figure class=\"wp-block-embed is-type-video is-provider-youtube wp-block-embed-youtube wp-embed-aspect-16-9 wp-has-aspect-ratio\"><div class=\"wp-block-embed__wrapper\">\n<iframe loading=\"lazy\" title=\"Muere Sidney Poitier, el primer actor negro en ganar un premio Oscar como protagonista\" width=\"640\" height=\"360\" src=\"https:\/\/www.youtube.com\/embed\/EkK0zVOAHeg?feature=oembed\" frameborder=\"0\" allow=\"accelerometer; autoplay; clipboard-write; encrypted-media; gyroscope; picture-in-picture; web-share\" referrerpolicy=\"strict-origin-when-cross-origin\" allowfullscreen><\/iframe>\n<\/div><\/figure>\n\n\n\n<h2 class=\"wp-block-heading\">Sidney Poitier: Su gran paso por la industria<\/h2>\n\n\n\n<p><strong>Fue el convicto negro profugo<\/strong>\u00a0que se hace amigo de un prisionero blanco y racista (Tony Curtis) en \u201cThe Defiant Ones\u201d (\u201cFuga de cadenas\u201d). Tambi\u00e9n\u00a0<strong>dio vida al oficinista gal\u00e1n<\/strong>\u00a0que se enamora de una chica blanca ciega en &#8220;A Patch of Blue&#8221; (&#8220;Cuando s\u00f3lo el coraz\u00f3n ve&#8221;). Encarn\u00f3 en el teatro\u00a0<strong>a un joven padre ambicioso<\/strong>\u00a0que tiene sue\u00f1os que se oponen a los de otros miembros de la familia en\u00a0 &#8220;A Raisin in the Sun&#8221; (&#8220;El sol brilla para todos&#8221;) de Lorraine Hansberry.<\/p>\n\n\n\n<p><strong>Vale la pena recordar<\/strong>\u00a0toda la trayectoria que hizo el gran actor,\u00a0<strong>pues marc\u00f3 un antes y un despu\u00e9s en la industria y seguro en la sociedad\u00a0<\/strong>que necesitaba progresar hacia el lado correcto.<\/p>\n\n\n\n<p>Con Informaci\u00f3n de AP<\/p>\n","protected":false},"excerpt":{"rendered":"<p>Por Redacci\u00f3n QP El actor Sidney Poitier inspir\u00f3 a\u00a0muchos e hizo un cambio que podemos&#8230;<\/p>\n","protected":false},"author":2,"featured_media":88137,"comment_status":"open","ping_status":"open","sticky":false,"template":"","format":"standard","meta":{"_monsterinsights_skip_tracking":false,"_monsterinsights_sitenote_active":false,"_monsterinsights_sitenote_note":"","_monsterinsights_sitenote_category":0,"footnotes":""},"categories":[58],"tags":[],"class_list":["post-88136","post","type-post","status-publish","format-standard","has-post-thumbnail","hentry","category-cultura"],"yoast_head":"<!-- This site is optimized with the Yoast SEO plugin v27.3 - https:\/\/yoast.com\/product\/yoast-seo-wordpress\/ -->\n<title>Sidney Poitier: Fallece a los 94 a\u00f1os el primer actor negro en ganar el Oscar -<\/title>\n<meta name=\"robots\" content=\"index, follow, max-snippet:-1, max-image-preview:large, max-video-preview:-1\" \/>\n<link rel=\"canonical\" href=\"https:\/\/quehacerpolitico.mx\/?p=88136\" \/>\n<meta property=\"og:locale\" content=\"es_MX\" \/>\n<meta property=\"og:type\" content=\"article\" \/>\n<meta property=\"og:title\" content=\"Sidney Poitier: Fallece a los 94 a\u00f1os el primer actor negro en ganar el Oscar -\" \/>\n<meta property=\"og:description\" content=\"Por Redacci\u00f3n QP El actor Sidney Poitier inspir\u00f3 a\u00a0muchos e hizo un cambio que podemos...\" \/>\n<meta property=\"og:url\" content=\"https:\/\/quehacerpolitico.mx\/?p=88136\" \/>\n<meta property=\"article:published_time\" content=\"2022-01-07T21:49:35+00:00\" \/>\n<meta property=\"article:modified_time\" content=\"2022-01-07T21:49:36+00:00\" \/>\n<meta property=\"og:image\" content=\"https:\/\/quehacerpolitico.mx\/wp-content\/uploads\/2022\/01\/50FD885D-A88B-4D8B-A594-C9708A073500.jpeg\" \/>\n\t<meta property=\"og:image:width\" content=\"600\" \/>\n\t<meta property=\"og:image:height\" content=\"360\" \/>\n\t<meta property=\"og:image:type\" content=\"image\/jpeg\" \/>\n<meta name=\"author\" content=\"Redacci\u00f3n QP\" \/>\n<meta name=\"twitter:card\" content=\"summary_large_image\" \/>\n<meta name=\"twitter:label1\" content=\"Escrito por\" \/>\n\t<meta name=\"twitter:data1\" content=\"Redacci\u00f3n QP\" \/>\n\t<meta name=\"twitter:label2\" content=\"Tiempo de lectura\" \/>\n\t<meta name=\"twitter:data2\" content=\"2 minutos\" \/>\n<script type=\"application\/ld+json\" class=\"yoast-schema-graph\">{\"@context\":\"https:\\\/\\\/schema.org\",\"@graph\":[{\"@type\":\"Article\",\"@id\":\"https:\\\/\\\/quehacerpolitico.mx\\\/?p=88136#article\",\"isPartOf\":{\"@id\":\"https:\\\/\\\/quehacerpolitico.mx\\\/?p=88136\"},\"author\":{\"name\":\"Redacci\u00f3n QP\",\"@id\":\"https:\\\/\\\/quehacerpolitico.mx\\\/#\\\/schema\\\/person\\\/496d8ad2d1d3f8036101dca7ee39e585\"},\"headline\":\"Sidney Poitier: Fallece a los 94 a\u00f1os el primer actor negro en ganar el Oscar\",\"datePublished\":\"2022-01-07T21:49:35+00:00\",\"dateModified\":\"2022-01-07T21:49:36+00:00\",\"mainEntityOfPage\":{\"@id\":\"https:\\\/\\\/quehacerpolitico.mx\\\/?p=88136\"},\"wordCount\":432,\"commentCount\":0,\"image\":{\"@id\":\"https:\\\/\\\/quehacerpolitico.mx\\\/?p=88136#primaryimage\"},\"thumbnailUrl\":\"https:\\\/\\\/quehacerpolitico.mx\\\/wp-content\\\/uploads\\\/2022\\\/01\\\/50FD885D-A88B-4D8B-A594-C9708A073500.jpeg\",\"articleSection\":[\"Cultura y Entretenimiento\"],\"inLanguage\":\"es\",\"potentialAction\":[{\"@type\":\"CommentAction\",\"name\":\"Comment\",\"target\":[\"https:\\\/\\\/quehacerpolitico.mx\\\/?p=88136#respond\"]}]},{\"@type\":\"WebPage\",\"@id\":\"https:\\\/\\\/quehacerpolitico.mx\\\/?p=88136\",\"url\":\"https:\\\/\\\/quehacerpolitico.mx\\\/?p=88136\",\"name\":\"Sidney Poitier: Fallece a los 94 a\u00f1os el primer actor negro en ganar el Oscar -\",\"isPartOf\":{\"@id\":\"https:\\\/\\\/quehacerpolitico.mx\\\/#website\"},\"primaryImageOfPage\":{\"@id\":\"https:\\\/\\\/quehacerpolitico.mx\\\/?p=88136#primaryimage\"},\"image\":{\"@id\":\"https:\\\/\\\/quehacerpolitico.mx\\\/?p=88136#primaryimage\"},\"thumbnailUrl\":\"https:\\\/\\\/quehacerpolitico.mx\\\/wp-content\\\/uploads\\\/2022\\\/01\\\/50FD885D-A88B-4D8B-A594-C9708A073500.jpeg\",\"datePublished\":\"2022-01-07T21:49:35+00:00\",\"dateModified\":\"2022-01-07T21:49:36+00:00\",\"author\":{\"@id\":\"https:\\\/\\\/quehacerpolitico.mx\\\/#\\\/schema\\\/person\\\/496d8ad2d1d3f8036101dca7ee39e585\"},\"breadcrumb\":{\"@id\":\"https:\\\/\\\/quehacerpolitico.mx\\\/?p=88136#breadcrumb\"},\"inLanguage\":\"es\",\"potentialAction\":[{\"@type\":\"ReadAction\",\"target\":[\"https:\\\/\\\/quehacerpolitico.mx\\\/?p=88136\"]}]},{\"@type\":\"ImageObject\",\"inLanguage\":\"es\",\"@id\":\"https:\\\/\\\/quehacerpolitico.mx\\\/?p=88136#primaryimage\",\"url\":\"https:\\\/\\\/quehacerpolitico.mx\\\/wp-content\\\/uploads\\\/2022\\\/01\\\/50FD885D-A88B-4D8B-A594-C9708A073500.jpeg\",\"contentUrl\":\"https:\\\/\\\/quehacerpolitico.mx\\\/wp-content\\\/uploads\\\/2022\\\/01\\\/50FD885D-A88B-4D8B-A594-C9708A073500.jpeg\",\"width\":600,\"height\":360},{\"@type\":\"BreadcrumbList\",\"@id\":\"https:\\\/\\\/quehacerpolitico.mx\\\/?p=88136#breadcrumb\",\"itemListElement\":[{\"@type\":\"ListItem\",\"position\":1,\"name\":\"Inicio\",\"item\":\"https:\\\/\\\/quehacerpolitico.mx\\\/\"},{\"@type\":\"ListItem\",\"position\":2,\"name\":\"Sidney Poitier: Fallece a los 94 a\u00f1os el primer actor negro en ganar el Oscar\"}]},{\"@type\":\"WebSite\",\"@id\":\"https:\\\/\\\/quehacerpolitico.mx\\\/#website\",\"url\":\"https:\\\/\\\/quehacerpolitico.mx\\\/\",\"name\":\"\",\"description\":\"\",\"potentialAction\":[{\"@type\":\"SearchAction\",\"target\":{\"@type\":\"EntryPoint\",\"urlTemplate\":\"https:\\\/\\\/quehacerpolitico.mx\\\/?s={search_term_string}\"},\"query-input\":{\"@type\":\"PropertyValueSpecification\",\"valueRequired\":true,\"valueName\":\"search_term_string\"}}],\"inLanguage\":\"es\"},{\"@type\":\"Person\",\"@id\":\"https:\\\/\\\/quehacerpolitico.mx\\\/#\\\/schema\\\/person\\\/496d8ad2d1d3f8036101dca7ee39e585\",\"name\":\"Redacci\u00f3n QP\",\"image\":{\"@type\":\"ImageObject\",\"inLanguage\":\"es\",\"@id\":\"https:\\\/\\\/secure.gravatar.com\\\/avatar\\\/c7164ed6fdec453195284ad24a5ae5b6e1eed2b848477fa2a4787ba9adf39a41?s=96&d=mm&r=g\",\"url\":\"https:\\\/\\\/secure.gravatar.com\\\/avatar\\\/c7164ed6fdec453195284ad24a5ae5b6e1eed2b848477fa2a4787ba9adf39a41?s=96&d=mm&r=g\",\"contentUrl\":\"https:\\\/\\\/secure.gravatar.com\\\/avatar\\\/c7164ed6fdec453195284ad24a5ae5b6e1eed2b848477fa2a4787ba9adf39a41?s=96&d=mm&r=g\",\"caption\":\"Redacci\u00f3n QP\"},\"url\":\"https:\\\/\\\/quehacerpolitico.mx\\\/?author=2\"}]}<\/script>\n<!-- \/ Yoast SEO plugin. -->","yoast_head_json":{"title":"Sidney Poitier: Fallece a los 94 a\u00f1os el primer actor negro en ganar el Oscar -","robots":{"index":"index","follow":"follow","max-snippet":"max-snippet:-1","max-image-preview":"max-image-preview:large","max-video-preview":"max-video-preview:-1"},"canonical":"https:\/\/quehacerpolitico.mx\/?p=88136","og_locale":"es_MX","og_type":"article","og_title":"Sidney Poitier: Fallece a los 94 a\u00f1os el primer actor negro en ganar el Oscar -","og_description":"Por Redacci\u00f3n QP El actor Sidney Poitier inspir\u00f3 a\u00a0muchos e hizo un cambio que podemos...","og_url":"https:\/\/quehacerpolitico.mx\/?p=88136","article_published_time":"2022-01-07T21:49:35+00:00","article_modified_time":"2022-01-07T21:49:36+00:00","og_image":[{"width":600,"height":360,"url":"https:\/\/quehacerpolitico.mx\/wp-content\/uploads\/2022\/01\/50FD885D-A88B-4D8B-A594-C9708A073500.jpeg","type":"image\/jpeg"}],"author":"Redacci\u00f3n QP","twitter_card":"summary_large_image","twitter_misc":{"Escrito por":"Redacci\u00f3n QP","Tiempo de lectura":"2 minutos"},"schema":{"@context":"https:\/\/schema.org","@graph":[{"@type":"Article","@id":"https:\/\/quehacerpolitico.mx\/?p=88136#article","isPartOf":{"@id":"https:\/\/quehacerpolitico.mx\/?p=88136"},"author":{"name":"Redacci\u00f3n QP","@id":"https:\/\/quehacerpolitico.mx\/#\/schema\/person\/496d8ad2d1d3f8036101dca7ee39e585"},"headline":"Sidney Poitier: Fallece a los 94 a\u00f1os el primer actor negro en ganar el Oscar","datePublished":"2022-01-07T21:49:35+00:00","dateModified":"2022-01-07T21:49:36+00:00","mainEntityOfPage":{"@id":"https:\/\/quehacerpolitico.mx\/?p=88136"},"wordCount":432,"commentCount":0,"image":{"@id":"https:\/\/quehacerpolitico.mx\/?p=88136#primaryimage"},"thumbnailUrl":"https:\/\/quehacerpolitico.mx\/wp-content\/uploads\/2022\/01\/50FD885D-A88B-4D8B-A594-C9708A073500.jpeg","articleSection":["Cultura y Entretenimiento"],"inLanguage":"es","potentialAction":[{"@type":"CommentAction","name":"Comment","target":["https:\/\/quehacerpolitico.mx\/?p=88136#respond"]}]},{"@type":"WebPage","@id":"https:\/\/quehacerpolitico.mx\/?p=88136","url":"https:\/\/quehacerpolitico.mx\/?p=88136","name":"Sidney Poitier: Fallece a los 94 a\u00f1os el primer actor negro en ganar el Oscar -","isPartOf":{"@id":"https:\/\/quehacerpolitico.mx\/#website"},"primaryImageOfPage":{"@id":"https:\/\/quehacerpolitico.mx\/?p=88136#primaryimage"},"image":{"@id":"https:\/\/quehacerpolitico.mx\/?p=88136#primaryimage"},"thumbnailUrl":"https:\/\/quehacerpolitico.mx\/wp-content\/uploads\/2022\/01\/50FD885D-A88B-4D8B-A594-C9708A073500.jpeg","datePublished":"2022-01-07T21:49:35+00:00","dateModified":"2022-01-07T21:49:36+00:00","author":{"@id":"https:\/\/quehacerpolitico.mx\/#\/schema\/person\/496d8ad2d1d3f8036101dca7ee39e585"},"breadcrumb":{"@id":"https:\/\/quehacerpolitico.mx\/?p=88136#breadcrumb"},"inLanguage":"es","potentialAction":[{"@type":"ReadAction","target":["https:\/\/quehacerpolitico.mx\/?p=88136"]}]},{"@type":"ImageObject","inLanguage":"es","@id":"https:\/\/quehacerpolitico.mx\/?p=88136#primaryimage","url":"https:\/\/quehacerpolitico.mx\/wp-content\/uploads\/2022\/01\/50FD885D-A88B-4D8B-A594-C9708A073500.jpeg","contentUrl":"https:\/\/quehacerpolitico.mx\/wp-content\/uploads\/2022\/01\/50FD885D-A88B-4D8B-A594-C9708A073500.jpeg","width":600,"height":360},{"@type":"BreadcrumbList","@id":"https:\/\/quehacerpolitico.mx\/?p=88136#breadcrumb","itemListElement":[{"@type":"ListItem","position":1,"name":"Inicio","item":"https:\/\/quehacerpolitico.mx\/"},{"@type":"ListItem","position":2,"name":"Sidney Poitier: Fallece a los 94 a\u00f1os el primer actor negro en ganar el Oscar"}]},{"@type":"WebSite","@id":"https:\/\/quehacerpolitico.mx\/#website","url":"https:\/\/quehacerpolitico.mx\/","name":"","description":"","potentialAction":[{"@type":"SearchAction","target":{"@type":"EntryPoint","urlTemplate":"https:\/\/quehacerpolitico.mx\/?s={search_term_string}"},"query-input":{"@type":"PropertyValueSpecification","valueRequired":true,"valueName":"search_term_string"}}],"inLanguage":"es"},{"@type":"Person","@id":"https:\/\/quehacerpolitico.mx\/#\/schema\/person\/496d8ad2d1d3f8036101dca7ee39e585","name":"Redacci\u00f3n QP","image":{"@type":"ImageObject","inLanguage":"es","@id":"https:\/\/secure.gravatar.com\/avatar\/c7164ed6fdec453195284ad24a5ae5b6e1eed2b848477fa2a4787ba9adf39a41?s=96&d=mm&r=g","url":"https:\/\/secure.gravatar.com\/avatar\/c7164ed6fdec453195284ad24a5ae5b6e1eed2b848477fa2a4787ba9adf39a41?s=96&d=mm&r=g","contentUrl":"https:\/\/secure.gravatar.com\/avatar\/c7164ed6fdec453195284ad24a5ae5b6e1eed2b848477fa2a4787ba9adf39a41?s=96&d=mm&r=g","caption":"Redacci\u00f3n QP"},"url":"https:\/\/quehacerpolitico.mx\/?author=2"}]}},"featured_image_urls":{"full":["https:\/\/quehacerpolitico.mx\/wp-content\/uploads\/2022\/01\/50FD885D-A88B-4D8B-A594-C9708A073500.jpeg",600,360,false],"thumbnail":["https:\/\/quehacerpolitico.mx\/wp-content\/uploads\/2022\/01\/50FD885D-A88B-4D8B-A594-C9708A073500-150x150.jpeg",150,150,true],"medium":["https:\/\/quehacerpolitico.mx\/wp-content\/uploads\/2022\/01\/50FD885D-A88B-4D8B-A594-C9708A073500-300x180.jpeg",300,180,true],"medium_large":["https:\/\/quehacerpolitico.mx\/wp-content\/uploads\/2022\/01\/50FD885D-A88B-4D8B-A594-C9708A073500.jpeg",600,360,false],"large":["https:\/\/quehacerpolitico.mx\/wp-content\/uploads\/2022\/01\/50FD885D-A88B-4D8B-A594-C9708A073500.jpeg",600,360,false],"1536x1536":["https:\/\/quehacerpolitico.mx\/wp-content\/uploads\/2022\/01\/50FD885D-A88B-4D8B-A594-C9708A073500.jpeg",600,360,false],"2048x2048":["https:\/\/quehacerpolitico.mx\/wp-content\/uploads\/2022\/01\/50FD885D-A88B-4D8B-A594-C9708A073500.jpeg",600,360,false],"covernews-featured":["https:\/\/quehacerpolitico.mx\/wp-content\/uploads\/2022\/01\/50FD885D-A88B-4D8B-A594-C9708A073500.jpeg",600,360,false],"covernews-medium":["https:\/\/quehacerpolitico.mx\/wp-content\/uploads\/2022\/01\/50FD885D-A88B-4D8B-A594-C9708A073500.jpeg",540,324,false]},"author_info":{"display_name":"Redacci\u00f3n QP","author_link":"https:\/\/quehacerpolitico.mx\/?author=2"},"category_info":"<a href=\"https:\/\/quehacerpolitico.mx\/?cat=58\" rel=\"category\">Cultura y Entretenimiento<\/a>","tag_info":"Cultura y Entretenimiento","comment_count":"0","_links":{"self":[{"href":"https:\/\/quehacerpolitico.mx\/index.php?rest_route=\/wp\/v2\/posts\/88136","targetHints":{"allow":["GET"]}}],"collection":[{"href":"https:\/\/quehacerpolitico.mx\/index.php?rest_route=\/wp\/v2\/posts"}],"about":[{"href":"https:\/\/quehacerpolitico.mx\/index.php?rest_route=\/wp\/v2\/types\/post"}],"author":[{"embeddable":true,"href":"https:\/\/quehacerpolitico.mx\/index.php?rest_route=\/wp\/v2\/users\/2"}],"replies":[{"embeddable":true,"href":"https:\/\/quehacerpolitico.mx\/index.php?rest_route=%2Fwp%2Fv2%2Fcomments&post=88136"}],"version-history":[{"count":1,"href":"https:\/\/quehacerpolitico.mx\/index.php?rest_route=\/wp\/v2\/posts\/88136\/revisions"}],"predecessor-version":[{"id":88138,"href":"https:\/\/quehacerpolitico.mx\/index.php?rest_route=\/wp\/v2\/posts\/88136\/revisions\/88138"}],"wp:featuredmedia":[{"embeddable":true,"href":"https:\/\/quehacerpolitico.mx\/index.php?rest_route=\/wp\/v2\/media\/88137"}],"wp:attachment":[{"href":"https:\/\/quehacerpolitico.mx\/index.php?rest_route=%2Fwp%2Fv2%2Fmedia&parent=88136"}],"wp:term":[{"taxonomy":"category","embeddable":true,"href":"https:\/\/quehacerpolitico.mx\/index.php?rest_route=%2Fwp%2Fv2%2Fcategories&post=88136"},{"taxonomy":"post_tag","embeddable":true,"href":"https:\/\/quehacerpolitico.mx\/index.php?rest_route=%2Fwp%2Fv2%2Ftags&post=88136"}],"curies":[{"name":"wp","href":"https:\/\/api.w.org\/{rel}","templated":true}]}}