{"id":88133,"date":"2022-01-07T21:36:12","date_gmt":"2022-01-07T21:36:12","guid":{"rendered":"https:\/\/quehacerpolitico.mx\/?p=88133"},"modified":"2022-01-07T21:36:14","modified_gmt":"2022-01-07T21:36:14","slug":"inflacion-en-mexico-registra-en-2021-su-mayor-nivel-en-21-anos","status":"publish","type":"post","link":"https:\/\/quehacerpolitico.mx\/?p=88133","title":{"rendered":"Inflaci\u00f3n en M\u00e9xico registra en 2021 su mayor nivel en 21 a\u00f1os"},"content":{"rendered":"\n<p>Por Redacci\u00f3n QP<\/p>\n\n\n\n<p>El \u00cdndice Nacional de Precios al Consumidor cerr\u00f3 el a\u00f1o con un alza del 7.36 % anual<\/p>\n\n\n\n<p>La&nbsp;<strong>inflaci\u00f3n&nbsp;<\/strong>en M\u00e9xico registr\u00f3 en&nbsp;2021 un alza del<strong>7.36 % anual,&nbsp;su mayor nivel en 21 a\u00f1os,&nbsp;<\/strong>impulsada por subida de los precios al consumidor de insumos b\u00e1sicos como los alimentos y los energ\u00e9ticos.<\/p>\n\n\n\n<p>En diciembre de 2021, el \u00cdndice Nacional de Precios al Consumidor (INPC) tuvo\u00a0un incremento de 0.36% respecto al mes previo. Con este resultado, la inflaci\u00f3n general anual termin\u00f3 el a\u00f1o en 7.36%&#8221;, dijo el Instituto Nacional de Estad\u00edstica y Geograf\u00eda (Inegi).<\/p>\n\n\n\n<p>Se trata de &#8220;la mayor inflaci\u00f3n al cierre de un a\u00f1o desde diciembre del 2000, hace 21 a\u00f1os&#8221;, explic\u00f3\u00a0la directora de an\u00e1lisis econ\u00f3mico de Banco Base, Gabriela Siller.<\/p>\n\n\n\n<p>El objetivo de inflaci\u00f3n de Banco de M\u00e9xico\u00a0es del 3% anual, +\/- un punto porcentual.<\/p>\n\n\n\n<p>El\u00a0<strong>\u00edndice de precios subyacente,<\/strong>\u00a0considerado un mejor par\u00e1metro para medir la carest\u00eda general porque elimina art\u00edculos de alta volatilidad en sus precios, aument\u00f3 el 0.80 % mensual y dej\u00f3 la\u00a0<strong>tasa anual en el 5.94%<\/strong>, seg\u00fan se\u00f1al\u00f3 el Inegi.<\/p>\n\n\n\n<p>Dentro del subgrupo de bienes y servicios subyacentes, las mercanc\u00edas aumentaron el 0.91% y los servicios crecieron un 0.68%, con una tasa anual del 7.40 % y del 4.30 %, respectivamente.<\/p>\n\n\n\n<figure class=\"wp-block-image\"><img decoding=\"async\" src=\"https:\/\/www.informador.mx\/export\/sites\/elinformador\/img\/2022\/01\/07\/inflacion2021.jpg_424642412.jpg\" alt=\"\" title=\"\"\/><\/figure>\n\n\n\n<p>En los\u00a0<strong>no subyacentes<\/strong>, los precios de los agropecuarios cayeron un 0.08% respecto al mes anterior y los energ\u00e9ticos y tarifas autorizadas por el Gobierno disminuyeron un 1.56%.<\/p>\n\n\n\n<p>Pero a nivel&nbsp;<strong>anual<\/strong>, los&nbsp;<strong>precios de los agropecuarios han crecido un 15.78%<\/strong>,&nbsp;mientras que las tarifas energ\u00e9ticas se han elevado un 8.68 %.<\/p>\n\n\n\n<p>Los datos de diciembre tambi\u00e9n reflejan una sutil ralentizaci\u00f3n en el alza de la inflaci\u00f3n, pues en la primera quincena de diciembre esta fue de 7.45%, y en noviembre, del 7.37%.<\/p>\n\n\n\n<h2 class=\"wp-block-heading\">Prev\u00e9n que escalada de precios no ser\u00e1 pasajera&nbsp;<\/h2>\n\n\n\n<p>Pese a esta ralentizaci\u00f3n en la subida de los precios en diciembre, los pron\u00f3sticos para 2022 han ido al alza en los \u00faltimos meses.<\/p>\n\n\n\n<p>La Junta de Gobierno del Banxico&nbsp;admiti\u00f3 este jueves que las<strong>&nbsp;expectativas de inflaci\u00f3n para 2022&nbsp;<\/strong>ya se encuentran por encima de la meta del 3 % y que el alza de precios ya no parece un fen\u00f3meno transitorio.<\/p>\n\n\n\n<p>&#8220;Todos (los integrantes del Banxico) se\u00f1alaron que los pron\u00f3sticos de las inflaciones general y subyacente se revisaron nuevamente al alza, especialmente los de 2022&#8221;, revel\u00f3 la minuta del banco central relativa a su \u00faltima reuni\u00f3n de 2021, cuando increment\u00f3 la tasa de inter\u00e9s al 5.5 % precisamente para atajar el alza de precios.<\/p>\n\n\n\n<p>Adem\u00e1s, en la m\u00e1s reciente encuesta con analistas privados que divulga Banxico la inflaci\u00f3n para 2022 se situ\u00f3 ya en el 4.22, superior al 4.12 % proyectado un mes antes.<\/p>\n\n\n\n<p>&#8220;Siguen presentes las presiones inflacionarias y es muy probable que una buena parte del 2022 sigamos viendo inflaciones altas, inclusive se espera que sea hasta finales de este a\u00f1o cuando la inflaci\u00f3n regrese al l\u00edmite superior permitido por el Banco de M\u00e9xico del 4 %&#8221;, agreg\u00f3 Siller.<\/p>\n\n\n\n<p>Con Informaci\u00f3n de AP y EFE<\/p>\n","protected":false},"excerpt":{"rendered":"<p>Por Redacci\u00f3n QP El \u00cdndice Nacional de Precios al Consumidor cerr\u00f3 el a\u00f1o con un&#8230;<\/p>\n","protected":false},"author":2,"featured_media":88134,"comment_status":"open","ping_status":"open","sticky":false,"template":"","format":"standard","meta":{"_monsterinsights_skip_tracking":false,"_monsterinsights_sitenote_active":false,"_monsterinsights_sitenote_note":"","_monsterinsights_sitenote_category":0,"footnotes":""},"categories":[56],"tags":[],"class_list":["post-88133","post","type-post","status-publish","format-standard","has-post-thumbnail","hentry","category-economia"],"yoast_head":"<!-- This site is optimized with the Yoast SEO plugin v27.3 - https:\/\/yoast.com\/product\/yoast-seo-wordpress\/ -->\n<title>Inflaci\u00f3n en M\u00e9xico registra en 2021 su mayor nivel en 21 a\u00f1os -<\/title>\n<meta name=\"robots\" content=\"index, follow, max-snippet:-1, max-image-preview:large, max-video-preview:-1\" \/>\n<link rel=\"canonical\" href=\"https:\/\/quehacerpolitico.mx\/?p=88133\" \/>\n<meta property=\"og:locale\" content=\"es_MX\" \/>\n<meta property=\"og:type\" content=\"article\" \/>\n<meta property=\"og:title\" content=\"Inflaci\u00f3n en M\u00e9xico registra en 2021 su mayor nivel en 21 a\u00f1os -\" \/>\n<meta property=\"og:description\" content=\"Por Redacci\u00f3n QP El \u00cdndice Nacional de Precios al Consumidor cerr\u00f3 el a\u00f1o con un...\" \/>\n<meta property=\"og:url\" content=\"https:\/\/quehacerpolitico.mx\/?p=88133\" \/>\n<meta property=\"article:published_time\" content=\"2022-01-07T21:36:12+00:00\" \/>\n<meta property=\"article:modified_time\" content=\"2022-01-07T21:36:14+00:00\" \/>\n<meta property=\"og:image\" content=\"https:\/\/quehacerpolitico.mx\/wp-content\/uploads\/2022\/01\/F44334E8-A493-4F21-B4B8-6C0463F5A03C.jpeg\" \/>\n\t<meta property=\"og:image:width\" content=\"783\" \/>\n\t<meta property=\"og:image:height\" content=\"391\" \/>\n\t<meta property=\"og:image:type\" content=\"image\/jpeg\" \/>\n<meta name=\"author\" content=\"Redacci\u00f3n QP\" \/>\n<meta name=\"twitter:card\" content=\"summary_large_image\" \/>\n<meta name=\"twitter:label1\" content=\"Escrito por\" \/>\n\t<meta name=\"twitter:data1\" content=\"Redacci\u00f3n QP\" \/>\n\t<meta name=\"twitter:label2\" content=\"Tiempo de lectura\" \/>\n\t<meta name=\"twitter:data2\" content=\"3 minutos\" \/>\n<script type=\"application\/ld+json\" class=\"yoast-schema-graph\">{\"@context\":\"https:\\\/\\\/schema.org\",\"@graph\":[{\"@type\":\"Article\",\"@id\":\"https:\\\/\\\/quehacerpolitico.mx\\\/?p=88133#article\",\"isPartOf\":{\"@id\":\"https:\\\/\\\/quehacerpolitico.mx\\\/?p=88133\"},\"author\":{\"name\":\"Redacci\u00f3n QP\",\"@id\":\"https:\\\/\\\/quehacerpolitico.mx\\\/#\\\/schema\\\/person\\\/496d8ad2d1d3f8036101dca7ee39e585\"},\"headline\":\"Inflaci\u00f3n en M\u00e9xico registra en 2021 su mayor nivel en 21 a\u00f1os\",\"datePublished\":\"2022-01-07T21:36:12+00:00\",\"dateModified\":\"2022-01-07T21:36:14+00:00\",\"mainEntityOfPage\":{\"@id\":\"https:\\\/\\\/quehacerpolitico.mx\\\/?p=88133\"},\"wordCount\":532,\"commentCount\":0,\"image\":{\"@id\":\"https:\\\/\\\/quehacerpolitico.mx\\\/?p=88133#primaryimage\"},\"thumbnailUrl\":\"https:\\\/\\\/quehacerpolitico.mx\\\/wp-content\\\/uploads\\\/2022\\\/01\\\/F44334E8-A493-4F21-B4B8-6C0463F5A03C.jpeg\",\"articleSection\":[\"Econom\u00eda\"],\"inLanguage\":\"es\",\"potentialAction\":[{\"@type\":\"CommentAction\",\"name\":\"Comment\",\"target\":[\"https:\\\/\\\/quehacerpolitico.mx\\\/?p=88133#respond\"]}]},{\"@type\":\"WebPage\",\"@id\":\"https:\\\/\\\/quehacerpolitico.mx\\\/?p=88133\",\"url\":\"https:\\\/\\\/quehacerpolitico.mx\\\/?p=88133\",\"name\":\"Inflaci\u00f3n en M\u00e9xico registra en 2021 su mayor nivel en 21 a\u00f1os -\",\"isPartOf\":{\"@id\":\"https:\\\/\\\/quehacerpolitico.mx\\\/#website\"},\"primaryImageOfPage\":{\"@id\":\"https:\\\/\\\/quehacerpolitico.mx\\\/?p=88133#primaryimage\"},\"image\":{\"@id\":\"https:\\\/\\\/quehacerpolitico.mx\\\/?p=88133#primaryimage\"},\"thumbnailUrl\":\"https:\\\/\\\/quehacerpolitico.mx\\\/wp-content\\\/uploads\\\/2022\\\/01\\\/F44334E8-A493-4F21-B4B8-6C0463F5A03C.jpeg\",\"datePublished\":\"2022-01-07T21:36:12+00:00\",\"dateModified\":\"2022-01-07T21:36:14+00:00\",\"author\":{\"@id\":\"https:\\\/\\\/quehacerpolitico.mx\\\/#\\\/schema\\\/person\\\/496d8ad2d1d3f8036101dca7ee39e585\"},\"breadcrumb\":{\"@id\":\"https:\\\/\\\/quehacerpolitico.mx\\\/?p=88133#breadcrumb\"},\"inLanguage\":\"es\",\"potentialAction\":[{\"@type\":\"ReadAction\",\"target\":[\"https:\\\/\\\/quehacerpolitico.mx\\\/?p=88133\"]}]},{\"@type\":\"ImageObject\",\"inLanguage\":\"es\",\"@id\":\"https:\\\/\\\/quehacerpolitico.mx\\\/?p=88133#primaryimage\",\"url\":\"https:\\\/\\\/quehacerpolitico.mx\\\/wp-content\\\/uploads\\\/2022\\\/01\\\/F44334E8-A493-4F21-B4B8-6C0463F5A03C.jpeg\",\"contentUrl\":\"https:\\\/\\\/quehacerpolitico.mx\\\/wp-content\\\/uploads\\\/2022\\\/01\\\/F44334E8-A493-4F21-B4B8-6C0463F5A03C.jpeg\",\"width\":783,\"height\":391},{\"@type\":\"BreadcrumbList\",\"@id\":\"https:\\\/\\\/quehacerpolitico.mx\\\/?p=88133#breadcrumb\",\"itemListElement\":[{\"@type\":\"ListItem\",\"position\":1,\"name\":\"Inicio\",\"item\":\"https:\\\/\\\/quehacerpolitico.mx\\\/\"},{\"@type\":\"ListItem\",\"position\":2,\"name\":\"Inflaci\u00f3n en M\u00e9xico registra en 2021 su mayor nivel en 21 a\u00f1os\"}]},{\"@type\":\"WebSite\",\"@id\":\"https:\\\/\\\/quehacerpolitico.mx\\\/#website\",\"url\":\"https:\\\/\\\/quehacerpolitico.mx\\\/\",\"name\":\"\",\"description\":\"\",\"potentialAction\":[{\"@type\":\"SearchAction\",\"target\":{\"@type\":\"EntryPoint\",\"urlTemplate\":\"https:\\\/\\\/quehacerpolitico.mx\\\/?s={search_term_string}\"},\"query-input\":{\"@type\":\"PropertyValueSpecification\",\"valueRequired\":true,\"valueName\":\"search_term_string\"}}],\"inLanguage\":\"es\"},{\"@type\":\"Person\",\"@id\":\"https:\\\/\\\/quehacerpolitico.mx\\\/#\\\/schema\\\/person\\\/496d8ad2d1d3f8036101dca7ee39e585\",\"name\":\"Redacci\u00f3n QP\",\"image\":{\"@type\":\"ImageObject\",\"inLanguage\":\"es\",\"@id\":\"https:\\\/\\\/secure.gravatar.com\\\/avatar\\\/c7164ed6fdec453195284ad24a5ae5b6e1eed2b848477fa2a4787ba9adf39a41?s=96&d=mm&r=g\",\"url\":\"https:\\\/\\\/secure.gravatar.com\\\/avatar\\\/c7164ed6fdec453195284ad24a5ae5b6e1eed2b848477fa2a4787ba9adf39a41?s=96&d=mm&r=g\",\"contentUrl\":\"https:\\\/\\\/secure.gravatar.com\\\/avatar\\\/c7164ed6fdec453195284ad24a5ae5b6e1eed2b848477fa2a4787ba9adf39a41?s=96&d=mm&r=g\",\"caption\":\"Redacci\u00f3n QP\"},\"url\":\"https:\\\/\\\/quehacerpolitico.mx\\\/?author=2\"}]}<\/script>\n<!-- \/ Yoast SEO plugin. -->","yoast_head_json":{"title":"Inflaci\u00f3n en M\u00e9xico registra en 2021 su mayor nivel en 21 a\u00f1os -","robots":{"index":"index","follow":"follow","max-snippet":"max-snippet:-1","max-image-preview":"max-image-preview:large","max-video-preview":"max-video-preview:-1"},"canonical":"https:\/\/quehacerpolitico.mx\/?p=88133","og_locale":"es_MX","og_type":"article","og_title":"Inflaci\u00f3n en M\u00e9xico registra en 2021 su mayor nivel en 21 a\u00f1os -","og_description":"Por Redacci\u00f3n QP El \u00cdndice Nacional de Precios al Consumidor cerr\u00f3 el a\u00f1o con un...","og_url":"https:\/\/quehacerpolitico.mx\/?p=88133","article_published_time":"2022-01-07T21:36:12+00:00","article_modified_time":"2022-01-07T21:36:14+00:00","og_image":[{"width":783,"height":391,"url":"https:\/\/quehacerpolitico.mx\/wp-content\/uploads\/2022\/01\/F44334E8-A493-4F21-B4B8-6C0463F5A03C.jpeg","type":"image\/jpeg"}],"author":"Redacci\u00f3n QP","twitter_card":"summary_large_image","twitter_misc":{"Escrito por":"Redacci\u00f3n QP","Tiempo de lectura":"3 minutos"},"schema":{"@context":"https:\/\/schema.org","@graph":[{"@type":"Article","@id":"https:\/\/quehacerpolitico.mx\/?p=88133#article","isPartOf":{"@id":"https:\/\/quehacerpolitico.mx\/?p=88133"},"author":{"name":"Redacci\u00f3n QP","@id":"https:\/\/quehacerpolitico.mx\/#\/schema\/person\/496d8ad2d1d3f8036101dca7ee39e585"},"headline":"Inflaci\u00f3n en M\u00e9xico registra en 2021 su mayor nivel en 21 a\u00f1os","datePublished":"2022-01-07T21:36:12+00:00","dateModified":"2022-01-07T21:36:14+00:00","mainEntityOfPage":{"@id":"https:\/\/quehacerpolitico.mx\/?p=88133"},"wordCount":532,"commentCount":0,"image":{"@id":"https:\/\/quehacerpolitico.mx\/?p=88133#primaryimage"},"thumbnailUrl":"https:\/\/quehacerpolitico.mx\/wp-content\/uploads\/2022\/01\/F44334E8-A493-4F21-B4B8-6C0463F5A03C.jpeg","articleSection":["Econom\u00eda"],"inLanguage":"es","potentialAction":[{"@type":"CommentAction","name":"Comment","target":["https:\/\/quehacerpolitico.mx\/?p=88133#respond"]}]},{"@type":"WebPage","@id":"https:\/\/quehacerpolitico.mx\/?p=88133","url":"https:\/\/quehacerpolitico.mx\/?p=88133","name":"Inflaci\u00f3n en M\u00e9xico registra en 2021 su mayor nivel en 21 a\u00f1os -","isPartOf":{"@id":"https:\/\/quehacerpolitico.mx\/#website"},"primaryImageOfPage":{"@id":"https:\/\/quehacerpolitico.mx\/?p=88133#primaryimage"},"image":{"@id":"https:\/\/quehacerpolitico.mx\/?p=88133#primaryimage"},"thumbnailUrl":"https:\/\/quehacerpolitico.mx\/wp-content\/uploads\/2022\/01\/F44334E8-A493-4F21-B4B8-6C0463F5A03C.jpeg","datePublished":"2022-01-07T21:36:12+00:00","dateModified":"2022-01-07T21:36:14+00:00","author":{"@id":"https:\/\/quehacerpolitico.mx\/#\/schema\/person\/496d8ad2d1d3f8036101dca7ee39e585"},"breadcrumb":{"@id":"https:\/\/quehacerpolitico.mx\/?p=88133#breadcrumb"},"inLanguage":"es","potentialAction":[{"@type":"ReadAction","target":["https:\/\/quehacerpolitico.mx\/?p=88133"]}]},{"@type":"ImageObject","inLanguage":"es","@id":"https:\/\/quehacerpolitico.mx\/?p=88133#primaryimage","url":"https:\/\/quehacerpolitico.mx\/wp-content\/uploads\/2022\/01\/F44334E8-A493-4F21-B4B8-6C0463F5A03C.jpeg","contentUrl":"https:\/\/quehacerpolitico.mx\/wp-content\/uploads\/2022\/01\/F44334E8-A493-4F21-B4B8-6C0463F5A03C.jpeg","width":783,"height":391},{"@type":"BreadcrumbList","@id":"https:\/\/quehacerpolitico.mx\/?p=88133#breadcrumb","itemListElement":[{"@type":"ListItem","position":1,"name":"Inicio","item":"https:\/\/quehacerpolitico.mx\/"},{"@type":"ListItem","position":2,"name":"Inflaci\u00f3n en M\u00e9xico registra en 2021 su mayor nivel en 21 a\u00f1os"}]},{"@type":"WebSite","@id":"https:\/\/quehacerpolitico.mx\/#website","url":"https:\/\/quehacerpolitico.mx\/","name":"","description":"","potentialAction":[{"@type":"SearchAction","target":{"@type":"EntryPoint","urlTemplate":"https:\/\/quehacerpolitico.mx\/?s={search_term_string}"},"query-input":{"@type":"PropertyValueSpecification","valueRequired":true,"valueName":"search_term_string"}}],"inLanguage":"es"},{"@type":"Person","@id":"https:\/\/quehacerpolitico.mx\/#\/schema\/person\/496d8ad2d1d3f8036101dca7ee39e585","name":"Redacci\u00f3n QP","image":{"@type":"ImageObject","inLanguage":"es","@id":"https:\/\/secure.gravatar.com\/avatar\/c7164ed6fdec453195284ad24a5ae5b6e1eed2b848477fa2a4787ba9adf39a41?s=96&d=mm&r=g","url":"https:\/\/secure.gravatar.com\/avatar\/c7164ed6fdec453195284ad24a5ae5b6e1eed2b848477fa2a4787ba9adf39a41?s=96&d=mm&r=g","contentUrl":"https:\/\/secure.gravatar.com\/avatar\/c7164ed6fdec453195284ad24a5ae5b6e1eed2b848477fa2a4787ba9adf39a41?s=96&d=mm&r=g","caption":"Redacci\u00f3n QP"},"url":"https:\/\/quehacerpolitico.mx\/?author=2"}]}},"featured_image_urls":{"full":["https:\/\/quehacerpolitico.mx\/wp-content\/uploads\/2022\/01\/F44334E8-A493-4F21-B4B8-6C0463F5A03C.jpeg",783,391,false],"thumbnail":["https:\/\/quehacerpolitico.mx\/wp-content\/uploads\/2022\/01\/F44334E8-A493-4F21-B4B8-6C0463F5A03C-150x150.jpeg",150,150,true],"medium":["https:\/\/quehacerpolitico.mx\/wp-content\/uploads\/2022\/01\/F44334E8-A493-4F21-B4B8-6C0463F5A03C-300x150.jpeg",300,150,true],"medium_large":["https:\/\/quehacerpolitico.mx\/wp-content\/uploads\/2022\/01\/F44334E8-A493-4F21-B4B8-6C0463F5A03C-768x384.jpeg",640,320,true],"large":["https:\/\/quehacerpolitico.mx\/wp-content\/uploads\/2022\/01\/F44334E8-A493-4F21-B4B8-6C0463F5A03C.jpeg",640,320,false],"1536x1536":["https:\/\/quehacerpolitico.mx\/wp-content\/uploads\/2022\/01\/F44334E8-A493-4F21-B4B8-6C0463F5A03C.jpeg",783,391,false],"2048x2048":["https:\/\/quehacerpolitico.mx\/wp-content\/uploads\/2022\/01\/F44334E8-A493-4F21-B4B8-6C0463F5A03C.jpeg",783,391,false],"covernews-featured":["https:\/\/quehacerpolitico.mx\/wp-content\/uploads\/2022\/01\/F44334E8-A493-4F21-B4B8-6C0463F5A03C.jpeg",783,391,false],"covernews-medium":["https:\/\/quehacerpolitico.mx\/wp-content\/uploads\/2022\/01\/F44334E8-A493-4F21-B4B8-6C0463F5A03C.jpeg",540,270,false]},"author_info":{"display_name":"Redacci\u00f3n QP","author_link":"https:\/\/quehacerpolitico.mx\/?author=2"},"category_info":"<a href=\"https:\/\/quehacerpolitico.mx\/?cat=56\" rel=\"category\">Econom\u00eda<\/a>","tag_info":"Econom\u00eda","comment_count":"0","_links":{"self":[{"href":"https:\/\/quehacerpolitico.mx\/index.php?rest_route=\/wp\/v2\/posts\/88133","targetHints":{"allow":["GET"]}}],"collection":[{"href":"https:\/\/quehacerpolitico.mx\/index.php?rest_route=\/wp\/v2\/posts"}],"about":[{"href":"https:\/\/quehacerpolitico.mx\/index.php?rest_route=\/wp\/v2\/types\/post"}],"author":[{"embeddable":true,"href":"https:\/\/quehacerpolitico.mx\/index.php?rest_route=\/wp\/v2\/users\/2"}],"replies":[{"embeddable":true,"href":"https:\/\/quehacerpolitico.mx\/index.php?rest_route=%2Fwp%2Fv2%2Fcomments&post=88133"}],"version-history":[{"count":1,"href":"https:\/\/quehacerpolitico.mx\/index.php?rest_route=\/wp\/v2\/posts\/88133\/revisions"}],"predecessor-version":[{"id":88135,"href":"https:\/\/quehacerpolitico.mx\/index.php?rest_route=\/wp\/v2\/posts\/88133\/revisions\/88135"}],"wp:featuredmedia":[{"embeddable":true,"href":"https:\/\/quehacerpolitico.mx\/index.php?rest_route=\/wp\/v2\/media\/88134"}],"wp:attachment":[{"href":"https:\/\/quehacerpolitico.mx\/index.php?rest_route=%2Fwp%2Fv2%2Fmedia&parent=88133"}],"wp:term":[{"taxonomy":"category","embeddable":true,"href":"https:\/\/quehacerpolitico.mx\/index.php?rest_route=%2Fwp%2Fv2%2Fcategories&post=88133"},{"taxonomy":"post_tag","embeddable":true,"href":"https:\/\/quehacerpolitico.mx\/index.php?rest_route=%2Fwp%2Fv2%2Ftags&post=88133"}],"curies":[{"name":"wp","href":"https:\/\/api.w.org\/{rel}","templated":true}]}}