{"id":88130,"date":"2022-01-07T21:25:23","date_gmt":"2022-01-07T21:25:23","guid":{"rendered":"https:\/\/quehacerpolitico.mx\/?p=88130"},"modified":"2022-01-07T21:25:25","modified_gmt":"2022-01-07T21:25:25","slug":"djokovic-publica-su-primer-mensaje-tras-ser-retenido-en-australia-esto-dice","status":"publish","type":"post","link":"https:\/\/quehacerpolitico.mx\/?p=88130","title":{"rendered":"Djokovic publica su primer mensaje tras ser retenido en Australia; esto dice"},"content":{"rendered":"\n<p>Por Redacci\u00f3n QP<\/p>\n\n\n\n<p>El tenista est\u00e1 aislado en un hotel en Melbourne, ya que, seg\u00fan el gobierno, no cumpl\u00eda las estrictas condiciones de entrada al pa\u00eds en medio de la pandemia<\/p>\n\n\n\n<p>El n\u00famero del mundo, el tenista serbio Novak Djokovic, public\u00f3 su primer mensaje en redes sociales tras haber sido retenido en un hotel de Melbourne. En su cuenta de Instagram, agradeci\u00f3 a quienes &#8220;alrededor del mundo&#8221; lo apoyan.<\/p>\n\n\n\n<p><strong>&#8220;Gracias a mi familia, a mis amigos, a Serbia, y a toda la gente buena alrededor del mundo que me env\u00eda su apoyo. Gracias a Dios por la salud&#8221;,<\/strong>escribi\u00f3 en un mensaje en serbio.<\/p>\n\n\n\n<p>El apoyo,\u00a0<strong>&#8220;puedo sentirlo y es enormemente apreciado&#8221;<\/strong>, escribi\u00f3 tambi\u00e9n en ingl\u00e9s.<\/p>\n\n\n\n<figure class=\"wp-block-image\"><img decoding=\"async\" src=\"https:\/\/www.informador.mx\/export\/sites\/elinformador\/img\/2022\/01\/07\/egbbrg.jpg_1871605644.jpg\" alt=\"\" title=\"\"\/><figcaption>INSTAGRAM&nbsp;<\/figcaption><\/figure>\n\n\n\n<p>El tenista tambi\u00e9n desea una feliz Navidad a los ortodoxos, despu\u00e9s de despertar por segunda vez hoy viernes en un centro de retenci\u00f3n de Melbourne, donde el pr\u00f3ximo 17 de enero inicia el Abierto de Australia (Open),&nbsp;<strong>primer torneo del Grand Slam de 2022.<\/strong><\/p>\n\n\n\n<p>El tenista fue puesto en espera tras una expulsi\u00f3n despu\u00e9s de que le fuera anulada la visa de entrada en Australia, en la noche del mi\u00e9rcoles al jueves, ya que\u00a0<strong>no cumpl\u00eda las estrictas condiciones de entrada al pa\u00eds,<\/strong>\u00a0impuestas en el marco de la lucha contra la pandemia de COVID-19.<\/p>\n\n\n\n<p>Seg\u00fan el gobierno australiano, los papeles del tenista de 34 a\u00f1os, que&nbsp;<strong>se opuso a la vacunaci\u00f3n obligatoria y cuya situaci\u00f3n al respecto es desconocida,<\/strong>&nbsp;no respond\u00edan a las condiciones exigidas en la materia.<\/p>\n\n\n\n<p>El tenista no ser\u00e1 expulsado antes del lunes, fecha de una nueva audiencia ante un juez de Melbourne.<\/p>\n\n\n\n<p>Novak Djokovic aterriz\u00f3 en Melbourne el mi\u00e9rcoles pasado,\u00a0<strong>con la esperanza de defender su t\u00edtulo en el Abierto de Australia (del 17-30 de enero) y de ganar su vig\u00e9simo primer t\u00edtulo de Grand Slam,<\/strong>\u00a0tras haber recibido oficialmente una exenci\u00f3n m\u00e9dica.<\/p>\n\n\n\n<p>Con Informaci\u00f3n de AFP<\/p>\n","protected":false},"excerpt":{"rendered":"<p>Por Redacci\u00f3n QP El tenista est\u00e1 aislado en un hotel en Melbourne, ya que, seg\u00fan&#8230;<\/p>\n","protected":false},"author":2,"featured_media":88131,"comment_status":"open","ping_status":"open","sticky":false,"template":"","format":"standard","meta":{"_monsterinsights_skip_tracking":false,"_monsterinsights_sitenote_active":false,"_monsterinsights_sitenote_note":"","_monsterinsights_sitenote_category":0,"footnotes":""},"categories":[54],"tags":[],"class_list":["post-88130","post","type-post","status-publish","format-standard","has-post-thumbnail","hentry","category-deportes"],"yoast_head":"<!-- This site is optimized with the Yoast SEO plugin v27.3 - https:\/\/yoast.com\/product\/yoast-seo-wordpress\/ -->\n<title>Djokovic publica su primer mensaje tras ser retenido en Australia; esto dice -<\/title>\n<meta name=\"robots\" content=\"index, follow, max-snippet:-1, max-image-preview:large, max-video-preview:-1\" \/>\n<link rel=\"canonical\" href=\"https:\/\/quehacerpolitico.mx\/?p=88130\" \/>\n<meta property=\"og:locale\" content=\"es_MX\" \/>\n<meta property=\"og:type\" content=\"article\" \/>\n<meta property=\"og:title\" content=\"Djokovic publica su primer mensaje tras ser retenido en Australia; esto dice -\" \/>\n<meta property=\"og:description\" content=\"Por Redacci\u00f3n QP El tenista est\u00e1 aislado en un hotel en Melbourne, ya que, seg\u00fan...\" \/>\n<meta property=\"og:url\" content=\"https:\/\/quehacerpolitico.mx\/?p=88130\" \/>\n<meta property=\"article:published_time\" content=\"2022-01-07T21:25:23+00:00\" \/>\n<meta property=\"article:modified_time\" content=\"2022-01-07T21:25:25+00:00\" \/>\n<meta property=\"og:image\" content=\"https:\/\/quehacerpolitico.mx\/wp-content\/uploads\/2022\/01\/FA145AA3-02D9-45B3-A553-1BDA145F6DC6.jpeg\" \/>\n\t<meta property=\"og:image:width\" content=\"743\" \/>\n\t<meta property=\"og:image:height\" content=\"413\" \/>\n\t<meta property=\"og:image:type\" content=\"image\/jpeg\" \/>\n<meta name=\"author\" content=\"Redacci\u00f3n QP\" \/>\n<meta name=\"twitter:card\" content=\"summary_large_image\" \/>\n<meta name=\"twitter:label1\" content=\"Escrito por\" \/>\n\t<meta name=\"twitter:data1\" content=\"Redacci\u00f3n QP\" \/>\n\t<meta name=\"twitter:label2\" content=\"Tiempo de lectura\" \/>\n\t<meta name=\"twitter:data2\" content=\"2 minutos\" \/>\n<script type=\"application\/ld+json\" class=\"yoast-schema-graph\">{\"@context\":\"https:\\\/\\\/schema.org\",\"@graph\":[{\"@type\":\"Article\",\"@id\":\"https:\\\/\\\/quehacerpolitico.mx\\\/?p=88130#article\",\"isPartOf\":{\"@id\":\"https:\\\/\\\/quehacerpolitico.mx\\\/?p=88130\"},\"author\":{\"name\":\"Redacci\u00f3n QP\",\"@id\":\"https:\\\/\\\/quehacerpolitico.mx\\\/#\\\/schema\\\/person\\\/496d8ad2d1d3f8036101dca7ee39e585\"},\"headline\":\"Djokovic publica su primer mensaje tras ser retenido en Australia; esto dice\",\"datePublished\":\"2022-01-07T21:25:23+00:00\",\"dateModified\":\"2022-01-07T21:25:25+00:00\",\"mainEntityOfPage\":{\"@id\":\"https:\\\/\\\/quehacerpolitico.mx\\\/?p=88130\"},\"wordCount\":351,\"commentCount\":0,\"image\":{\"@id\":\"https:\\\/\\\/quehacerpolitico.mx\\\/?p=88130#primaryimage\"},\"thumbnailUrl\":\"https:\\\/\\\/quehacerpolitico.mx\\\/wp-content\\\/uploads\\\/2022\\\/01\\\/FA145AA3-02D9-45B3-A553-1BDA145F6DC6.jpeg\",\"articleSection\":[\"Deportes\"],\"inLanguage\":\"es\",\"potentialAction\":[{\"@type\":\"CommentAction\",\"name\":\"Comment\",\"target\":[\"https:\\\/\\\/quehacerpolitico.mx\\\/?p=88130#respond\"]}]},{\"@type\":\"WebPage\",\"@id\":\"https:\\\/\\\/quehacerpolitico.mx\\\/?p=88130\",\"url\":\"https:\\\/\\\/quehacerpolitico.mx\\\/?p=88130\",\"name\":\"Djokovic publica su primer mensaje tras ser retenido en Australia; esto dice -\",\"isPartOf\":{\"@id\":\"https:\\\/\\\/quehacerpolitico.mx\\\/#website\"},\"primaryImageOfPage\":{\"@id\":\"https:\\\/\\\/quehacerpolitico.mx\\\/?p=88130#primaryimage\"},\"image\":{\"@id\":\"https:\\\/\\\/quehacerpolitico.mx\\\/?p=88130#primaryimage\"},\"thumbnailUrl\":\"https:\\\/\\\/quehacerpolitico.mx\\\/wp-content\\\/uploads\\\/2022\\\/01\\\/FA145AA3-02D9-45B3-A553-1BDA145F6DC6.jpeg\",\"datePublished\":\"2022-01-07T21:25:23+00:00\",\"dateModified\":\"2022-01-07T21:25:25+00:00\",\"author\":{\"@id\":\"https:\\\/\\\/quehacerpolitico.mx\\\/#\\\/schema\\\/person\\\/496d8ad2d1d3f8036101dca7ee39e585\"},\"breadcrumb\":{\"@id\":\"https:\\\/\\\/quehacerpolitico.mx\\\/?p=88130#breadcrumb\"},\"inLanguage\":\"es\",\"potentialAction\":[{\"@type\":\"ReadAction\",\"target\":[\"https:\\\/\\\/quehacerpolitico.mx\\\/?p=88130\"]}]},{\"@type\":\"ImageObject\",\"inLanguage\":\"es\",\"@id\":\"https:\\\/\\\/quehacerpolitico.mx\\\/?p=88130#primaryimage\",\"url\":\"https:\\\/\\\/quehacerpolitico.mx\\\/wp-content\\\/uploads\\\/2022\\\/01\\\/FA145AA3-02D9-45B3-A553-1BDA145F6DC6.jpeg\",\"contentUrl\":\"https:\\\/\\\/quehacerpolitico.mx\\\/wp-content\\\/uploads\\\/2022\\\/01\\\/FA145AA3-02D9-45B3-A553-1BDA145F6DC6.jpeg\",\"width\":743,\"height\":413},{\"@type\":\"BreadcrumbList\",\"@id\":\"https:\\\/\\\/quehacerpolitico.mx\\\/?p=88130#breadcrumb\",\"itemListElement\":[{\"@type\":\"ListItem\",\"position\":1,\"name\":\"Inicio\",\"item\":\"https:\\\/\\\/quehacerpolitico.mx\\\/\"},{\"@type\":\"ListItem\",\"position\":2,\"name\":\"Djokovic publica su primer mensaje tras ser retenido en Australia; esto dice\"}]},{\"@type\":\"WebSite\",\"@id\":\"https:\\\/\\\/quehacerpolitico.mx\\\/#website\",\"url\":\"https:\\\/\\\/quehacerpolitico.mx\\\/\",\"name\":\"\",\"description\":\"\",\"potentialAction\":[{\"@type\":\"SearchAction\",\"target\":{\"@type\":\"EntryPoint\",\"urlTemplate\":\"https:\\\/\\\/quehacerpolitico.mx\\\/?s={search_term_string}\"},\"query-input\":{\"@type\":\"PropertyValueSpecification\",\"valueRequired\":true,\"valueName\":\"search_term_string\"}}],\"inLanguage\":\"es\"},{\"@type\":\"Person\",\"@id\":\"https:\\\/\\\/quehacerpolitico.mx\\\/#\\\/schema\\\/person\\\/496d8ad2d1d3f8036101dca7ee39e585\",\"name\":\"Redacci\u00f3n QP\",\"image\":{\"@type\":\"ImageObject\",\"inLanguage\":\"es\",\"@id\":\"https:\\\/\\\/secure.gravatar.com\\\/avatar\\\/c7164ed6fdec453195284ad24a5ae5b6e1eed2b848477fa2a4787ba9adf39a41?s=96&d=mm&r=g\",\"url\":\"https:\\\/\\\/secure.gravatar.com\\\/avatar\\\/c7164ed6fdec453195284ad24a5ae5b6e1eed2b848477fa2a4787ba9adf39a41?s=96&d=mm&r=g\",\"contentUrl\":\"https:\\\/\\\/secure.gravatar.com\\\/avatar\\\/c7164ed6fdec453195284ad24a5ae5b6e1eed2b848477fa2a4787ba9adf39a41?s=96&d=mm&r=g\",\"caption\":\"Redacci\u00f3n QP\"},\"url\":\"https:\\\/\\\/quehacerpolitico.mx\\\/?author=2\"}]}<\/script>\n<!-- \/ Yoast SEO plugin. -->","yoast_head_json":{"title":"Djokovic publica su primer mensaje tras ser retenido en Australia; esto dice -","robots":{"index":"index","follow":"follow","max-snippet":"max-snippet:-1","max-image-preview":"max-image-preview:large","max-video-preview":"max-video-preview:-1"},"canonical":"https:\/\/quehacerpolitico.mx\/?p=88130","og_locale":"es_MX","og_type":"article","og_title":"Djokovic publica su primer mensaje tras ser retenido en Australia; esto dice -","og_description":"Por Redacci\u00f3n QP El tenista est\u00e1 aislado en un hotel en Melbourne, ya que, seg\u00fan...","og_url":"https:\/\/quehacerpolitico.mx\/?p=88130","article_published_time":"2022-01-07T21:25:23+00:00","article_modified_time":"2022-01-07T21:25:25+00:00","og_image":[{"width":743,"height":413,"url":"https:\/\/quehacerpolitico.mx\/wp-content\/uploads\/2022\/01\/FA145AA3-02D9-45B3-A553-1BDA145F6DC6.jpeg","type":"image\/jpeg"}],"author":"Redacci\u00f3n QP","twitter_card":"summary_large_image","twitter_misc":{"Escrito por":"Redacci\u00f3n QP","Tiempo de lectura":"2 minutos"},"schema":{"@context":"https:\/\/schema.org","@graph":[{"@type":"Article","@id":"https:\/\/quehacerpolitico.mx\/?p=88130#article","isPartOf":{"@id":"https:\/\/quehacerpolitico.mx\/?p=88130"},"author":{"name":"Redacci\u00f3n QP","@id":"https:\/\/quehacerpolitico.mx\/#\/schema\/person\/496d8ad2d1d3f8036101dca7ee39e585"},"headline":"Djokovic publica su primer mensaje tras ser retenido en Australia; esto dice","datePublished":"2022-01-07T21:25:23+00:00","dateModified":"2022-01-07T21:25:25+00:00","mainEntityOfPage":{"@id":"https:\/\/quehacerpolitico.mx\/?p=88130"},"wordCount":351,"commentCount":0,"image":{"@id":"https:\/\/quehacerpolitico.mx\/?p=88130#primaryimage"},"thumbnailUrl":"https:\/\/quehacerpolitico.mx\/wp-content\/uploads\/2022\/01\/FA145AA3-02D9-45B3-A553-1BDA145F6DC6.jpeg","articleSection":["Deportes"],"inLanguage":"es","potentialAction":[{"@type":"CommentAction","name":"Comment","target":["https:\/\/quehacerpolitico.mx\/?p=88130#respond"]}]},{"@type":"WebPage","@id":"https:\/\/quehacerpolitico.mx\/?p=88130","url":"https:\/\/quehacerpolitico.mx\/?p=88130","name":"Djokovic publica su primer mensaje tras ser retenido en Australia; esto dice -","isPartOf":{"@id":"https:\/\/quehacerpolitico.mx\/#website"},"primaryImageOfPage":{"@id":"https:\/\/quehacerpolitico.mx\/?p=88130#primaryimage"},"image":{"@id":"https:\/\/quehacerpolitico.mx\/?p=88130#primaryimage"},"thumbnailUrl":"https:\/\/quehacerpolitico.mx\/wp-content\/uploads\/2022\/01\/FA145AA3-02D9-45B3-A553-1BDA145F6DC6.jpeg","datePublished":"2022-01-07T21:25:23+00:00","dateModified":"2022-01-07T21:25:25+00:00","author":{"@id":"https:\/\/quehacerpolitico.mx\/#\/schema\/person\/496d8ad2d1d3f8036101dca7ee39e585"},"breadcrumb":{"@id":"https:\/\/quehacerpolitico.mx\/?p=88130#breadcrumb"},"inLanguage":"es","potentialAction":[{"@type":"ReadAction","target":["https:\/\/quehacerpolitico.mx\/?p=88130"]}]},{"@type":"ImageObject","inLanguage":"es","@id":"https:\/\/quehacerpolitico.mx\/?p=88130#primaryimage","url":"https:\/\/quehacerpolitico.mx\/wp-content\/uploads\/2022\/01\/FA145AA3-02D9-45B3-A553-1BDA145F6DC6.jpeg","contentUrl":"https:\/\/quehacerpolitico.mx\/wp-content\/uploads\/2022\/01\/FA145AA3-02D9-45B3-A553-1BDA145F6DC6.jpeg","width":743,"height":413},{"@type":"BreadcrumbList","@id":"https:\/\/quehacerpolitico.mx\/?p=88130#breadcrumb","itemListElement":[{"@type":"ListItem","position":1,"name":"Inicio","item":"https:\/\/quehacerpolitico.mx\/"},{"@type":"ListItem","position":2,"name":"Djokovic publica su primer mensaje tras ser retenido en Australia; esto dice"}]},{"@type":"WebSite","@id":"https:\/\/quehacerpolitico.mx\/#website","url":"https:\/\/quehacerpolitico.mx\/","name":"","description":"","potentialAction":[{"@type":"SearchAction","target":{"@type":"EntryPoint","urlTemplate":"https:\/\/quehacerpolitico.mx\/?s={search_term_string}"},"query-input":{"@type":"PropertyValueSpecification","valueRequired":true,"valueName":"search_term_string"}}],"inLanguage":"es"},{"@type":"Person","@id":"https:\/\/quehacerpolitico.mx\/#\/schema\/person\/496d8ad2d1d3f8036101dca7ee39e585","name":"Redacci\u00f3n QP","image":{"@type":"ImageObject","inLanguage":"es","@id":"https:\/\/secure.gravatar.com\/avatar\/c7164ed6fdec453195284ad24a5ae5b6e1eed2b848477fa2a4787ba9adf39a41?s=96&d=mm&r=g","url":"https:\/\/secure.gravatar.com\/avatar\/c7164ed6fdec453195284ad24a5ae5b6e1eed2b848477fa2a4787ba9adf39a41?s=96&d=mm&r=g","contentUrl":"https:\/\/secure.gravatar.com\/avatar\/c7164ed6fdec453195284ad24a5ae5b6e1eed2b848477fa2a4787ba9adf39a41?s=96&d=mm&r=g","caption":"Redacci\u00f3n QP"},"url":"https:\/\/quehacerpolitico.mx\/?author=2"}]}},"featured_image_urls":{"full":["https:\/\/quehacerpolitico.mx\/wp-content\/uploads\/2022\/01\/FA145AA3-02D9-45B3-A553-1BDA145F6DC6.jpeg",743,413,false],"thumbnail":["https:\/\/quehacerpolitico.mx\/wp-content\/uploads\/2022\/01\/FA145AA3-02D9-45B3-A553-1BDA145F6DC6-150x150.jpeg",150,150,true],"medium":["https:\/\/quehacerpolitico.mx\/wp-content\/uploads\/2022\/01\/FA145AA3-02D9-45B3-A553-1BDA145F6DC6-300x167.jpeg",300,167,true],"medium_large":["https:\/\/quehacerpolitico.mx\/wp-content\/uploads\/2022\/01\/FA145AA3-02D9-45B3-A553-1BDA145F6DC6.jpeg",640,356,false],"large":["https:\/\/quehacerpolitico.mx\/wp-content\/uploads\/2022\/01\/FA145AA3-02D9-45B3-A553-1BDA145F6DC6.jpeg",640,356,false],"1536x1536":["https:\/\/quehacerpolitico.mx\/wp-content\/uploads\/2022\/01\/FA145AA3-02D9-45B3-A553-1BDA145F6DC6.jpeg",743,413,false],"2048x2048":["https:\/\/quehacerpolitico.mx\/wp-content\/uploads\/2022\/01\/FA145AA3-02D9-45B3-A553-1BDA145F6DC6.jpeg",743,413,false],"covernews-featured":["https:\/\/quehacerpolitico.mx\/wp-content\/uploads\/2022\/01\/FA145AA3-02D9-45B3-A553-1BDA145F6DC6.jpeg",743,413,false],"covernews-medium":["https:\/\/quehacerpolitico.mx\/wp-content\/uploads\/2022\/01\/FA145AA3-02D9-45B3-A553-1BDA145F6DC6.jpeg",540,300,false]},"author_info":{"display_name":"Redacci\u00f3n QP","author_link":"https:\/\/quehacerpolitico.mx\/?author=2"},"category_info":"<a href=\"https:\/\/quehacerpolitico.mx\/?cat=54\" rel=\"category\">Deportes<\/a>","tag_info":"Deportes","comment_count":"0","_links":{"self":[{"href":"https:\/\/quehacerpolitico.mx\/index.php?rest_route=\/wp\/v2\/posts\/88130","targetHints":{"allow":["GET"]}}],"collection":[{"href":"https:\/\/quehacerpolitico.mx\/index.php?rest_route=\/wp\/v2\/posts"}],"about":[{"href":"https:\/\/quehacerpolitico.mx\/index.php?rest_route=\/wp\/v2\/types\/post"}],"author":[{"embeddable":true,"href":"https:\/\/quehacerpolitico.mx\/index.php?rest_route=\/wp\/v2\/users\/2"}],"replies":[{"embeddable":true,"href":"https:\/\/quehacerpolitico.mx\/index.php?rest_route=%2Fwp%2Fv2%2Fcomments&post=88130"}],"version-history":[{"count":1,"href":"https:\/\/quehacerpolitico.mx\/index.php?rest_route=\/wp\/v2\/posts\/88130\/revisions"}],"predecessor-version":[{"id":88132,"href":"https:\/\/quehacerpolitico.mx\/index.php?rest_route=\/wp\/v2\/posts\/88130\/revisions\/88132"}],"wp:featuredmedia":[{"embeddable":true,"href":"https:\/\/quehacerpolitico.mx\/index.php?rest_route=\/wp\/v2\/media\/88131"}],"wp:attachment":[{"href":"https:\/\/quehacerpolitico.mx\/index.php?rest_route=%2Fwp%2Fv2%2Fmedia&parent=88130"}],"wp:term":[{"taxonomy":"category","embeddable":true,"href":"https:\/\/quehacerpolitico.mx\/index.php?rest_route=%2Fwp%2Fv2%2Fcategories&post=88130"},{"taxonomy":"post_tag","embeddable":true,"href":"https:\/\/quehacerpolitico.mx\/index.php?rest_route=%2Fwp%2Fv2%2Ftags&post=88130"}],"curies":[{"name":"wp","href":"https:\/\/api.w.org\/{rel}","templated":true}]}}