{"id":88127,"date":"2022-01-07T21:12:50","date_gmt":"2022-01-07T21:12:50","guid":{"rendered":"https:\/\/quehacerpolitico.mx\/?p=88127"},"modified":"2022-01-07T21:12:52","modified_gmt":"2022-01-07T21:12:52","slug":"continua-semaforo-verde-por-covid-pese-a-aumento-de-casos-en-la-cdmx","status":"publish","type":"post","link":"https:\/\/quehacerpolitico.mx\/?p=88127","title":{"rendered":"Contin\u00faa sem\u00e1foro verde por covid pese a aumento de casos en la CDMX"},"content":{"rendered":"\n<p>Por Redacci\u00f3n QP<\/p>\n\n\n\n<p>El 6 de enero de 2022 se detectaron cinco mil 876 casos positivos en los kioscos donde se realizan pruebas covid, en CDMX<\/p>\n\n\n\n<ul class=\"wp-block-list\"><li>La jefa de Gobierno de CDMX, Claudia Sheimbaum, insitie en que no es necesario el cierre de actividades, pese al aumento de contagios<\/li><li>La variante \u00f3micron ya es dominante en CDMX<\/li><\/ul>\n\n\n\n<p>El Gobierno de la Ciudad de M\u00e9xico inform\u00f3 que la\u00a0CDMX\u00a0continuar\u00e1, por lo menos una semana m\u00e1s, en\u00a0<strong>sem\u00e1foro verde<\/strong>\u00a0por\u00a0covid, pese al\u00a0<strong>aumento<\/strong>\u00a0de\u00a0<strong>casos<\/strong>\u00a0positivos que se han detectado en centros donde se realizan pruebas para detectar contagios de coronavirus.<\/p>\n\n\n\n<p>En conferencia de prensa, Eduardo Clark, director de la Agencia Digital de Innovaci\u00f3n P\u00fablica (ADIP) de la Ciudad de M\u00e9xico, dijo que en los \u00faltimos d\u00edas se han detectado varios casos positivos en los kioscos de\u00a0<strong>CDMX;<\/strong>\u00a0sin embargo, las hospitalizaciones no han aumentado.<\/p>\n\n\n\n<figure class=\"wp-block-embed is-type-rich is-provider-twitter wp-block-embed-twitter\"><div class=\"wp-block-embed__wrapper\">\n<blockquote class=\"twitter-tweet\" data-width=\"550\" data-dnt=\"true\"><p lang=\"es\" dir=\"ltr\">\u00a1LAS HOSPITALIZACIONES VAN A LA BAJA!<a href=\"https:\/\/twitter.com\/hashtag\/EduardoClark?src=hash&amp;ref_src=twsrc%5Etfw\">#EduardoClark<\/a>, director de Gobierno Digital de la ADIP, coment\u00f3 que actualmente  por cada 81 casos positivos de Covid 19,  hay un ingreso hospitalizado.<br><br>\ud83c\udfa5 <a href=\"https:\/\/twitter.com\/rauladorno1?ref_src=twsrc%5Etfw\">@RaulAdorno1<\/a> <a href=\"https:\/\/t.co\/opOvQgUPBQ\">pic.twitter.com\/opOvQgUPBQ<\/a><\/p>&mdash; Ruido en la Red (@RuidoEnLaRed) <a href=\"https:\/\/twitter.com\/RuidoEnLaRed\/status\/1479554945770823682?ref_src=twsrc%5Etfw\">January 7, 2022<\/a><\/blockquote><script async src=\"https:\/\/platform.twitter.com\/widgets.js\" charset=\"utf-8\"><\/script>\n<\/div><\/figure>\n\n\n\n<p>Detall\u00f3 que el 6 de enero de 2022 se detectaron cinco mil 876&nbsp;<strong>casos positivos<\/strong>&nbsp;en los kioscos donde se realizan pruebas&nbsp;<strong>covid,&nbsp;<\/strong>detall\u00f3. Actualmente hay 622 personas hospitalizadas y de ellas solamente 124 necesitan de intubaci\u00f3n.<\/p>\n\n\n\n<p>Seg\u00fan los datos recabados por las autoridades de&nbsp;<strong>CDMX,<\/strong>&nbsp;en esta ola solamente hay un ingreso por cada 81 casos positivos, mientras que en la segunda era uno de cada nueve y en la tercera uno de cada 14.<\/p>\n\n\n\n<p>La jefa de Gobierno de\u00a0<strong>CDMX,<\/strong>\u00a0Claudia Sheinbaum, reiter\u00f3 que no se cerrar\u00e1n actividades ante el aumento de contagios; argument\u00f3 que los ciudadanos est\u00e1n vacunados y que la cifra de personas hospitalizadas es mucho menor a la de la tercera ola.<\/p>\n\n\n\n<figure class=\"wp-block-embed is-type-rich is-provider-twitter wp-block-embed-twitter\"><div class=\"wp-block-embed__wrapper\">\n<blockquote class=\"twitter-tweet\" data-width=\"550\" data-dnt=\"true\"><p lang=\"es\" dir=\"ltr\">La jefa del Gobierno de la <a href=\"https:\/\/twitter.com\/hashtag\/CDMX?src=hash&amp;ref_src=twsrc%5Etfw\">#CDMX<\/a>, acepta que S\u00cd HAY UN AUMENTO DE CONTAGIOS \ud83d\ude29<br><br>Pero no hay que caer en p\u00e1nico porque argument\u00f3 que las vacunas nos protegen de s\u00edntomas graves, tal como lo demuestra el bajo n\u00famero de fallecimientos y hospitalizaciones \u263a<br><br>\ud83c\udfa5<a href=\"https:\/\/twitter.com\/rauladorno1?ref_src=twsrc%5Etfw\">@RaulAdorno1<\/a> <a href=\"https:\/\/t.co\/xmtplpIEJG\">pic.twitter.com\/xmtplpIEJG<\/a><\/p>&mdash; Ruido en la Red (@RuidoEnLaRed) <a href=\"https:\/\/twitter.com\/RuidoEnLaRed\/status\/1479546684271210497?ref_src=twsrc%5Etfw\">January 7, 2022<\/a><\/blockquote><script async src=\"https:\/\/platform.twitter.com\/widgets.js\" charset=\"utf-8\"><\/script>\n<\/div><\/figure>\n\n\n\n<blockquote class=\"wp-block-quote is-layout-flow wp-block-quote-is-layout-flow\"><p>\u201cNo estamos en una situaci\u00f3n de alarma, por la caracter\u00edstica del virus y porque estamos vacunados \u201c, afirm\u00f3.<\/p><\/blockquote>\n\n\n\n<p>Sheibaum insisti\u00f3 en que \u201ca diferencia de otros momentos, pueden ser muchos los positivos pero las hospitalizaciones son muy bajas\u201d.<\/p>\n\n\n\n<p>La jefa de Gobierno de CDMX pidi\u00f3 a las empresas que no exijan a los empleados una prueba negativa de&nbsp;<strong>covid,<\/strong>&nbsp;pues es una de las razones por la que los centros para hacer pruebas est\u00e1n saturados.<\/p>\n\n\n\n<p>Mientras que&nbsp;Eduardo Clark pidi\u00f3 que la poblaci\u00f3n que \u201cpor una raz\u00f3n u otra\u201d no se vacun\u00f3, acuda a hacerlo tan pronto como pueda.<\/p>\n\n\n\n<blockquote class=\"wp-block-quote is-layout-flow wp-block-quote-is-layout-flow\"><p>\u201cEs casi 10 veces m\u00e1s el riesgo de hospitalizaci\u00f3n\u201d en caso de no estar vacunado, asegur\u00f3 Clark.<\/p><\/blockquote>\n\n\n\n<h2 class=\"wp-block-heading\">\u00d3micron ya es dominante en CDMX<\/h2>\n\n\n\n<p>Oliva L\u00f3pez Arellano, secretaria de Salud de CDMX, inform\u00f3 que la variante\u00a0<strong>\u00f3micron<\/strong>\u00a0ya desplaz\u00f3 a\u00a0<strong>delta<\/strong>\u00a0y se convirti\u00f3 en dominante desde hace unas semanas.<\/p>\n\n\n\n<p>El aumento de contagios se dio debido a la llegada de la variante&nbsp;<strong>\u00f3micron,<\/strong>&nbsp;que fue detectada en M\u00e9xico el pasado 3 de diciembre por primera vez y que ya desplaz\u00f3 a la variante delta.<\/p>\n\n\n\n<p>Seg\u00fan detallaron en la conferencia,&nbsp;<strong>\u00f3micron<\/strong>&nbsp;es m\u00e1s contagiosa pero suele implicar menos riesgos, ya que tiende a quedarse en las v\u00edas respiratorias superiores.<\/p>\n\n\n\n<p>Los bajos niveles de hospitalizaci\u00f3n se dan \u201cpor la&nbsp;<strong>variantes<\/strong>&nbsp;y sus caracter\u00edsticas y porque estamos vacunados\u201d, apunt\u00f3 Sheinbaum, que record\u00f3 que el 96% de la poblaci\u00f3n de la capital de m\u00e1s de 18 a\u00f1os ya est\u00e1 vacunada con las dos dosis.<\/p>\n\n\n\n<p>Con esto, llam\u00f3 a la poblaci\u00f3n a continuar tomando medidas e indic\u00f3 que ante la presencia de s\u00edntomas no es siquiera necesario hacerse una prueba pero s\u00ed confinarse, ya que el aislamiento es lo que puede cortar la cadena de contagios.<\/p>\n\n\n\n<h2 class=\"wp-block-heading\">Vacunaci\u00f3n covid<\/h2>\n\n\n\n<p>Clark anunci\u00f3 que la pr\u00f3xima semana se aplicar\u00e1 la\u00a0<strong>vacunaci\u00f3n<\/strong>\u00a0contra\u00a0<strong>covid<\/strong>\u00a0de refuerzo\u00a0para los maestros y personal docente que recibieron la dosis de CanSino.<\/p>\n\n\n\n<p>Adem\u00e1s, reiter\u00f3 que a partir del 11 de enero de 2022 se aplicar\u00e1 la\u00a0segunda dosis de la vacuna COVID de Pfizer a todos los\u00a0<strong>adolescentes<\/strong>\u00a0de 15 a 17 a\u00f1os de edad.<\/p>\n\n\n\n<p>El\u00a0<strong>personal<\/strong>\u00a0de\u00a0<strong>salud<\/strong>\u00a0tambi\u00e9n recibir\u00e1 su dosis de refuerzo, a partir de la pr\u00f3xima semana.<\/p>\n\n\n\n<figure class=\"wp-block-embed is-type-video is-provider-youtube wp-block-embed-youtube wp-embed-aspect-16-9 wp-has-aspect-ratio\"><div class=\"wp-block-embed__wrapper\">\n<iframe loading=\"lazy\" title=\"Conferencia de prensa, 07\/01\/22\" width=\"640\" height=\"360\" src=\"https:\/\/www.youtube.com\/embed\/O50uwgCp2q0?feature=oembed\" frameborder=\"0\" allow=\"accelerometer; autoplay; clipboard-write; encrypted-media; gyroscope; picture-in-picture; web-share\" referrerpolicy=\"strict-origin-when-cross-origin\" allowfullscreen><\/iframe>\n<\/div><\/figure>\n","protected":false},"excerpt":{"rendered":"<p>Por Redacci\u00f3n QP El 6 de enero de 2022 se detectaron cinco mil 876 casos&#8230;<\/p>\n","protected":false},"author":2,"featured_media":88128,"comment_status":"open","ping_status":"open","sticky":false,"template":"","format":"standard","meta":{"_monsterinsights_skip_tracking":false,"_monsterinsights_sitenote_active":false,"_monsterinsights_sitenote_note":"","_monsterinsights_sitenote_category":0,"footnotes":""},"categories":[55],"tags":[],"class_list":["post-88127","post","type-post","status-publish","format-standard","has-post-thumbnail","hentry","category-cdmx"],"yoast_head":"<!-- This site is optimized with the Yoast SEO plugin v27.3 - https:\/\/yoast.com\/product\/yoast-seo-wordpress\/ -->\n<title>Contin\u00faa sem\u00e1foro verde por covid pese a aumento de casos en la CDMX -<\/title>\n<meta name=\"robots\" content=\"index, follow, max-snippet:-1, max-image-preview:large, max-video-preview:-1\" \/>\n<link rel=\"canonical\" href=\"https:\/\/quehacerpolitico.mx\/?p=88127\" \/>\n<meta property=\"og:locale\" content=\"es_MX\" \/>\n<meta property=\"og:type\" content=\"article\" \/>\n<meta property=\"og:title\" content=\"Contin\u00faa sem\u00e1foro verde por covid pese a aumento de casos en la CDMX -\" \/>\n<meta property=\"og:description\" content=\"Por Redacci\u00f3n QP El 6 de enero de 2022 se detectaron cinco mil 876 casos...\" \/>\n<meta property=\"og:url\" content=\"https:\/\/quehacerpolitico.mx\/?p=88127\" \/>\n<meta property=\"article:published_time\" content=\"2022-01-07T21:12:50+00:00\" \/>\n<meta property=\"article:modified_time\" content=\"2022-01-07T21:12:52+00:00\" \/>\n<meta property=\"og:image\" content=\"https:\/\/quehacerpolitico.mx\/wp-content\/uploads\/2022\/01\/D42F4E6C-F315-4C74-890D-7AF90F56D2F0.jpeg\" \/>\n\t<meta property=\"og:image:width\" content=\"968\" \/>\n\t<meta property=\"og:image:height\" content=\"710\" \/>\n\t<meta property=\"og:image:type\" content=\"image\/jpeg\" \/>\n<meta name=\"author\" content=\"Redacci\u00f3n QP\" \/>\n<meta name=\"twitter:card\" content=\"summary_large_image\" \/>\n<meta name=\"twitter:label1\" content=\"Escrito por\" \/>\n\t<meta name=\"twitter:data1\" content=\"Redacci\u00f3n QP\" \/>\n\t<meta name=\"twitter:label2\" content=\"Tiempo de lectura\" \/>\n\t<meta name=\"twitter:data2\" content=\"3 minutos\" \/>\n<script type=\"application\/ld+json\" class=\"yoast-schema-graph\">{\"@context\":\"https:\\\/\\\/schema.org\",\"@graph\":[{\"@type\":\"Article\",\"@id\":\"https:\\\/\\\/quehacerpolitico.mx\\\/?p=88127#article\",\"isPartOf\":{\"@id\":\"https:\\\/\\\/quehacerpolitico.mx\\\/?p=88127\"},\"author\":{\"name\":\"Redacci\u00f3n QP\",\"@id\":\"https:\\\/\\\/quehacerpolitico.mx\\\/#\\\/schema\\\/person\\\/496d8ad2d1d3f8036101dca7ee39e585\"},\"headline\":\"Contin\u00faa sem\u00e1foro verde por covid pese a aumento de casos en la CDMX\",\"datePublished\":\"2022-01-07T21:12:50+00:00\",\"dateModified\":\"2022-01-07T21:12:52+00:00\",\"mainEntityOfPage\":{\"@id\":\"https:\\\/\\\/quehacerpolitico.mx\\\/?p=88127\"},\"wordCount\":696,\"commentCount\":0,\"image\":{\"@id\":\"https:\\\/\\\/quehacerpolitico.mx\\\/?p=88127#primaryimage\"},\"thumbnailUrl\":\"https:\\\/\\\/quehacerpolitico.mx\\\/wp-content\\\/uploads\\\/2022\\\/01\\\/D42F4E6C-F315-4C74-890D-7AF90F56D2F0.jpeg\",\"articleSection\":[\"CDMX\"],\"inLanguage\":\"es\",\"potentialAction\":[{\"@type\":\"CommentAction\",\"name\":\"Comment\",\"target\":[\"https:\\\/\\\/quehacerpolitico.mx\\\/?p=88127#respond\"]}]},{\"@type\":\"WebPage\",\"@id\":\"https:\\\/\\\/quehacerpolitico.mx\\\/?p=88127\",\"url\":\"https:\\\/\\\/quehacerpolitico.mx\\\/?p=88127\",\"name\":\"Contin\u00faa sem\u00e1foro verde por covid pese a aumento de casos en la CDMX -\",\"isPartOf\":{\"@id\":\"https:\\\/\\\/quehacerpolitico.mx\\\/#website\"},\"primaryImageOfPage\":{\"@id\":\"https:\\\/\\\/quehacerpolitico.mx\\\/?p=88127#primaryimage\"},\"image\":{\"@id\":\"https:\\\/\\\/quehacerpolitico.mx\\\/?p=88127#primaryimage\"},\"thumbnailUrl\":\"https:\\\/\\\/quehacerpolitico.mx\\\/wp-content\\\/uploads\\\/2022\\\/01\\\/D42F4E6C-F315-4C74-890D-7AF90F56D2F0.jpeg\",\"datePublished\":\"2022-01-07T21:12:50+00:00\",\"dateModified\":\"2022-01-07T21:12:52+00:00\",\"author\":{\"@id\":\"https:\\\/\\\/quehacerpolitico.mx\\\/#\\\/schema\\\/person\\\/496d8ad2d1d3f8036101dca7ee39e585\"},\"breadcrumb\":{\"@id\":\"https:\\\/\\\/quehacerpolitico.mx\\\/?p=88127#breadcrumb\"},\"inLanguage\":\"es\",\"potentialAction\":[{\"@type\":\"ReadAction\",\"target\":[\"https:\\\/\\\/quehacerpolitico.mx\\\/?p=88127\"]}]},{\"@type\":\"ImageObject\",\"inLanguage\":\"es\",\"@id\":\"https:\\\/\\\/quehacerpolitico.mx\\\/?p=88127#primaryimage\",\"url\":\"https:\\\/\\\/quehacerpolitico.mx\\\/wp-content\\\/uploads\\\/2022\\\/01\\\/D42F4E6C-F315-4C74-890D-7AF90F56D2F0.jpeg\",\"contentUrl\":\"https:\\\/\\\/quehacerpolitico.mx\\\/wp-content\\\/uploads\\\/2022\\\/01\\\/D42F4E6C-F315-4C74-890D-7AF90F56D2F0.jpeg\",\"width\":968,\"height\":710},{\"@type\":\"BreadcrumbList\",\"@id\":\"https:\\\/\\\/quehacerpolitico.mx\\\/?p=88127#breadcrumb\",\"itemListElement\":[{\"@type\":\"ListItem\",\"position\":1,\"name\":\"Inicio\",\"item\":\"https:\\\/\\\/quehacerpolitico.mx\\\/\"},{\"@type\":\"ListItem\",\"position\":2,\"name\":\"Contin\u00faa sem\u00e1foro verde por covid pese a aumento de casos en la CDMX\"}]},{\"@type\":\"WebSite\",\"@id\":\"https:\\\/\\\/quehacerpolitico.mx\\\/#website\",\"url\":\"https:\\\/\\\/quehacerpolitico.mx\\\/\",\"name\":\"\",\"description\":\"\",\"potentialAction\":[{\"@type\":\"SearchAction\",\"target\":{\"@type\":\"EntryPoint\",\"urlTemplate\":\"https:\\\/\\\/quehacerpolitico.mx\\\/?s={search_term_string}\"},\"query-input\":{\"@type\":\"PropertyValueSpecification\",\"valueRequired\":true,\"valueName\":\"search_term_string\"}}],\"inLanguage\":\"es\"},{\"@type\":\"Person\",\"@id\":\"https:\\\/\\\/quehacerpolitico.mx\\\/#\\\/schema\\\/person\\\/496d8ad2d1d3f8036101dca7ee39e585\",\"name\":\"Redacci\u00f3n QP\",\"image\":{\"@type\":\"ImageObject\",\"inLanguage\":\"es\",\"@id\":\"https:\\\/\\\/secure.gravatar.com\\\/avatar\\\/c7164ed6fdec453195284ad24a5ae5b6e1eed2b848477fa2a4787ba9adf39a41?s=96&d=mm&r=g\",\"url\":\"https:\\\/\\\/secure.gravatar.com\\\/avatar\\\/c7164ed6fdec453195284ad24a5ae5b6e1eed2b848477fa2a4787ba9adf39a41?s=96&d=mm&r=g\",\"contentUrl\":\"https:\\\/\\\/secure.gravatar.com\\\/avatar\\\/c7164ed6fdec453195284ad24a5ae5b6e1eed2b848477fa2a4787ba9adf39a41?s=96&d=mm&r=g\",\"caption\":\"Redacci\u00f3n QP\"},\"url\":\"https:\\\/\\\/quehacerpolitico.mx\\\/?author=2\"}]}<\/script>\n<!-- \/ Yoast SEO plugin. -->","yoast_head_json":{"title":"Contin\u00faa sem\u00e1foro verde por covid pese a aumento de casos en la CDMX -","robots":{"index":"index","follow":"follow","max-snippet":"max-snippet:-1","max-image-preview":"max-image-preview:large","max-video-preview":"max-video-preview:-1"},"canonical":"https:\/\/quehacerpolitico.mx\/?p=88127","og_locale":"es_MX","og_type":"article","og_title":"Contin\u00faa sem\u00e1foro verde por covid pese a aumento de casos en la CDMX -","og_description":"Por Redacci\u00f3n QP El 6 de enero de 2022 se detectaron cinco mil 876 casos...","og_url":"https:\/\/quehacerpolitico.mx\/?p=88127","article_published_time":"2022-01-07T21:12:50+00:00","article_modified_time":"2022-01-07T21:12:52+00:00","og_image":[{"width":968,"height":710,"url":"https:\/\/quehacerpolitico.mx\/wp-content\/uploads\/2022\/01\/D42F4E6C-F315-4C74-890D-7AF90F56D2F0.jpeg","type":"image\/jpeg"}],"author":"Redacci\u00f3n QP","twitter_card":"summary_large_image","twitter_misc":{"Escrito por":"Redacci\u00f3n QP","Tiempo de lectura":"3 minutos"},"schema":{"@context":"https:\/\/schema.org","@graph":[{"@type":"Article","@id":"https:\/\/quehacerpolitico.mx\/?p=88127#article","isPartOf":{"@id":"https:\/\/quehacerpolitico.mx\/?p=88127"},"author":{"name":"Redacci\u00f3n QP","@id":"https:\/\/quehacerpolitico.mx\/#\/schema\/person\/496d8ad2d1d3f8036101dca7ee39e585"},"headline":"Contin\u00faa sem\u00e1foro verde por covid pese a aumento de casos en la CDMX","datePublished":"2022-01-07T21:12:50+00:00","dateModified":"2022-01-07T21:12:52+00:00","mainEntityOfPage":{"@id":"https:\/\/quehacerpolitico.mx\/?p=88127"},"wordCount":696,"commentCount":0,"image":{"@id":"https:\/\/quehacerpolitico.mx\/?p=88127#primaryimage"},"thumbnailUrl":"https:\/\/quehacerpolitico.mx\/wp-content\/uploads\/2022\/01\/D42F4E6C-F315-4C74-890D-7AF90F56D2F0.jpeg","articleSection":["CDMX"],"inLanguage":"es","potentialAction":[{"@type":"CommentAction","name":"Comment","target":["https:\/\/quehacerpolitico.mx\/?p=88127#respond"]}]},{"@type":"WebPage","@id":"https:\/\/quehacerpolitico.mx\/?p=88127","url":"https:\/\/quehacerpolitico.mx\/?p=88127","name":"Contin\u00faa sem\u00e1foro verde por covid pese a aumento de casos en la CDMX -","isPartOf":{"@id":"https:\/\/quehacerpolitico.mx\/#website"},"primaryImageOfPage":{"@id":"https:\/\/quehacerpolitico.mx\/?p=88127#primaryimage"},"image":{"@id":"https:\/\/quehacerpolitico.mx\/?p=88127#primaryimage"},"thumbnailUrl":"https:\/\/quehacerpolitico.mx\/wp-content\/uploads\/2022\/01\/D42F4E6C-F315-4C74-890D-7AF90F56D2F0.jpeg","datePublished":"2022-01-07T21:12:50+00:00","dateModified":"2022-01-07T21:12:52+00:00","author":{"@id":"https:\/\/quehacerpolitico.mx\/#\/schema\/person\/496d8ad2d1d3f8036101dca7ee39e585"},"breadcrumb":{"@id":"https:\/\/quehacerpolitico.mx\/?p=88127#breadcrumb"},"inLanguage":"es","potentialAction":[{"@type":"ReadAction","target":["https:\/\/quehacerpolitico.mx\/?p=88127"]}]},{"@type":"ImageObject","inLanguage":"es","@id":"https:\/\/quehacerpolitico.mx\/?p=88127#primaryimage","url":"https:\/\/quehacerpolitico.mx\/wp-content\/uploads\/2022\/01\/D42F4E6C-F315-4C74-890D-7AF90F56D2F0.jpeg","contentUrl":"https:\/\/quehacerpolitico.mx\/wp-content\/uploads\/2022\/01\/D42F4E6C-F315-4C74-890D-7AF90F56D2F0.jpeg","width":968,"height":710},{"@type":"BreadcrumbList","@id":"https:\/\/quehacerpolitico.mx\/?p=88127#breadcrumb","itemListElement":[{"@type":"ListItem","position":1,"name":"Inicio","item":"https:\/\/quehacerpolitico.mx\/"},{"@type":"ListItem","position":2,"name":"Contin\u00faa sem\u00e1foro verde por covid pese a aumento de casos en la CDMX"}]},{"@type":"WebSite","@id":"https:\/\/quehacerpolitico.mx\/#website","url":"https:\/\/quehacerpolitico.mx\/","name":"","description":"","potentialAction":[{"@type":"SearchAction","target":{"@type":"EntryPoint","urlTemplate":"https:\/\/quehacerpolitico.mx\/?s={search_term_string}"},"query-input":{"@type":"PropertyValueSpecification","valueRequired":true,"valueName":"search_term_string"}}],"inLanguage":"es"},{"@type":"Person","@id":"https:\/\/quehacerpolitico.mx\/#\/schema\/person\/496d8ad2d1d3f8036101dca7ee39e585","name":"Redacci\u00f3n QP","image":{"@type":"ImageObject","inLanguage":"es","@id":"https:\/\/secure.gravatar.com\/avatar\/c7164ed6fdec453195284ad24a5ae5b6e1eed2b848477fa2a4787ba9adf39a41?s=96&d=mm&r=g","url":"https:\/\/secure.gravatar.com\/avatar\/c7164ed6fdec453195284ad24a5ae5b6e1eed2b848477fa2a4787ba9adf39a41?s=96&d=mm&r=g","contentUrl":"https:\/\/secure.gravatar.com\/avatar\/c7164ed6fdec453195284ad24a5ae5b6e1eed2b848477fa2a4787ba9adf39a41?s=96&d=mm&r=g","caption":"Redacci\u00f3n QP"},"url":"https:\/\/quehacerpolitico.mx\/?author=2"}]}},"featured_image_urls":{"full":["https:\/\/quehacerpolitico.mx\/wp-content\/uploads\/2022\/01\/D42F4E6C-F315-4C74-890D-7AF90F56D2F0.jpeg",968,710,false],"thumbnail":["https:\/\/quehacerpolitico.mx\/wp-content\/uploads\/2022\/01\/D42F4E6C-F315-4C74-890D-7AF90F56D2F0-150x150.jpeg",150,150,true],"medium":["https:\/\/quehacerpolitico.mx\/wp-content\/uploads\/2022\/01\/D42F4E6C-F315-4C74-890D-7AF90F56D2F0-300x220.jpeg",300,220,true],"medium_large":["https:\/\/quehacerpolitico.mx\/wp-content\/uploads\/2022\/01\/D42F4E6C-F315-4C74-890D-7AF90F56D2F0-768x563.jpeg",640,469,true],"large":["https:\/\/quehacerpolitico.mx\/wp-content\/uploads\/2022\/01\/D42F4E6C-F315-4C74-890D-7AF90F56D2F0.jpeg",640,469,false],"1536x1536":["https:\/\/quehacerpolitico.mx\/wp-content\/uploads\/2022\/01\/D42F4E6C-F315-4C74-890D-7AF90F56D2F0.jpeg",968,710,false],"2048x2048":["https:\/\/quehacerpolitico.mx\/wp-content\/uploads\/2022\/01\/D42F4E6C-F315-4C74-890D-7AF90F56D2F0.jpeg",968,710,false],"covernews-featured":["https:\/\/quehacerpolitico.mx\/wp-content\/uploads\/2022\/01\/D42F4E6C-F315-4C74-890D-7AF90F56D2F0.jpeg",968,710,false],"covernews-medium":["https:\/\/quehacerpolitico.mx\/wp-content\/uploads\/2022\/01\/D42F4E6C-F315-4C74-890D-7AF90F56D2F0.jpeg",464,340,false]},"author_info":{"display_name":"Redacci\u00f3n QP","author_link":"https:\/\/quehacerpolitico.mx\/?author=2"},"category_info":"<a href=\"https:\/\/quehacerpolitico.mx\/?cat=55\" rel=\"category\">CDMX<\/a>","tag_info":"CDMX","comment_count":"0","_links":{"self":[{"href":"https:\/\/quehacerpolitico.mx\/index.php?rest_route=\/wp\/v2\/posts\/88127","targetHints":{"allow":["GET"]}}],"collection":[{"href":"https:\/\/quehacerpolitico.mx\/index.php?rest_route=\/wp\/v2\/posts"}],"about":[{"href":"https:\/\/quehacerpolitico.mx\/index.php?rest_route=\/wp\/v2\/types\/post"}],"author":[{"embeddable":true,"href":"https:\/\/quehacerpolitico.mx\/index.php?rest_route=\/wp\/v2\/users\/2"}],"replies":[{"embeddable":true,"href":"https:\/\/quehacerpolitico.mx\/index.php?rest_route=%2Fwp%2Fv2%2Fcomments&post=88127"}],"version-history":[{"count":1,"href":"https:\/\/quehacerpolitico.mx\/index.php?rest_route=\/wp\/v2\/posts\/88127\/revisions"}],"predecessor-version":[{"id":88129,"href":"https:\/\/quehacerpolitico.mx\/index.php?rest_route=\/wp\/v2\/posts\/88127\/revisions\/88129"}],"wp:featuredmedia":[{"embeddable":true,"href":"https:\/\/quehacerpolitico.mx\/index.php?rest_route=\/wp\/v2\/media\/88128"}],"wp:attachment":[{"href":"https:\/\/quehacerpolitico.mx\/index.php?rest_route=%2Fwp%2Fv2%2Fmedia&parent=88127"}],"wp:term":[{"taxonomy":"category","embeddable":true,"href":"https:\/\/quehacerpolitico.mx\/index.php?rest_route=%2Fwp%2Fv2%2Fcategories&post=88127"},{"taxonomy":"post_tag","embeddable":true,"href":"https:\/\/quehacerpolitico.mx\/index.php?rest_route=%2Fwp%2Fv2%2Ftags&post=88127"}],"curies":[{"name":"wp","href":"https:\/\/api.w.org\/{rel}","templated":true}]}}