{"id":88120,"date":"2022-01-07T19:39:17","date_gmt":"2022-01-07T19:39:17","guid":{"rendered":"https:\/\/quehacerpolitico.mx\/?p=88120"},"modified":"2022-01-07T19:39:19","modified_gmt":"2022-01-07T19:39:19","slug":"amlo-anuncia-que-hay-opciones-para-intercambiar-el-avion-presidencial","status":"publish","type":"post","link":"https:\/\/quehacerpolitico.mx\/?p=88120","title":{"rendered":"AMLO anuncia que hay opciones para intercambiar el avi\u00f3n presidencial"},"content":{"rendered":"\n<p>Por Redacci\u00f3n QP<\/p>\n\n\n\n<p>Una de las opciones es entregar el avi\u00f3n presidencial al Aeropuerto Felipe \u00c1ngeles para que puedan rentarlo<\/p>\n\n\n\n<p>El Presidente de M\u00e9xico, Andr\u00e9s Manuel L\u00f3pez Obrador (AMLO) revel\u00f3 durante la \u201cma\u00f1anera\u201d de hoy que se analiza la posibilidad de entregar el avi\u00f3n presidencial TP-01 a la compa\u00f1\u00eda Aeropuerto Internacional Felipe \u00c1ngeles, SA de CV, propiedad de la Secretar\u00eda de la Defensa Nacional (Sedena), para que pueda rentarlo.<\/p>\n\n\n\n<p>AMLO inform\u00f3 que\u00a0<strong>tambi\u00e9n se examina la posibilidad de intercambiar con una empresa privada el &#8220;Jos\u00e9 Mar\u00eda Morelos y Pav\u00f3n&#8221; por helic\u00f3pteros para combatir incendios<\/strong>.<\/p>\n\n\n\n<p>&#8220;Estamos procurando que se venda. Hay propuestas de empresas que quieren intercambiar.\u00a0<strong>La \u00faltima empresa por unos helic\u00f3pteros por el avi\u00f3n, incluso son helic\u00f3pteros que se podr\u00edan utilizar para atender incendios forestales<\/strong>\u00a0y estamos analizando esa posibilidad, siempre y cuando el avi\u00f3n se acepte al precio de aval\u00fao igual que los helic\u00f3pteros.<\/p>\n\n\n\n<p>En Palacio Nacional, AMLO destac\u00f3 que &#8220;hay que hacer cuentas&#8221; al tomar esta \u00faltima opci\u00f3n, pues se\u00f1al\u00f3 que estos viajes tendr\u00edan que ser de viajes largos, como de la Ciudad de M\u00e9xico a Tulum a Canc\u00fan o a Los Cabos.<\/p>\n\n\n\n<p>AMLO volvi\u00f3 a criticar que se comprar el avi\u00f3n presidencial, pues dijo que &#8220;t\u00e9cnicamente esos aviones est\u00e1n dise\u00f1ados para ir a Europa en 10 horas sin recarga de combustible, para largas distancias y no es para despegar aqu\u00ed y bajar en Tuxtla Guti\u00e9rrez o en Villahermosa o en Guanajuato o en Guadalajara, no, porque es muy costoso y no se recomienda, es para viajes largos&#8221;.<\/p>\n\n\n\n<figure class=\"wp-block-embed is-type-rich is-provider-twitter wp-block-embed-twitter\"><div class=\"wp-block-embed__wrapper\">\n<blockquote class=\"twitter-tweet\" data-width=\"550\" data-dnt=\"true\"><p lang=\"es\" dir=\"ltr\"><a href=\"https:\/\/twitter.com\/hashtag\/Ma%C3%B1anera?src=hash&amp;ref_src=twsrc%5Etfw\">#Ma\u00f1anera<\/a> | \u201cNo se ha podido vender el avi\u00f3n&quot;<br><br>Pues el avi\u00f3n presidencial sigue parado y el presidente <a href=\"https:\/\/twitter.com\/lopezobrador_?ref_src=twsrc%5Etfw\">@lopezobrador_<\/a> afirma que es porque est\u00e1 hecho a una medida que no es comercial. <a href=\"https:\/\/t.co\/gsOVH6xfAb\">pic.twitter.com\/gsOVH6xfAb<\/a><\/p>&mdash; Ruido en la Red (@RuidoEnLaRed) <a href=\"https:\/\/twitter.com\/RuidoEnLaRed\/status\/1479452533613600772?ref_src=twsrc%5Etfw\">January 7, 2022<\/a><\/blockquote><script async src=\"https:\/\/platform.twitter.com\/widgets.js\" charset=\"utf-8\"><\/script>\n<\/div><\/figure>\n\n\n\n<p>Con Informaci\u00f3n de SUN <\/p>\n","protected":false},"excerpt":{"rendered":"<p>Por Redacci\u00f3n QP Una de las opciones es entregar el avi\u00f3n presidencial al Aeropuerto Felipe&#8230;<\/p>\n","protected":false},"author":2,"featured_media":88121,"comment_status":"open","ping_status":"open","sticky":false,"template":"","format":"standard","meta":{"_monsterinsights_skip_tracking":false,"_monsterinsights_sitenote_active":false,"_monsterinsights_sitenote_note":"","_monsterinsights_sitenote_category":0,"footnotes":""},"categories":[2],"tags":[],"class_list":["post-88120","post","type-post","status-publish","format-standard","has-post-thumbnail","hentry","category-noticias"],"yoast_head":"<!-- This site is optimized with the Yoast SEO plugin v27.3 - https:\/\/yoast.com\/product\/yoast-seo-wordpress\/ -->\n<title>AMLO anuncia que hay opciones para intercambiar el avi\u00f3n presidencial -<\/title>\n<meta name=\"robots\" content=\"index, follow, max-snippet:-1, max-image-preview:large, max-video-preview:-1\" \/>\n<link rel=\"canonical\" href=\"https:\/\/quehacerpolitico.mx\/?p=88120\" \/>\n<meta property=\"og:locale\" content=\"es_MX\" \/>\n<meta property=\"og:type\" content=\"article\" \/>\n<meta property=\"og:title\" content=\"AMLO anuncia que hay opciones para intercambiar el avi\u00f3n presidencial -\" \/>\n<meta property=\"og:description\" content=\"Por Redacci\u00f3n QP Una de las opciones es entregar el avi\u00f3n presidencial al Aeropuerto Felipe...\" \/>\n<meta property=\"og:url\" content=\"https:\/\/quehacerpolitico.mx\/?p=88120\" \/>\n<meta property=\"article:published_time\" content=\"2022-01-07T19:39:17+00:00\" \/>\n<meta property=\"article:modified_time\" content=\"2022-01-07T19:39:19+00:00\" \/>\n<meta property=\"og:image\" content=\"https:\/\/quehacerpolitico.mx\/wp-content\/uploads\/2022\/01\/62780DAB-A8CF-4AD9-8BF2-9B3299F29017.jpeg\" \/>\n\t<meta property=\"og:image:width\" content=\"1284\" \/>\n\t<meta property=\"og:image:height\" content=\"685\" \/>\n\t<meta property=\"og:image:type\" content=\"image\/jpeg\" \/>\n<meta name=\"author\" content=\"Redacci\u00f3n QP\" \/>\n<meta name=\"twitter:card\" content=\"summary_large_image\" \/>\n<meta name=\"twitter:label1\" content=\"Escrito por\" \/>\n\t<meta name=\"twitter:data1\" content=\"Redacci\u00f3n QP\" \/>\n\t<meta name=\"twitter:label2\" content=\"Tiempo de lectura\" \/>\n\t<meta name=\"twitter:data2\" content=\"1 minuto\" \/>\n<script type=\"application\/ld+json\" class=\"yoast-schema-graph\">{\"@context\":\"https:\\\/\\\/schema.org\",\"@graph\":[{\"@type\":\"Article\",\"@id\":\"https:\\\/\\\/quehacerpolitico.mx\\\/?p=88120#article\",\"isPartOf\":{\"@id\":\"https:\\\/\\\/quehacerpolitico.mx\\\/?p=88120\"},\"author\":{\"name\":\"Redacci\u00f3n QP\",\"@id\":\"https:\\\/\\\/quehacerpolitico.mx\\\/#\\\/schema\\\/person\\\/496d8ad2d1d3f8036101dca7ee39e585\"},\"headline\":\"AMLO anuncia que hay opciones para intercambiar el avi\u00f3n presidencial\",\"datePublished\":\"2022-01-07T19:39:17+00:00\",\"dateModified\":\"2022-01-07T19:39:19+00:00\",\"mainEntityOfPage\":{\"@id\":\"https:\\\/\\\/quehacerpolitico.mx\\\/?p=88120\"},\"wordCount\":302,\"commentCount\":0,\"image\":{\"@id\":\"https:\\\/\\\/quehacerpolitico.mx\\\/?p=88120#primaryimage\"},\"thumbnailUrl\":\"https:\\\/\\\/quehacerpolitico.mx\\\/wp-content\\\/uploads\\\/2022\\\/01\\\/62780DAB-A8CF-4AD9-8BF2-9B3299F29017.jpeg\",\"articleSection\":[\"Noticias\"],\"inLanguage\":\"es\",\"potentialAction\":[{\"@type\":\"CommentAction\",\"name\":\"Comment\",\"target\":[\"https:\\\/\\\/quehacerpolitico.mx\\\/?p=88120#respond\"]}]},{\"@type\":\"WebPage\",\"@id\":\"https:\\\/\\\/quehacerpolitico.mx\\\/?p=88120\",\"url\":\"https:\\\/\\\/quehacerpolitico.mx\\\/?p=88120\",\"name\":\"AMLO anuncia que hay opciones para intercambiar el avi\u00f3n presidencial -\",\"isPartOf\":{\"@id\":\"https:\\\/\\\/quehacerpolitico.mx\\\/#website\"},\"primaryImageOfPage\":{\"@id\":\"https:\\\/\\\/quehacerpolitico.mx\\\/?p=88120#primaryimage\"},\"image\":{\"@id\":\"https:\\\/\\\/quehacerpolitico.mx\\\/?p=88120#primaryimage\"},\"thumbnailUrl\":\"https:\\\/\\\/quehacerpolitico.mx\\\/wp-content\\\/uploads\\\/2022\\\/01\\\/62780DAB-A8CF-4AD9-8BF2-9B3299F29017.jpeg\",\"datePublished\":\"2022-01-07T19:39:17+00:00\",\"dateModified\":\"2022-01-07T19:39:19+00:00\",\"author\":{\"@id\":\"https:\\\/\\\/quehacerpolitico.mx\\\/#\\\/schema\\\/person\\\/496d8ad2d1d3f8036101dca7ee39e585\"},\"breadcrumb\":{\"@id\":\"https:\\\/\\\/quehacerpolitico.mx\\\/?p=88120#breadcrumb\"},\"inLanguage\":\"es\",\"potentialAction\":[{\"@type\":\"ReadAction\",\"target\":[\"https:\\\/\\\/quehacerpolitico.mx\\\/?p=88120\"]}]},{\"@type\":\"ImageObject\",\"inLanguage\":\"es\",\"@id\":\"https:\\\/\\\/quehacerpolitico.mx\\\/?p=88120#primaryimage\",\"url\":\"https:\\\/\\\/quehacerpolitico.mx\\\/wp-content\\\/uploads\\\/2022\\\/01\\\/62780DAB-A8CF-4AD9-8BF2-9B3299F29017.jpeg\",\"contentUrl\":\"https:\\\/\\\/quehacerpolitico.mx\\\/wp-content\\\/uploads\\\/2022\\\/01\\\/62780DAB-A8CF-4AD9-8BF2-9B3299F29017.jpeg\",\"width\":1284,\"height\":685},{\"@type\":\"BreadcrumbList\",\"@id\":\"https:\\\/\\\/quehacerpolitico.mx\\\/?p=88120#breadcrumb\",\"itemListElement\":[{\"@type\":\"ListItem\",\"position\":1,\"name\":\"Inicio\",\"item\":\"https:\\\/\\\/quehacerpolitico.mx\\\/\"},{\"@type\":\"ListItem\",\"position\":2,\"name\":\"AMLO anuncia que hay opciones para intercambiar el avi\u00f3n presidencial\"}]},{\"@type\":\"WebSite\",\"@id\":\"https:\\\/\\\/quehacerpolitico.mx\\\/#website\",\"url\":\"https:\\\/\\\/quehacerpolitico.mx\\\/\",\"name\":\"\",\"description\":\"\",\"potentialAction\":[{\"@type\":\"SearchAction\",\"target\":{\"@type\":\"EntryPoint\",\"urlTemplate\":\"https:\\\/\\\/quehacerpolitico.mx\\\/?s={search_term_string}\"},\"query-input\":{\"@type\":\"PropertyValueSpecification\",\"valueRequired\":true,\"valueName\":\"search_term_string\"}}],\"inLanguage\":\"es\"},{\"@type\":\"Person\",\"@id\":\"https:\\\/\\\/quehacerpolitico.mx\\\/#\\\/schema\\\/person\\\/496d8ad2d1d3f8036101dca7ee39e585\",\"name\":\"Redacci\u00f3n QP\",\"image\":{\"@type\":\"ImageObject\",\"inLanguage\":\"es\",\"@id\":\"https:\\\/\\\/secure.gravatar.com\\\/avatar\\\/c7164ed6fdec453195284ad24a5ae5b6e1eed2b848477fa2a4787ba9adf39a41?s=96&d=mm&r=g\",\"url\":\"https:\\\/\\\/secure.gravatar.com\\\/avatar\\\/c7164ed6fdec453195284ad24a5ae5b6e1eed2b848477fa2a4787ba9adf39a41?s=96&d=mm&r=g\",\"contentUrl\":\"https:\\\/\\\/secure.gravatar.com\\\/avatar\\\/c7164ed6fdec453195284ad24a5ae5b6e1eed2b848477fa2a4787ba9adf39a41?s=96&d=mm&r=g\",\"caption\":\"Redacci\u00f3n QP\"},\"url\":\"https:\\\/\\\/quehacerpolitico.mx\\\/?author=2\"}]}<\/script>\n<!-- \/ Yoast SEO plugin. -->","yoast_head_json":{"title":"AMLO anuncia que hay opciones para intercambiar el avi\u00f3n presidencial -","robots":{"index":"index","follow":"follow","max-snippet":"max-snippet:-1","max-image-preview":"max-image-preview:large","max-video-preview":"max-video-preview:-1"},"canonical":"https:\/\/quehacerpolitico.mx\/?p=88120","og_locale":"es_MX","og_type":"article","og_title":"AMLO anuncia que hay opciones para intercambiar el avi\u00f3n presidencial -","og_description":"Por Redacci\u00f3n QP Una de las opciones es entregar el avi\u00f3n presidencial al Aeropuerto Felipe...","og_url":"https:\/\/quehacerpolitico.mx\/?p=88120","article_published_time":"2022-01-07T19:39:17+00:00","article_modified_time":"2022-01-07T19:39:19+00:00","og_image":[{"width":1284,"height":685,"url":"https:\/\/quehacerpolitico.mx\/wp-content\/uploads\/2022\/01\/62780DAB-A8CF-4AD9-8BF2-9B3299F29017.jpeg","type":"image\/jpeg"}],"author":"Redacci\u00f3n QP","twitter_card":"summary_large_image","twitter_misc":{"Escrito por":"Redacci\u00f3n QP","Tiempo de lectura":"1 minuto"},"schema":{"@context":"https:\/\/schema.org","@graph":[{"@type":"Article","@id":"https:\/\/quehacerpolitico.mx\/?p=88120#article","isPartOf":{"@id":"https:\/\/quehacerpolitico.mx\/?p=88120"},"author":{"name":"Redacci\u00f3n QP","@id":"https:\/\/quehacerpolitico.mx\/#\/schema\/person\/496d8ad2d1d3f8036101dca7ee39e585"},"headline":"AMLO anuncia que hay opciones para intercambiar el avi\u00f3n presidencial","datePublished":"2022-01-07T19:39:17+00:00","dateModified":"2022-01-07T19:39:19+00:00","mainEntityOfPage":{"@id":"https:\/\/quehacerpolitico.mx\/?p=88120"},"wordCount":302,"commentCount":0,"image":{"@id":"https:\/\/quehacerpolitico.mx\/?p=88120#primaryimage"},"thumbnailUrl":"https:\/\/quehacerpolitico.mx\/wp-content\/uploads\/2022\/01\/62780DAB-A8CF-4AD9-8BF2-9B3299F29017.jpeg","articleSection":["Noticias"],"inLanguage":"es","potentialAction":[{"@type":"CommentAction","name":"Comment","target":["https:\/\/quehacerpolitico.mx\/?p=88120#respond"]}]},{"@type":"WebPage","@id":"https:\/\/quehacerpolitico.mx\/?p=88120","url":"https:\/\/quehacerpolitico.mx\/?p=88120","name":"AMLO anuncia que hay opciones para intercambiar el avi\u00f3n presidencial -","isPartOf":{"@id":"https:\/\/quehacerpolitico.mx\/#website"},"primaryImageOfPage":{"@id":"https:\/\/quehacerpolitico.mx\/?p=88120#primaryimage"},"image":{"@id":"https:\/\/quehacerpolitico.mx\/?p=88120#primaryimage"},"thumbnailUrl":"https:\/\/quehacerpolitico.mx\/wp-content\/uploads\/2022\/01\/62780DAB-A8CF-4AD9-8BF2-9B3299F29017.jpeg","datePublished":"2022-01-07T19:39:17+00:00","dateModified":"2022-01-07T19:39:19+00:00","author":{"@id":"https:\/\/quehacerpolitico.mx\/#\/schema\/person\/496d8ad2d1d3f8036101dca7ee39e585"},"breadcrumb":{"@id":"https:\/\/quehacerpolitico.mx\/?p=88120#breadcrumb"},"inLanguage":"es","potentialAction":[{"@type":"ReadAction","target":["https:\/\/quehacerpolitico.mx\/?p=88120"]}]},{"@type":"ImageObject","inLanguage":"es","@id":"https:\/\/quehacerpolitico.mx\/?p=88120#primaryimage","url":"https:\/\/quehacerpolitico.mx\/wp-content\/uploads\/2022\/01\/62780DAB-A8CF-4AD9-8BF2-9B3299F29017.jpeg","contentUrl":"https:\/\/quehacerpolitico.mx\/wp-content\/uploads\/2022\/01\/62780DAB-A8CF-4AD9-8BF2-9B3299F29017.jpeg","width":1284,"height":685},{"@type":"BreadcrumbList","@id":"https:\/\/quehacerpolitico.mx\/?p=88120#breadcrumb","itemListElement":[{"@type":"ListItem","position":1,"name":"Inicio","item":"https:\/\/quehacerpolitico.mx\/"},{"@type":"ListItem","position":2,"name":"AMLO anuncia que hay opciones para intercambiar el avi\u00f3n presidencial"}]},{"@type":"WebSite","@id":"https:\/\/quehacerpolitico.mx\/#website","url":"https:\/\/quehacerpolitico.mx\/","name":"","description":"","potentialAction":[{"@type":"SearchAction","target":{"@type":"EntryPoint","urlTemplate":"https:\/\/quehacerpolitico.mx\/?s={search_term_string}"},"query-input":{"@type":"PropertyValueSpecification","valueRequired":true,"valueName":"search_term_string"}}],"inLanguage":"es"},{"@type":"Person","@id":"https:\/\/quehacerpolitico.mx\/#\/schema\/person\/496d8ad2d1d3f8036101dca7ee39e585","name":"Redacci\u00f3n QP","image":{"@type":"ImageObject","inLanguage":"es","@id":"https:\/\/secure.gravatar.com\/avatar\/c7164ed6fdec453195284ad24a5ae5b6e1eed2b848477fa2a4787ba9adf39a41?s=96&d=mm&r=g","url":"https:\/\/secure.gravatar.com\/avatar\/c7164ed6fdec453195284ad24a5ae5b6e1eed2b848477fa2a4787ba9adf39a41?s=96&d=mm&r=g","contentUrl":"https:\/\/secure.gravatar.com\/avatar\/c7164ed6fdec453195284ad24a5ae5b6e1eed2b848477fa2a4787ba9adf39a41?s=96&d=mm&r=g","caption":"Redacci\u00f3n QP"},"url":"https:\/\/quehacerpolitico.mx\/?author=2"}]}},"featured_image_urls":{"full":["https:\/\/quehacerpolitico.mx\/wp-content\/uploads\/2022\/01\/62780DAB-A8CF-4AD9-8BF2-9B3299F29017.jpeg",1284,685,false],"thumbnail":["https:\/\/quehacerpolitico.mx\/wp-content\/uploads\/2022\/01\/62780DAB-A8CF-4AD9-8BF2-9B3299F29017-150x150.jpeg",150,150,true],"medium":["https:\/\/quehacerpolitico.mx\/wp-content\/uploads\/2022\/01\/62780DAB-A8CF-4AD9-8BF2-9B3299F29017-300x160.jpeg",300,160,true],"medium_large":["https:\/\/quehacerpolitico.mx\/wp-content\/uploads\/2022\/01\/62780DAB-A8CF-4AD9-8BF2-9B3299F29017-768x410.jpeg",640,342,true],"large":["https:\/\/quehacerpolitico.mx\/wp-content\/uploads\/2022\/01\/62780DAB-A8CF-4AD9-8BF2-9B3299F29017-1024x546.jpeg",640,341,true],"1536x1536":["https:\/\/quehacerpolitico.mx\/wp-content\/uploads\/2022\/01\/62780DAB-A8CF-4AD9-8BF2-9B3299F29017.jpeg",1284,685,false],"2048x2048":["https:\/\/quehacerpolitico.mx\/wp-content\/uploads\/2022\/01\/62780DAB-A8CF-4AD9-8BF2-9B3299F29017.jpeg",1284,685,false],"covernews-featured":["https:\/\/quehacerpolitico.mx\/wp-content\/uploads\/2022\/01\/62780DAB-A8CF-4AD9-8BF2-9B3299F29017.jpeg",1024,546,false],"covernews-medium":["https:\/\/quehacerpolitico.mx\/wp-content\/uploads\/2022\/01\/62780DAB-A8CF-4AD9-8BF2-9B3299F29017.jpeg",540,288,false]},"author_info":{"display_name":"Redacci\u00f3n QP","author_link":"https:\/\/quehacerpolitico.mx\/?author=2"},"category_info":"<a href=\"https:\/\/quehacerpolitico.mx\/?cat=2\" rel=\"category\">Noticias<\/a>","tag_info":"Noticias","comment_count":"0","_links":{"self":[{"href":"https:\/\/quehacerpolitico.mx\/index.php?rest_route=\/wp\/v2\/posts\/88120","targetHints":{"allow":["GET"]}}],"collection":[{"href":"https:\/\/quehacerpolitico.mx\/index.php?rest_route=\/wp\/v2\/posts"}],"about":[{"href":"https:\/\/quehacerpolitico.mx\/index.php?rest_route=\/wp\/v2\/types\/post"}],"author":[{"embeddable":true,"href":"https:\/\/quehacerpolitico.mx\/index.php?rest_route=\/wp\/v2\/users\/2"}],"replies":[{"embeddable":true,"href":"https:\/\/quehacerpolitico.mx\/index.php?rest_route=%2Fwp%2Fv2%2Fcomments&post=88120"}],"version-history":[{"count":1,"href":"https:\/\/quehacerpolitico.mx\/index.php?rest_route=\/wp\/v2\/posts\/88120\/revisions"}],"predecessor-version":[{"id":88122,"href":"https:\/\/quehacerpolitico.mx\/index.php?rest_route=\/wp\/v2\/posts\/88120\/revisions\/88122"}],"wp:featuredmedia":[{"embeddable":true,"href":"https:\/\/quehacerpolitico.mx\/index.php?rest_route=\/wp\/v2\/media\/88121"}],"wp:attachment":[{"href":"https:\/\/quehacerpolitico.mx\/index.php?rest_route=%2Fwp%2Fv2%2Fmedia&parent=88120"}],"wp:term":[{"taxonomy":"category","embeddable":true,"href":"https:\/\/quehacerpolitico.mx\/index.php?rest_route=%2Fwp%2Fv2%2Fcategories&post=88120"},{"taxonomy":"post_tag","embeddable":true,"href":"https:\/\/quehacerpolitico.mx\/index.php?rest_route=%2Fwp%2Fv2%2Ftags&post=88120"}],"curies":[{"name":"wp","href":"https:\/\/api.w.org\/{rel}","templated":true}]}}