{"id":88117,"date":"2022-01-07T19:30:35","date_gmt":"2022-01-07T19:30:35","guid":{"rendered":"https:\/\/quehacerpolitico.mx\/?p=88117"},"modified":"2022-01-07T19:30:38","modified_gmt":"2022-01-07T19:30:38","slug":"no-creo-que-santiago-nieto-este-involucrado-en-actos-de-corrupcion-amlo","status":"publish","type":"post","link":"https:\/\/quehacerpolitico.mx\/?p=88117","title":{"rendered":"No creo que Santiago Nieto est\u00e9 involucrado en actos de corrupci\u00f3n: AMLO"},"content":{"rendered":"\n<p>Por Redacci\u00f3n QP<\/p>\n\n\n\n<p>&#8220;Si hay una denuncia, pues tiene que hacerse la diligencia, pero eso no significa que el se\u00f1alado sea culpable&#8221;, dijo L\u00f3pez Obrador sobre la acusaci\u00f3n a Santiago Nieto<\/p>\n\n\n\n<p>El Presidente de M\u00e9xico, Andr\u00e9s Manuel L\u00f3pez Obrador (AMLO) refrend\u00f3 su confianza en el ex titular de la Unidad de Inteligencia Financiera (UIF), Santiago Nieto y asegur\u00f3 que no cree que est\u00e9 involucrado en actos de corrupci\u00f3n.&nbsp;<\/p>\n\n\n\n<p><strong>AMLO hizo estas declaraciones luego de que la Fiscal\u00eda General de la Rep\u00fablica (FGR) abriera una carpeta de investigaci\u00f3n contra Nieto y su esposa, la consejera electoral, Carla Humphrey<\/strong>, y enviara un oficio a la Secretar\u00eda de la Funci\u00f3n P\u00fablica (SFP) en el que solicit\u00f3 &#8220;con car\u00e1cter de urgente y confidencial&#8221; toda la informaci\u00f3n que tenga sobre las declaraciones patrimoniales de ambos.<\/p>\n\n\n\n<p>Durante la \u201cma\u00f1anera\u201d de hoy, AMLO consider\u00f3 que esta investigaci\u00f3n es un proceso que se debe desahogar y se tienen que hacer estas diligencias.<\/p>\n\n\n\n<p>&#8220;Es un asunto que tiene que ver con la Fiscal\u00eda, as\u00ed como yo le tengo confianza al fiscal Alejandro Gertz Manero, le tengo confianza a Santiago Nieto y son seguramente procesos que tienen que desahogarse. Si hay una denuncia, pues tiene que hacerse la diligencia, pero eso no significa que el se\u00f1alado sea culpable y en este caso no creo que Santiago Nieto est\u00e9 involucrado en actos de corrupci\u00f3n, ni en ninguno acto de abuso de autoridad&#8221;, dijo.<\/p>\n\n\n\n<figure class=\"wp-block-embed is-type-rich is-provider-twitter wp-block-embed-twitter\"><div class=\"wp-block-embed__wrapper\">\n<blockquote class=\"twitter-tweet\" data-width=\"550\" data-dnt=\"true\"><p lang=\"es\" dir=\"ltr\"><a href=\"https:\/\/twitter.com\/hashtag\/Ma%C3%B1anera?src=hash&amp;ref_src=twsrc%5Etfw\">#Ma\u00f1anera<\/a> | As\u00ed como el presidente <a href=\"https:\/\/twitter.com\/lopezobrador_?ref_src=twsrc%5Etfw\">@lopezobrador_<\/a> defiende a Gertz Manero, hoy hace lo mismo con Santiago Nieto y sus acusaciones de enriquecimiento il\u00edcito.<br><br>&quot;No creo que Santiago est\u00e9 involucrado en actos de corrupci\u00f3n&quot; <a href=\"https:\/\/t.co\/s0s4RNmM50\">pic.twitter.com\/s0s4RNmM50<\/a><\/p>&mdash; Ruido en la Red (@RuidoEnLaRed) <a href=\"https:\/\/twitter.com\/RuidoEnLaRed\/status\/1479456365995307014?ref_src=twsrc%5Etfw\">January 7, 2022<\/a><\/blockquote><script async src=\"https:\/\/platform.twitter.com\/widgets.js\" charset=\"utf-8\"><\/script>\n<\/div><\/figure>\n\n\n\n<p>La investigaci\u00f3n deriv\u00f3 de la denuncia an\u00f3nima supuestamente presentada ante la FGR contra Santiago Nieto,\u00a0<strong>en la que el ex funcionario fue se\u00f1alado por acumular cuatro propiedades y un autom\u00f3vil con un valor de 40 millones de pesos en un periodo de 25 meses<\/strong>.<\/p>\n\n\n\n<p>La carpeta de investigaci\u00f3n est\u00e1 a cargo de la Unidad Especializada en Investigaci\u00f3n de Delitos Cometidos por Servidores P\u00fablicos y Contra la Administraci\u00f3n de Justicia.<\/p>\n\n\n\n<p>Con Informaci\u00f3n de SUN <\/p>\n","protected":false},"excerpt":{"rendered":"<p>Por Redacci\u00f3n QP &#8220;Si hay una denuncia, pues tiene que hacerse la diligencia, pero eso&#8230;<\/p>\n","protected":false},"author":2,"featured_media":88118,"comment_status":"open","ping_status":"open","sticky":false,"template":"","format":"standard","meta":{"_monsterinsights_skip_tracking":false,"_monsterinsights_sitenote_active":false,"_monsterinsights_sitenote_note":"","_monsterinsights_sitenote_category":0,"footnotes":""},"categories":[2],"tags":[],"class_list":["post-88117","post","type-post","status-publish","format-standard","has-post-thumbnail","hentry","category-noticias"],"yoast_head":"<!-- This site is optimized with the Yoast SEO plugin v27.3 - https:\/\/yoast.com\/product\/yoast-seo-wordpress\/ -->\n<title>No creo que Santiago Nieto est\u00e9 involucrado en actos de corrupci\u00f3n: AMLO -<\/title>\n<meta name=\"robots\" content=\"index, follow, max-snippet:-1, max-image-preview:large, max-video-preview:-1\" \/>\n<link rel=\"canonical\" href=\"https:\/\/quehacerpolitico.mx\/?p=88117\" \/>\n<meta property=\"og:locale\" content=\"es_MX\" \/>\n<meta property=\"og:type\" content=\"article\" \/>\n<meta property=\"og:title\" content=\"No creo que Santiago Nieto est\u00e9 involucrado en actos de corrupci\u00f3n: AMLO -\" \/>\n<meta property=\"og:description\" content=\"Por Redacci\u00f3n QP &#8220;Si hay una denuncia, pues tiene que hacerse la diligencia, pero eso...\" \/>\n<meta property=\"og:url\" content=\"https:\/\/quehacerpolitico.mx\/?p=88117\" \/>\n<meta property=\"article:published_time\" content=\"2022-01-07T19:30:35+00:00\" \/>\n<meta property=\"article:modified_time\" content=\"2022-01-07T19:30:38+00:00\" \/>\n<meta property=\"og:image\" content=\"https:\/\/quehacerpolitico.mx\/wp-content\/uploads\/2022\/01\/FA0F00DB-4E24-43A4-B257-F97DF04F3F94.jpeg\" \/>\n\t<meta property=\"og:image:width\" content=\"1284\" \/>\n\t<meta property=\"og:image:height\" content=\"552\" \/>\n\t<meta property=\"og:image:type\" content=\"image\/jpeg\" \/>\n<meta name=\"author\" content=\"Redacci\u00f3n QP\" \/>\n<meta name=\"twitter:card\" content=\"summary_large_image\" \/>\n<meta name=\"twitter:label1\" content=\"Escrito por\" \/>\n\t<meta name=\"twitter:data1\" content=\"Redacci\u00f3n QP\" \/>\n\t<meta name=\"twitter:label2\" content=\"Tiempo de lectura\" \/>\n\t<meta name=\"twitter:data2\" content=\"2 minutos\" \/>\n<script type=\"application\/ld+json\" class=\"yoast-schema-graph\">{\"@context\":\"https:\\\/\\\/schema.org\",\"@graph\":[{\"@type\":\"Article\",\"@id\":\"https:\\\/\\\/quehacerpolitico.mx\\\/?p=88117#article\",\"isPartOf\":{\"@id\":\"https:\\\/\\\/quehacerpolitico.mx\\\/?p=88117\"},\"author\":{\"name\":\"Redacci\u00f3n QP\",\"@id\":\"https:\\\/\\\/quehacerpolitico.mx\\\/#\\\/schema\\\/person\\\/496d8ad2d1d3f8036101dca7ee39e585\"},\"headline\":\"No creo que Santiago Nieto est\u00e9 involucrado en actos de corrupci\u00f3n: AMLO\",\"datePublished\":\"2022-01-07T19:30:35+00:00\",\"dateModified\":\"2022-01-07T19:30:38+00:00\",\"mainEntityOfPage\":{\"@id\":\"https:\\\/\\\/quehacerpolitico.mx\\\/?p=88117\"},\"wordCount\":353,\"commentCount\":0,\"image\":{\"@id\":\"https:\\\/\\\/quehacerpolitico.mx\\\/?p=88117#primaryimage\"},\"thumbnailUrl\":\"https:\\\/\\\/quehacerpolitico.mx\\\/wp-content\\\/uploads\\\/2022\\\/01\\\/FA0F00DB-4E24-43A4-B257-F97DF04F3F94.jpeg\",\"articleSection\":[\"Noticias\"],\"inLanguage\":\"es\",\"potentialAction\":[{\"@type\":\"CommentAction\",\"name\":\"Comment\",\"target\":[\"https:\\\/\\\/quehacerpolitico.mx\\\/?p=88117#respond\"]}]},{\"@type\":\"WebPage\",\"@id\":\"https:\\\/\\\/quehacerpolitico.mx\\\/?p=88117\",\"url\":\"https:\\\/\\\/quehacerpolitico.mx\\\/?p=88117\",\"name\":\"No creo que Santiago Nieto est\u00e9 involucrado en actos de corrupci\u00f3n: AMLO -\",\"isPartOf\":{\"@id\":\"https:\\\/\\\/quehacerpolitico.mx\\\/#website\"},\"primaryImageOfPage\":{\"@id\":\"https:\\\/\\\/quehacerpolitico.mx\\\/?p=88117#primaryimage\"},\"image\":{\"@id\":\"https:\\\/\\\/quehacerpolitico.mx\\\/?p=88117#primaryimage\"},\"thumbnailUrl\":\"https:\\\/\\\/quehacerpolitico.mx\\\/wp-content\\\/uploads\\\/2022\\\/01\\\/FA0F00DB-4E24-43A4-B257-F97DF04F3F94.jpeg\",\"datePublished\":\"2022-01-07T19:30:35+00:00\",\"dateModified\":\"2022-01-07T19:30:38+00:00\",\"author\":{\"@id\":\"https:\\\/\\\/quehacerpolitico.mx\\\/#\\\/schema\\\/person\\\/496d8ad2d1d3f8036101dca7ee39e585\"},\"breadcrumb\":{\"@id\":\"https:\\\/\\\/quehacerpolitico.mx\\\/?p=88117#breadcrumb\"},\"inLanguage\":\"es\",\"potentialAction\":[{\"@type\":\"ReadAction\",\"target\":[\"https:\\\/\\\/quehacerpolitico.mx\\\/?p=88117\"]}]},{\"@type\":\"ImageObject\",\"inLanguage\":\"es\",\"@id\":\"https:\\\/\\\/quehacerpolitico.mx\\\/?p=88117#primaryimage\",\"url\":\"https:\\\/\\\/quehacerpolitico.mx\\\/wp-content\\\/uploads\\\/2022\\\/01\\\/FA0F00DB-4E24-43A4-B257-F97DF04F3F94.jpeg\",\"contentUrl\":\"https:\\\/\\\/quehacerpolitico.mx\\\/wp-content\\\/uploads\\\/2022\\\/01\\\/FA0F00DB-4E24-43A4-B257-F97DF04F3F94.jpeg\",\"width\":1284,\"height\":552},{\"@type\":\"BreadcrumbList\",\"@id\":\"https:\\\/\\\/quehacerpolitico.mx\\\/?p=88117#breadcrumb\",\"itemListElement\":[{\"@type\":\"ListItem\",\"position\":1,\"name\":\"Inicio\",\"item\":\"https:\\\/\\\/quehacerpolitico.mx\\\/\"},{\"@type\":\"ListItem\",\"position\":2,\"name\":\"No creo que Santiago Nieto est\u00e9 involucrado en actos de corrupci\u00f3n: AMLO\"}]},{\"@type\":\"WebSite\",\"@id\":\"https:\\\/\\\/quehacerpolitico.mx\\\/#website\",\"url\":\"https:\\\/\\\/quehacerpolitico.mx\\\/\",\"name\":\"\",\"description\":\"\",\"potentialAction\":[{\"@type\":\"SearchAction\",\"target\":{\"@type\":\"EntryPoint\",\"urlTemplate\":\"https:\\\/\\\/quehacerpolitico.mx\\\/?s={search_term_string}\"},\"query-input\":{\"@type\":\"PropertyValueSpecification\",\"valueRequired\":true,\"valueName\":\"search_term_string\"}}],\"inLanguage\":\"es\"},{\"@type\":\"Person\",\"@id\":\"https:\\\/\\\/quehacerpolitico.mx\\\/#\\\/schema\\\/person\\\/496d8ad2d1d3f8036101dca7ee39e585\",\"name\":\"Redacci\u00f3n QP\",\"image\":{\"@type\":\"ImageObject\",\"inLanguage\":\"es\",\"@id\":\"https:\\\/\\\/secure.gravatar.com\\\/avatar\\\/c7164ed6fdec453195284ad24a5ae5b6e1eed2b848477fa2a4787ba9adf39a41?s=96&d=mm&r=g\",\"url\":\"https:\\\/\\\/secure.gravatar.com\\\/avatar\\\/c7164ed6fdec453195284ad24a5ae5b6e1eed2b848477fa2a4787ba9adf39a41?s=96&d=mm&r=g\",\"contentUrl\":\"https:\\\/\\\/secure.gravatar.com\\\/avatar\\\/c7164ed6fdec453195284ad24a5ae5b6e1eed2b848477fa2a4787ba9adf39a41?s=96&d=mm&r=g\",\"caption\":\"Redacci\u00f3n QP\"},\"url\":\"https:\\\/\\\/quehacerpolitico.mx\\\/?author=2\"}]}<\/script>\n<!-- \/ Yoast SEO plugin. -->","yoast_head_json":{"title":"No creo que Santiago Nieto est\u00e9 involucrado en actos de corrupci\u00f3n: AMLO -","robots":{"index":"index","follow":"follow","max-snippet":"max-snippet:-1","max-image-preview":"max-image-preview:large","max-video-preview":"max-video-preview:-1"},"canonical":"https:\/\/quehacerpolitico.mx\/?p=88117","og_locale":"es_MX","og_type":"article","og_title":"No creo que Santiago Nieto est\u00e9 involucrado en actos de corrupci\u00f3n: AMLO -","og_description":"Por Redacci\u00f3n QP &#8220;Si hay una denuncia, pues tiene que hacerse la diligencia, pero eso...","og_url":"https:\/\/quehacerpolitico.mx\/?p=88117","article_published_time":"2022-01-07T19:30:35+00:00","article_modified_time":"2022-01-07T19:30:38+00:00","og_image":[{"width":1284,"height":552,"url":"https:\/\/quehacerpolitico.mx\/wp-content\/uploads\/2022\/01\/FA0F00DB-4E24-43A4-B257-F97DF04F3F94.jpeg","type":"image\/jpeg"}],"author":"Redacci\u00f3n QP","twitter_card":"summary_large_image","twitter_misc":{"Escrito por":"Redacci\u00f3n QP","Tiempo de lectura":"2 minutos"},"schema":{"@context":"https:\/\/schema.org","@graph":[{"@type":"Article","@id":"https:\/\/quehacerpolitico.mx\/?p=88117#article","isPartOf":{"@id":"https:\/\/quehacerpolitico.mx\/?p=88117"},"author":{"name":"Redacci\u00f3n QP","@id":"https:\/\/quehacerpolitico.mx\/#\/schema\/person\/496d8ad2d1d3f8036101dca7ee39e585"},"headline":"No creo que Santiago Nieto est\u00e9 involucrado en actos de corrupci\u00f3n: AMLO","datePublished":"2022-01-07T19:30:35+00:00","dateModified":"2022-01-07T19:30:38+00:00","mainEntityOfPage":{"@id":"https:\/\/quehacerpolitico.mx\/?p=88117"},"wordCount":353,"commentCount":0,"image":{"@id":"https:\/\/quehacerpolitico.mx\/?p=88117#primaryimage"},"thumbnailUrl":"https:\/\/quehacerpolitico.mx\/wp-content\/uploads\/2022\/01\/FA0F00DB-4E24-43A4-B257-F97DF04F3F94.jpeg","articleSection":["Noticias"],"inLanguage":"es","potentialAction":[{"@type":"CommentAction","name":"Comment","target":["https:\/\/quehacerpolitico.mx\/?p=88117#respond"]}]},{"@type":"WebPage","@id":"https:\/\/quehacerpolitico.mx\/?p=88117","url":"https:\/\/quehacerpolitico.mx\/?p=88117","name":"No creo que Santiago Nieto est\u00e9 involucrado en actos de corrupci\u00f3n: AMLO -","isPartOf":{"@id":"https:\/\/quehacerpolitico.mx\/#website"},"primaryImageOfPage":{"@id":"https:\/\/quehacerpolitico.mx\/?p=88117#primaryimage"},"image":{"@id":"https:\/\/quehacerpolitico.mx\/?p=88117#primaryimage"},"thumbnailUrl":"https:\/\/quehacerpolitico.mx\/wp-content\/uploads\/2022\/01\/FA0F00DB-4E24-43A4-B257-F97DF04F3F94.jpeg","datePublished":"2022-01-07T19:30:35+00:00","dateModified":"2022-01-07T19:30:38+00:00","author":{"@id":"https:\/\/quehacerpolitico.mx\/#\/schema\/person\/496d8ad2d1d3f8036101dca7ee39e585"},"breadcrumb":{"@id":"https:\/\/quehacerpolitico.mx\/?p=88117#breadcrumb"},"inLanguage":"es","potentialAction":[{"@type":"ReadAction","target":["https:\/\/quehacerpolitico.mx\/?p=88117"]}]},{"@type":"ImageObject","inLanguage":"es","@id":"https:\/\/quehacerpolitico.mx\/?p=88117#primaryimage","url":"https:\/\/quehacerpolitico.mx\/wp-content\/uploads\/2022\/01\/FA0F00DB-4E24-43A4-B257-F97DF04F3F94.jpeg","contentUrl":"https:\/\/quehacerpolitico.mx\/wp-content\/uploads\/2022\/01\/FA0F00DB-4E24-43A4-B257-F97DF04F3F94.jpeg","width":1284,"height":552},{"@type":"BreadcrumbList","@id":"https:\/\/quehacerpolitico.mx\/?p=88117#breadcrumb","itemListElement":[{"@type":"ListItem","position":1,"name":"Inicio","item":"https:\/\/quehacerpolitico.mx\/"},{"@type":"ListItem","position":2,"name":"No creo que Santiago Nieto est\u00e9 involucrado en actos de corrupci\u00f3n: AMLO"}]},{"@type":"WebSite","@id":"https:\/\/quehacerpolitico.mx\/#website","url":"https:\/\/quehacerpolitico.mx\/","name":"","description":"","potentialAction":[{"@type":"SearchAction","target":{"@type":"EntryPoint","urlTemplate":"https:\/\/quehacerpolitico.mx\/?s={search_term_string}"},"query-input":{"@type":"PropertyValueSpecification","valueRequired":true,"valueName":"search_term_string"}}],"inLanguage":"es"},{"@type":"Person","@id":"https:\/\/quehacerpolitico.mx\/#\/schema\/person\/496d8ad2d1d3f8036101dca7ee39e585","name":"Redacci\u00f3n QP","image":{"@type":"ImageObject","inLanguage":"es","@id":"https:\/\/secure.gravatar.com\/avatar\/c7164ed6fdec453195284ad24a5ae5b6e1eed2b848477fa2a4787ba9adf39a41?s=96&d=mm&r=g","url":"https:\/\/secure.gravatar.com\/avatar\/c7164ed6fdec453195284ad24a5ae5b6e1eed2b848477fa2a4787ba9adf39a41?s=96&d=mm&r=g","contentUrl":"https:\/\/secure.gravatar.com\/avatar\/c7164ed6fdec453195284ad24a5ae5b6e1eed2b848477fa2a4787ba9adf39a41?s=96&d=mm&r=g","caption":"Redacci\u00f3n QP"},"url":"https:\/\/quehacerpolitico.mx\/?author=2"}]}},"featured_image_urls":{"full":["https:\/\/quehacerpolitico.mx\/wp-content\/uploads\/2022\/01\/FA0F00DB-4E24-43A4-B257-F97DF04F3F94.jpeg",1284,552,false],"thumbnail":["https:\/\/quehacerpolitico.mx\/wp-content\/uploads\/2022\/01\/FA0F00DB-4E24-43A4-B257-F97DF04F3F94-150x150.jpeg",150,150,true],"medium":["https:\/\/quehacerpolitico.mx\/wp-content\/uploads\/2022\/01\/FA0F00DB-4E24-43A4-B257-F97DF04F3F94-300x129.jpeg",300,129,true],"medium_large":["https:\/\/quehacerpolitico.mx\/wp-content\/uploads\/2022\/01\/FA0F00DB-4E24-43A4-B257-F97DF04F3F94-768x330.jpeg",640,275,true],"large":["https:\/\/quehacerpolitico.mx\/wp-content\/uploads\/2022\/01\/FA0F00DB-4E24-43A4-B257-F97DF04F3F94-1024x440.jpeg",640,275,true],"1536x1536":["https:\/\/quehacerpolitico.mx\/wp-content\/uploads\/2022\/01\/FA0F00DB-4E24-43A4-B257-F97DF04F3F94.jpeg",1284,552,false],"2048x2048":["https:\/\/quehacerpolitico.mx\/wp-content\/uploads\/2022\/01\/FA0F00DB-4E24-43A4-B257-F97DF04F3F94.jpeg",1284,552,false],"covernews-featured":["https:\/\/quehacerpolitico.mx\/wp-content\/uploads\/2022\/01\/FA0F00DB-4E24-43A4-B257-F97DF04F3F94.jpeg",1024,440,false],"covernews-medium":["https:\/\/quehacerpolitico.mx\/wp-content\/uploads\/2022\/01\/FA0F00DB-4E24-43A4-B257-F97DF04F3F94.jpeg",540,232,false]},"author_info":{"display_name":"Redacci\u00f3n QP","author_link":"https:\/\/quehacerpolitico.mx\/?author=2"},"category_info":"<a href=\"https:\/\/quehacerpolitico.mx\/?cat=2\" rel=\"category\">Noticias<\/a>","tag_info":"Noticias","comment_count":"0","_links":{"self":[{"href":"https:\/\/quehacerpolitico.mx\/index.php?rest_route=\/wp\/v2\/posts\/88117","targetHints":{"allow":["GET"]}}],"collection":[{"href":"https:\/\/quehacerpolitico.mx\/index.php?rest_route=\/wp\/v2\/posts"}],"about":[{"href":"https:\/\/quehacerpolitico.mx\/index.php?rest_route=\/wp\/v2\/types\/post"}],"author":[{"embeddable":true,"href":"https:\/\/quehacerpolitico.mx\/index.php?rest_route=\/wp\/v2\/users\/2"}],"replies":[{"embeddable":true,"href":"https:\/\/quehacerpolitico.mx\/index.php?rest_route=%2Fwp%2Fv2%2Fcomments&post=88117"}],"version-history":[{"count":1,"href":"https:\/\/quehacerpolitico.mx\/index.php?rest_route=\/wp\/v2\/posts\/88117\/revisions"}],"predecessor-version":[{"id":88119,"href":"https:\/\/quehacerpolitico.mx\/index.php?rest_route=\/wp\/v2\/posts\/88117\/revisions\/88119"}],"wp:featuredmedia":[{"embeddable":true,"href":"https:\/\/quehacerpolitico.mx\/index.php?rest_route=\/wp\/v2\/media\/88118"}],"wp:attachment":[{"href":"https:\/\/quehacerpolitico.mx\/index.php?rest_route=%2Fwp%2Fv2%2Fmedia&parent=88117"}],"wp:term":[{"taxonomy":"category","embeddable":true,"href":"https:\/\/quehacerpolitico.mx\/index.php?rest_route=%2Fwp%2Fv2%2Fcategories&post=88117"},{"taxonomy":"post_tag","embeddable":true,"href":"https:\/\/quehacerpolitico.mx\/index.php?rest_route=%2Fwp%2Fv2%2Ftags&post=88117"}],"curies":[{"name":"wp","href":"https:\/\/api.w.org\/{rel}","templated":true}]}}