{"id":88114,"date":"2022-01-07T19:16:58","date_gmt":"2022-01-07T19:16:58","guid":{"rendered":"https:\/\/quehacerpolitico.mx\/?p=88114"},"modified":"2022-01-07T19:17:02","modified_gmt":"2022-01-07T19:17:02","slug":"encuentran-9-cuerpos-con-signos-de-tortura-ahora-en-veracruz","status":"publish","type":"post","link":"https:\/\/quehacerpolitico.mx\/?p=88114","title":{"rendered":"Encuentran 9 cuerpos con signos de tortura ahora en Veracruz"},"content":{"rendered":"\n<p>Por Redacci\u00f3n QP<\/p>\n\n\n\n<p>La Secretar\u00eda de Seguridad P\u00fablica estatal\u00a0asegura que este tipo de acciones obedecen a una reacci\u00f3n de grupos delictivos a los trabajos de combate a la delincuencia<\/p>\n\n\n\n<p>La jornada sangrienta se ha extendido por M\u00e9xico, ahora adem\u00e1s del estado de Zacatecas a tocado a Veracruz. De acuerdo a reportes de las autoridades,<strong>9 cuerpos con huellas de torturas fueron abandonados este viernes sobre una carretera<\/strong>.<\/p>\n\n\n\n<figure class=\"wp-block-embed is-type-rich is-provider-twitter wp-block-embed-twitter\"><div class=\"wp-block-embed__wrapper\">\n<blockquote class=\"twitter-tweet\" data-width=\"550\" data-dnt=\"true\"><p lang=\"es\" dir=\"ltr\">Junto a los cuerpos dejaron cartulinas con mensajes amenazantes contra <a href=\"https:\/\/twitter.com\/EricCisnerosB?ref_src=twsrc%5Etfw\">@EricCisnerosB<\/a>, secretario de Gobierno de Veracruz, por proteger a grupos criminales.<br><br>\u00bfAbrazos no balazos? \ud83e\udd14 <a href=\"https:\/\/t.co\/pvGcSEsblh\">pic.twitter.com\/pvGcSEsblh<\/a><\/p>&mdash; Ruido en la Red (@RuidoEnLaRed) <a href=\"https:\/\/twitter.com\/RuidoEnLaRed\/status\/1479506470966333446?ref_src=twsrc%5Etfw\">January 7, 2022<\/a><\/blockquote><script async src=\"https:\/\/platform.twitter.com\/widgets.js\" charset=\"utf-8\"><\/script>\n<\/div><\/figure>\n\n\n\n<p><strong>De los cuerpos, 8 corresponden a hombres y 1 a una mujer<\/strong>. Aparecieron a un costado de la&nbsp;<strong>carretera Cosoleacaque-La Tinaja<\/strong>, a la altura del municipio de ciudad de Isla,&nbsp;cerca de las 08.00 hora local (15.00 GMT).<\/p>\n\n\n\n<figure class=\"wp-block-image\"><img decoding=\"async\" src=\"https:\/\/www.informador.mx\/export\/sites\/elinformador\/img\/2022\/01\/07\/sp.jpg_1439893541.jpg\" alt=\"\" title=\"\"\/><figcaption>TWITTER \/ @SP_Veracruz&nbsp;<\/figcaption><\/figure>\n\n\n\n<p><strong>Los cuerpos, que permanec\u00edan desnudos, estaban acompa\u00f1ados de un mensaje\u00a0con amenazas en contra del actual secretario de Gobierno del estado de Veracruz<\/strong>, Eric Cisneros Burgos, y firmado por un grupo delictivo.<\/p>\n\n\n\n<p>La Secretar\u00eda de Seguridad P\u00fablica estatal confirm\u00f3 los hechos y anunci\u00f3 que en coordinaci\u00f3n con fuerzas federales y municipales,\u00a0<strong>se despleg\u00f3 un operativo para dar con los responsables de la matanza<\/strong>.<\/p>\n\n\n\n<p>La dependencia estatal asegur\u00f3 que este tipo de acciones<strong>\u00a0obedecen a una reacci\u00f3n de grupos delictivos a los trabajos de combate a la delincuencia en la entidad<\/strong>.<\/p>\n\n\n\n<p>Y de manera conjunta, con la Fiscal\u00eda General del Estado,&nbsp;<strong>se inici\u00f3 una investigaci\u00f3n ministerial<\/strong>.<\/p>\n\n\n\n<p>Si bien en los \u00faltimos dos a\u00f1os las cifras oficiales muestran una disminuci\u00f3n del \u00edndice delictivo en Veracruz, la entidad lleva m\u00e1s de una d\u00e9cada sumida en una disputa entre carteles de la droga y el Estado.<\/p>\n\n\n\n<p>Y Veracruz ocupa la sexta posici\u00f3n en el nivel nacional con el mayor n\u00famero de atrocidades -asesinatos registrados con extrema violencia- seg\u00fan la organizaci\u00f3n civil Causa en Com\u00fan.<\/p>\n\n\n\n<p>Los estados donde se registraron m\u00e1s noticias de atrocidades de enero a octubre del 2021 fueron Guanajuato (con 327 atrocidades), Jalisco (227), Estado de M\u00e9xico (221), Michoac\u00e1n (191), Puebla y Veracruz (con 175 cada uno).<\/p>\n\n\n\n<p>Causa en Com\u00fan destac\u00f3 en su \u00faltimo reporte que en\u00a0M\u00e9xico ten\u00eda un registro de 4 mil 527 atrocidades, es decir el uso intencional de la fuerza f\u00edsica para causar muerte, laceraci\u00f3n o maltrato extremo.<\/p>\n\n\n\n<p>En esos hechos, document\u00f3 6 mil 787 v\u00edctimas de violencia extrema.<\/p>\n\n\n\n<p>Seg\u00fan datos preliminares del<strong>\u00a0<\/strong>Gobierno Federal divulgado este jueves, M\u00e9xico cerr\u00f3 2021 con 33 mil 410 homicidios dolosos, una reducci\u00f3n del 4.1% frente a los 34 mil 554 asesinatos de 2020.<\/p>\n\n\n\n<p>El Gobernador Cuitlahuac Garc\u00eda envi\u00f3 un mensaje a la ciudadan\u00eda a trav\u00e9s de sus redes sociales<\/p>\n\n\n\n<figure class=\"wp-block-embed is-type-rich is-provider-twitter wp-block-embed-twitter\"><div class=\"wp-block-embed__wrapper\">\n<blockquote class=\"twitter-tweet\" data-width=\"550\" data-dnt=\"true\"><p lang=\"es\" dir=\"ltr\">Mensaje de la COESCONPAZ sobre los hechos ocurridos en la zona centro-sur de Veracruz.<br><br>Mensaje: <a href=\"https:\/\/t.co\/WJNrBbrWvi\">https:\/\/t.co\/WJNrBbrWvi<\/a> <a href=\"https:\/\/t.co\/irmudQgFse\">pic.twitter.com\/irmudQgFse<\/a><\/p>&mdash; Cuitl\u00e1huac Garc\u00eda (@CuitlahuacGJ) <a href=\"https:\/\/twitter.com\/CuitlahuacGJ\/status\/1479510847303135233?ref_src=twsrc%5Etfw\">January 7, 2022<\/a><\/blockquote><script async src=\"https:\/\/platform.twitter.com\/widgets.js\" charset=\"utf-8\"><\/script>\n<\/div><\/figure>\n\n\n\n<p>Con Informaci\u00f3n de EFE <\/p>\n","protected":false},"excerpt":{"rendered":"<p>Por Redacci\u00f3n QP La Secretar\u00eda de Seguridad P\u00fablica estatal\u00a0asegura que este tipo de acciones obedecen&#8230;<\/p>\n","protected":false},"author":2,"featured_media":88115,"comment_status":"open","ping_status":"open","sticky":false,"template":"","format":"standard","meta":{"_monsterinsights_skip_tracking":false,"_monsterinsights_sitenote_active":false,"_monsterinsights_sitenote_note":"","_monsterinsights_sitenote_category":0,"footnotes":""},"categories":[2],"tags":[],"class_list":["post-88114","post","type-post","status-publish","format-standard","has-post-thumbnail","hentry","category-noticias"],"yoast_head":"<!-- This site is optimized with the Yoast SEO plugin v27.3 - https:\/\/yoast.com\/product\/yoast-seo-wordpress\/ -->\n<title>Encuentran 9 cuerpos con signos de tortura ahora en Veracruz -<\/title>\n<meta name=\"robots\" content=\"index, follow, max-snippet:-1, max-image-preview:large, max-video-preview:-1\" \/>\n<link rel=\"canonical\" href=\"https:\/\/quehacerpolitico.mx\/?p=88114\" \/>\n<meta property=\"og:locale\" content=\"es_MX\" \/>\n<meta property=\"og:type\" content=\"article\" \/>\n<meta property=\"og:title\" content=\"Encuentran 9 cuerpos con signos de tortura ahora en Veracruz -\" \/>\n<meta property=\"og:description\" content=\"Por Redacci\u00f3n QP La Secretar\u00eda de Seguridad P\u00fablica estatal\u00a0asegura que este tipo de acciones obedecen...\" \/>\n<meta property=\"og:url\" content=\"https:\/\/quehacerpolitico.mx\/?p=88114\" \/>\n<meta property=\"article:published_time\" content=\"2022-01-07T19:16:58+00:00\" \/>\n<meta property=\"article:modified_time\" content=\"2022-01-07T19:17:02+00:00\" \/>\n<meta property=\"og:image\" content=\"https:\/\/quehacerpolitico.mx\/wp-content\/uploads\/2022\/01\/24CF173A-641C-4D03-96CE-D12D3AB5C33B.jpeg\" \/>\n\t<meta property=\"og:image:width\" content=\"720\" \/>\n\t<meta property=\"og:image:height\" content=\"960\" \/>\n\t<meta property=\"og:image:type\" content=\"image\/jpeg\" \/>\n<meta name=\"author\" content=\"Redacci\u00f3n QP\" \/>\n<meta name=\"twitter:card\" content=\"summary_large_image\" \/>\n<meta name=\"twitter:label1\" content=\"Escrito por\" \/>\n\t<meta name=\"twitter:data1\" content=\"Redacci\u00f3n QP\" \/>\n\t<meta name=\"twitter:label2\" content=\"Tiempo de lectura\" \/>\n\t<meta name=\"twitter:data2\" content=\"2 minutos\" \/>\n<script type=\"application\/ld+json\" class=\"yoast-schema-graph\">{\"@context\":\"https:\\\/\\\/schema.org\",\"@graph\":[{\"@type\":\"Article\",\"@id\":\"https:\\\/\\\/quehacerpolitico.mx\\\/?p=88114#article\",\"isPartOf\":{\"@id\":\"https:\\\/\\\/quehacerpolitico.mx\\\/?p=88114\"},\"author\":{\"name\":\"Redacci\u00f3n QP\",\"@id\":\"https:\\\/\\\/quehacerpolitico.mx\\\/#\\\/schema\\\/person\\\/496d8ad2d1d3f8036101dca7ee39e585\"},\"headline\":\"Encuentran 9 cuerpos con signos de tortura ahora en Veracruz\",\"datePublished\":\"2022-01-07T19:16:58+00:00\",\"dateModified\":\"2022-01-07T19:17:02+00:00\",\"mainEntityOfPage\":{\"@id\":\"https:\\\/\\\/quehacerpolitico.mx\\\/?p=88114\"},\"wordCount\":453,\"commentCount\":0,\"image\":{\"@id\":\"https:\\\/\\\/quehacerpolitico.mx\\\/?p=88114#primaryimage\"},\"thumbnailUrl\":\"https:\\\/\\\/quehacerpolitico.mx\\\/wp-content\\\/uploads\\\/2022\\\/01\\\/24CF173A-641C-4D03-96CE-D12D3AB5C33B.jpeg\",\"articleSection\":[\"Noticias\"],\"inLanguage\":\"es\",\"potentialAction\":[{\"@type\":\"CommentAction\",\"name\":\"Comment\",\"target\":[\"https:\\\/\\\/quehacerpolitico.mx\\\/?p=88114#respond\"]}]},{\"@type\":\"WebPage\",\"@id\":\"https:\\\/\\\/quehacerpolitico.mx\\\/?p=88114\",\"url\":\"https:\\\/\\\/quehacerpolitico.mx\\\/?p=88114\",\"name\":\"Encuentran 9 cuerpos con signos de tortura ahora en Veracruz -\",\"isPartOf\":{\"@id\":\"https:\\\/\\\/quehacerpolitico.mx\\\/#website\"},\"primaryImageOfPage\":{\"@id\":\"https:\\\/\\\/quehacerpolitico.mx\\\/?p=88114#primaryimage\"},\"image\":{\"@id\":\"https:\\\/\\\/quehacerpolitico.mx\\\/?p=88114#primaryimage\"},\"thumbnailUrl\":\"https:\\\/\\\/quehacerpolitico.mx\\\/wp-content\\\/uploads\\\/2022\\\/01\\\/24CF173A-641C-4D03-96CE-D12D3AB5C33B.jpeg\",\"datePublished\":\"2022-01-07T19:16:58+00:00\",\"dateModified\":\"2022-01-07T19:17:02+00:00\",\"author\":{\"@id\":\"https:\\\/\\\/quehacerpolitico.mx\\\/#\\\/schema\\\/person\\\/496d8ad2d1d3f8036101dca7ee39e585\"},\"breadcrumb\":{\"@id\":\"https:\\\/\\\/quehacerpolitico.mx\\\/?p=88114#breadcrumb\"},\"inLanguage\":\"es\",\"potentialAction\":[{\"@type\":\"ReadAction\",\"target\":[\"https:\\\/\\\/quehacerpolitico.mx\\\/?p=88114\"]}]},{\"@type\":\"ImageObject\",\"inLanguage\":\"es\",\"@id\":\"https:\\\/\\\/quehacerpolitico.mx\\\/?p=88114#primaryimage\",\"url\":\"https:\\\/\\\/quehacerpolitico.mx\\\/wp-content\\\/uploads\\\/2022\\\/01\\\/24CF173A-641C-4D03-96CE-D12D3AB5C33B.jpeg\",\"contentUrl\":\"https:\\\/\\\/quehacerpolitico.mx\\\/wp-content\\\/uploads\\\/2022\\\/01\\\/24CF173A-641C-4D03-96CE-D12D3AB5C33B.jpeg\",\"width\":720,\"height\":960},{\"@type\":\"BreadcrumbList\",\"@id\":\"https:\\\/\\\/quehacerpolitico.mx\\\/?p=88114#breadcrumb\",\"itemListElement\":[{\"@type\":\"ListItem\",\"position\":1,\"name\":\"Inicio\",\"item\":\"https:\\\/\\\/quehacerpolitico.mx\\\/\"},{\"@type\":\"ListItem\",\"position\":2,\"name\":\"Encuentran 9 cuerpos con signos de tortura ahora en Veracruz\"}]},{\"@type\":\"WebSite\",\"@id\":\"https:\\\/\\\/quehacerpolitico.mx\\\/#website\",\"url\":\"https:\\\/\\\/quehacerpolitico.mx\\\/\",\"name\":\"\",\"description\":\"\",\"potentialAction\":[{\"@type\":\"SearchAction\",\"target\":{\"@type\":\"EntryPoint\",\"urlTemplate\":\"https:\\\/\\\/quehacerpolitico.mx\\\/?s={search_term_string}\"},\"query-input\":{\"@type\":\"PropertyValueSpecification\",\"valueRequired\":true,\"valueName\":\"search_term_string\"}}],\"inLanguage\":\"es\"},{\"@type\":\"Person\",\"@id\":\"https:\\\/\\\/quehacerpolitico.mx\\\/#\\\/schema\\\/person\\\/496d8ad2d1d3f8036101dca7ee39e585\",\"name\":\"Redacci\u00f3n QP\",\"image\":{\"@type\":\"ImageObject\",\"inLanguage\":\"es\",\"@id\":\"https:\\\/\\\/secure.gravatar.com\\\/avatar\\\/c7164ed6fdec453195284ad24a5ae5b6e1eed2b848477fa2a4787ba9adf39a41?s=96&d=mm&r=g\",\"url\":\"https:\\\/\\\/secure.gravatar.com\\\/avatar\\\/c7164ed6fdec453195284ad24a5ae5b6e1eed2b848477fa2a4787ba9adf39a41?s=96&d=mm&r=g\",\"contentUrl\":\"https:\\\/\\\/secure.gravatar.com\\\/avatar\\\/c7164ed6fdec453195284ad24a5ae5b6e1eed2b848477fa2a4787ba9adf39a41?s=96&d=mm&r=g\",\"caption\":\"Redacci\u00f3n QP\"},\"url\":\"https:\\\/\\\/quehacerpolitico.mx\\\/?author=2\"}]}<\/script>\n<!-- \/ Yoast SEO plugin. -->","yoast_head_json":{"title":"Encuentran 9 cuerpos con signos de tortura ahora en Veracruz -","robots":{"index":"index","follow":"follow","max-snippet":"max-snippet:-1","max-image-preview":"max-image-preview:large","max-video-preview":"max-video-preview:-1"},"canonical":"https:\/\/quehacerpolitico.mx\/?p=88114","og_locale":"es_MX","og_type":"article","og_title":"Encuentran 9 cuerpos con signos de tortura ahora en Veracruz -","og_description":"Por Redacci\u00f3n QP La Secretar\u00eda de Seguridad P\u00fablica estatal\u00a0asegura que este tipo de acciones obedecen...","og_url":"https:\/\/quehacerpolitico.mx\/?p=88114","article_published_time":"2022-01-07T19:16:58+00:00","article_modified_time":"2022-01-07T19:17:02+00:00","og_image":[{"width":720,"height":960,"url":"https:\/\/quehacerpolitico.mx\/wp-content\/uploads\/2022\/01\/24CF173A-641C-4D03-96CE-D12D3AB5C33B.jpeg","type":"image\/jpeg"}],"author":"Redacci\u00f3n QP","twitter_card":"summary_large_image","twitter_misc":{"Escrito por":"Redacci\u00f3n QP","Tiempo de lectura":"2 minutos"},"schema":{"@context":"https:\/\/schema.org","@graph":[{"@type":"Article","@id":"https:\/\/quehacerpolitico.mx\/?p=88114#article","isPartOf":{"@id":"https:\/\/quehacerpolitico.mx\/?p=88114"},"author":{"name":"Redacci\u00f3n QP","@id":"https:\/\/quehacerpolitico.mx\/#\/schema\/person\/496d8ad2d1d3f8036101dca7ee39e585"},"headline":"Encuentran 9 cuerpos con signos de tortura ahora en Veracruz","datePublished":"2022-01-07T19:16:58+00:00","dateModified":"2022-01-07T19:17:02+00:00","mainEntityOfPage":{"@id":"https:\/\/quehacerpolitico.mx\/?p=88114"},"wordCount":453,"commentCount":0,"image":{"@id":"https:\/\/quehacerpolitico.mx\/?p=88114#primaryimage"},"thumbnailUrl":"https:\/\/quehacerpolitico.mx\/wp-content\/uploads\/2022\/01\/24CF173A-641C-4D03-96CE-D12D3AB5C33B.jpeg","articleSection":["Noticias"],"inLanguage":"es","potentialAction":[{"@type":"CommentAction","name":"Comment","target":["https:\/\/quehacerpolitico.mx\/?p=88114#respond"]}]},{"@type":"WebPage","@id":"https:\/\/quehacerpolitico.mx\/?p=88114","url":"https:\/\/quehacerpolitico.mx\/?p=88114","name":"Encuentran 9 cuerpos con signos de tortura ahora en Veracruz -","isPartOf":{"@id":"https:\/\/quehacerpolitico.mx\/#website"},"primaryImageOfPage":{"@id":"https:\/\/quehacerpolitico.mx\/?p=88114#primaryimage"},"image":{"@id":"https:\/\/quehacerpolitico.mx\/?p=88114#primaryimage"},"thumbnailUrl":"https:\/\/quehacerpolitico.mx\/wp-content\/uploads\/2022\/01\/24CF173A-641C-4D03-96CE-D12D3AB5C33B.jpeg","datePublished":"2022-01-07T19:16:58+00:00","dateModified":"2022-01-07T19:17:02+00:00","author":{"@id":"https:\/\/quehacerpolitico.mx\/#\/schema\/person\/496d8ad2d1d3f8036101dca7ee39e585"},"breadcrumb":{"@id":"https:\/\/quehacerpolitico.mx\/?p=88114#breadcrumb"},"inLanguage":"es","potentialAction":[{"@type":"ReadAction","target":["https:\/\/quehacerpolitico.mx\/?p=88114"]}]},{"@type":"ImageObject","inLanguage":"es","@id":"https:\/\/quehacerpolitico.mx\/?p=88114#primaryimage","url":"https:\/\/quehacerpolitico.mx\/wp-content\/uploads\/2022\/01\/24CF173A-641C-4D03-96CE-D12D3AB5C33B.jpeg","contentUrl":"https:\/\/quehacerpolitico.mx\/wp-content\/uploads\/2022\/01\/24CF173A-641C-4D03-96CE-D12D3AB5C33B.jpeg","width":720,"height":960},{"@type":"BreadcrumbList","@id":"https:\/\/quehacerpolitico.mx\/?p=88114#breadcrumb","itemListElement":[{"@type":"ListItem","position":1,"name":"Inicio","item":"https:\/\/quehacerpolitico.mx\/"},{"@type":"ListItem","position":2,"name":"Encuentran 9 cuerpos con signos de tortura ahora en Veracruz"}]},{"@type":"WebSite","@id":"https:\/\/quehacerpolitico.mx\/#website","url":"https:\/\/quehacerpolitico.mx\/","name":"","description":"","potentialAction":[{"@type":"SearchAction","target":{"@type":"EntryPoint","urlTemplate":"https:\/\/quehacerpolitico.mx\/?s={search_term_string}"},"query-input":{"@type":"PropertyValueSpecification","valueRequired":true,"valueName":"search_term_string"}}],"inLanguage":"es"},{"@type":"Person","@id":"https:\/\/quehacerpolitico.mx\/#\/schema\/person\/496d8ad2d1d3f8036101dca7ee39e585","name":"Redacci\u00f3n QP","image":{"@type":"ImageObject","inLanguage":"es","@id":"https:\/\/secure.gravatar.com\/avatar\/c7164ed6fdec453195284ad24a5ae5b6e1eed2b848477fa2a4787ba9adf39a41?s=96&d=mm&r=g","url":"https:\/\/secure.gravatar.com\/avatar\/c7164ed6fdec453195284ad24a5ae5b6e1eed2b848477fa2a4787ba9adf39a41?s=96&d=mm&r=g","contentUrl":"https:\/\/secure.gravatar.com\/avatar\/c7164ed6fdec453195284ad24a5ae5b6e1eed2b848477fa2a4787ba9adf39a41?s=96&d=mm&r=g","caption":"Redacci\u00f3n QP"},"url":"https:\/\/quehacerpolitico.mx\/?author=2"}]}},"featured_image_urls":{"full":["https:\/\/quehacerpolitico.mx\/wp-content\/uploads\/2022\/01\/24CF173A-641C-4D03-96CE-D12D3AB5C33B.jpeg",720,960,false],"thumbnail":["https:\/\/quehacerpolitico.mx\/wp-content\/uploads\/2022\/01\/24CF173A-641C-4D03-96CE-D12D3AB5C33B-150x150.jpeg",150,150,true],"medium":["https:\/\/quehacerpolitico.mx\/wp-content\/uploads\/2022\/01\/24CF173A-641C-4D03-96CE-D12D3AB5C33B-225x300.jpeg",225,300,true],"medium_large":["https:\/\/quehacerpolitico.mx\/wp-content\/uploads\/2022\/01\/24CF173A-641C-4D03-96CE-D12D3AB5C33B.jpeg",640,853,false],"large":["https:\/\/quehacerpolitico.mx\/wp-content\/uploads\/2022\/01\/24CF173A-641C-4D03-96CE-D12D3AB5C33B.jpeg",640,853,false],"1536x1536":["https:\/\/quehacerpolitico.mx\/wp-content\/uploads\/2022\/01\/24CF173A-641C-4D03-96CE-D12D3AB5C33B.jpeg",720,960,false],"2048x2048":["https:\/\/quehacerpolitico.mx\/wp-content\/uploads\/2022\/01\/24CF173A-641C-4D03-96CE-D12D3AB5C33B.jpeg",720,960,false],"covernews-featured":["https:\/\/quehacerpolitico.mx\/wp-content\/uploads\/2022\/01\/24CF173A-641C-4D03-96CE-D12D3AB5C33B.jpeg",720,960,false],"covernews-medium":["https:\/\/quehacerpolitico.mx\/wp-content\/uploads\/2022\/01\/24CF173A-641C-4D03-96CE-D12D3AB5C33B.jpeg",255,340,false]},"author_info":{"display_name":"Redacci\u00f3n QP","author_link":"https:\/\/quehacerpolitico.mx\/?author=2"},"category_info":"<a href=\"https:\/\/quehacerpolitico.mx\/?cat=2\" rel=\"category\">Noticias<\/a>","tag_info":"Noticias","comment_count":"0","_links":{"self":[{"href":"https:\/\/quehacerpolitico.mx\/index.php?rest_route=\/wp\/v2\/posts\/88114","targetHints":{"allow":["GET"]}}],"collection":[{"href":"https:\/\/quehacerpolitico.mx\/index.php?rest_route=\/wp\/v2\/posts"}],"about":[{"href":"https:\/\/quehacerpolitico.mx\/index.php?rest_route=\/wp\/v2\/types\/post"}],"author":[{"embeddable":true,"href":"https:\/\/quehacerpolitico.mx\/index.php?rest_route=\/wp\/v2\/users\/2"}],"replies":[{"embeddable":true,"href":"https:\/\/quehacerpolitico.mx\/index.php?rest_route=%2Fwp%2Fv2%2Fcomments&post=88114"}],"version-history":[{"count":1,"href":"https:\/\/quehacerpolitico.mx\/index.php?rest_route=\/wp\/v2\/posts\/88114\/revisions"}],"predecessor-version":[{"id":88116,"href":"https:\/\/quehacerpolitico.mx\/index.php?rest_route=\/wp\/v2\/posts\/88114\/revisions\/88116"}],"wp:featuredmedia":[{"embeddable":true,"href":"https:\/\/quehacerpolitico.mx\/index.php?rest_route=\/wp\/v2\/media\/88115"}],"wp:attachment":[{"href":"https:\/\/quehacerpolitico.mx\/index.php?rest_route=%2Fwp%2Fv2%2Fmedia&parent=88114"}],"wp:term":[{"taxonomy":"category","embeddable":true,"href":"https:\/\/quehacerpolitico.mx\/index.php?rest_route=%2Fwp%2Fv2%2Fcategories&post=88114"},{"taxonomy":"post_tag","embeddable":true,"href":"https:\/\/quehacerpolitico.mx\/index.php?rest_route=%2Fwp%2Fv2%2Ftags&post=88114"}],"curies":[{"name":"wp","href":"https:\/\/api.w.org\/{rel}","templated":true}]}}