{"id":88111,"date":"2022-01-07T18:43:38","date_gmt":"2022-01-07T18:43:38","guid":{"rendered":"https:\/\/quehacerpolitico.mx\/?p=88111"},"modified":"2022-01-07T18:43:42","modified_gmt":"2022-01-07T18:43:42","slug":"una-provocacion-los-cuerpos-abandonados-frente-a-palacio-en-zacatecas-declara-amlo","status":"publish","type":"post","link":"https:\/\/quehacerpolitico.mx\/?p=88111","title":{"rendered":"Una &#8220;provocaci\u00f3n&#8221;, los cuerpos abandonados frente a Palacio; en Zacatecas declara AMLO"},"content":{"rendered":"\n<p>Por Redacci\u00f3n QP<\/p>\n\n\n\n<p>L\u00f3pez Obrador destac\u00f3 que hay una reducci\u00f3n del 25% en homicidios tras el lanzamiento del plan de apoyo en Zacatecas<\/p>\n\n\n\n<p>La ma\u00f1ana de ayer jueves localizaron una camioneta abandonada frente al Palacio de Gobierno de Zacatecas, donde hab\u00eda 10 cuerpos, hecho que el Presidente de M\u00e9xico, Andr\u00e9s Manuel L\u00f3pez Obrador (AMLO) calific\u00f3 como &#8220;una provocaci\u00f3n&#8221;.<\/p>\n\n\n\n<p>Durante la \u201cma\u00f1anera\u201d de hoy,&nbsp;<strong>AMLO dijo que estos hechos delictivos ocurren por enfrentamientos entre grupos criminales<\/strong>&nbsp;y aprovech\u00f3 para destacar que hay una reducci\u00f3n del 25% en homicidios tras el lanzamiento del plan de apoyo en Zacatecas.<\/p>\n\n\n\n<p>&#8220;Hay enfrentamientos entre grupos, y desde luego, es una provocaci\u00f3n ir a dejar cuerpos, pero se est\u00e1 actuando&#8221;, asever\u00f3 AMLO en Palacio Nacional.<\/p>\n\n\n\n<figure class=\"wp-block-embed is-type-rich is-provider-twitter wp-block-embed-twitter\"><div class=\"wp-block-embed__wrapper\">\n<blockquote class=\"twitter-tweet\" data-width=\"550\" data-dnt=\"true\"><p lang=\"es\" dir=\"ltr\"><a href=\"https:\/\/twitter.com\/hashtag\/Ma%C3%B1anera?src=hash&amp;ref_src=twsrc%5Etfw\">#Ma\u00f1anera<\/a> | Despu\u00e9s de que dejaran 10 cuerpos dentro de un veh\u00edculo en Zacatecas, el presidente <a href=\"https:\/\/twitter.com\/lopezobrador_?ref_src=twsrc%5Etfw\">@lopezobrador_<\/a> afirm\u00f3 que fue una provocaci\u00f3n porque los homicidios en los \u00faltimos 40 d\u00edas han disminuido un 25%.<br><br>Ummm veeeeemooos \ud83e\udd14 <a href=\"https:\/\/t.co\/qno3ZZG1hq\">pic.twitter.com\/qno3ZZG1hq<\/a><\/p>&mdash; Ruido en la Red (@RuidoEnLaRed) <a href=\"https:\/\/twitter.com\/RuidoEnLaRed\/status\/1479465823303618565?ref_src=twsrc%5Etfw\">January 7, 2022<\/a><\/blockquote><script async src=\"https:\/\/platform.twitter.com\/widgets.js\" charset=\"utf-8\"><\/script>\n<\/div><\/figure>\n\n\n\n<p>Al mostrar una gr\u00e1fica del plan de apoyo del gobierno a Zacatecas, L\u00f3pez Obrador afirm\u00f3 que &#8220;traemos una disminuci\u00f3n (en homicidios) de cuando empezamos y tambi\u00e9n informar que tambi\u00e9n hay detenidos en lo de ayer\u201d.<\/p>\n\n\n\n<p>Ayer jueves por la noche, el fiscal de Zacatecas, Francisco Murillo Ruiseco, al emitir un avance de las investigaciones precis\u00f3 que ya se les ha practicado la necropsia a siete de las v\u00edctimas que oscilan entre 18 y 45 a\u00f1os de edad.<\/p>\n\n\n\n<p>A trav\u00e9s de un video,&nbsp;<strong>el fiscal confirm\u00f3 que son 10 v\u00edctimas: ocho hombres y dos mujeres, y que la causa de muerte en los siete cuerpos que se las ha practicado la necropsia es de asfixia por estrangulamiento<\/strong>.<\/p>\n\n\n\n<p>Mencion\u00f3 que algunos de los cuerpos presentan lesiones de haber estado atados de pies y manos, y solo uno de ellos, dijo, presenta lesiones que pudiera ser consistentes con actos de tortura.<\/p>\n\n\n\n<p>Con Informaci\u00f3n de SUN <\/p>\n","protected":false},"excerpt":{"rendered":"<p>Por Redacci\u00f3n QP L\u00f3pez Obrador destac\u00f3 que hay una reducci\u00f3n del 25% en homicidios tras&#8230;<\/p>\n","protected":false},"author":2,"featured_media":88112,"comment_status":"open","ping_status":"open","sticky":false,"template":"","format":"standard","meta":{"_monsterinsights_skip_tracking":false,"_monsterinsights_sitenote_active":false,"_monsterinsights_sitenote_note":"","_monsterinsights_sitenote_category":0,"footnotes":""},"categories":[2],"tags":[],"class_list":["post-88111","post","type-post","status-publish","format-standard","has-post-thumbnail","hentry","category-noticias"],"yoast_head":"<!-- This site is optimized with the Yoast SEO plugin v27.3 - https:\/\/yoast.com\/product\/yoast-seo-wordpress\/ -->\n<title>Una &quot;provocaci\u00f3n&quot;, los cuerpos abandonados frente a Palacio; en Zacatecas declara AMLO -<\/title>\n<meta name=\"robots\" content=\"index, follow, max-snippet:-1, max-image-preview:large, max-video-preview:-1\" \/>\n<link rel=\"canonical\" href=\"https:\/\/quehacerpolitico.mx\/?p=88111\" \/>\n<meta property=\"og:locale\" content=\"es_MX\" \/>\n<meta property=\"og:type\" content=\"article\" \/>\n<meta property=\"og:title\" content=\"Una &quot;provocaci\u00f3n&quot;, los cuerpos abandonados frente a Palacio; en Zacatecas declara AMLO -\" \/>\n<meta property=\"og:description\" content=\"Por Redacci\u00f3n QP L\u00f3pez Obrador destac\u00f3 que hay una reducci\u00f3n del 25% en homicidios tras...\" \/>\n<meta property=\"og:url\" content=\"https:\/\/quehacerpolitico.mx\/?p=88111\" \/>\n<meta property=\"article:published_time\" content=\"2022-01-07T18:43:38+00:00\" \/>\n<meta property=\"article:modified_time\" content=\"2022-01-07T18:43:42+00:00\" \/>\n<meta property=\"og:image\" content=\"https:\/\/quehacerpolitico.mx\/wp-content\/uploads\/2022\/01\/DF553FEB-0505-40ED-8D49-FCE924CF4E59.jpeg\" \/>\n\t<meta property=\"og:image:width\" content=\"941\" \/>\n\t<meta property=\"og:image:height\" content=\"713\" \/>\n\t<meta property=\"og:image:type\" content=\"image\/jpeg\" \/>\n<meta name=\"author\" content=\"Redacci\u00f3n QP\" \/>\n<meta name=\"twitter:card\" content=\"summary_large_image\" \/>\n<meta name=\"twitter:label1\" content=\"Escrito por\" \/>\n\t<meta name=\"twitter:data1\" content=\"Redacci\u00f3n QP\" \/>\n\t<meta name=\"twitter:label2\" content=\"Tiempo de lectura\" \/>\n\t<meta name=\"twitter:data2\" content=\"1 minuto\" \/>\n<script type=\"application\/ld+json\" class=\"yoast-schema-graph\">{\"@context\":\"https:\\\/\\\/schema.org\",\"@graph\":[{\"@type\":\"Article\",\"@id\":\"https:\\\/\\\/quehacerpolitico.mx\\\/?p=88111#article\",\"isPartOf\":{\"@id\":\"https:\\\/\\\/quehacerpolitico.mx\\\/?p=88111\"},\"author\":{\"name\":\"Redacci\u00f3n QP\",\"@id\":\"https:\\\/\\\/quehacerpolitico.mx\\\/#\\\/schema\\\/person\\\/496d8ad2d1d3f8036101dca7ee39e585\"},\"headline\":\"Una &#8220;provocaci\u00f3n&#8221;, los cuerpos abandonados frente a Palacio; en Zacatecas declara AMLO\",\"datePublished\":\"2022-01-07T18:43:38+00:00\",\"dateModified\":\"2022-01-07T18:43:42+00:00\",\"mainEntityOfPage\":{\"@id\":\"https:\\\/\\\/quehacerpolitico.mx\\\/?p=88111\"},\"wordCount\":309,\"commentCount\":0,\"image\":{\"@id\":\"https:\\\/\\\/quehacerpolitico.mx\\\/?p=88111#primaryimage\"},\"thumbnailUrl\":\"https:\\\/\\\/quehacerpolitico.mx\\\/wp-content\\\/uploads\\\/2022\\\/01\\\/DF553FEB-0505-40ED-8D49-FCE924CF4E59.jpeg\",\"articleSection\":[\"Noticias\"],\"inLanguage\":\"es\",\"potentialAction\":[{\"@type\":\"CommentAction\",\"name\":\"Comment\",\"target\":[\"https:\\\/\\\/quehacerpolitico.mx\\\/?p=88111#respond\"]}]},{\"@type\":\"WebPage\",\"@id\":\"https:\\\/\\\/quehacerpolitico.mx\\\/?p=88111\",\"url\":\"https:\\\/\\\/quehacerpolitico.mx\\\/?p=88111\",\"name\":\"Una \\\"provocaci\u00f3n\\\", los cuerpos abandonados frente a Palacio; en Zacatecas declara AMLO -\",\"isPartOf\":{\"@id\":\"https:\\\/\\\/quehacerpolitico.mx\\\/#website\"},\"primaryImageOfPage\":{\"@id\":\"https:\\\/\\\/quehacerpolitico.mx\\\/?p=88111#primaryimage\"},\"image\":{\"@id\":\"https:\\\/\\\/quehacerpolitico.mx\\\/?p=88111#primaryimage\"},\"thumbnailUrl\":\"https:\\\/\\\/quehacerpolitico.mx\\\/wp-content\\\/uploads\\\/2022\\\/01\\\/DF553FEB-0505-40ED-8D49-FCE924CF4E59.jpeg\",\"datePublished\":\"2022-01-07T18:43:38+00:00\",\"dateModified\":\"2022-01-07T18:43:42+00:00\",\"author\":{\"@id\":\"https:\\\/\\\/quehacerpolitico.mx\\\/#\\\/schema\\\/person\\\/496d8ad2d1d3f8036101dca7ee39e585\"},\"breadcrumb\":{\"@id\":\"https:\\\/\\\/quehacerpolitico.mx\\\/?p=88111#breadcrumb\"},\"inLanguage\":\"es\",\"potentialAction\":[{\"@type\":\"ReadAction\",\"target\":[\"https:\\\/\\\/quehacerpolitico.mx\\\/?p=88111\"]}]},{\"@type\":\"ImageObject\",\"inLanguage\":\"es\",\"@id\":\"https:\\\/\\\/quehacerpolitico.mx\\\/?p=88111#primaryimage\",\"url\":\"https:\\\/\\\/quehacerpolitico.mx\\\/wp-content\\\/uploads\\\/2022\\\/01\\\/DF553FEB-0505-40ED-8D49-FCE924CF4E59.jpeg\",\"contentUrl\":\"https:\\\/\\\/quehacerpolitico.mx\\\/wp-content\\\/uploads\\\/2022\\\/01\\\/DF553FEB-0505-40ED-8D49-FCE924CF4E59.jpeg\",\"width\":941,\"height\":713},{\"@type\":\"BreadcrumbList\",\"@id\":\"https:\\\/\\\/quehacerpolitico.mx\\\/?p=88111#breadcrumb\",\"itemListElement\":[{\"@type\":\"ListItem\",\"position\":1,\"name\":\"Inicio\",\"item\":\"https:\\\/\\\/quehacerpolitico.mx\\\/\"},{\"@type\":\"ListItem\",\"position\":2,\"name\":\"Una &#8220;provocaci\u00f3n&#8221;, los cuerpos abandonados frente a Palacio; en Zacatecas declara AMLO\"}]},{\"@type\":\"WebSite\",\"@id\":\"https:\\\/\\\/quehacerpolitico.mx\\\/#website\",\"url\":\"https:\\\/\\\/quehacerpolitico.mx\\\/\",\"name\":\"\",\"description\":\"\",\"potentialAction\":[{\"@type\":\"SearchAction\",\"target\":{\"@type\":\"EntryPoint\",\"urlTemplate\":\"https:\\\/\\\/quehacerpolitico.mx\\\/?s={search_term_string}\"},\"query-input\":{\"@type\":\"PropertyValueSpecification\",\"valueRequired\":true,\"valueName\":\"search_term_string\"}}],\"inLanguage\":\"es\"},{\"@type\":\"Person\",\"@id\":\"https:\\\/\\\/quehacerpolitico.mx\\\/#\\\/schema\\\/person\\\/496d8ad2d1d3f8036101dca7ee39e585\",\"name\":\"Redacci\u00f3n QP\",\"image\":{\"@type\":\"ImageObject\",\"inLanguage\":\"es\",\"@id\":\"https:\\\/\\\/secure.gravatar.com\\\/avatar\\\/c7164ed6fdec453195284ad24a5ae5b6e1eed2b848477fa2a4787ba9adf39a41?s=96&d=mm&r=g\",\"url\":\"https:\\\/\\\/secure.gravatar.com\\\/avatar\\\/c7164ed6fdec453195284ad24a5ae5b6e1eed2b848477fa2a4787ba9adf39a41?s=96&d=mm&r=g\",\"contentUrl\":\"https:\\\/\\\/secure.gravatar.com\\\/avatar\\\/c7164ed6fdec453195284ad24a5ae5b6e1eed2b848477fa2a4787ba9adf39a41?s=96&d=mm&r=g\",\"caption\":\"Redacci\u00f3n QP\"},\"url\":\"https:\\\/\\\/quehacerpolitico.mx\\\/?author=2\"}]}<\/script>\n<!-- \/ Yoast SEO plugin. -->","yoast_head_json":{"title":"Una \"provocaci\u00f3n\", los cuerpos abandonados frente a Palacio; en Zacatecas declara AMLO -","robots":{"index":"index","follow":"follow","max-snippet":"max-snippet:-1","max-image-preview":"max-image-preview:large","max-video-preview":"max-video-preview:-1"},"canonical":"https:\/\/quehacerpolitico.mx\/?p=88111","og_locale":"es_MX","og_type":"article","og_title":"Una \"provocaci\u00f3n\", los cuerpos abandonados frente a Palacio; en Zacatecas declara AMLO -","og_description":"Por Redacci\u00f3n QP L\u00f3pez Obrador destac\u00f3 que hay una reducci\u00f3n del 25% en homicidios tras...","og_url":"https:\/\/quehacerpolitico.mx\/?p=88111","article_published_time":"2022-01-07T18:43:38+00:00","article_modified_time":"2022-01-07T18:43:42+00:00","og_image":[{"width":941,"height":713,"url":"https:\/\/quehacerpolitico.mx\/wp-content\/uploads\/2022\/01\/DF553FEB-0505-40ED-8D49-FCE924CF4E59.jpeg","type":"image\/jpeg"}],"author":"Redacci\u00f3n QP","twitter_card":"summary_large_image","twitter_misc":{"Escrito por":"Redacci\u00f3n QP","Tiempo de lectura":"1 minuto"},"schema":{"@context":"https:\/\/schema.org","@graph":[{"@type":"Article","@id":"https:\/\/quehacerpolitico.mx\/?p=88111#article","isPartOf":{"@id":"https:\/\/quehacerpolitico.mx\/?p=88111"},"author":{"name":"Redacci\u00f3n QP","@id":"https:\/\/quehacerpolitico.mx\/#\/schema\/person\/496d8ad2d1d3f8036101dca7ee39e585"},"headline":"Una &#8220;provocaci\u00f3n&#8221;, los cuerpos abandonados frente a Palacio; en Zacatecas declara AMLO","datePublished":"2022-01-07T18:43:38+00:00","dateModified":"2022-01-07T18:43:42+00:00","mainEntityOfPage":{"@id":"https:\/\/quehacerpolitico.mx\/?p=88111"},"wordCount":309,"commentCount":0,"image":{"@id":"https:\/\/quehacerpolitico.mx\/?p=88111#primaryimage"},"thumbnailUrl":"https:\/\/quehacerpolitico.mx\/wp-content\/uploads\/2022\/01\/DF553FEB-0505-40ED-8D49-FCE924CF4E59.jpeg","articleSection":["Noticias"],"inLanguage":"es","potentialAction":[{"@type":"CommentAction","name":"Comment","target":["https:\/\/quehacerpolitico.mx\/?p=88111#respond"]}]},{"@type":"WebPage","@id":"https:\/\/quehacerpolitico.mx\/?p=88111","url":"https:\/\/quehacerpolitico.mx\/?p=88111","name":"Una \"provocaci\u00f3n\", los cuerpos abandonados frente a Palacio; en Zacatecas declara AMLO -","isPartOf":{"@id":"https:\/\/quehacerpolitico.mx\/#website"},"primaryImageOfPage":{"@id":"https:\/\/quehacerpolitico.mx\/?p=88111#primaryimage"},"image":{"@id":"https:\/\/quehacerpolitico.mx\/?p=88111#primaryimage"},"thumbnailUrl":"https:\/\/quehacerpolitico.mx\/wp-content\/uploads\/2022\/01\/DF553FEB-0505-40ED-8D49-FCE924CF4E59.jpeg","datePublished":"2022-01-07T18:43:38+00:00","dateModified":"2022-01-07T18:43:42+00:00","author":{"@id":"https:\/\/quehacerpolitico.mx\/#\/schema\/person\/496d8ad2d1d3f8036101dca7ee39e585"},"breadcrumb":{"@id":"https:\/\/quehacerpolitico.mx\/?p=88111#breadcrumb"},"inLanguage":"es","potentialAction":[{"@type":"ReadAction","target":["https:\/\/quehacerpolitico.mx\/?p=88111"]}]},{"@type":"ImageObject","inLanguage":"es","@id":"https:\/\/quehacerpolitico.mx\/?p=88111#primaryimage","url":"https:\/\/quehacerpolitico.mx\/wp-content\/uploads\/2022\/01\/DF553FEB-0505-40ED-8D49-FCE924CF4E59.jpeg","contentUrl":"https:\/\/quehacerpolitico.mx\/wp-content\/uploads\/2022\/01\/DF553FEB-0505-40ED-8D49-FCE924CF4E59.jpeg","width":941,"height":713},{"@type":"BreadcrumbList","@id":"https:\/\/quehacerpolitico.mx\/?p=88111#breadcrumb","itemListElement":[{"@type":"ListItem","position":1,"name":"Inicio","item":"https:\/\/quehacerpolitico.mx\/"},{"@type":"ListItem","position":2,"name":"Una &#8220;provocaci\u00f3n&#8221;, los cuerpos abandonados frente a Palacio; en Zacatecas declara AMLO"}]},{"@type":"WebSite","@id":"https:\/\/quehacerpolitico.mx\/#website","url":"https:\/\/quehacerpolitico.mx\/","name":"","description":"","potentialAction":[{"@type":"SearchAction","target":{"@type":"EntryPoint","urlTemplate":"https:\/\/quehacerpolitico.mx\/?s={search_term_string}"},"query-input":{"@type":"PropertyValueSpecification","valueRequired":true,"valueName":"search_term_string"}}],"inLanguage":"es"},{"@type":"Person","@id":"https:\/\/quehacerpolitico.mx\/#\/schema\/person\/496d8ad2d1d3f8036101dca7ee39e585","name":"Redacci\u00f3n QP","image":{"@type":"ImageObject","inLanguage":"es","@id":"https:\/\/secure.gravatar.com\/avatar\/c7164ed6fdec453195284ad24a5ae5b6e1eed2b848477fa2a4787ba9adf39a41?s=96&d=mm&r=g","url":"https:\/\/secure.gravatar.com\/avatar\/c7164ed6fdec453195284ad24a5ae5b6e1eed2b848477fa2a4787ba9adf39a41?s=96&d=mm&r=g","contentUrl":"https:\/\/secure.gravatar.com\/avatar\/c7164ed6fdec453195284ad24a5ae5b6e1eed2b848477fa2a4787ba9adf39a41?s=96&d=mm&r=g","caption":"Redacci\u00f3n QP"},"url":"https:\/\/quehacerpolitico.mx\/?author=2"}]}},"featured_image_urls":{"full":["https:\/\/quehacerpolitico.mx\/wp-content\/uploads\/2022\/01\/DF553FEB-0505-40ED-8D49-FCE924CF4E59.jpeg",941,713,false],"thumbnail":["https:\/\/quehacerpolitico.mx\/wp-content\/uploads\/2022\/01\/DF553FEB-0505-40ED-8D49-FCE924CF4E59-150x150.jpeg",150,150,true],"medium":["https:\/\/quehacerpolitico.mx\/wp-content\/uploads\/2022\/01\/DF553FEB-0505-40ED-8D49-FCE924CF4E59-300x227.jpeg",300,227,true],"medium_large":["https:\/\/quehacerpolitico.mx\/wp-content\/uploads\/2022\/01\/DF553FEB-0505-40ED-8D49-FCE924CF4E59-768x582.jpeg",640,485,true],"large":["https:\/\/quehacerpolitico.mx\/wp-content\/uploads\/2022\/01\/DF553FEB-0505-40ED-8D49-FCE924CF4E59.jpeg",640,485,false],"1536x1536":["https:\/\/quehacerpolitico.mx\/wp-content\/uploads\/2022\/01\/DF553FEB-0505-40ED-8D49-FCE924CF4E59.jpeg",941,713,false],"2048x2048":["https:\/\/quehacerpolitico.mx\/wp-content\/uploads\/2022\/01\/DF553FEB-0505-40ED-8D49-FCE924CF4E59.jpeg",941,713,false],"covernews-featured":["https:\/\/quehacerpolitico.mx\/wp-content\/uploads\/2022\/01\/DF553FEB-0505-40ED-8D49-FCE924CF4E59.jpeg",941,713,false],"covernews-medium":["https:\/\/quehacerpolitico.mx\/wp-content\/uploads\/2022\/01\/DF553FEB-0505-40ED-8D49-FCE924CF4E59.jpeg",449,340,false]},"author_info":{"display_name":"Redacci\u00f3n QP","author_link":"https:\/\/quehacerpolitico.mx\/?author=2"},"category_info":"<a href=\"https:\/\/quehacerpolitico.mx\/?cat=2\" rel=\"category\">Noticias<\/a>","tag_info":"Noticias","comment_count":"0","_links":{"self":[{"href":"https:\/\/quehacerpolitico.mx\/index.php?rest_route=\/wp\/v2\/posts\/88111","targetHints":{"allow":["GET"]}}],"collection":[{"href":"https:\/\/quehacerpolitico.mx\/index.php?rest_route=\/wp\/v2\/posts"}],"about":[{"href":"https:\/\/quehacerpolitico.mx\/index.php?rest_route=\/wp\/v2\/types\/post"}],"author":[{"embeddable":true,"href":"https:\/\/quehacerpolitico.mx\/index.php?rest_route=\/wp\/v2\/users\/2"}],"replies":[{"embeddable":true,"href":"https:\/\/quehacerpolitico.mx\/index.php?rest_route=%2Fwp%2Fv2%2Fcomments&post=88111"}],"version-history":[{"count":1,"href":"https:\/\/quehacerpolitico.mx\/index.php?rest_route=\/wp\/v2\/posts\/88111\/revisions"}],"predecessor-version":[{"id":88113,"href":"https:\/\/quehacerpolitico.mx\/index.php?rest_route=\/wp\/v2\/posts\/88111\/revisions\/88113"}],"wp:featuredmedia":[{"embeddable":true,"href":"https:\/\/quehacerpolitico.mx\/index.php?rest_route=\/wp\/v2\/media\/88112"}],"wp:attachment":[{"href":"https:\/\/quehacerpolitico.mx\/index.php?rest_route=%2Fwp%2Fv2%2Fmedia&parent=88111"}],"wp:term":[{"taxonomy":"category","embeddable":true,"href":"https:\/\/quehacerpolitico.mx\/index.php?rest_route=%2Fwp%2Fv2%2Fcategories&post=88111"},{"taxonomy":"post_tag","embeddable":true,"href":"https:\/\/quehacerpolitico.mx\/index.php?rest_route=%2Fwp%2Fv2%2Ftags&post=88111"}],"curies":[{"name":"wp","href":"https:\/\/api.w.org\/{rel}","templated":true}]}}