{"id":88108,"date":"2022-01-07T18:33:58","date_gmt":"2022-01-07T18:33:58","guid":{"rendered":"https:\/\/quehacerpolitico.mx\/?p=88108"},"modified":"2022-01-07T18:34:00","modified_gmt":"2022-01-07T18:34:00","slug":"amlo-presentara-plan-de-austeridad-al-ine","status":"publish","type":"post","link":"https:\/\/quehacerpolitico.mx\/?p=88108","title":{"rendered":"AMLO presentar\u00e1 plan de austeridad al INE"},"content":{"rendered":"\n<p>Por Redacci\u00f3n QP<\/p>\n\n\n\n<p>AMLO dice que le dar\u00e1 &#8220;el remedio y el trapito&#8221; al INE para que no pueda argumentar la falta de recursos para llevar a cabo este ejercicio<\/p>\n\n\n\n<p>El Presidente\u00a0Andres Manuel L\u00f3pez Obrador (AMLO)\u00a0anunci\u00f3 este viernes que presentar\u00e1 formalmente un Plan de Austeridad al\u00a0Instituto Nacional Electoral\u00a0(INE) para que ahorre y tenga recursos para organizar la consulta de revocaci\u00f3n de mandato.<\/p>\n\n\n\n<p>En su conferencia de prensa &#8220;ma\u00f1anera&#8221; en Palacio Nacional,\u00a0<strong>AMLO manifest\u00f3 que le dar\u00e1 &#8220;el remedio y el trapito&#8221; al \u00f3rgano electoral para que no pueda argumentar la falta de recursos para llevar a cabo este ejercicio<\/strong>.<\/p>\n\n\n\n<p><strong>&#8220;Les voy a presentar formalmente un plan de austeridad.\u00a0Yo creo que en una semana lo tengo<\/strong>, pero es el remedio y el trapito: &#8220;Hazle as\u00ed&#8221; (\u2026) Yo plante\u00e9 aqu\u00ed de manera muy respetuosa de que \u00edbamos a hacer una revisi\u00f3n del presupuesto del INE, como ciudadanos o sin que sea un asunto de car\u00e1cter vinculatorio para decirlo con m\u00e1s claridad, sin imponer nada, sino si queremos revisar, o sea, de conformidad con la Ley de Austeridad Republicana c\u00f3mo est\u00e1n ejerciendo el presupuesto en el INE&#8221;, dijo el Presidente L\u00f3pez Obrador.<\/p>\n\n\n\n<figure class=\"wp-block-embed is-type-video is-provider-youtube wp-block-embed-youtube wp-embed-aspect-16-9 wp-has-aspect-ratio\"><div class=\"wp-block-embed__wrapper\">\n<iframe loading=\"lazy\" title=\"AMLO presentar\u00e1 plan de austeridad al INE para llevar a cabo revocaci\u00f3n de mandato\" width=\"640\" height=\"360\" src=\"https:\/\/www.youtube.com\/embed\/nh1IlY2IjoI?feature=oembed\" frameborder=\"0\" allow=\"accelerometer; autoplay; clipboard-write; encrypted-media; gyroscope; picture-in-picture; web-share\" referrerpolicy=\"strict-origin-when-cross-origin\" allowfullscreen><\/iframe>\n<\/div><\/figure>\n\n\n\n<p>&#8220;Porque tenemos tambi\u00e9n nosotros informaci\u00f3n de que hay much\u00edsimos gastos superfluos, hay extravagancias empezando por los sueldos. Entonces, a ver,&nbsp;<strong>\u00bfPor qu\u00e9 no se respeta la Constituci\u00f3n y los consejeros ganan lo que gana el Presidente de M\u00e9xico?<\/strong>&#8220;.<\/p>\n\n\n\n<p><strong>&#8220;La austeridad no es un asunto administrativo, es un asunto de principios<\/strong>, se liberan muchos fondos para el desarrollo y no significa dejar sin recursos los programas que son necesarios, es cortar el copete de privilegios, porque no puede haber gobierno rico con pueblo pobre. Entonces vamos a presentar formalmente esta propuesta (&#8230;) queremos que se instalen las casillas en todos los pueblos para que participen&#8221;.<\/p>\n\n\n\n<p>En Palacio Nacional, el jefe del Ejecutivo federal aclar\u00f3 que este plan no tendr\u00e1 car\u00e1cter de obligatorio, si no ser\u00e1n recomendaciones para terminar con gastos superfluos y excesivos en la operaci\u00f3n del organismo electoral como el gasto de asesores, pago de gastos m\u00e9dicos mayores, vi\u00e1ticos, as\u00ed como renta de inmuebles y veh\u00edculos.<\/p>\n\n\n\n<p>En el sal\u00f3n Tesorer\u00eda,&nbsp;<strong>AMLO calific\u00f3 como &#8220;inmoral&#8221; que consejeros del INE ganen m\u00e1s de 160 mil pesos al mes<\/strong>.<\/p>\n\n\n\n<p>&#8220;Es inmoral, puede ser legal incluso, pero es inmoral que un consejero gane libre 150, 160 mil pesos mensuales \u00bfy cu\u00e1nto fue el aguinaldo del Presidente de M\u00e9xico y cu\u00e1nto fue el aguinaldo del presidente del INE? Pues es mucho m\u00e1s&#8221;, dijo.<\/p>\n\n\n\n<p>Con Informaci\u00f3n de SUN <\/p>\n","protected":false},"excerpt":{"rendered":"<p>Por Redacci\u00f3n QP AMLO dice que le dar\u00e1 &#8220;el remedio y el trapito&#8221; al INE&#8230;<\/p>\n","protected":false},"author":2,"featured_media":88109,"comment_status":"open","ping_status":"open","sticky":false,"template":"","format":"standard","meta":{"_monsterinsights_skip_tracking":false,"_monsterinsights_sitenote_active":false,"_monsterinsights_sitenote_note":"","_monsterinsights_sitenote_category":0,"footnotes":""},"categories":[2],"tags":[],"class_list":["post-88108","post","type-post","status-publish","format-standard","has-post-thumbnail","hentry","category-noticias"],"yoast_head":"<!-- This site is optimized with the Yoast SEO plugin v27.3 - https:\/\/yoast.com\/product\/yoast-seo-wordpress\/ -->\n<title>AMLO presentar\u00e1 plan de austeridad al INE -<\/title>\n<meta name=\"robots\" content=\"index, follow, max-snippet:-1, max-image-preview:large, max-video-preview:-1\" \/>\n<link rel=\"canonical\" href=\"https:\/\/quehacerpolitico.mx\/?p=88108\" \/>\n<meta property=\"og:locale\" content=\"es_MX\" \/>\n<meta property=\"og:type\" content=\"article\" \/>\n<meta property=\"og:title\" content=\"AMLO presentar\u00e1 plan de austeridad al INE -\" \/>\n<meta property=\"og:description\" content=\"Por Redacci\u00f3n QP AMLO dice que le dar\u00e1 &#8220;el remedio y el trapito&#8221; al INE...\" \/>\n<meta property=\"og:url\" content=\"https:\/\/quehacerpolitico.mx\/?p=88108\" \/>\n<meta property=\"article:published_time\" content=\"2022-01-07T18:33:58+00:00\" \/>\n<meta property=\"article:modified_time\" content=\"2022-01-07T18:34:00+00:00\" \/>\n<meta property=\"og:image\" content=\"https:\/\/quehacerpolitico.mx\/wp-content\/uploads\/2022\/01\/08E01954-BF0E-415B-B1A1-4DBE2723E763.jpeg\" \/>\n\t<meta property=\"og:image:width\" content=\"1284\" \/>\n\t<meta property=\"og:image:height\" content=\"701\" \/>\n\t<meta property=\"og:image:type\" content=\"image\/jpeg\" \/>\n<meta name=\"author\" content=\"Redacci\u00f3n QP\" \/>\n<meta name=\"twitter:card\" content=\"summary_large_image\" \/>\n<meta name=\"twitter:label1\" content=\"Escrito por\" \/>\n\t<meta name=\"twitter:data1\" content=\"Redacci\u00f3n QP\" \/>\n\t<meta name=\"twitter:label2\" content=\"Tiempo de lectura\" \/>\n\t<meta name=\"twitter:data2\" content=\"2 minutos\" \/>\n<script type=\"application\/ld+json\" class=\"yoast-schema-graph\">{\"@context\":\"https:\\\/\\\/schema.org\",\"@graph\":[{\"@type\":\"Article\",\"@id\":\"https:\\\/\\\/quehacerpolitico.mx\\\/?p=88108#article\",\"isPartOf\":{\"@id\":\"https:\\\/\\\/quehacerpolitico.mx\\\/?p=88108\"},\"author\":{\"name\":\"Redacci\u00f3n QP\",\"@id\":\"https:\\\/\\\/quehacerpolitico.mx\\\/#\\\/schema\\\/person\\\/496d8ad2d1d3f8036101dca7ee39e585\"},\"headline\":\"AMLO presentar\u00e1 plan de austeridad al INE\",\"datePublished\":\"2022-01-07T18:33:58+00:00\",\"dateModified\":\"2022-01-07T18:34:00+00:00\",\"mainEntityOfPage\":{\"@id\":\"https:\\\/\\\/quehacerpolitico.mx\\\/?p=88108\"},\"wordCount\":455,\"commentCount\":0,\"image\":{\"@id\":\"https:\\\/\\\/quehacerpolitico.mx\\\/?p=88108#primaryimage\"},\"thumbnailUrl\":\"https:\\\/\\\/quehacerpolitico.mx\\\/wp-content\\\/uploads\\\/2022\\\/01\\\/08E01954-BF0E-415B-B1A1-4DBE2723E763.jpeg\",\"articleSection\":[\"Noticias\"],\"inLanguage\":\"es\",\"potentialAction\":[{\"@type\":\"CommentAction\",\"name\":\"Comment\",\"target\":[\"https:\\\/\\\/quehacerpolitico.mx\\\/?p=88108#respond\"]}]},{\"@type\":\"WebPage\",\"@id\":\"https:\\\/\\\/quehacerpolitico.mx\\\/?p=88108\",\"url\":\"https:\\\/\\\/quehacerpolitico.mx\\\/?p=88108\",\"name\":\"AMLO presentar\u00e1 plan de austeridad al INE -\",\"isPartOf\":{\"@id\":\"https:\\\/\\\/quehacerpolitico.mx\\\/#website\"},\"primaryImageOfPage\":{\"@id\":\"https:\\\/\\\/quehacerpolitico.mx\\\/?p=88108#primaryimage\"},\"image\":{\"@id\":\"https:\\\/\\\/quehacerpolitico.mx\\\/?p=88108#primaryimage\"},\"thumbnailUrl\":\"https:\\\/\\\/quehacerpolitico.mx\\\/wp-content\\\/uploads\\\/2022\\\/01\\\/08E01954-BF0E-415B-B1A1-4DBE2723E763.jpeg\",\"datePublished\":\"2022-01-07T18:33:58+00:00\",\"dateModified\":\"2022-01-07T18:34:00+00:00\",\"author\":{\"@id\":\"https:\\\/\\\/quehacerpolitico.mx\\\/#\\\/schema\\\/person\\\/496d8ad2d1d3f8036101dca7ee39e585\"},\"breadcrumb\":{\"@id\":\"https:\\\/\\\/quehacerpolitico.mx\\\/?p=88108#breadcrumb\"},\"inLanguage\":\"es\",\"potentialAction\":[{\"@type\":\"ReadAction\",\"target\":[\"https:\\\/\\\/quehacerpolitico.mx\\\/?p=88108\"]}]},{\"@type\":\"ImageObject\",\"inLanguage\":\"es\",\"@id\":\"https:\\\/\\\/quehacerpolitico.mx\\\/?p=88108#primaryimage\",\"url\":\"https:\\\/\\\/quehacerpolitico.mx\\\/wp-content\\\/uploads\\\/2022\\\/01\\\/08E01954-BF0E-415B-B1A1-4DBE2723E763.jpeg\",\"contentUrl\":\"https:\\\/\\\/quehacerpolitico.mx\\\/wp-content\\\/uploads\\\/2022\\\/01\\\/08E01954-BF0E-415B-B1A1-4DBE2723E763.jpeg\",\"width\":1284,\"height\":701},{\"@type\":\"BreadcrumbList\",\"@id\":\"https:\\\/\\\/quehacerpolitico.mx\\\/?p=88108#breadcrumb\",\"itemListElement\":[{\"@type\":\"ListItem\",\"position\":1,\"name\":\"Inicio\",\"item\":\"https:\\\/\\\/quehacerpolitico.mx\\\/\"},{\"@type\":\"ListItem\",\"position\":2,\"name\":\"AMLO presentar\u00e1 plan de austeridad al INE\"}]},{\"@type\":\"WebSite\",\"@id\":\"https:\\\/\\\/quehacerpolitico.mx\\\/#website\",\"url\":\"https:\\\/\\\/quehacerpolitico.mx\\\/\",\"name\":\"\",\"description\":\"\",\"potentialAction\":[{\"@type\":\"SearchAction\",\"target\":{\"@type\":\"EntryPoint\",\"urlTemplate\":\"https:\\\/\\\/quehacerpolitico.mx\\\/?s={search_term_string}\"},\"query-input\":{\"@type\":\"PropertyValueSpecification\",\"valueRequired\":true,\"valueName\":\"search_term_string\"}}],\"inLanguage\":\"es\"},{\"@type\":\"Person\",\"@id\":\"https:\\\/\\\/quehacerpolitico.mx\\\/#\\\/schema\\\/person\\\/496d8ad2d1d3f8036101dca7ee39e585\",\"name\":\"Redacci\u00f3n QP\",\"image\":{\"@type\":\"ImageObject\",\"inLanguage\":\"es\",\"@id\":\"https:\\\/\\\/secure.gravatar.com\\\/avatar\\\/c7164ed6fdec453195284ad24a5ae5b6e1eed2b848477fa2a4787ba9adf39a41?s=96&d=mm&r=g\",\"url\":\"https:\\\/\\\/secure.gravatar.com\\\/avatar\\\/c7164ed6fdec453195284ad24a5ae5b6e1eed2b848477fa2a4787ba9adf39a41?s=96&d=mm&r=g\",\"contentUrl\":\"https:\\\/\\\/secure.gravatar.com\\\/avatar\\\/c7164ed6fdec453195284ad24a5ae5b6e1eed2b848477fa2a4787ba9adf39a41?s=96&d=mm&r=g\",\"caption\":\"Redacci\u00f3n QP\"},\"url\":\"https:\\\/\\\/quehacerpolitico.mx\\\/?author=2\"}]}<\/script>\n<!-- \/ Yoast SEO plugin. -->","yoast_head_json":{"title":"AMLO presentar\u00e1 plan de austeridad al INE -","robots":{"index":"index","follow":"follow","max-snippet":"max-snippet:-1","max-image-preview":"max-image-preview:large","max-video-preview":"max-video-preview:-1"},"canonical":"https:\/\/quehacerpolitico.mx\/?p=88108","og_locale":"es_MX","og_type":"article","og_title":"AMLO presentar\u00e1 plan de austeridad al INE -","og_description":"Por Redacci\u00f3n QP AMLO dice que le dar\u00e1 &#8220;el remedio y el trapito&#8221; al INE...","og_url":"https:\/\/quehacerpolitico.mx\/?p=88108","article_published_time":"2022-01-07T18:33:58+00:00","article_modified_time":"2022-01-07T18:34:00+00:00","og_image":[{"width":1284,"height":701,"url":"https:\/\/quehacerpolitico.mx\/wp-content\/uploads\/2022\/01\/08E01954-BF0E-415B-B1A1-4DBE2723E763.jpeg","type":"image\/jpeg"}],"author":"Redacci\u00f3n QP","twitter_card":"summary_large_image","twitter_misc":{"Escrito por":"Redacci\u00f3n QP","Tiempo de lectura":"2 minutos"},"schema":{"@context":"https:\/\/schema.org","@graph":[{"@type":"Article","@id":"https:\/\/quehacerpolitico.mx\/?p=88108#article","isPartOf":{"@id":"https:\/\/quehacerpolitico.mx\/?p=88108"},"author":{"name":"Redacci\u00f3n QP","@id":"https:\/\/quehacerpolitico.mx\/#\/schema\/person\/496d8ad2d1d3f8036101dca7ee39e585"},"headline":"AMLO presentar\u00e1 plan de austeridad al INE","datePublished":"2022-01-07T18:33:58+00:00","dateModified":"2022-01-07T18:34:00+00:00","mainEntityOfPage":{"@id":"https:\/\/quehacerpolitico.mx\/?p=88108"},"wordCount":455,"commentCount":0,"image":{"@id":"https:\/\/quehacerpolitico.mx\/?p=88108#primaryimage"},"thumbnailUrl":"https:\/\/quehacerpolitico.mx\/wp-content\/uploads\/2022\/01\/08E01954-BF0E-415B-B1A1-4DBE2723E763.jpeg","articleSection":["Noticias"],"inLanguage":"es","potentialAction":[{"@type":"CommentAction","name":"Comment","target":["https:\/\/quehacerpolitico.mx\/?p=88108#respond"]}]},{"@type":"WebPage","@id":"https:\/\/quehacerpolitico.mx\/?p=88108","url":"https:\/\/quehacerpolitico.mx\/?p=88108","name":"AMLO presentar\u00e1 plan de austeridad al INE -","isPartOf":{"@id":"https:\/\/quehacerpolitico.mx\/#website"},"primaryImageOfPage":{"@id":"https:\/\/quehacerpolitico.mx\/?p=88108#primaryimage"},"image":{"@id":"https:\/\/quehacerpolitico.mx\/?p=88108#primaryimage"},"thumbnailUrl":"https:\/\/quehacerpolitico.mx\/wp-content\/uploads\/2022\/01\/08E01954-BF0E-415B-B1A1-4DBE2723E763.jpeg","datePublished":"2022-01-07T18:33:58+00:00","dateModified":"2022-01-07T18:34:00+00:00","author":{"@id":"https:\/\/quehacerpolitico.mx\/#\/schema\/person\/496d8ad2d1d3f8036101dca7ee39e585"},"breadcrumb":{"@id":"https:\/\/quehacerpolitico.mx\/?p=88108#breadcrumb"},"inLanguage":"es","potentialAction":[{"@type":"ReadAction","target":["https:\/\/quehacerpolitico.mx\/?p=88108"]}]},{"@type":"ImageObject","inLanguage":"es","@id":"https:\/\/quehacerpolitico.mx\/?p=88108#primaryimage","url":"https:\/\/quehacerpolitico.mx\/wp-content\/uploads\/2022\/01\/08E01954-BF0E-415B-B1A1-4DBE2723E763.jpeg","contentUrl":"https:\/\/quehacerpolitico.mx\/wp-content\/uploads\/2022\/01\/08E01954-BF0E-415B-B1A1-4DBE2723E763.jpeg","width":1284,"height":701},{"@type":"BreadcrumbList","@id":"https:\/\/quehacerpolitico.mx\/?p=88108#breadcrumb","itemListElement":[{"@type":"ListItem","position":1,"name":"Inicio","item":"https:\/\/quehacerpolitico.mx\/"},{"@type":"ListItem","position":2,"name":"AMLO presentar\u00e1 plan de austeridad al INE"}]},{"@type":"WebSite","@id":"https:\/\/quehacerpolitico.mx\/#website","url":"https:\/\/quehacerpolitico.mx\/","name":"","description":"","potentialAction":[{"@type":"SearchAction","target":{"@type":"EntryPoint","urlTemplate":"https:\/\/quehacerpolitico.mx\/?s={search_term_string}"},"query-input":{"@type":"PropertyValueSpecification","valueRequired":true,"valueName":"search_term_string"}}],"inLanguage":"es"},{"@type":"Person","@id":"https:\/\/quehacerpolitico.mx\/#\/schema\/person\/496d8ad2d1d3f8036101dca7ee39e585","name":"Redacci\u00f3n QP","image":{"@type":"ImageObject","inLanguage":"es","@id":"https:\/\/secure.gravatar.com\/avatar\/c7164ed6fdec453195284ad24a5ae5b6e1eed2b848477fa2a4787ba9adf39a41?s=96&d=mm&r=g","url":"https:\/\/secure.gravatar.com\/avatar\/c7164ed6fdec453195284ad24a5ae5b6e1eed2b848477fa2a4787ba9adf39a41?s=96&d=mm&r=g","contentUrl":"https:\/\/secure.gravatar.com\/avatar\/c7164ed6fdec453195284ad24a5ae5b6e1eed2b848477fa2a4787ba9adf39a41?s=96&d=mm&r=g","caption":"Redacci\u00f3n QP"},"url":"https:\/\/quehacerpolitico.mx\/?author=2"}]}},"featured_image_urls":{"full":["https:\/\/quehacerpolitico.mx\/wp-content\/uploads\/2022\/01\/08E01954-BF0E-415B-B1A1-4DBE2723E763.jpeg",1284,701,false],"thumbnail":["https:\/\/quehacerpolitico.mx\/wp-content\/uploads\/2022\/01\/08E01954-BF0E-415B-B1A1-4DBE2723E763-150x150.jpeg",150,150,true],"medium":["https:\/\/quehacerpolitico.mx\/wp-content\/uploads\/2022\/01\/08E01954-BF0E-415B-B1A1-4DBE2723E763-300x164.jpeg",300,164,true],"medium_large":["https:\/\/quehacerpolitico.mx\/wp-content\/uploads\/2022\/01\/08E01954-BF0E-415B-B1A1-4DBE2723E763-768x419.jpeg",640,349,true],"large":["https:\/\/quehacerpolitico.mx\/wp-content\/uploads\/2022\/01\/08E01954-BF0E-415B-B1A1-4DBE2723E763-1024x559.jpeg",640,349,true],"1536x1536":["https:\/\/quehacerpolitico.mx\/wp-content\/uploads\/2022\/01\/08E01954-BF0E-415B-B1A1-4DBE2723E763.jpeg",1284,701,false],"2048x2048":["https:\/\/quehacerpolitico.mx\/wp-content\/uploads\/2022\/01\/08E01954-BF0E-415B-B1A1-4DBE2723E763.jpeg",1284,701,false],"covernews-featured":["https:\/\/quehacerpolitico.mx\/wp-content\/uploads\/2022\/01\/08E01954-BF0E-415B-B1A1-4DBE2723E763.jpeg",1024,559,false],"covernews-medium":["https:\/\/quehacerpolitico.mx\/wp-content\/uploads\/2022\/01\/08E01954-BF0E-415B-B1A1-4DBE2723E763.jpeg",540,295,false]},"author_info":{"display_name":"Redacci\u00f3n QP","author_link":"https:\/\/quehacerpolitico.mx\/?author=2"},"category_info":"<a href=\"https:\/\/quehacerpolitico.mx\/?cat=2\" rel=\"category\">Noticias<\/a>","tag_info":"Noticias","comment_count":"0","_links":{"self":[{"href":"https:\/\/quehacerpolitico.mx\/index.php?rest_route=\/wp\/v2\/posts\/88108","targetHints":{"allow":["GET"]}}],"collection":[{"href":"https:\/\/quehacerpolitico.mx\/index.php?rest_route=\/wp\/v2\/posts"}],"about":[{"href":"https:\/\/quehacerpolitico.mx\/index.php?rest_route=\/wp\/v2\/types\/post"}],"author":[{"embeddable":true,"href":"https:\/\/quehacerpolitico.mx\/index.php?rest_route=\/wp\/v2\/users\/2"}],"replies":[{"embeddable":true,"href":"https:\/\/quehacerpolitico.mx\/index.php?rest_route=%2Fwp%2Fv2%2Fcomments&post=88108"}],"version-history":[{"count":1,"href":"https:\/\/quehacerpolitico.mx\/index.php?rest_route=\/wp\/v2\/posts\/88108\/revisions"}],"predecessor-version":[{"id":88110,"href":"https:\/\/quehacerpolitico.mx\/index.php?rest_route=\/wp\/v2\/posts\/88108\/revisions\/88110"}],"wp:featuredmedia":[{"embeddable":true,"href":"https:\/\/quehacerpolitico.mx\/index.php?rest_route=\/wp\/v2\/media\/88109"}],"wp:attachment":[{"href":"https:\/\/quehacerpolitico.mx\/index.php?rest_route=%2Fwp%2Fv2%2Fmedia&parent=88108"}],"wp:term":[{"taxonomy":"category","embeddable":true,"href":"https:\/\/quehacerpolitico.mx\/index.php?rest_route=%2Fwp%2Fv2%2Fcategories&post=88108"},{"taxonomy":"post_tag","embeddable":true,"href":"https:\/\/quehacerpolitico.mx\/index.php?rest_route=%2Fwp%2Fv2%2Ftags&post=88108"}],"curies":[{"name":"wp","href":"https:\/\/api.w.org\/{rel}","templated":true}]}}