{"id":88105,"date":"2022-01-07T18:19:48","date_gmt":"2022-01-07T18:19:48","guid":{"rendered":"https:\/\/quehacerpolitico.mx\/?p=88105"},"modified":"2022-01-07T18:19:50","modified_gmt":"2022-01-07T18:19:50","slug":"amlo-asegura-que-no-tiene-sintomas-tras-reunion-con-tatiana-clouthier","status":"publish","type":"post","link":"https:\/\/quehacerpolitico.mx\/?p=88105","title":{"rendered":"AMLO asegura que no tiene s\u00edntomas tras reuni\u00f3n con Tatiana Clouthier"},"content":{"rendered":"\n<p>Por Redacci\u00f3n QP<\/p>\n\n\n\n<p>AMLO dice\u00a0que la variante \u00f3micron est\u00e1 afectando bastante y sin mencionar nombres comenta que &#8220;ya varios los que tienen COVID de esta nueva variante&#8221;<\/p>\n\n\n\n<p>El Presidente\u00a0Andres Manuel L\u00f3pez Obrador (AMLO) asegur\u00f3 esta ma\u00f1ana que no tiene s\u00edntomas de\u00a0COVID-19 luego de que se revelara que\u00a0Tatiana Clouthier, secretaria de Econom\u00eda, diera positivo al coronavirus.<\/p>\n\n\n\n<blockquote class=\"wp-block-quote is-layout-flow wp-block-quote-is-layout-flow\"><p>&#8220;La verdad es que estoy muy bien y no tengo s\u00edntomas&#8221;<\/p><\/blockquote>\n\n\n\n<p><strong>AMLO confirm\u00f3 que se reuni\u00f3 con Clouthier esta semana, pero no tiene s\u00edntomas<\/strong>, se encuentra bien, por lo que declin\u00f3 hacerse una prueba de COVID-19.<\/p>\n\n\n\n<p>Durante su\u00a0conferencia de prensa \u201cma\u00f1anera\u201d el Presidente L\u00f3pez Obrador comparti\u00f3:<\/p>\n\n\n\n<p><strong>&#8220;Me reun\u00ed con ella hace como tres d\u00edas, el lunes o el martes. No tengo s\u00edntomas. No (se sigue haciendo pruebas), la verdad es que estoy muy bien y no tengo s\u00edntomas, cuando uno tiene s\u00edntomas es cuando hay que hacerse la prueba, estoy muy bien&#8221;<\/strong>.<\/p>\n\n\n\n<figure class=\"wp-block-embed is-type-rich is-provider-twitter wp-block-embed-twitter\"><div class=\"wp-block-embed__wrapper\">\n<blockquote class=\"twitter-tweet\" data-width=\"550\" data-dnt=\"true\"><p lang=\"es\" dir=\"ltr\"><a href=\"https:\/\/twitter.com\/hashtag\/Ma%C3%B1anera?src=hash&amp;ref_src=twsrc%5Etfw\">#Ma\u00f1anera<\/a> | AMLO estuvo con <a href=\"https:\/\/twitter.com\/hashtag\/TatianaClouthier?src=hash&amp;ref_src=twsrc%5Etfw\">#TatianaClouthier<\/a> \u00a1HACE TRES D\u00cdAS!<br><br>Pero no se va a hacer la prueba porque no tiene s\u00edntomas \ud83d\ude30 <a href=\"https:\/\/t.co\/lye78NEYl4\">pic.twitter.com\/lye78NEYl4<\/a><\/p>&mdash; Ruido en la Red (@RuidoEnLaRed) <a href=\"https:\/\/twitter.com\/RuidoEnLaRed\/status\/1479482550494052357?ref_src=twsrc%5Etfw\">January 7, 2022<\/a><\/blockquote><script async src=\"https:\/\/platform.twitter.com\/widgets.js\" charset=\"utf-8\"><\/script>\n<\/div><\/figure>\n\n\n\n<p>AMLO dijo que la variante \u00f3micron del COVID-19 est\u00e1 afectando bastante y sin mencionar nombres coment\u00f3 que\u00a0<strong>&#8220;ya varios los que tienen COVID de esta nueva variante&#8221;<\/strong>.<\/p>\n\n\n\n<p><strong>&#8220;Afortunadamente est\u00e1n saliendo, algunos con muy pocos s\u00edntomas, un poco de calentura, no mucha, garganta, b\u00e1sicamente&#8221;<\/strong>.<\/p>\n\n\n\n<p>El Presidente L\u00f3pez Obrador insisti\u00f3 en que se encuentra bien de salud e incluso dijo que ha regresado a practicar b\u00e9isbol luego del desgarre que padeci\u00f3 en octubre del a\u00f1o pasado.<\/p>\n\n\n\n<p>&#8220;Ya estoy regresando a practicar b\u00e9isbol, porque me hab\u00eda desgarrado y tarda el desgarre, pero ya estoy mejor, ya estoy caminando, ya estoy bateado y estoy sacando el bate, y pronto voy a incorporarme al equipo de veteranos, para en esta temporada lograr batear arriba de 300&#8221;.<\/p>\n\n\n\n<p>Con Informaci\u00f3n de SUN <\/p>\n","protected":false},"excerpt":{"rendered":"<p>Por Redacci\u00f3n QP AMLO dice\u00a0que la variante \u00f3micron est\u00e1 afectando bastante y sin mencionar nombres&#8230;<\/p>\n","protected":false},"author":2,"featured_media":88106,"comment_status":"open","ping_status":"open","sticky":false,"template":"","format":"standard","meta":{"_monsterinsights_skip_tracking":false,"_monsterinsights_sitenote_active":false,"_monsterinsights_sitenote_note":"","_monsterinsights_sitenote_category":0,"footnotes":""},"categories":[2],"tags":[],"class_list":["post-88105","post","type-post","status-publish","format-standard","has-post-thumbnail","hentry","category-noticias"],"yoast_head":"<!-- This site is optimized with the Yoast SEO plugin v27.3 - https:\/\/yoast.com\/product\/yoast-seo-wordpress\/ -->\n<title>AMLO asegura que no tiene s\u00edntomas tras reuni\u00f3n con Tatiana Clouthier -<\/title>\n<meta name=\"robots\" content=\"index, follow, max-snippet:-1, max-image-preview:large, max-video-preview:-1\" \/>\n<link rel=\"canonical\" href=\"https:\/\/quehacerpolitico.mx\/?p=88105\" \/>\n<meta property=\"og:locale\" content=\"es_MX\" \/>\n<meta property=\"og:type\" content=\"article\" \/>\n<meta property=\"og:title\" content=\"AMLO asegura que no tiene s\u00edntomas tras reuni\u00f3n con Tatiana Clouthier -\" \/>\n<meta property=\"og:description\" content=\"Por Redacci\u00f3n QP AMLO dice\u00a0que la variante \u00f3micron est\u00e1 afectando bastante y sin mencionar nombres...\" \/>\n<meta property=\"og:url\" content=\"https:\/\/quehacerpolitico.mx\/?p=88105\" \/>\n<meta property=\"article:published_time\" content=\"2022-01-07T18:19:48+00:00\" \/>\n<meta property=\"article:modified_time\" content=\"2022-01-07T18:19:50+00:00\" \/>\n<meta property=\"og:image\" content=\"https:\/\/quehacerpolitico.mx\/wp-content\/uploads\/2022\/01\/08B8ADA8-B292-49A9-AE7F-271C6EE1A515.jpeg\" \/>\n\t<meta property=\"og:image:width\" content=\"1284\" \/>\n\t<meta property=\"og:image:height\" content=\"710\" \/>\n\t<meta property=\"og:image:type\" content=\"image\/jpeg\" \/>\n<meta name=\"author\" content=\"Redacci\u00f3n QP\" \/>\n<meta name=\"twitter:card\" content=\"summary_large_image\" \/>\n<meta name=\"twitter:label1\" content=\"Escrito por\" \/>\n\t<meta name=\"twitter:data1\" content=\"Redacci\u00f3n QP\" \/>\n\t<meta name=\"twitter:label2\" content=\"Tiempo de lectura\" \/>\n\t<meta name=\"twitter:data2\" content=\"2 minutos\" \/>\n<script type=\"application\/ld+json\" class=\"yoast-schema-graph\">{\"@context\":\"https:\\\/\\\/schema.org\",\"@graph\":[{\"@type\":\"Article\",\"@id\":\"https:\\\/\\\/quehacerpolitico.mx\\\/?p=88105#article\",\"isPartOf\":{\"@id\":\"https:\\\/\\\/quehacerpolitico.mx\\\/?p=88105\"},\"author\":{\"name\":\"Redacci\u00f3n QP\",\"@id\":\"https:\\\/\\\/quehacerpolitico.mx\\\/#\\\/schema\\\/person\\\/496d8ad2d1d3f8036101dca7ee39e585\"},\"headline\":\"AMLO asegura que no tiene s\u00edntomas tras reuni\u00f3n con Tatiana Clouthier\",\"datePublished\":\"2022-01-07T18:19:48+00:00\",\"dateModified\":\"2022-01-07T18:19:50+00:00\",\"mainEntityOfPage\":{\"@id\":\"https:\\\/\\\/quehacerpolitico.mx\\\/?p=88105\"},\"wordCount\":317,\"commentCount\":0,\"image\":{\"@id\":\"https:\\\/\\\/quehacerpolitico.mx\\\/?p=88105#primaryimage\"},\"thumbnailUrl\":\"https:\\\/\\\/quehacerpolitico.mx\\\/wp-content\\\/uploads\\\/2022\\\/01\\\/08B8ADA8-B292-49A9-AE7F-271C6EE1A515.jpeg\",\"articleSection\":[\"Noticias\"],\"inLanguage\":\"es\",\"potentialAction\":[{\"@type\":\"CommentAction\",\"name\":\"Comment\",\"target\":[\"https:\\\/\\\/quehacerpolitico.mx\\\/?p=88105#respond\"]}]},{\"@type\":\"WebPage\",\"@id\":\"https:\\\/\\\/quehacerpolitico.mx\\\/?p=88105\",\"url\":\"https:\\\/\\\/quehacerpolitico.mx\\\/?p=88105\",\"name\":\"AMLO asegura que no tiene s\u00edntomas tras reuni\u00f3n con Tatiana Clouthier -\",\"isPartOf\":{\"@id\":\"https:\\\/\\\/quehacerpolitico.mx\\\/#website\"},\"primaryImageOfPage\":{\"@id\":\"https:\\\/\\\/quehacerpolitico.mx\\\/?p=88105#primaryimage\"},\"image\":{\"@id\":\"https:\\\/\\\/quehacerpolitico.mx\\\/?p=88105#primaryimage\"},\"thumbnailUrl\":\"https:\\\/\\\/quehacerpolitico.mx\\\/wp-content\\\/uploads\\\/2022\\\/01\\\/08B8ADA8-B292-49A9-AE7F-271C6EE1A515.jpeg\",\"datePublished\":\"2022-01-07T18:19:48+00:00\",\"dateModified\":\"2022-01-07T18:19:50+00:00\",\"author\":{\"@id\":\"https:\\\/\\\/quehacerpolitico.mx\\\/#\\\/schema\\\/person\\\/496d8ad2d1d3f8036101dca7ee39e585\"},\"breadcrumb\":{\"@id\":\"https:\\\/\\\/quehacerpolitico.mx\\\/?p=88105#breadcrumb\"},\"inLanguage\":\"es\",\"potentialAction\":[{\"@type\":\"ReadAction\",\"target\":[\"https:\\\/\\\/quehacerpolitico.mx\\\/?p=88105\"]}]},{\"@type\":\"ImageObject\",\"inLanguage\":\"es\",\"@id\":\"https:\\\/\\\/quehacerpolitico.mx\\\/?p=88105#primaryimage\",\"url\":\"https:\\\/\\\/quehacerpolitico.mx\\\/wp-content\\\/uploads\\\/2022\\\/01\\\/08B8ADA8-B292-49A9-AE7F-271C6EE1A515.jpeg\",\"contentUrl\":\"https:\\\/\\\/quehacerpolitico.mx\\\/wp-content\\\/uploads\\\/2022\\\/01\\\/08B8ADA8-B292-49A9-AE7F-271C6EE1A515.jpeg\",\"width\":1284,\"height\":710},{\"@type\":\"BreadcrumbList\",\"@id\":\"https:\\\/\\\/quehacerpolitico.mx\\\/?p=88105#breadcrumb\",\"itemListElement\":[{\"@type\":\"ListItem\",\"position\":1,\"name\":\"Inicio\",\"item\":\"https:\\\/\\\/quehacerpolitico.mx\\\/\"},{\"@type\":\"ListItem\",\"position\":2,\"name\":\"AMLO asegura que no tiene s\u00edntomas tras reuni\u00f3n con Tatiana Clouthier\"}]},{\"@type\":\"WebSite\",\"@id\":\"https:\\\/\\\/quehacerpolitico.mx\\\/#website\",\"url\":\"https:\\\/\\\/quehacerpolitico.mx\\\/\",\"name\":\"\",\"description\":\"\",\"potentialAction\":[{\"@type\":\"SearchAction\",\"target\":{\"@type\":\"EntryPoint\",\"urlTemplate\":\"https:\\\/\\\/quehacerpolitico.mx\\\/?s={search_term_string}\"},\"query-input\":{\"@type\":\"PropertyValueSpecification\",\"valueRequired\":true,\"valueName\":\"search_term_string\"}}],\"inLanguage\":\"es\"},{\"@type\":\"Person\",\"@id\":\"https:\\\/\\\/quehacerpolitico.mx\\\/#\\\/schema\\\/person\\\/496d8ad2d1d3f8036101dca7ee39e585\",\"name\":\"Redacci\u00f3n QP\",\"image\":{\"@type\":\"ImageObject\",\"inLanguage\":\"es\",\"@id\":\"https:\\\/\\\/secure.gravatar.com\\\/avatar\\\/c7164ed6fdec453195284ad24a5ae5b6e1eed2b848477fa2a4787ba9adf39a41?s=96&d=mm&r=g\",\"url\":\"https:\\\/\\\/secure.gravatar.com\\\/avatar\\\/c7164ed6fdec453195284ad24a5ae5b6e1eed2b848477fa2a4787ba9adf39a41?s=96&d=mm&r=g\",\"contentUrl\":\"https:\\\/\\\/secure.gravatar.com\\\/avatar\\\/c7164ed6fdec453195284ad24a5ae5b6e1eed2b848477fa2a4787ba9adf39a41?s=96&d=mm&r=g\",\"caption\":\"Redacci\u00f3n QP\"},\"url\":\"https:\\\/\\\/quehacerpolitico.mx\\\/?author=2\"}]}<\/script>\n<!-- \/ Yoast SEO plugin. -->","yoast_head_json":{"title":"AMLO asegura que no tiene s\u00edntomas tras reuni\u00f3n con Tatiana Clouthier -","robots":{"index":"index","follow":"follow","max-snippet":"max-snippet:-1","max-image-preview":"max-image-preview:large","max-video-preview":"max-video-preview:-1"},"canonical":"https:\/\/quehacerpolitico.mx\/?p=88105","og_locale":"es_MX","og_type":"article","og_title":"AMLO asegura que no tiene s\u00edntomas tras reuni\u00f3n con Tatiana Clouthier -","og_description":"Por Redacci\u00f3n QP AMLO dice\u00a0que la variante \u00f3micron est\u00e1 afectando bastante y sin mencionar nombres...","og_url":"https:\/\/quehacerpolitico.mx\/?p=88105","article_published_time":"2022-01-07T18:19:48+00:00","article_modified_time":"2022-01-07T18:19:50+00:00","og_image":[{"width":1284,"height":710,"url":"https:\/\/quehacerpolitico.mx\/wp-content\/uploads\/2022\/01\/08B8ADA8-B292-49A9-AE7F-271C6EE1A515.jpeg","type":"image\/jpeg"}],"author":"Redacci\u00f3n QP","twitter_card":"summary_large_image","twitter_misc":{"Escrito por":"Redacci\u00f3n QP","Tiempo de lectura":"2 minutos"},"schema":{"@context":"https:\/\/schema.org","@graph":[{"@type":"Article","@id":"https:\/\/quehacerpolitico.mx\/?p=88105#article","isPartOf":{"@id":"https:\/\/quehacerpolitico.mx\/?p=88105"},"author":{"name":"Redacci\u00f3n QP","@id":"https:\/\/quehacerpolitico.mx\/#\/schema\/person\/496d8ad2d1d3f8036101dca7ee39e585"},"headline":"AMLO asegura que no tiene s\u00edntomas tras reuni\u00f3n con Tatiana Clouthier","datePublished":"2022-01-07T18:19:48+00:00","dateModified":"2022-01-07T18:19:50+00:00","mainEntityOfPage":{"@id":"https:\/\/quehacerpolitico.mx\/?p=88105"},"wordCount":317,"commentCount":0,"image":{"@id":"https:\/\/quehacerpolitico.mx\/?p=88105#primaryimage"},"thumbnailUrl":"https:\/\/quehacerpolitico.mx\/wp-content\/uploads\/2022\/01\/08B8ADA8-B292-49A9-AE7F-271C6EE1A515.jpeg","articleSection":["Noticias"],"inLanguage":"es","potentialAction":[{"@type":"CommentAction","name":"Comment","target":["https:\/\/quehacerpolitico.mx\/?p=88105#respond"]}]},{"@type":"WebPage","@id":"https:\/\/quehacerpolitico.mx\/?p=88105","url":"https:\/\/quehacerpolitico.mx\/?p=88105","name":"AMLO asegura que no tiene s\u00edntomas tras reuni\u00f3n con Tatiana Clouthier -","isPartOf":{"@id":"https:\/\/quehacerpolitico.mx\/#website"},"primaryImageOfPage":{"@id":"https:\/\/quehacerpolitico.mx\/?p=88105#primaryimage"},"image":{"@id":"https:\/\/quehacerpolitico.mx\/?p=88105#primaryimage"},"thumbnailUrl":"https:\/\/quehacerpolitico.mx\/wp-content\/uploads\/2022\/01\/08B8ADA8-B292-49A9-AE7F-271C6EE1A515.jpeg","datePublished":"2022-01-07T18:19:48+00:00","dateModified":"2022-01-07T18:19:50+00:00","author":{"@id":"https:\/\/quehacerpolitico.mx\/#\/schema\/person\/496d8ad2d1d3f8036101dca7ee39e585"},"breadcrumb":{"@id":"https:\/\/quehacerpolitico.mx\/?p=88105#breadcrumb"},"inLanguage":"es","potentialAction":[{"@type":"ReadAction","target":["https:\/\/quehacerpolitico.mx\/?p=88105"]}]},{"@type":"ImageObject","inLanguage":"es","@id":"https:\/\/quehacerpolitico.mx\/?p=88105#primaryimage","url":"https:\/\/quehacerpolitico.mx\/wp-content\/uploads\/2022\/01\/08B8ADA8-B292-49A9-AE7F-271C6EE1A515.jpeg","contentUrl":"https:\/\/quehacerpolitico.mx\/wp-content\/uploads\/2022\/01\/08B8ADA8-B292-49A9-AE7F-271C6EE1A515.jpeg","width":1284,"height":710},{"@type":"BreadcrumbList","@id":"https:\/\/quehacerpolitico.mx\/?p=88105#breadcrumb","itemListElement":[{"@type":"ListItem","position":1,"name":"Inicio","item":"https:\/\/quehacerpolitico.mx\/"},{"@type":"ListItem","position":2,"name":"AMLO asegura que no tiene s\u00edntomas tras reuni\u00f3n con Tatiana Clouthier"}]},{"@type":"WebSite","@id":"https:\/\/quehacerpolitico.mx\/#website","url":"https:\/\/quehacerpolitico.mx\/","name":"","description":"","potentialAction":[{"@type":"SearchAction","target":{"@type":"EntryPoint","urlTemplate":"https:\/\/quehacerpolitico.mx\/?s={search_term_string}"},"query-input":{"@type":"PropertyValueSpecification","valueRequired":true,"valueName":"search_term_string"}}],"inLanguage":"es"},{"@type":"Person","@id":"https:\/\/quehacerpolitico.mx\/#\/schema\/person\/496d8ad2d1d3f8036101dca7ee39e585","name":"Redacci\u00f3n QP","image":{"@type":"ImageObject","inLanguage":"es","@id":"https:\/\/secure.gravatar.com\/avatar\/c7164ed6fdec453195284ad24a5ae5b6e1eed2b848477fa2a4787ba9adf39a41?s=96&d=mm&r=g","url":"https:\/\/secure.gravatar.com\/avatar\/c7164ed6fdec453195284ad24a5ae5b6e1eed2b848477fa2a4787ba9adf39a41?s=96&d=mm&r=g","contentUrl":"https:\/\/secure.gravatar.com\/avatar\/c7164ed6fdec453195284ad24a5ae5b6e1eed2b848477fa2a4787ba9adf39a41?s=96&d=mm&r=g","caption":"Redacci\u00f3n QP"},"url":"https:\/\/quehacerpolitico.mx\/?author=2"}]}},"featured_image_urls":{"full":["https:\/\/quehacerpolitico.mx\/wp-content\/uploads\/2022\/01\/08B8ADA8-B292-49A9-AE7F-271C6EE1A515.jpeg",1284,710,false],"thumbnail":["https:\/\/quehacerpolitico.mx\/wp-content\/uploads\/2022\/01\/08B8ADA8-B292-49A9-AE7F-271C6EE1A515-150x150.jpeg",150,150,true],"medium":["https:\/\/quehacerpolitico.mx\/wp-content\/uploads\/2022\/01\/08B8ADA8-B292-49A9-AE7F-271C6EE1A515-300x166.jpeg",300,166,true],"medium_large":["https:\/\/quehacerpolitico.mx\/wp-content\/uploads\/2022\/01\/08B8ADA8-B292-49A9-AE7F-271C6EE1A515-768x425.jpeg",640,354,true],"large":["https:\/\/quehacerpolitico.mx\/wp-content\/uploads\/2022\/01\/08B8ADA8-B292-49A9-AE7F-271C6EE1A515-1024x566.jpeg",640,354,true],"1536x1536":["https:\/\/quehacerpolitico.mx\/wp-content\/uploads\/2022\/01\/08B8ADA8-B292-49A9-AE7F-271C6EE1A515.jpeg",1284,710,false],"2048x2048":["https:\/\/quehacerpolitico.mx\/wp-content\/uploads\/2022\/01\/08B8ADA8-B292-49A9-AE7F-271C6EE1A515.jpeg",1284,710,false],"covernews-featured":["https:\/\/quehacerpolitico.mx\/wp-content\/uploads\/2022\/01\/08B8ADA8-B292-49A9-AE7F-271C6EE1A515.jpeg",1024,566,false],"covernews-medium":["https:\/\/quehacerpolitico.mx\/wp-content\/uploads\/2022\/01\/08B8ADA8-B292-49A9-AE7F-271C6EE1A515.jpeg",540,299,false]},"author_info":{"display_name":"Redacci\u00f3n QP","author_link":"https:\/\/quehacerpolitico.mx\/?author=2"},"category_info":"<a href=\"https:\/\/quehacerpolitico.mx\/?cat=2\" rel=\"category\">Noticias<\/a>","tag_info":"Noticias","comment_count":"0","_links":{"self":[{"href":"https:\/\/quehacerpolitico.mx\/index.php?rest_route=\/wp\/v2\/posts\/88105","targetHints":{"allow":["GET"]}}],"collection":[{"href":"https:\/\/quehacerpolitico.mx\/index.php?rest_route=\/wp\/v2\/posts"}],"about":[{"href":"https:\/\/quehacerpolitico.mx\/index.php?rest_route=\/wp\/v2\/types\/post"}],"author":[{"embeddable":true,"href":"https:\/\/quehacerpolitico.mx\/index.php?rest_route=\/wp\/v2\/users\/2"}],"replies":[{"embeddable":true,"href":"https:\/\/quehacerpolitico.mx\/index.php?rest_route=%2Fwp%2Fv2%2Fcomments&post=88105"}],"version-history":[{"count":1,"href":"https:\/\/quehacerpolitico.mx\/index.php?rest_route=\/wp\/v2\/posts\/88105\/revisions"}],"predecessor-version":[{"id":88107,"href":"https:\/\/quehacerpolitico.mx\/index.php?rest_route=\/wp\/v2\/posts\/88105\/revisions\/88107"}],"wp:featuredmedia":[{"embeddable":true,"href":"https:\/\/quehacerpolitico.mx\/index.php?rest_route=\/wp\/v2\/media\/88106"}],"wp:attachment":[{"href":"https:\/\/quehacerpolitico.mx\/index.php?rest_route=%2Fwp%2Fv2%2Fmedia&parent=88105"}],"wp:term":[{"taxonomy":"category","embeddable":true,"href":"https:\/\/quehacerpolitico.mx\/index.php?rest_route=%2Fwp%2Fv2%2Fcategories&post=88105"},{"taxonomy":"post_tag","embeddable":true,"href":"https:\/\/quehacerpolitico.mx\/index.php?rest_route=%2Fwp%2Fv2%2Ftags&post=88105"}],"curies":[{"name":"wp","href":"https:\/\/api.w.org\/{rel}","templated":true}]}}