{"id":8803,"date":"2018-11-09T04:48:35","date_gmt":"2018-11-09T04:48:35","guid":{"rendered":"http:\/\/quehacerpolitico.mx\/el-autor-material-esta-muerto-yunes-iban-por-otra-mujer-y-asesinaron-a-valeria-medel-dice\/"},"modified":"2018-11-09T04:48:35","modified_gmt":"2018-11-09T04:48:35","slug":"el-autor-material-esta-muerto-yunes-iban-por-otra-mujer-y-asesinaron-a-valeria-medel-dice","status":"publish","type":"post","link":"https:\/\/quehacerpolitico.mx\/?p=8803","title":{"rendered":"\u201cEl autor material est\u00e1 muerto\u201d: Yunes; \u201ciban por otra mujer y asesinaron a Valeria Medel\u201d, dice"},"content":{"rendered":"<h1>\u201cEl autor material est\u00e1 muerto\u201d: Yunes; \u201ciban por otra mujer y asesinaron a Valeria Medel\u201d, dice<\/h1>\n<p><strong>Miguel \u00c1ngel Yunes Linares<\/strong>, Gobernador de Veracruz, asegur\u00f3 esta noche que el presunto autor material del asesinato de\u00a0<strong>Valeria Cruz Medel<\/strong>, hija de la Diputada federal<strong>\u00a0Carmen Medel, fue hallado muerto en una camioneta.\u00a0<\/strong><\/p>\n<blockquote>\n<p class=\"p1\"><span class=\"s1\">\u201cHoy es un d\u00eda triste para Veracruz. Fue asesinada una joven dedicada al estudio y al deporte. Nada justifica un crimen. Reitero nuestro sentido p\u00e9same a la familia de la Diputada.\u00a0<\/span><\/p>\n<\/blockquote>\n<p class=\"p1\"><span class=\"s1\">\u201cA las 4 de la tarde, con 12 minutos, recibimos una denuncia ciudadana que no ayud\u00f3 a saber que los autores se trasladaban en una camioneta Mazda. Este fue un dato relevante.\u00a0<\/span><span class=\"s1\">Pudimos obtener un retrato hablado del presunto autor material del crimen\u201d, dijo Linares y mostr\u00f3 el rostro y despu\u00e9s unas fotograf\u00edas de un sujeto identificado como\u00a0\u201cEl Richy\u201d.\u00a0<\/span><\/p>\n<p><img loading=\"lazy\" decoding=\"async\" class=\"alignnone wp-image-3495499 size-full\" src=\"https:\/\/www.sinembargo.mx\/wp-content\/uploads\/2018\/11\/driiafjv4ae7q9j-1.jpg\" sizes=\"auto, (max-width: 700px) 100vw, 700px\" srcset=\"https:\/\/www.sinembargo.mx\/wp-content\/uploads\/2018\/11\/driiafjv4ae7q9j-1.jpg 700w, https:\/\/www.sinembargo.mx\/wp-content\/uploads\/2018\/11\/driiafjv4ae7q9j-1-300x158.jpg 300w\" alt=\"\" width=\"700\" height=\"368\" \/><img loading=\"lazy\" decoding=\"async\" class=\"alignnone wp-image-3495500 size-full\" src=\"https:\/\/www.sinembargo.mx\/wp-content\/uploads\/2018\/11\/captura-de-pantalla-2018-11-08-a-las-22-25-59.png\" sizes=\"auto, (max-width: 700px) 100vw, 700px\" srcset=\"https:\/\/www.sinembargo.mx\/wp-content\/uploads\/2018\/11\/captura-de-pantalla-2018-11-08-a-las-22-25-59.png 700w, https:\/\/www.sinembargo.mx\/wp-content\/uploads\/2018\/11\/captura-de-pantalla-2018-11-08-a-las-22-25-59-300x132.png 300w\" alt=\"\" width=\"700\" height=\"308\" \/><\/p>\n<p><span class=\"s1\">Yunes sigui\u00f3 con el relato: \u201c<\/span>Al continuar la investigaci\u00f3n pudimos detener a dos individuos. Ellos proporcionaron informaci\u00f3n para identificar plenamente a El Ricky [\u2026] Al filo de las 9 de la noche encontramos la camioneta con una persona asesinada en su interior. Era El Richy<span class=\"s1\">\u201d, se\u00f1al\u00f3.\u00a0<\/span><\/p>\n<p>Yunes Linares dijo que Valeria Cruz Medel habr\u00eda sido confundida con otra mujer que se dedica a actividades delictivas en la zona.\u00a0<span class=\"s1\">\u201c<\/span>La mujer iba al mismo gimnasio. La mujer habr\u00eda estado en el lugar antes del crimen<span class=\"s1\">\u201d, detall\u00f3 el mandatario en conferencia de prensa<\/span>.<\/p>\n<p>Tambi\u00e9n fueron presentadas im\u00e1genes de la camioneta y del hombre que fue hallado sin vida en el interior:<\/p>\n<p><img loading=\"lazy\" decoding=\"async\" class=\"alignnone wp-image-3495505 size-full\" src=\"https:\/\/www.sinembargo.mx\/wp-content\/uploads\/2018\/11\/captura-de-pantalla-2018-11-08-a-las-22-32-43.png\" sizes=\"auto, (max-width: 700px) 100vw, 700px\" srcset=\"https:\/\/www.sinembargo.mx\/wp-content\/uploads\/2018\/11\/captura-de-pantalla-2018-11-08-a-las-22-32-43.png 700w, https:\/\/www.sinembargo.mx\/wp-content\/uploads\/2018\/11\/captura-de-pantalla-2018-11-08-a-las-22-32-43-300x160.png 300w\" alt=\"\" width=\"700\" height=\"373\" \/><img loading=\"lazy\" decoding=\"async\" class=\"alignnone wp-image-3495506 size-full\" src=\"https:\/\/www.sinembargo.mx\/wp-content\/uploads\/2018\/11\/captura-de-pantalla-2018-11-08-a-las-22-32-50.png\" sizes=\"auto, (max-width: 700px) 100vw, 700px\" srcset=\"https:\/\/www.sinembargo.mx\/wp-content\/uploads\/2018\/11\/captura-de-pantalla-2018-11-08-a-las-22-32-50.png 700w, https:\/\/www.sinembargo.mx\/wp-content\/uploads\/2018\/11\/captura-de-pantalla-2018-11-08-a-las-22-32-50-300x148.png 300w\" alt=\"\" width=\"700\" height=\"345\" \/><img loading=\"lazy\" decoding=\"async\" class=\"alignnone wp-image-3495507 size-full\" src=\"https:\/\/www.sinembargo.mx\/wp-content\/uploads\/2018\/11\/captura-de-pantalla-2018-11-08-a-las-22-32-57.png\" sizes=\"auto, (max-width: 700px) 100vw, 700px\" srcset=\"https:\/\/www.sinembargo.mx\/wp-content\/uploads\/2018\/11\/captura-de-pantalla-2018-11-08-a-las-22-32-57.png 700w, https:\/\/www.sinembargo.mx\/wp-content\/uploads\/2018\/11\/captura-de-pantalla-2018-11-08-a-las-22-32-57-300x174.png 300w\" alt=\"\" width=\"700\" height=\"406\" \/><\/p>\n<p>Antes, el Gobernador electo <strong>Cuitl\u00e1huac Garc\u00eda Jim\u00e9nez<\/strong> reclam\u00f3 que el asesinato de\u00a0<strong>Valeria Cruz Medel<\/strong>, hija de la Diputada federal<strong>\u00a0Carmen Medel<\/strong>, no quede impune, y exigi\u00f3 justicia tambi\u00e9n en los m\u00e1s de mil 500 homicidios que se han registrado s\u00f3lo en 2018 en Veracruz.<\/p>\n<blockquote>\n<p>\u201cToda mi solidaridad en estos momentos a la compa\u00f1era <strong>Carmen Medel<\/strong>, el cobarde asesinato de su hija no debe quedar impune.\u00a0 Urgimos al Fiscal a que d\u00e9 con los culpables de este y de los m\u00e1s de 1,520 homicidios que se contabilizan en Veracruz tan s\u00f3lo en 2018\u201d, escribi\u00f3\u00a0Garc\u00eda Jim\u00e9nez en Twitter.<\/p>\n<\/blockquote>\n<p class=\"p1\"><span class=\"s1\">En los primeros 9 meses del 2018, en Veracruz se registraron 5 mil 476 delitos contra la vida y la integridad corporal, seg\u00fan datos del Secretariado Ejecutivo Nacional de Seguridad P\u00fablica.\u00a0<\/span><\/p>\n<blockquote>\n<p class=\"p1\"><span class=\"s1\">Entre esos delitos est\u00e1n los mil 520 homicidios [940 clasificados como dolosos] de los que habla\u00a0Garc\u00eda Jim\u00e9nez, quien compiti\u00f3 con el apoyo del Movimiento Regeneraci\u00f3n Nacional (Morena) en los comicios de julio.\u00a0\u00a0<\/span><\/p>\n<blockquote class=\"twitter-tweet\" data-width=\"550\" data-dnt=\"true\">\n<p lang=\"es\" dir=\"ltr\">Toda mi solidaridad en estos momentos a la compa\u00f1era Carmen Medel, el cobarde asesinato de su hija no debe quedar impune. Urgimos al Fiscal a que d\u00e9 con los culpables de este y de los m\u00e1s de 1,520 homicidios que se contabilizan en Veracruz tan s\u00f3lo en 2018.<\/p>\n<p>&mdash; Cuitl\u00e1huac Garc\u00eda (@CuitlahuacGJ) <a href=\"https:\/\/twitter.com\/CuitlahuacGJ\/status\/1060681341472309248?ref_src=twsrc%5Etfw\">November 8, 2018<\/a><\/p><\/blockquote>\n<p><script async src=\"https:\/\/platform.twitter.com\/widgets.js\" charset=\"utf-8\"><\/script><\/p>\n<p>\u201c\u00bfS\u00f3lo porque Carmen es tu compa\u00f1era? No he visto una sola palabra de tu parte hacia do\u00f1a Mayra De la Vega, ni don Jos\u00e9 Luis Cortes. Sus hijos desaparecieron en Orizaba, Veracruz\u201d, se\u00f1al\u00f3 una joven.<\/p>\n<p>\u201cExtorsiones, secuestros y asesinatos tienen sumido a Coatzacoalcos, cada vez m\u00e1s se convierte en una ciudad fantasma\u201d, lament\u00f3 otro.<\/p>\n<p>Veracruz lleva a\u00f1os siendo una tierra violenta. En septiembre, autoridades hallaron decenas y decenas de cuerpos en El Arbolillo. Entre los cuerpos hab\u00eda ropa de beb\u00e9s. Hoy el horror reson\u00f3 despu\u00e9s de que\u00a0<strong>Valeria Cruz fuera atacada.\u00a0<\/strong><\/p>\n<p><strong>Valeria Cruz Medel <\/strong>estudiaba en la Facultad de Medicina. Se encontraba haciendo ejercicio en un gimnasio en Ciudad Mendoza, Veracruz, cuando la mataron.<\/p>\n<blockquote>\n<p>Medios locales y nacionales informaron que un sujeto se meti\u00f3 al recinto, dispar\u00f3 nueve veces contra la joven y escap\u00f3. Valeria s\u00f3lo ten\u00eda 22 a\u00f1os.<\/p>\n<\/blockquote>\n<p>El atacante utiliz\u00f3 un veh\u00edculo negro para darse a la fuga. El gimnasio que se convirti\u00f3 en escena del crimen est\u00e1 a una cuadra del Palacio Municipal de la ciudad veracruzana.<\/p>\n<div id=\"attachment_3495396\" class=\"wp-caption alignnone\"><img loading=\"lazy\" decoding=\"async\" class=\"wp-image-3495396 size-full\" src=\"https:\/\/www.sinembargo.mx\/wp-content\/uploads\/2018\/11\/29133378_10155309343222747_1974640780890865664_n.jpg\" sizes=\"auto, (max-width: 700px) 100vw, 700px\" srcset=\"https:\/\/www.sinembargo.mx\/wp-content\/uploads\/2018\/11\/29133378_10155309343222747_1974640780890865664_n.jpg 700w, https:\/\/www.sinembargo.mx\/wp-content\/uploads\/2018\/11\/29133378_10155309343222747_1974640780890865664_n-300x300.jpg 300w\" alt=\"\" width=\"700\" height=\"701\" \/><\/p>\n<p class=\"wp-caption-text\">Valeria Cruz Medel. Foto: Especial.<\/p>\n<\/div>\n<p>La Universidad Veracruzana, a trav\u00e9s de un comunicado, lament\u00f3 y repudi\u00f3 el asesinato de la estudiante.\u00a0La m\u00e1xima casa de estudios se sum\u00f3 a la pena de Carmen Medel funcionaria y su familia, y exigi\u00f3 justicia.<\/p>\n<p><strong>A continuaci\u00f3n el comunicado:<\/strong><\/p>\n<p>\u201cExpresa su mayor indignaci\u00f3n y dolor por el repugnante asesinato de nuestra estudiante Valeria Mariann Cruz Medel, perpetrado hoy en Ciudad Mendoza.<\/p>\n<p>\u201cAl tiempo que abrazamos con la mayor solidaridad a la diputada Carmen Medel Palma, madre de la v\u00edctima, nos unimos con la comunidad universitaria y la sociedad Veracruzana en el repudio categ\u00f3rico a este crimen y al clima de barbarie que nuevamente lastima el coraz\u00f3n de la vida universitaria y de Veracruz.<\/p>\n<p>\u201cLa Universidad no claudica en su exigencia de justicia expedita y eficiente ante este y todos los cr\u00edmenes que han lesionado profundamente nuestro tejido social\u201d.<\/p>\n<p><strong>\u201cCOBARDE Y ARTERO\u201d<\/strong><\/p>\n<p>El Gobierno de Veracruz conden\u00f3 el \u201ccobarde y artero crimen\u201d, y\u00a0expres\u00f3 sus m\u00e1s sentidas y sinceras condolencias a toda su apreciable familia.<\/p>\n<blockquote>\n<p>El Gobernador Miguel \u00c1ngel Yunes Linares\u00a0suspendi\u00f3 la gira que llevaba a cabo y convoc\u00f3 a reuni\u00f3n a los Secretarios de Gobierno, Seguridad P\u00fablica y al Fiscal General del Estado, con quienes se encuentra en el Palacio de Gobierno en Xalapa, informaron autoridades.<\/p>\n<\/blockquote>\n<p>Yunes tambi\u00e9n llam\u00f3\u00a0al encargado de la Procuradur\u00eda General de la Rep\u00fablica (PGR), para solicitar su apoyo en el esclarecimiento de los hechos y en la detenci\u00f3n del o los responsables.<\/p>\n<blockquote>\n<p>\u201cSe integr\u00f3 un equipo especial encabezado por el titular de la Polic\u00eda Ministerial y el Fiscal Regional, quienes ya se encuentran en Ciudad Mendoza investigando este artero crimen\u201d, asegur\u00f3 la autoridad.<\/p>\n<p>Por su parte, la Comisi\u00f3n Nacional de los Derechos Humanos (CNDH) hizo un llamado a las\u00a0autoridades correspondientes [comandadas por el panista Yunes] a que se otorguen las debidas medidas de protecci\u00f3n a la legisladora y a sus familiares, y se les d\u00e9 la contenci\u00f3n emocional que sea necesaria.<\/p>\n<blockquote>\n<p>\u201cLa CNDH demanda de las autoridades la articulaci\u00f3n de esfuerzos para llevar a cabo una investigaci\u00f3n pronta, objetiva e integral de ese delito, a efecto de que los responsables respondan de sus actos conforme a derecho proceda y se evite que dicho homicidio quede en la impunidad.<\/p>\n<\/blockquote>\n<p>\u201cLa Comisi\u00f3n Nacional de los Derechos Humanos observar\u00e1 con atenci\u00f3n el desarrollo de la investigaci\u00f3n correspondiente\u201d.<\/p>\n<p>Mart\u00ed Batres Guadarrama, presidente del Senado de la Rep\u00fablica, plante\u00f3 desde su cuenta de Twitter: \u201cEn el @senadomexicano expresamos nuestra solidaridad con la diputada Carmen Medel Palma, ante el asesinato de su hija. Condenamos la violencia y manifestamos nuestra convicci\u00f3n y esperanza de que M\u00e9xico recupere la paz\u201d.<\/p>\n<p><strong>MEDEL RECIBE LA NOTICIA<\/strong><\/p>\n<p>La Diputada del Movimiento de Regeneraci\u00f3n Nacional (Morena), Carmen Medel, del Distrito 14 de Veracruz, fue informada durante la sesi\u00f3n que su hija fue asesinada. El hecho provoc\u00f3 que los trabajos fueran suspendidos por unos minutos.<\/p>\n<blockquote>\n<p>El hecho ocurri\u00f3 mientras el legislador del Partido del Trabajo (PT), Angel Benjam\u00edn Robles, realizaba su intervenci\u00f3n. Al recibir la noticia, la legisladora rompi\u00f3 en llanto, por lo que sus compa\u00f1eros de fracci\u00f3n intentaron calmarla. Al no lograrlo, el presidente en funciones, Marco Antonio Adame, solicit\u00f3 un receso de la sesi\u00f3n.<\/p>\n<\/blockquote>\n<p>El presidente de la C\u00e1mara de Diputados, Porfirio Mu\u00f1oz Ledo, advirti\u00f3 que se responder\u00e1 lo conducente por las v\u00edas pol\u00edtica, jur\u00eddica y por la solidaridad humana.<\/p>\n<p>El Senador Ricardo Monreal \u00c1vila exigi\u00f3 desde la tribuna de la C\u00e1mara Alta a los gobiernos de Veracruz y al federal el esclarecimiento del asesinato de la hija de Carmen Medel. \u201cLe expresamos nuestro m\u00e1s sentido p\u00e9same, nuestras condolencia y nuestra tristeza a la Diputada Carmen. Que descanse en paz su hija\u201d, expuso el legislador zacatecano.<\/p>\n<p>Mario Delgado Carrillo, coordinador de Morena en la C\u00e1mara de Diputados, envi\u00f3 en nombre de esa bancada sus condolencias a la Diputada Medel.<\/p>\n<p>\u201cNos duele mucho lo que le pasa a la familia Cruz Medel en estos momentos. Y tambi\u00e9n nos llena de indignaci\u00f3n, de coraje, de impotencia que vive Veracruz y muchas partes del pa\u00eds. Condenamos este lamentable hecho y todos los que ocurren en muchas partes del territorio nacional\u201d, a\u00f1adi\u00f3 en la C\u00e1mara Baja.<\/p>\n<p>Se reconoce, dijo, la urgente necesidad de frenar la violencia y pacificar el pa\u00eds, y exigi\u00f3 en este caso, y en todos, que haya justicia.<\/p>\n<p><img loading=\"lazy\" decoding=\"async\" class=\"alignnone wp-image-3495397 size-full\" src=\"https:\/\/www.sinembargo.mx\/wp-content\/uploads\/2018\/11\/asesinato-hija-diputada-700-1.jpg\" alt=\"\" width=\"700\" height=\"3017\" \/><\/p>\n<\/blockquote>\n<\/blockquote>\n","protected":false},"excerpt":{"rendered":"<p>\u201cEl autor material est\u00e1 muerto\u201d: Yunes; \u201ciban por otra mujer y asesinaron a Valeria Medel\u201d, dice<br \/>\nPor Redacci\u00f3n QP<\/p>\n","protected":false},"author":2,"featured_media":8802,"comment_status":"open","ping_status":"open","sticky":false,"template":"","format":"standard","meta":{"_monsterinsights_skip_tracking":false,"_monsterinsights_sitenote_active":false,"_monsterinsights_sitenote_note":"","_monsterinsights_sitenote_category":0,"footnotes":""},"categories":[2],"tags":[],"class_list":["post-8803","post","type-post","status-publish","format-standard","has-post-thumbnail","hentry","category-noticias"],"yoast_head":"<!-- This site is optimized with the Yoast SEO plugin v27.3 - https:\/\/yoast.com\/product\/yoast-seo-wordpress\/ -->\n<title>\u201cEl autor material est\u00e1 muerto\u201d: Yunes; \u201ciban por otra mujer y asesinaron a Valeria Medel\u201d, dice -<\/title>\n<meta name=\"robots\" content=\"index, follow, max-snippet:-1, max-image-preview:large, max-video-preview:-1\" \/>\n<link rel=\"canonical\" href=\"https:\/\/quehacerpolitico.mx\/?p=8803\" \/>\n<meta property=\"og:locale\" content=\"es_MX\" \/>\n<meta property=\"og:type\" content=\"article\" \/>\n<meta property=\"og:title\" content=\"\u201cEl autor material est\u00e1 muerto\u201d: Yunes; \u201ciban por otra mujer y asesinaron a Valeria Medel\u201d, dice -\" \/>\n<meta property=\"og:description\" content=\"\u201cEl autor material est\u00e1 muerto\u201d: Yunes; \u201ciban por otra mujer y asesinaron a Valeria Medel\u201d, dice Por Redacci\u00f3n QP\" \/>\n<meta property=\"og:url\" content=\"https:\/\/quehacerpolitico.mx\/?p=8803\" \/>\n<meta property=\"article:published_time\" content=\"2018-11-09T04:48:35+00:00\" \/>\n<meta name=\"author\" content=\"Redacci\u00f3n QP\" \/>\n<meta name=\"twitter:card\" content=\"summary_large_image\" \/>\n<meta name=\"twitter:label1\" content=\"Escrito por\" \/>\n\t<meta name=\"twitter:data1\" content=\"Redacci\u00f3n QP\" \/>\n\t<meta name=\"twitter:label2\" content=\"Tiempo de lectura\" \/>\n\t<meta name=\"twitter:data2\" content=\"7 minutos\" \/>\n<script type=\"application\/ld+json\" class=\"yoast-schema-graph\">{\"@context\":\"https:\\\/\\\/schema.org\",\"@graph\":[{\"@type\":\"Article\",\"@id\":\"https:\\\/\\\/quehacerpolitico.mx\\\/?p=8803#article\",\"isPartOf\":{\"@id\":\"https:\\\/\\\/quehacerpolitico.mx\\\/?p=8803\"},\"author\":{\"name\":\"Redacci\u00f3n QP\",\"@id\":\"https:\\\/\\\/quehacerpolitico.mx\\\/#\\\/schema\\\/person\\\/496d8ad2d1d3f8036101dca7ee39e585\"},\"headline\":\"\u201cEl autor material est\u00e1 muerto\u201d: Yunes; \u201ciban por otra mujer y asesinaron a Valeria Medel\u201d, dice\",\"datePublished\":\"2018-11-09T04:48:35+00:00\",\"mainEntityOfPage\":{\"@id\":\"https:\\\/\\\/quehacerpolitico.mx\\\/?p=8803\"},\"wordCount\":1387,\"commentCount\":0,\"image\":{\"@id\":\"https:\\\/\\\/quehacerpolitico.mx\\\/?p=8803#primaryimage\"},\"thumbnailUrl\":\"\",\"articleSection\":[\"Noticias\"],\"inLanguage\":\"es\",\"potentialAction\":[{\"@type\":\"CommentAction\",\"name\":\"Comment\",\"target\":[\"https:\\\/\\\/quehacerpolitico.mx\\\/?p=8803#respond\"]}]},{\"@type\":\"WebPage\",\"@id\":\"https:\\\/\\\/quehacerpolitico.mx\\\/?p=8803\",\"url\":\"https:\\\/\\\/quehacerpolitico.mx\\\/?p=8803\",\"name\":\"\u201cEl autor material est\u00e1 muerto\u201d: Yunes; \u201ciban por otra mujer y asesinaron a Valeria Medel\u201d, dice -\",\"isPartOf\":{\"@id\":\"https:\\\/\\\/quehacerpolitico.mx\\\/#website\"},\"primaryImageOfPage\":{\"@id\":\"https:\\\/\\\/quehacerpolitico.mx\\\/?p=8803#primaryimage\"},\"image\":{\"@id\":\"https:\\\/\\\/quehacerpolitico.mx\\\/?p=8803#primaryimage\"},\"thumbnailUrl\":\"\",\"datePublished\":\"2018-11-09T04:48:35+00:00\",\"author\":{\"@id\":\"https:\\\/\\\/quehacerpolitico.mx\\\/#\\\/schema\\\/person\\\/496d8ad2d1d3f8036101dca7ee39e585\"},\"breadcrumb\":{\"@id\":\"https:\\\/\\\/quehacerpolitico.mx\\\/?p=8803#breadcrumb\"},\"inLanguage\":\"es\",\"potentialAction\":[{\"@type\":\"ReadAction\",\"target\":[\"https:\\\/\\\/quehacerpolitico.mx\\\/?p=8803\"]}]},{\"@type\":\"ImageObject\",\"inLanguage\":\"es\",\"@id\":\"https:\\\/\\\/quehacerpolitico.mx\\\/?p=8803#primaryimage\",\"url\":\"\",\"contentUrl\":\"\"},{\"@type\":\"BreadcrumbList\",\"@id\":\"https:\\\/\\\/quehacerpolitico.mx\\\/?p=8803#breadcrumb\",\"itemListElement\":[{\"@type\":\"ListItem\",\"position\":1,\"name\":\"Inicio\",\"item\":\"https:\\\/\\\/quehacerpolitico.mx\\\/\"},{\"@type\":\"ListItem\",\"position\":2,\"name\":\"\u201cEl autor material est\u00e1 muerto\u201d: Yunes; \u201ciban por otra mujer y asesinaron a Valeria Medel\u201d, dice\"}]},{\"@type\":\"WebSite\",\"@id\":\"https:\\\/\\\/quehacerpolitico.mx\\\/#website\",\"url\":\"https:\\\/\\\/quehacerpolitico.mx\\\/\",\"name\":\"\",\"description\":\"\",\"potentialAction\":[{\"@type\":\"SearchAction\",\"target\":{\"@type\":\"EntryPoint\",\"urlTemplate\":\"https:\\\/\\\/quehacerpolitico.mx\\\/?s={search_term_string}\"},\"query-input\":{\"@type\":\"PropertyValueSpecification\",\"valueRequired\":true,\"valueName\":\"search_term_string\"}}],\"inLanguage\":\"es\"},{\"@type\":\"Person\",\"@id\":\"https:\\\/\\\/quehacerpolitico.mx\\\/#\\\/schema\\\/person\\\/496d8ad2d1d3f8036101dca7ee39e585\",\"name\":\"Redacci\u00f3n QP\",\"image\":{\"@type\":\"ImageObject\",\"inLanguage\":\"es\",\"@id\":\"https:\\\/\\\/secure.gravatar.com\\\/avatar\\\/c7164ed6fdec453195284ad24a5ae5b6e1eed2b848477fa2a4787ba9adf39a41?s=96&d=mm&r=g\",\"url\":\"https:\\\/\\\/secure.gravatar.com\\\/avatar\\\/c7164ed6fdec453195284ad24a5ae5b6e1eed2b848477fa2a4787ba9adf39a41?s=96&d=mm&r=g\",\"contentUrl\":\"https:\\\/\\\/secure.gravatar.com\\\/avatar\\\/c7164ed6fdec453195284ad24a5ae5b6e1eed2b848477fa2a4787ba9adf39a41?s=96&d=mm&r=g\",\"caption\":\"Redacci\u00f3n QP\"},\"url\":\"https:\\\/\\\/quehacerpolitico.mx\\\/?author=2\"}]}<\/script>\n<!-- \/ Yoast SEO plugin. -->","yoast_head_json":{"title":"\u201cEl autor material est\u00e1 muerto\u201d: Yunes; \u201ciban por otra mujer y asesinaron a Valeria Medel\u201d, dice -","robots":{"index":"index","follow":"follow","max-snippet":"max-snippet:-1","max-image-preview":"max-image-preview:large","max-video-preview":"max-video-preview:-1"},"canonical":"https:\/\/quehacerpolitico.mx\/?p=8803","og_locale":"es_MX","og_type":"article","og_title":"\u201cEl autor material est\u00e1 muerto\u201d: Yunes; \u201ciban por otra mujer y asesinaron a Valeria Medel\u201d, dice -","og_description":"\u201cEl autor material est\u00e1 muerto\u201d: Yunes; \u201ciban por otra mujer y asesinaron a Valeria Medel\u201d, dice Por Redacci\u00f3n QP","og_url":"https:\/\/quehacerpolitico.mx\/?p=8803","article_published_time":"2018-11-09T04:48:35+00:00","author":"Redacci\u00f3n QP","twitter_card":"summary_large_image","twitter_misc":{"Escrito por":"Redacci\u00f3n QP","Tiempo de lectura":"7 minutos"},"schema":{"@context":"https:\/\/schema.org","@graph":[{"@type":"Article","@id":"https:\/\/quehacerpolitico.mx\/?p=8803#article","isPartOf":{"@id":"https:\/\/quehacerpolitico.mx\/?p=8803"},"author":{"name":"Redacci\u00f3n QP","@id":"https:\/\/quehacerpolitico.mx\/#\/schema\/person\/496d8ad2d1d3f8036101dca7ee39e585"},"headline":"\u201cEl autor material est\u00e1 muerto\u201d: Yunes; \u201ciban por otra mujer y asesinaron a Valeria Medel\u201d, dice","datePublished":"2018-11-09T04:48:35+00:00","mainEntityOfPage":{"@id":"https:\/\/quehacerpolitico.mx\/?p=8803"},"wordCount":1387,"commentCount":0,"image":{"@id":"https:\/\/quehacerpolitico.mx\/?p=8803#primaryimage"},"thumbnailUrl":"","articleSection":["Noticias"],"inLanguage":"es","potentialAction":[{"@type":"CommentAction","name":"Comment","target":["https:\/\/quehacerpolitico.mx\/?p=8803#respond"]}]},{"@type":"WebPage","@id":"https:\/\/quehacerpolitico.mx\/?p=8803","url":"https:\/\/quehacerpolitico.mx\/?p=8803","name":"\u201cEl autor material est\u00e1 muerto\u201d: Yunes; \u201ciban por otra mujer y asesinaron a Valeria Medel\u201d, dice -","isPartOf":{"@id":"https:\/\/quehacerpolitico.mx\/#website"},"primaryImageOfPage":{"@id":"https:\/\/quehacerpolitico.mx\/?p=8803#primaryimage"},"image":{"@id":"https:\/\/quehacerpolitico.mx\/?p=8803#primaryimage"},"thumbnailUrl":"","datePublished":"2018-11-09T04:48:35+00:00","author":{"@id":"https:\/\/quehacerpolitico.mx\/#\/schema\/person\/496d8ad2d1d3f8036101dca7ee39e585"},"breadcrumb":{"@id":"https:\/\/quehacerpolitico.mx\/?p=8803#breadcrumb"},"inLanguage":"es","potentialAction":[{"@type":"ReadAction","target":["https:\/\/quehacerpolitico.mx\/?p=8803"]}]},{"@type":"ImageObject","inLanguage":"es","@id":"https:\/\/quehacerpolitico.mx\/?p=8803#primaryimage","url":"","contentUrl":""},{"@type":"BreadcrumbList","@id":"https:\/\/quehacerpolitico.mx\/?p=8803#breadcrumb","itemListElement":[{"@type":"ListItem","position":1,"name":"Inicio","item":"https:\/\/quehacerpolitico.mx\/"},{"@type":"ListItem","position":2,"name":"\u201cEl autor material est\u00e1 muerto\u201d: Yunes; \u201ciban por otra mujer y asesinaron a Valeria Medel\u201d, dice"}]},{"@type":"WebSite","@id":"https:\/\/quehacerpolitico.mx\/#website","url":"https:\/\/quehacerpolitico.mx\/","name":"","description":"","potentialAction":[{"@type":"SearchAction","target":{"@type":"EntryPoint","urlTemplate":"https:\/\/quehacerpolitico.mx\/?s={search_term_string}"},"query-input":{"@type":"PropertyValueSpecification","valueRequired":true,"valueName":"search_term_string"}}],"inLanguage":"es"},{"@type":"Person","@id":"https:\/\/quehacerpolitico.mx\/#\/schema\/person\/496d8ad2d1d3f8036101dca7ee39e585","name":"Redacci\u00f3n QP","image":{"@type":"ImageObject","inLanguage":"es","@id":"https:\/\/secure.gravatar.com\/avatar\/c7164ed6fdec453195284ad24a5ae5b6e1eed2b848477fa2a4787ba9adf39a41?s=96&d=mm&r=g","url":"https:\/\/secure.gravatar.com\/avatar\/c7164ed6fdec453195284ad24a5ae5b6e1eed2b848477fa2a4787ba9adf39a41?s=96&d=mm&r=g","contentUrl":"https:\/\/secure.gravatar.com\/avatar\/c7164ed6fdec453195284ad24a5ae5b6e1eed2b848477fa2a4787ba9adf39a41?s=96&d=mm&r=g","caption":"Redacci\u00f3n QP"},"url":"https:\/\/quehacerpolitico.mx\/?author=2"}]}},"featured_image_urls":{"full":"","thumbnail":"","medium":"","medium_large":"","large":"","1536x1536":"","2048x2048":"","covernews-featured":"","covernews-medium":""},"author_info":{"display_name":"Redacci\u00f3n QP","author_link":"https:\/\/quehacerpolitico.mx\/?author=2"},"category_info":"<a href=\"https:\/\/quehacerpolitico.mx\/?cat=2\" rel=\"category\">Noticias<\/a>","tag_info":"Noticias","comment_count":"0","_links":{"self":[{"href":"https:\/\/quehacerpolitico.mx\/index.php?rest_route=\/wp\/v2\/posts\/8803","targetHints":{"allow":["GET"]}}],"collection":[{"href":"https:\/\/quehacerpolitico.mx\/index.php?rest_route=\/wp\/v2\/posts"}],"about":[{"href":"https:\/\/quehacerpolitico.mx\/index.php?rest_route=\/wp\/v2\/types\/post"}],"author":[{"embeddable":true,"href":"https:\/\/quehacerpolitico.mx\/index.php?rest_route=\/wp\/v2\/users\/2"}],"replies":[{"embeddable":true,"href":"https:\/\/quehacerpolitico.mx\/index.php?rest_route=%2Fwp%2Fv2%2Fcomments&post=8803"}],"version-history":[{"count":0,"href":"https:\/\/quehacerpolitico.mx\/index.php?rest_route=\/wp\/v2\/posts\/8803\/revisions"}],"wp:featuredmedia":[{"embeddable":true,"href":"https:\/\/quehacerpolitico.mx\/index.php?rest_route=\/"}],"wp:attachment":[{"href":"https:\/\/quehacerpolitico.mx\/index.php?rest_route=%2Fwp%2Fv2%2Fmedia&parent=8803"}],"wp:term":[{"taxonomy":"category","embeddable":true,"href":"https:\/\/quehacerpolitico.mx\/index.php?rest_route=%2Fwp%2Fv2%2Fcategories&post=8803"},{"taxonomy":"post_tag","embeddable":true,"href":"https:\/\/quehacerpolitico.mx\/index.php?rest_route=%2Fwp%2Fv2%2Ftags&post=8803"}],"curies":[{"name":"wp","href":"https:\/\/api.w.org\/{rel}","templated":true}]}}