{"id":88025,"date":"2022-01-06T05:50:55","date_gmt":"2022-01-06T05:50:55","guid":{"rendered":"https:\/\/quehacerpolitico.mx\/?p=88025"},"modified":"2022-01-06T05:50:57","modified_gmt":"2022-01-06T05:50:57","slug":"se-crean-846-mil-empleos-formales-en-2021-es-una-cifra-recordimss","status":"publish","type":"post","link":"https:\/\/quehacerpolitico.mx\/?p=88025","title":{"rendered":"Se crean 846 mil empleos formales en 2021; es una cifra r\u00e9cord:IMSS"},"content":{"rendered":"\n<p>Por Redacci\u00f3n QP<\/p>\n\n\n\n<p>Hasta el pasado 31 de diciembre de 2021 se registraron ante el IMSS 20 millones 620 mil 148 puestos de trabajo<\/p>\n\n\n\n<p><strong>M\u00e9xico tuvo un incremento de 846 mil 416 plazas de trabajo formales<\/strong>, seg\u00fan datos del Instituto Mexicano del Seguro Social (IMSS).<\/p>\n\n\n\n<p>Esta cifra rompe r\u00e9cord porque\u00a0<strong>marca el aumento m\u00e1s alto en toda la historia del IMSS<\/strong>\u00a0y tambi\u00e9n representa una tasa anual de 4.3 por ciento.<\/p>\n\n\n\n<p><strong>Hasta el pasado 31 de diciembre de 2021 se registraron ante el IMSS 20 millones 620 mil 148 puestos de trabajo<\/strong>; de estos, el 87.0% son permanentes y el 13.0% son eventuales.<\/p>\n\n\n\n<p>Como sucede cada fin de a\u00f1o,\u00a0<strong>durante diciembre de 2021, se registr\u00f3 una ca\u00edda mensual de 312 mil 902 puestos registrados ante el IMSS<\/strong>, equivalente a una tasa mensual de -1.5 por ciento.<\/p>\n\n\n\n<p><strong>Por segundo a\u00f1o consecutivo se mantiene la tendencia de presentar las menores disminuciones del empleo en diciembre<\/strong>. La disminuci\u00f3n de poco menos de 313 mil puestos es el segundo dato m\u00e1s favorable en t\u00e9rminos absolutos desde 2016 y en t\u00e9rminos relativos desde el 2015.<\/p>\n\n\n\n<p>Por otro lado, a pesar de la disminuci\u00f3n observada en diciembre, el n\u00famero de puestos de trabajo se mantiene por arriba del nivel previo al inicio de la pandemia, de 20 millones 613 mil 536 puestos.<\/p>\n\n\n\n<p>Con Informaci\u00f3n de SUN <\/p>\n","protected":false},"excerpt":{"rendered":"<p>Por Redacci\u00f3n QP Hasta el pasado 31 de diciembre de 2021 se registraron ante el&#8230;<\/p>\n","protected":false},"author":2,"featured_media":88026,"comment_status":"open","ping_status":"open","sticky":false,"template":"","format":"standard","meta":{"_monsterinsights_skip_tracking":false,"_monsterinsights_sitenote_active":false,"_monsterinsights_sitenote_note":"","_monsterinsights_sitenote_category":0,"footnotes":""},"categories":[56],"tags":[],"class_list":["post-88025","post","type-post","status-publish","format-standard","has-post-thumbnail","hentry","category-economia"],"yoast_head":"<!-- This site is optimized with the Yoast SEO plugin v27.3 - https:\/\/yoast.com\/product\/yoast-seo-wordpress\/ -->\n<title>Se crean 846 mil empleos formales en 2021; es una cifra r\u00e9cord:IMSS -<\/title>\n<meta name=\"robots\" content=\"index, follow, max-snippet:-1, max-image-preview:large, max-video-preview:-1\" \/>\n<link rel=\"canonical\" href=\"https:\/\/quehacerpolitico.mx\/?p=88025\" \/>\n<meta property=\"og:locale\" content=\"es_MX\" \/>\n<meta property=\"og:type\" content=\"article\" \/>\n<meta property=\"og:title\" content=\"Se crean 846 mil empleos formales en 2021; es una cifra r\u00e9cord:IMSS -\" \/>\n<meta property=\"og:description\" content=\"Por Redacci\u00f3n QP Hasta el pasado 31 de diciembre de 2021 se registraron ante el...\" \/>\n<meta property=\"og:url\" content=\"https:\/\/quehacerpolitico.mx\/?p=88025\" \/>\n<meta property=\"article:published_time\" content=\"2022-01-06T05:50:55+00:00\" \/>\n<meta property=\"article:modified_time\" content=\"2022-01-06T05:50:57+00:00\" \/>\n<meta property=\"og:image\" content=\"https:\/\/quehacerpolitico.mx\/wp-content\/uploads\/2022\/01\/1D8F1CC0-B19E-4966-B5D2-C8A289E7988E.jpeg\" \/>\n\t<meta property=\"og:image:width\" content=\"630\" \/>\n\t<meta property=\"og:image:height\" content=\"330\" \/>\n\t<meta property=\"og:image:type\" content=\"image\/jpeg\" \/>\n<meta name=\"author\" content=\"Redacci\u00f3n QP\" \/>\n<meta name=\"twitter:card\" content=\"summary_large_image\" \/>\n<meta name=\"twitter:label1\" content=\"Escrito por\" \/>\n\t<meta name=\"twitter:data1\" content=\"Redacci\u00f3n QP\" \/>\n\t<meta name=\"twitter:label2\" content=\"Tiempo de lectura\" \/>\n\t<meta name=\"twitter:data2\" content=\"1 minuto\" \/>\n<script type=\"application\/ld+json\" class=\"yoast-schema-graph\">{\"@context\":\"https:\\\/\\\/schema.org\",\"@graph\":[{\"@type\":\"Article\",\"@id\":\"https:\\\/\\\/quehacerpolitico.mx\\\/?p=88025#article\",\"isPartOf\":{\"@id\":\"https:\\\/\\\/quehacerpolitico.mx\\\/?p=88025\"},\"author\":{\"name\":\"Redacci\u00f3n QP\",\"@id\":\"https:\\\/\\\/quehacerpolitico.mx\\\/#\\\/schema\\\/person\\\/496d8ad2d1d3f8036101dca7ee39e585\"},\"headline\":\"Se crean 846 mil empleos formales en 2021; es una cifra r\u00e9cord:IMSS\",\"datePublished\":\"2022-01-06T05:50:55+00:00\",\"dateModified\":\"2022-01-06T05:50:57+00:00\",\"mainEntityOfPage\":{\"@id\":\"https:\\\/\\\/quehacerpolitico.mx\\\/?p=88025\"},\"wordCount\":224,\"commentCount\":0,\"image\":{\"@id\":\"https:\\\/\\\/quehacerpolitico.mx\\\/?p=88025#primaryimage\"},\"thumbnailUrl\":\"https:\\\/\\\/quehacerpolitico.mx\\\/wp-content\\\/uploads\\\/2022\\\/01\\\/1D8F1CC0-B19E-4966-B5D2-C8A289E7988E.jpeg\",\"articleSection\":[\"Econom\u00eda\"],\"inLanguage\":\"es\",\"potentialAction\":[{\"@type\":\"CommentAction\",\"name\":\"Comment\",\"target\":[\"https:\\\/\\\/quehacerpolitico.mx\\\/?p=88025#respond\"]}]},{\"@type\":\"WebPage\",\"@id\":\"https:\\\/\\\/quehacerpolitico.mx\\\/?p=88025\",\"url\":\"https:\\\/\\\/quehacerpolitico.mx\\\/?p=88025\",\"name\":\"Se crean 846 mil empleos formales en 2021; es una cifra r\u00e9cord:IMSS -\",\"isPartOf\":{\"@id\":\"https:\\\/\\\/quehacerpolitico.mx\\\/#website\"},\"primaryImageOfPage\":{\"@id\":\"https:\\\/\\\/quehacerpolitico.mx\\\/?p=88025#primaryimage\"},\"image\":{\"@id\":\"https:\\\/\\\/quehacerpolitico.mx\\\/?p=88025#primaryimage\"},\"thumbnailUrl\":\"https:\\\/\\\/quehacerpolitico.mx\\\/wp-content\\\/uploads\\\/2022\\\/01\\\/1D8F1CC0-B19E-4966-B5D2-C8A289E7988E.jpeg\",\"datePublished\":\"2022-01-06T05:50:55+00:00\",\"dateModified\":\"2022-01-06T05:50:57+00:00\",\"author\":{\"@id\":\"https:\\\/\\\/quehacerpolitico.mx\\\/#\\\/schema\\\/person\\\/496d8ad2d1d3f8036101dca7ee39e585\"},\"breadcrumb\":{\"@id\":\"https:\\\/\\\/quehacerpolitico.mx\\\/?p=88025#breadcrumb\"},\"inLanguage\":\"es\",\"potentialAction\":[{\"@type\":\"ReadAction\",\"target\":[\"https:\\\/\\\/quehacerpolitico.mx\\\/?p=88025\"]}]},{\"@type\":\"ImageObject\",\"inLanguage\":\"es\",\"@id\":\"https:\\\/\\\/quehacerpolitico.mx\\\/?p=88025#primaryimage\",\"url\":\"https:\\\/\\\/quehacerpolitico.mx\\\/wp-content\\\/uploads\\\/2022\\\/01\\\/1D8F1CC0-B19E-4966-B5D2-C8A289E7988E.jpeg\",\"contentUrl\":\"https:\\\/\\\/quehacerpolitico.mx\\\/wp-content\\\/uploads\\\/2022\\\/01\\\/1D8F1CC0-B19E-4966-B5D2-C8A289E7988E.jpeg\",\"width\":630,\"height\":330},{\"@type\":\"BreadcrumbList\",\"@id\":\"https:\\\/\\\/quehacerpolitico.mx\\\/?p=88025#breadcrumb\",\"itemListElement\":[{\"@type\":\"ListItem\",\"position\":1,\"name\":\"Inicio\",\"item\":\"https:\\\/\\\/quehacerpolitico.mx\\\/\"},{\"@type\":\"ListItem\",\"position\":2,\"name\":\"Se crean 846 mil empleos formales en 2021; es una cifra r\u00e9cord:IMSS\"}]},{\"@type\":\"WebSite\",\"@id\":\"https:\\\/\\\/quehacerpolitico.mx\\\/#website\",\"url\":\"https:\\\/\\\/quehacerpolitico.mx\\\/\",\"name\":\"\",\"description\":\"\",\"potentialAction\":[{\"@type\":\"SearchAction\",\"target\":{\"@type\":\"EntryPoint\",\"urlTemplate\":\"https:\\\/\\\/quehacerpolitico.mx\\\/?s={search_term_string}\"},\"query-input\":{\"@type\":\"PropertyValueSpecification\",\"valueRequired\":true,\"valueName\":\"search_term_string\"}}],\"inLanguage\":\"es\"},{\"@type\":\"Person\",\"@id\":\"https:\\\/\\\/quehacerpolitico.mx\\\/#\\\/schema\\\/person\\\/496d8ad2d1d3f8036101dca7ee39e585\",\"name\":\"Redacci\u00f3n QP\",\"image\":{\"@type\":\"ImageObject\",\"inLanguage\":\"es\",\"@id\":\"https:\\\/\\\/secure.gravatar.com\\\/avatar\\\/c7164ed6fdec453195284ad24a5ae5b6e1eed2b848477fa2a4787ba9adf39a41?s=96&d=mm&r=g\",\"url\":\"https:\\\/\\\/secure.gravatar.com\\\/avatar\\\/c7164ed6fdec453195284ad24a5ae5b6e1eed2b848477fa2a4787ba9adf39a41?s=96&d=mm&r=g\",\"contentUrl\":\"https:\\\/\\\/secure.gravatar.com\\\/avatar\\\/c7164ed6fdec453195284ad24a5ae5b6e1eed2b848477fa2a4787ba9adf39a41?s=96&d=mm&r=g\",\"caption\":\"Redacci\u00f3n QP\"},\"url\":\"https:\\\/\\\/quehacerpolitico.mx\\\/?author=2\"}]}<\/script>\n<!-- \/ Yoast SEO plugin. -->","yoast_head_json":{"title":"Se crean 846 mil empleos formales en 2021; es una cifra r\u00e9cord:IMSS -","robots":{"index":"index","follow":"follow","max-snippet":"max-snippet:-1","max-image-preview":"max-image-preview:large","max-video-preview":"max-video-preview:-1"},"canonical":"https:\/\/quehacerpolitico.mx\/?p=88025","og_locale":"es_MX","og_type":"article","og_title":"Se crean 846 mil empleos formales en 2021; es una cifra r\u00e9cord:IMSS -","og_description":"Por Redacci\u00f3n QP Hasta el pasado 31 de diciembre de 2021 se registraron ante el...","og_url":"https:\/\/quehacerpolitico.mx\/?p=88025","article_published_time":"2022-01-06T05:50:55+00:00","article_modified_time":"2022-01-06T05:50:57+00:00","og_image":[{"width":630,"height":330,"url":"https:\/\/quehacerpolitico.mx\/wp-content\/uploads\/2022\/01\/1D8F1CC0-B19E-4966-B5D2-C8A289E7988E.jpeg","type":"image\/jpeg"}],"author":"Redacci\u00f3n QP","twitter_card":"summary_large_image","twitter_misc":{"Escrito por":"Redacci\u00f3n QP","Tiempo de lectura":"1 minuto"},"schema":{"@context":"https:\/\/schema.org","@graph":[{"@type":"Article","@id":"https:\/\/quehacerpolitico.mx\/?p=88025#article","isPartOf":{"@id":"https:\/\/quehacerpolitico.mx\/?p=88025"},"author":{"name":"Redacci\u00f3n QP","@id":"https:\/\/quehacerpolitico.mx\/#\/schema\/person\/496d8ad2d1d3f8036101dca7ee39e585"},"headline":"Se crean 846 mil empleos formales en 2021; es una cifra r\u00e9cord:IMSS","datePublished":"2022-01-06T05:50:55+00:00","dateModified":"2022-01-06T05:50:57+00:00","mainEntityOfPage":{"@id":"https:\/\/quehacerpolitico.mx\/?p=88025"},"wordCount":224,"commentCount":0,"image":{"@id":"https:\/\/quehacerpolitico.mx\/?p=88025#primaryimage"},"thumbnailUrl":"https:\/\/quehacerpolitico.mx\/wp-content\/uploads\/2022\/01\/1D8F1CC0-B19E-4966-B5D2-C8A289E7988E.jpeg","articleSection":["Econom\u00eda"],"inLanguage":"es","potentialAction":[{"@type":"CommentAction","name":"Comment","target":["https:\/\/quehacerpolitico.mx\/?p=88025#respond"]}]},{"@type":"WebPage","@id":"https:\/\/quehacerpolitico.mx\/?p=88025","url":"https:\/\/quehacerpolitico.mx\/?p=88025","name":"Se crean 846 mil empleos formales en 2021; es una cifra r\u00e9cord:IMSS -","isPartOf":{"@id":"https:\/\/quehacerpolitico.mx\/#website"},"primaryImageOfPage":{"@id":"https:\/\/quehacerpolitico.mx\/?p=88025#primaryimage"},"image":{"@id":"https:\/\/quehacerpolitico.mx\/?p=88025#primaryimage"},"thumbnailUrl":"https:\/\/quehacerpolitico.mx\/wp-content\/uploads\/2022\/01\/1D8F1CC0-B19E-4966-B5D2-C8A289E7988E.jpeg","datePublished":"2022-01-06T05:50:55+00:00","dateModified":"2022-01-06T05:50:57+00:00","author":{"@id":"https:\/\/quehacerpolitico.mx\/#\/schema\/person\/496d8ad2d1d3f8036101dca7ee39e585"},"breadcrumb":{"@id":"https:\/\/quehacerpolitico.mx\/?p=88025#breadcrumb"},"inLanguage":"es","potentialAction":[{"@type":"ReadAction","target":["https:\/\/quehacerpolitico.mx\/?p=88025"]}]},{"@type":"ImageObject","inLanguage":"es","@id":"https:\/\/quehacerpolitico.mx\/?p=88025#primaryimage","url":"https:\/\/quehacerpolitico.mx\/wp-content\/uploads\/2022\/01\/1D8F1CC0-B19E-4966-B5D2-C8A289E7988E.jpeg","contentUrl":"https:\/\/quehacerpolitico.mx\/wp-content\/uploads\/2022\/01\/1D8F1CC0-B19E-4966-B5D2-C8A289E7988E.jpeg","width":630,"height":330},{"@type":"BreadcrumbList","@id":"https:\/\/quehacerpolitico.mx\/?p=88025#breadcrumb","itemListElement":[{"@type":"ListItem","position":1,"name":"Inicio","item":"https:\/\/quehacerpolitico.mx\/"},{"@type":"ListItem","position":2,"name":"Se crean 846 mil empleos formales en 2021; es una cifra r\u00e9cord:IMSS"}]},{"@type":"WebSite","@id":"https:\/\/quehacerpolitico.mx\/#website","url":"https:\/\/quehacerpolitico.mx\/","name":"","description":"","potentialAction":[{"@type":"SearchAction","target":{"@type":"EntryPoint","urlTemplate":"https:\/\/quehacerpolitico.mx\/?s={search_term_string}"},"query-input":{"@type":"PropertyValueSpecification","valueRequired":true,"valueName":"search_term_string"}}],"inLanguage":"es"},{"@type":"Person","@id":"https:\/\/quehacerpolitico.mx\/#\/schema\/person\/496d8ad2d1d3f8036101dca7ee39e585","name":"Redacci\u00f3n QP","image":{"@type":"ImageObject","inLanguage":"es","@id":"https:\/\/secure.gravatar.com\/avatar\/c7164ed6fdec453195284ad24a5ae5b6e1eed2b848477fa2a4787ba9adf39a41?s=96&d=mm&r=g","url":"https:\/\/secure.gravatar.com\/avatar\/c7164ed6fdec453195284ad24a5ae5b6e1eed2b848477fa2a4787ba9adf39a41?s=96&d=mm&r=g","contentUrl":"https:\/\/secure.gravatar.com\/avatar\/c7164ed6fdec453195284ad24a5ae5b6e1eed2b848477fa2a4787ba9adf39a41?s=96&d=mm&r=g","caption":"Redacci\u00f3n QP"},"url":"https:\/\/quehacerpolitico.mx\/?author=2"}]}},"featured_image_urls":{"full":["https:\/\/quehacerpolitico.mx\/wp-content\/uploads\/2022\/01\/1D8F1CC0-B19E-4966-B5D2-C8A289E7988E.jpeg",630,330,false],"thumbnail":["https:\/\/quehacerpolitico.mx\/wp-content\/uploads\/2022\/01\/1D8F1CC0-B19E-4966-B5D2-C8A289E7988E-150x150.jpeg",150,150,true],"medium":["https:\/\/quehacerpolitico.mx\/wp-content\/uploads\/2022\/01\/1D8F1CC0-B19E-4966-B5D2-C8A289E7988E-300x157.jpeg",300,157,true],"medium_large":["https:\/\/quehacerpolitico.mx\/wp-content\/uploads\/2022\/01\/1D8F1CC0-B19E-4966-B5D2-C8A289E7988E.jpeg",630,330,false],"large":["https:\/\/quehacerpolitico.mx\/wp-content\/uploads\/2022\/01\/1D8F1CC0-B19E-4966-B5D2-C8A289E7988E.jpeg",630,330,false],"1536x1536":["https:\/\/quehacerpolitico.mx\/wp-content\/uploads\/2022\/01\/1D8F1CC0-B19E-4966-B5D2-C8A289E7988E.jpeg",630,330,false],"2048x2048":["https:\/\/quehacerpolitico.mx\/wp-content\/uploads\/2022\/01\/1D8F1CC0-B19E-4966-B5D2-C8A289E7988E.jpeg",630,330,false],"covernews-featured":["https:\/\/quehacerpolitico.mx\/wp-content\/uploads\/2022\/01\/1D8F1CC0-B19E-4966-B5D2-C8A289E7988E.jpeg",630,330,false],"covernews-medium":["https:\/\/quehacerpolitico.mx\/wp-content\/uploads\/2022\/01\/1D8F1CC0-B19E-4966-B5D2-C8A289E7988E.jpeg",540,283,false]},"author_info":{"display_name":"Redacci\u00f3n QP","author_link":"https:\/\/quehacerpolitico.mx\/?author=2"},"category_info":"<a href=\"https:\/\/quehacerpolitico.mx\/?cat=56\" rel=\"category\">Econom\u00eda<\/a>","tag_info":"Econom\u00eda","comment_count":"0","_links":{"self":[{"href":"https:\/\/quehacerpolitico.mx\/index.php?rest_route=\/wp\/v2\/posts\/88025","targetHints":{"allow":["GET"]}}],"collection":[{"href":"https:\/\/quehacerpolitico.mx\/index.php?rest_route=\/wp\/v2\/posts"}],"about":[{"href":"https:\/\/quehacerpolitico.mx\/index.php?rest_route=\/wp\/v2\/types\/post"}],"author":[{"embeddable":true,"href":"https:\/\/quehacerpolitico.mx\/index.php?rest_route=\/wp\/v2\/users\/2"}],"replies":[{"embeddable":true,"href":"https:\/\/quehacerpolitico.mx\/index.php?rest_route=%2Fwp%2Fv2%2Fcomments&post=88025"}],"version-history":[{"count":1,"href":"https:\/\/quehacerpolitico.mx\/index.php?rest_route=\/wp\/v2\/posts\/88025\/revisions"}],"predecessor-version":[{"id":88027,"href":"https:\/\/quehacerpolitico.mx\/index.php?rest_route=\/wp\/v2\/posts\/88025\/revisions\/88027"}],"wp:featuredmedia":[{"embeddable":true,"href":"https:\/\/quehacerpolitico.mx\/index.php?rest_route=\/wp\/v2\/media\/88026"}],"wp:attachment":[{"href":"https:\/\/quehacerpolitico.mx\/index.php?rest_route=%2Fwp%2Fv2%2Fmedia&parent=88025"}],"wp:term":[{"taxonomy":"category","embeddable":true,"href":"https:\/\/quehacerpolitico.mx\/index.php?rest_route=%2Fwp%2Fv2%2Fcategories&post=88025"},{"taxonomy":"post_tag","embeddable":true,"href":"https:\/\/quehacerpolitico.mx\/index.php?rest_route=%2Fwp%2Fv2%2Ftags&post=88025"}],"curies":[{"name":"wp","href":"https:\/\/api.w.org\/{rel}","templated":true}]}}