{"id":88022,"date":"2022-01-06T05:41:08","date_gmt":"2022-01-06T05:41:08","guid":{"rendered":"https:\/\/quehacerpolitico.mx\/?p=88022"},"modified":"2022-01-06T05:41:11","modified_gmt":"2022-01-06T05:41:11","slug":"abierto-de-australia-niegan-entrada-a-djokovic-y-le-cancelan-la-visa","status":"publish","type":"post","link":"https:\/\/quehacerpolitico.mx\/?p=88022","title":{"rendered":"Abierto de Australia: Niegan entrada a Djokovic y le cancelan la visa"},"content":{"rendered":"\n<p>Por Redacci\u00f3n QP<\/p>\n\n\n\n<p>Las autoridades australianas negaron la entrada a Djokovic por\u00a0no presentar\u00a0evidencias adecuadas para cumplir los requisitos de ingreso<\/p>\n\n\n\n<p>La pol\u00e9mica en torno al caso del tenista serbio Novak Djoovic parece haber llegado a su fin, despu\u00e9s de que las autoridades fronterizas australianas le negaron la entrada al pa\u00edas y le cancelaron su visa tras su llegada a Melbourne para defender su t\u00edtulo en el primer Grand Slam del 2022.<\/p>\n\n\n\n<p><strong>La Fuerza Fronteriza Australiana emiti\u00f3 un comunicado en el que inform\u00f3 que Djokovic no present\u00f3 evidencias adecuadas para cumplir los requisitos de ingreso, y que &#8220;su visa ha sido cancelada en consecuencia&#8221;.<\/strong><\/p>\n\n\n\n<p>El nueve veces ganador del Abierto de Australia, primero del ranking\u00a0mundial, vol\u00f3 al pa\u00eds oce\u00e1nico luego de recibir una exenci\u00f3n m\u00e9dica respecto de los severos requisitos de vacunaci\u00f3n que se han implementado para el torneo.<\/p>\n\n\n\n<p><strong>Medios australianos informaron que el equipo de Djokovic hab\u00eda solicitado el tipo equivocado de visa.&nbsp;<\/strong><\/p>\n\n\n\n<p>Ello llev\u00f3 a que el presidente de Serbia dijera que el tenista, 20 veces ganador de torneos del Grand Slam, era v\u00edctima de un &#8220;hostigamiento&#8221; y fue forzado a pasar la noche en el Aeropuerto Tullamarine de Melbourne.<\/p>\n\n\n\n<p>La exenci\u00f3n m\u00e9dica fue expedida para permitir que Djokovic jugara sin importar su estatus de vacunaci\u00f3n contra el COVID-19, algo que no se ha precisado. Sin embargo, el tenista deb\u00eda cumplir todav\u00eda una serie de reglas fronterizas estrictas para entrar al pa\u00eds.<\/p>\n\n\n\n<p>Con Informaci\u00f3n de AP<\/p>\n","protected":false},"excerpt":{"rendered":"<p>Por Redacci\u00f3n QP Las autoridades australianas negaron la entrada a Djokovic por\u00a0no presentar\u00a0evidencias adecuadas para&#8230;<\/p>\n","protected":false},"author":2,"featured_media":88023,"comment_status":"open","ping_status":"open","sticky":false,"template":"","format":"standard","meta":{"_monsterinsights_skip_tracking":false,"_monsterinsights_sitenote_active":false,"_monsterinsights_sitenote_note":"","_monsterinsights_sitenote_category":0,"footnotes":""},"categories":[54],"tags":[],"class_list":["post-88022","post","type-post","status-publish","format-standard","has-post-thumbnail","hentry","category-deportes"],"yoast_head":"<!-- This site is optimized with the Yoast SEO plugin v27.3 - https:\/\/yoast.com\/product\/yoast-seo-wordpress\/ -->\n<title>Abierto de Australia: Niegan entrada a Djokovic y le cancelan la visa -<\/title>\n<meta name=\"robots\" content=\"index, follow, max-snippet:-1, max-image-preview:large, max-video-preview:-1\" \/>\n<link rel=\"canonical\" href=\"https:\/\/quehacerpolitico.mx\/?p=88022\" \/>\n<meta property=\"og:locale\" content=\"es_MX\" \/>\n<meta property=\"og:type\" content=\"article\" \/>\n<meta property=\"og:title\" content=\"Abierto de Australia: Niegan entrada a Djokovic y le cancelan la visa -\" \/>\n<meta property=\"og:description\" content=\"Por Redacci\u00f3n QP Las autoridades australianas negaron la entrada a Djokovic por\u00a0no presentar\u00a0evidencias adecuadas para...\" \/>\n<meta property=\"og:url\" content=\"https:\/\/quehacerpolitico.mx\/?p=88022\" \/>\n<meta property=\"article:published_time\" content=\"2022-01-06T05:41:08+00:00\" \/>\n<meta property=\"article:modified_time\" content=\"2022-01-06T05:41:11+00:00\" \/>\n<meta property=\"og:image\" content=\"https:\/\/quehacerpolitico.mx\/wp-content\/uploads\/2022\/01\/66E4CD7D-EE2C-43D2-BDA7-15A23075ED2C.jpeg\" \/>\n\t<meta property=\"og:image:width\" content=\"525\" \/>\n\t<meta property=\"og:image:height\" content=\"350\" \/>\n\t<meta property=\"og:image:type\" content=\"image\/jpeg\" \/>\n<meta name=\"author\" content=\"Redacci\u00f3n QP\" \/>\n<meta name=\"twitter:card\" content=\"summary_large_image\" \/>\n<meta name=\"twitter:label1\" content=\"Escrito por\" \/>\n\t<meta name=\"twitter:data1\" content=\"Redacci\u00f3n QP\" \/>\n\t<meta name=\"twitter:label2\" content=\"Tiempo de lectura\" \/>\n\t<meta name=\"twitter:data2\" content=\"1 minuto\" \/>\n<script type=\"application\/ld+json\" class=\"yoast-schema-graph\">{\"@context\":\"https:\\\/\\\/schema.org\",\"@graph\":[{\"@type\":\"Article\",\"@id\":\"https:\\\/\\\/quehacerpolitico.mx\\\/?p=88022#article\",\"isPartOf\":{\"@id\":\"https:\\\/\\\/quehacerpolitico.mx\\\/?p=88022\"},\"author\":{\"name\":\"Redacci\u00f3n QP\",\"@id\":\"https:\\\/\\\/quehacerpolitico.mx\\\/#\\\/schema\\\/person\\\/496d8ad2d1d3f8036101dca7ee39e585\"},\"headline\":\"Abierto de Australia: Niegan entrada a Djokovic y le cancelan la visa\",\"datePublished\":\"2022-01-06T05:41:08+00:00\",\"dateModified\":\"2022-01-06T05:41:11+00:00\",\"mainEntityOfPage\":{\"@id\":\"https:\\\/\\\/quehacerpolitico.mx\\\/?p=88022\"},\"wordCount\":270,\"commentCount\":0,\"image\":{\"@id\":\"https:\\\/\\\/quehacerpolitico.mx\\\/?p=88022#primaryimage\"},\"thumbnailUrl\":\"https:\\\/\\\/quehacerpolitico.mx\\\/wp-content\\\/uploads\\\/2022\\\/01\\\/66E4CD7D-EE2C-43D2-BDA7-15A23075ED2C.jpeg\",\"articleSection\":[\"Deportes\"],\"inLanguage\":\"es\",\"potentialAction\":[{\"@type\":\"CommentAction\",\"name\":\"Comment\",\"target\":[\"https:\\\/\\\/quehacerpolitico.mx\\\/?p=88022#respond\"]}]},{\"@type\":\"WebPage\",\"@id\":\"https:\\\/\\\/quehacerpolitico.mx\\\/?p=88022\",\"url\":\"https:\\\/\\\/quehacerpolitico.mx\\\/?p=88022\",\"name\":\"Abierto de Australia: Niegan entrada a Djokovic y le cancelan la visa -\",\"isPartOf\":{\"@id\":\"https:\\\/\\\/quehacerpolitico.mx\\\/#website\"},\"primaryImageOfPage\":{\"@id\":\"https:\\\/\\\/quehacerpolitico.mx\\\/?p=88022#primaryimage\"},\"image\":{\"@id\":\"https:\\\/\\\/quehacerpolitico.mx\\\/?p=88022#primaryimage\"},\"thumbnailUrl\":\"https:\\\/\\\/quehacerpolitico.mx\\\/wp-content\\\/uploads\\\/2022\\\/01\\\/66E4CD7D-EE2C-43D2-BDA7-15A23075ED2C.jpeg\",\"datePublished\":\"2022-01-06T05:41:08+00:00\",\"dateModified\":\"2022-01-06T05:41:11+00:00\",\"author\":{\"@id\":\"https:\\\/\\\/quehacerpolitico.mx\\\/#\\\/schema\\\/person\\\/496d8ad2d1d3f8036101dca7ee39e585\"},\"breadcrumb\":{\"@id\":\"https:\\\/\\\/quehacerpolitico.mx\\\/?p=88022#breadcrumb\"},\"inLanguage\":\"es\",\"potentialAction\":[{\"@type\":\"ReadAction\",\"target\":[\"https:\\\/\\\/quehacerpolitico.mx\\\/?p=88022\"]}]},{\"@type\":\"ImageObject\",\"inLanguage\":\"es\",\"@id\":\"https:\\\/\\\/quehacerpolitico.mx\\\/?p=88022#primaryimage\",\"url\":\"https:\\\/\\\/quehacerpolitico.mx\\\/wp-content\\\/uploads\\\/2022\\\/01\\\/66E4CD7D-EE2C-43D2-BDA7-15A23075ED2C.jpeg\",\"contentUrl\":\"https:\\\/\\\/quehacerpolitico.mx\\\/wp-content\\\/uploads\\\/2022\\\/01\\\/66E4CD7D-EE2C-43D2-BDA7-15A23075ED2C.jpeg\",\"width\":525,\"height\":350},{\"@type\":\"BreadcrumbList\",\"@id\":\"https:\\\/\\\/quehacerpolitico.mx\\\/?p=88022#breadcrumb\",\"itemListElement\":[{\"@type\":\"ListItem\",\"position\":1,\"name\":\"Inicio\",\"item\":\"https:\\\/\\\/quehacerpolitico.mx\\\/\"},{\"@type\":\"ListItem\",\"position\":2,\"name\":\"Abierto de Australia: Niegan entrada a Djokovic y le cancelan la visa\"}]},{\"@type\":\"WebSite\",\"@id\":\"https:\\\/\\\/quehacerpolitico.mx\\\/#website\",\"url\":\"https:\\\/\\\/quehacerpolitico.mx\\\/\",\"name\":\"\",\"description\":\"\",\"potentialAction\":[{\"@type\":\"SearchAction\",\"target\":{\"@type\":\"EntryPoint\",\"urlTemplate\":\"https:\\\/\\\/quehacerpolitico.mx\\\/?s={search_term_string}\"},\"query-input\":{\"@type\":\"PropertyValueSpecification\",\"valueRequired\":true,\"valueName\":\"search_term_string\"}}],\"inLanguage\":\"es\"},{\"@type\":\"Person\",\"@id\":\"https:\\\/\\\/quehacerpolitico.mx\\\/#\\\/schema\\\/person\\\/496d8ad2d1d3f8036101dca7ee39e585\",\"name\":\"Redacci\u00f3n QP\",\"image\":{\"@type\":\"ImageObject\",\"inLanguage\":\"es\",\"@id\":\"https:\\\/\\\/secure.gravatar.com\\\/avatar\\\/c7164ed6fdec453195284ad24a5ae5b6e1eed2b848477fa2a4787ba9adf39a41?s=96&d=mm&r=g\",\"url\":\"https:\\\/\\\/secure.gravatar.com\\\/avatar\\\/c7164ed6fdec453195284ad24a5ae5b6e1eed2b848477fa2a4787ba9adf39a41?s=96&d=mm&r=g\",\"contentUrl\":\"https:\\\/\\\/secure.gravatar.com\\\/avatar\\\/c7164ed6fdec453195284ad24a5ae5b6e1eed2b848477fa2a4787ba9adf39a41?s=96&d=mm&r=g\",\"caption\":\"Redacci\u00f3n QP\"},\"url\":\"https:\\\/\\\/quehacerpolitico.mx\\\/?author=2\"}]}<\/script>\n<!-- \/ Yoast SEO plugin. -->","yoast_head_json":{"title":"Abierto de Australia: Niegan entrada a Djokovic y le cancelan la visa -","robots":{"index":"index","follow":"follow","max-snippet":"max-snippet:-1","max-image-preview":"max-image-preview:large","max-video-preview":"max-video-preview:-1"},"canonical":"https:\/\/quehacerpolitico.mx\/?p=88022","og_locale":"es_MX","og_type":"article","og_title":"Abierto de Australia: Niegan entrada a Djokovic y le cancelan la visa -","og_description":"Por Redacci\u00f3n QP Las autoridades australianas negaron la entrada a Djokovic por\u00a0no presentar\u00a0evidencias adecuadas para...","og_url":"https:\/\/quehacerpolitico.mx\/?p=88022","article_published_time":"2022-01-06T05:41:08+00:00","article_modified_time":"2022-01-06T05:41:11+00:00","og_image":[{"width":525,"height":350,"url":"https:\/\/quehacerpolitico.mx\/wp-content\/uploads\/2022\/01\/66E4CD7D-EE2C-43D2-BDA7-15A23075ED2C.jpeg","type":"image\/jpeg"}],"author":"Redacci\u00f3n QP","twitter_card":"summary_large_image","twitter_misc":{"Escrito por":"Redacci\u00f3n QP","Tiempo de lectura":"1 minuto"},"schema":{"@context":"https:\/\/schema.org","@graph":[{"@type":"Article","@id":"https:\/\/quehacerpolitico.mx\/?p=88022#article","isPartOf":{"@id":"https:\/\/quehacerpolitico.mx\/?p=88022"},"author":{"name":"Redacci\u00f3n QP","@id":"https:\/\/quehacerpolitico.mx\/#\/schema\/person\/496d8ad2d1d3f8036101dca7ee39e585"},"headline":"Abierto de Australia: Niegan entrada a Djokovic y le cancelan la visa","datePublished":"2022-01-06T05:41:08+00:00","dateModified":"2022-01-06T05:41:11+00:00","mainEntityOfPage":{"@id":"https:\/\/quehacerpolitico.mx\/?p=88022"},"wordCount":270,"commentCount":0,"image":{"@id":"https:\/\/quehacerpolitico.mx\/?p=88022#primaryimage"},"thumbnailUrl":"https:\/\/quehacerpolitico.mx\/wp-content\/uploads\/2022\/01\/66E4CD7D-EE2C-43D2-BDA7-15A23075ED2C.jpeg","articleSection":["Deportes"],"inLanguage":"es","potentialAction":[{"@type":"CommentAction","name":"Comment","target":["https:\/\/quehacerpolitico.mx\/?p=88022#respond"]}]},{"@type":"WebPage","@id":"https:\/\/quehacerpolitico.mx\/?p=88022","url":"https:\/\/quehacerpolitico.mx\/?p=88022","name":"Abierto de Australia: Niegan entrada a Djokovic y le cancelan la visa -","isPartOf":{"@id":"https:\/\/quehacerpolitico.mx\/#website"},"primaryImageOfPage":{"@id":"https:\/\/quehacerpolitico.mx\/?p=88022#primaryimage"},"image":{"@id":"https:\/\/quehacerpolitico.mx\/?p=88022#primaryimage"},"thumbnailUrl":"https:\/\/quehacerpolitico.mx\/wp-content\/uploads\/2022\/01\/66E4CD7D-EE2C-43D2-BDA7-15A23075ED2C.jpeg","datePublished":"2022-01-06T05:41:08+00:00","dateModified":"2022-01-06T05:41:11+00:00","author":{"@id":"https:\/\/quehacerpolitico.mx\/#\/schema\/person\/496d8ad2d1d3f8036101dca7ee39e585"},"breadcrumb":{"@id":"https:\/\/quehacerpolitico.mx\/?p=88022#breadcrumb"},"inLanguage":"es","potentialAction":[{"@type":"ReadAction","target":["https:\/\/quehacerpolitico.mx\/?p=88022"]}]},{"@type":"ImageObject","inLanguage":"es","@id":"https:\/\/quehacerpolitico.mx\/?p=88022#primaryimage","url":"https:\/\/quehacerpolitico.mx\/wp-content\/uploads\/2022\/01\/66E4CD7D-EE2C-43D2-BDA7-15A23075ED2C.jpeg","contentUrl":"https:\/\/quehacerpolitico.mx\/wp-content\/uploads\/2022\/01\/66E4CD7D-EE2C-43D2-BDA7-15A23075ED2C.jpeg","width":525,"height":350},{"@type":"BreadcrumbList","@id":"https:\/\/quehacerpolitico.mx\/?p=88022#breadcrumb","itemListElement":[{"@type":"ListItem","position":1,"name":"Inicio","item":"https:\/\/quehacerpolitico.mx\/"},{"@type":"ListItem","position":2,"name":"Abierto de Australia: Niegan entrada a Djokovic y le cancelan la visa"}]},{"@type":"WebSite","@id":"https:\/\/quehacerpolitico.mx\/#website","url":"https:\/\/quehacerpolitico.mx\/","name":"","description":"","potentialAction":[{"@type":"SearchAction","target":{"@type":"EntryPoint","urlTemplate":"https:\/\/quehacerpolitico.mx\/?s={search_term_string}"},"query-input":{"@type":"PropertyValueSpecification","valueRequired":true,"valueName":"search_term_string"}}],"inLanguage":"es"},{"@type":"Person","@id":"https:\/\/quehacerpolitico.mx\/#\/schema\/person\/496d8ad2d1d3f8036101dca7ee39e585","name":"Redacci\u00f3n QP","image":{"@type":"ImageObject","inLanguage":"es","@id":"https:\/\/secure.gravatar.com\/avatar\/c7164ed6fdec453195284ad24a5ae5b6e1eed2b848477fa2a4787ba9adf39a41?s=96&d=mm&r=g","url":"https:\/\/secure.gravatar.com\/avatar\/c7164ed6fdec453195284ad24a5ae5b6e1eed2b848477fa2a4787ba9adf39a41?s=96&d=mm&r=g","contentUrl":"https:\/\/secure.gravatar.com\/avatar\/c7164ed6fdec453195284ad24a5ae5b6e1eed2b848477fa2a4787ba9adf39a41?s=96&d=mm&r=g","caption":"Redacci\u00f3n QP"},"url":"https:\/\/quehacerpolitico.mx\/?author=2"}]}},"featured_image_urls":{"full":["https:\/\/quehacerpolitico.mx\/wp-content\/uploads\/2022\/01\/66E4CD7D-EE2C-43D2-BDA7-15A23075ED2C.jpeg",525,350,false],"thumbnail":["https:\/\/quehacerpolitico.mx\/wp-content\/uploads\/2022\/01\/66E4CD7D-EE2C-43D2-BDA7-15A23075ED2C-150x150.jpeg",150,150,true],"medium":["https:\/\/quehacerpolitico.mx\/wp-content\/uploads\/2022\/01\/66E4CD7D-EE2C-43D2-BDA7-15A23075ED2C-300x200.jpeg",300,200,true],"medium_large":["https:\/\/quehacerpolitico.mx\/wp-content\/uploads\/2022\/01\/66E4CD7D-EE2C-43D2-BDA7-15A23075ED2C.jpeg",525,350,false],"large":["https:\/\/quehacerpolitico.mx\/wp-content\/uploads\/2022\/01\/66E4CD7D-EE2C-43D2-BDA7-15A23075ED2C.jpeg",525,350,false],"1536x1536":["https:\/\/quehacerpolitico.mx\/wp-content\/uploads\/2022\/01\/66E4CD7D-EE2C-43D2-BDA7-15A23075ED2C.jpeg",525,350,false],"2048x2048":["https:\/\/quehacerpolitico.mx\/wp-content\/uploads\/2022\/01\/66E4CD7D-EE2C-43D2-BDA7-15A23075ED2C.jpeg",525,350,false],"covernews-featured":["https:\/\/quehacerpolitico.mx\/wp-content\/uploads\/2022\/01\/66E4CD7D-EE2C-43D2-BDA7-15A23075ED2C.jpeg",525,350,false],"covernews-medium":["https:\/\/quehacerpolitico.mx\/wp-content\/uploads\/2022\/01\/66E4CD7D-EE2C-43D2-BDA7-15A23075ED2C.jpeg",510,340,false]},"author_info":{"display_name":"Redacci\u00f3n QP","author_link":"https:\/\/quehacerpolitico.mx\/?author=2"},"category_info":"<a href=\"https:\/\/quehacerpolitico.mx\/?cat=54\" rel=\"category\">Deportes<\/a>","tag_info":"Deportes","comment_count":"0","_links":{"self":[{"href":"https:\/\/quehacerpolitico.mx\/index.php?rest_route=\/wp\/v2\/posts\/88022","targetHints":{"allow":["GET"]}}],"collection":[{"href":"https:\/\/quehacerpolitico.mx\/index.php?rest_route=\/wp\/v2\/posts"}],"about":[{"href":"https:\/\/quehacerpolitico.mx\/index.php?rest_route=\/wp\/v2\/types\/post"}],"author":[{"embeddable":true,"href":"https:\/\/quehacerpolitico.mx\/index.php?rest_route=\/wp\/v2\/users\/2"}],"replies":[{"embeddable":true,"href":"https:\/\/quehacerpolitico.mx\/index.php?rest_route=%2Fwp%2Fv2%2Fcomments&post=88022"}],"version-history":[{"count":1,"href":"https:\/\/quehacerpolitico.mx\/index.php?rest_route=\/wp\/v2\/posts\/88022\/revisions"}],"predecessor-version":[{"id":88024,"href":"https:\/\/quehacerpolitico.mx\/index.php?rest_route=\/wp\/v2\/posts\/88022\/revisions\/88024"}],"wp:featuredmedia":[{"embeddable":true,"href":"https:\/\/quehacerpolitico.mx\/index.php?rest_route=\/wp\/v2\/media\/88023"}],"wp:attachment":[{"href":"https:\/\/quehacerpolitico.mx\/index.php?rest_route=%2Fwp%2Fv2%2Fmedia&parent=88022"}],"wp:term":[{"taxonomy":"category","embeddable":true,"href":"https:\/\/quehacerpolitico.mx\/index.php?rest_route=%2Fwp%2Fv2%2Fcategories&post=88022"},{"taxonomy":"post_tag","embeddable":true,"href":"https:\/\/quehacerpolitico.mx\/index.php?rest_route=%2Fwp%2Fv2%2Ftags&post=88022"}],"curies":[{"name":"wp","href":"https:\/\/api.w.org\/{rel}","templated":true}]}}