{"id":88020,"date":"2022-01-06T05:27:01","date_gmt":"2022-01-06T05:27:01","guid":{"rendered":"https:\/\/quehacerpolitico.mx\/?p=88020"},"modified":"2022-01-06T05:27:04","modified_gmt":"2022-01-06T05:27:04","slug":"amenazan-a-cuauhtemoc-blanco-tras-negar-foto-con-narcos","status":"publish","type":"post","link":"https:\/\/quehacerpolitico.mx\/?p=88020","title":{"rendered":"Amenazan a Cuauht\u00e9moc Blanco tras negar foto con narcos"},"content":{"rendered":"\n<p>Por Redacci\u00f3n QP<\/p>\n\n\n\n<p>Reportan la aparici\u00f3n de un mensaje intimidante en el que se se\u00f1ala al gobernador de Morelos<\/p>\n\n\n\n<p>Luego de que el gobernador de Morelos, Cuauht\u00e9moc Blanco, negara conocer a tres presuntos l\u00edderes del narcotr\u00e1fico con los que pos\u00f3 en una vieja fotograf\u00eda difundida por el diario &#8220;El Sol&#8221;,&nbsp;<strong>este mi\u00e9rcoles circul\u00f3 en redes sociales una fotograf\u00eda que mostraba un mensaje con amenazas hacia el mandatario.<\/strong><\/p>\n\n\n\n<p>El mensaje amaga al gobernador\u00a0<strong>con dar a conocer informaci\u00f3n sobre el asesinato del conocido activista Samir Flores<\/strong>, ocurrido hace tres a\u00f1os.<\/p>\n\n\n\n<p>Sobre este hecho, la administraci\u00f3n local asever\u00f3 que<strong>\u00a0hasta ma\u00f1ana jueves se fijar\u00e1 una postura.<\/strong><\/p>\n\n\n\n<figure class=\"wp-block-embed is-type-rich is-provider-twitter wp-block-embed-twitter\"><div class=\"wp-block-embed__wrapper\">\n<blockquote class=\"twitter-tweet\" data-width=\"550\" data-dnt=\"true\"><p lang=\"es\" dir=\"ltr\">\u00bfNo sabes en qu\u00e9 est\u00e1 metido?<br><br>Aqu\u00ed te lo explicamos:<a href=\"https:\/\/t.co\/AXCFxXzXDO\">https:\/\/t.co\/AXCFxXzXDO<\/a><\/p>&mdash; Ruido en la Red (@RuidoEnLaRed) <a href=\"https:\/\/twitter.com\/RuidoEnLaRed\/status\/1478910461009666048?ref_src=twsrc%5Etfw\">January 6, 2022<\/a><\/blockquote><script async src=\"https:\/\/platform.twitter.com\/widgets.js\" charset=\"utf-8\"><\/script>\n<\/div><\/figure>\n\n\n\n<p>El martes, el gobernador dijo que la fotograf\u00eda con tres l\u00edderes de grupos delictivos, uno de ellos asesinado en el interior del penal de Atlacholoaya,<strong>es parte de una guerra sucia emprendida por los &#8220;narcos pol\u00edticos&#8221;&nbsp;<\/strong>cuyas actividades il\u00edcitas son investigadas por la Fiscal\u00eda General de la Rep\u00fablica (FGR).<\/p>\n\n\n\n<p>Blanco\u00a0<strong>dijo desconocer a los hombres que posan en la fotograf\u00eda\u00a0<\/strong>y sostuvo que esa imagen es una de miles que le piden sus seguidores a cualquier lugar donde acude, y por lo tanto nunca pregunta a qu\u00e9 se dedican.<\/p>\n\n\n\n<p>Con Informaci\u00f3n de SUN <\/p>\n","protected":false},"excerpt":{"rendered":"<p>Por Redacci\u00f3n QP Reportan la aparici\u00f3n de un mensaje intimidante en el que se se\u00f1ala&#8230;<\/p>\n","protected":false},"author":2,"featured_media":87988,"comment_status":"open","ping_status":"open","sticky":false,"template":"","format":"standard","meta":{"_monsterinsights_skip_tracking":false,"_monsterinsights_sitenote_active":false,"_monsterinsights_sitenote_note":"","_monsterinsights_sitenote_category":0,"footnotes":""},"categories":[2],"tags":[],"class_list":["post-88020","post","type-post","status-publish","format-standard","has-post-thumbnail","hentry","category-noticias"],"yoast_head":"<!-- This site is optimized with the Yoast SEO plugin v27.3 - https:\/\/yoast.com\/product\/yoast-seo-wordpress\/ -->\n<title>Amenazan a Cuauht\u00e9moc Blanco tras negar foto con narcos -<\/title>\n<meta name=\"robots\" content=\"index, follow, max-snippet:-1, max-image-preview:large, max-video-preview:-1\" \/>\n<link rel=\"canonical\" href=\"https:\/\/quehacerpolitico.mx\/?p=88020\" \/>\n<meta property=\"og:locale\" content=\"es_MX\" \/>\n<meta property=\"og:type\" content=\"article\" \/>\n<meta property=\"og:title\" content=\"Amenazan a Cuauht\u00e9moc Blanco tras negar foto con narcos -\" \/>\n<meta property=\"og:description\" content=\"Por Redacci\u00f3n QP Reportan la aparici\u00f3n de un mensaje intimidante en el que se se\u00f1ala...\" \/>\n<meta property=\"og:url\" content=\"https:\/\/quehacerpolitico.mx\/?p=88020\" \/>\n<meta property=\"article:published_time\" content=\"2022-01-06T05:27:01+00:00\" \/>\n<meta property=\"article:modified_time\" content=\"2022-01-06T05:27:04+00:00\" \/>\n<meta property=\"og:image\" content=\"https:\/\/quehacerpolitico.mx\/wp-content\/uploads\/2022\/01\/7DCF57BC-63ED-4457-9DAB-799C9FC3FD0F.jpeg\" \/>\n\t<meta property=\"og:image:width\" content=\"410\" \/>\n\t<meta property=\"og:image:height\" content=\"253\" \/>\n\t<meta property=\"og:image:type\" content=\"image\/jpeg\" \/>\n<meta name=\"author\" content=\"Redacci\u00f3n QP\" \/>\n<meta name=\"twitter:card\" content=\"summary_large_image\" \/>\n<meta name=\"twitter:label1\" content=\"Escrito por\" \/>\n\t<meta name=\"twitter:data1\" content=\"Redacci\u00f3n QP\" \/>\n\t<meta name=\"twitter:label2\" content=\"Tiempo de lectura\" \/>\n\t<meta name=\"twitter:data2\" content=\"1 minuto\" \/>\n<script type=\"application\/ld+json\" class=\"yoast-schema-graph\">{\"@context\":\"https:\\\/\\\/schema.org\",\"@graph\":[{\"@type\":\"Article\",\"@id\":\"https:\\\/\\\/quehacerpolitico.mx\\\/?p=88020#article\",\"isPartOf\":{\"@id\":\"https:\\\/\\\/quehacerpolitico.mx\\\/?p=88020\"},\"author\":{\"name\":\"Redacci\u00f3n QP\",\"@id\":\"https:\\\/\\\/quehacerpolitico.mx\\\/#\\\/schema\\\/person\\\/496d8ad2d1d3f8036101dca7ee39e585\"},\"headline\":\"Amenazan a Cuauht\u00e9moc Blanco tras negar foto con narcos\",\"datePublished\":\"2022-01-06T05:27:01+00:00\",\"dateModified\":\"2022-01-06T05:27:04+00:00\",\"mainEntityOfPage\":{\"@id\":\"https:\\\/\\\/quehacerpolitico.mx\\\/?p=88020\"},\"wordCount\":236,\"commentCount\":0,\"image\":{\"@id\":\"https:\\\/\\\/quehacerpolitico.mx\\\/?p=88020#primaryimage\"},\"thumbnailUrl\":\"https:\\\/\\\/quehacerpolitico.mx\\\/wp-content\\\/uploads\\\/2022\\\/01\\\/7DCF57BC-63ED-4457-9DAB-799C9FC3FD0F.jpeg\",\"articleSection\":[\"Noticias\"],\"inLanguage\":\"es\",\"potentialAction\":[{\"@type\":\"CommentAction\",\"name\":\"Comment\",\"target\":[\"https:\\\/\\\/quehacerpolitico.mx\\\/?p=88020#respond\"]}]},{\"@type\":\"WebPage\",\"@id\":\"https:\\\/\\\/quehacerpolitico.mx\\\/?p=88020\",\"url\":\"https:\\\/\\\/quehacerpolitico.mx\\\/?p=88020\",\"name\":\"Amenazan a Cuauht\u00e9moc Blanco tras negar foto con narcos -\",\"isPartOf\":{\"@id\":\"https:\\\/\\\/quehacerpolitico.mx\\\/#website\"},\"primaryImageOfPage\":{\"@id\":\"https:\\\/\\\/quehacerpolitico.mx\\\/?p=88020#primaryimage\"},\"image\":{\"@id\":\"https:\\\/\\\/quehacerpolitico.mx\\\/?p=88020#primaryimage\"},\"thumbnailUrl\":\"https:\\\/\\\/quehacerpolitico.mx\\\/wp-content\\\/uploads\\\/2022\\\/01\\\/7DCF57BC-63ED-4457-9DAB-799C9FC3FD0F.jpeg\",\"datePublished\":\"2022-01-06T05:27:01+00:00\",\"dateModified\":\"2022-01-06T05:27:04+00:00\",\"author\":{\"@id\":\"https:\\\/\\\/quehacerpolitico.mx\\\/#\\\/schema\\\/person\\\/496d8ad2d1d3f8036101dca7ee39e585\"},\"breadcrumb\":{\"@id\":\"https:\\\/\\\/quehacerpolitico.mx\\\/?p=88020#breadcrumb\"},\"inLanguage\":\"es\",\"potentialAction\":[{\"@type\":\"ReadAction\",\"target\":[\"https:\\\/\\\/quehacerpolitico.mx\\\/?p=88020\"]}]},{\"@type\":\"ImageObject\",\"inLanguage\":\"es\",\"@id\":\"https:\\\/\\\/quehacerpolitico.mx\\\/?p=88020#primaryimage\",\"url\":\"https:\\\/\\\/quehacerpolitico.mx\\\/wp-content\\\/uploads\\\/2022\\\/01\\\/7DCF57BC-63ED-4457-9DAB-799C9FC3FD0F.jpeg\",\"contentUrl\":\"https:\\\/\\\/quehacerpolitico.mx\\\/wp-content\\\/uploads\\\/2022\\\/01\\\/7DCF57BC-63ED-4457-9DAB-799C9FC3FD0F.jpeg\",\"width\":410,\"height\":253},{\"@type\":\"BreadcrumbList\",\"@id\":\"https:\\\/\\\/quehacerpolitico.mx\\\/?p=88020#breadcrumb\",\"itemListElement\":[{\"@type\":\"ListItem\",\"position\":1,\"name\":\"Inicio\",\"item\":\"https:\\\/\\\/quehacerpolitico.mx\\\/\"},{\"@type\":\"ListItem\",\"position\":2,\"name\":\"Amenazan a Cuauht\u00e9moc Blanco tras negar foto con narcos\"}]},{\"@type\":\"WebSite\",\"@id\":\"https:\\\/\\\/quehacerpolitico.mx\\\/#website\",\"url\":\"https:\\\/\\\/quehacerpolitico.mx\\\/\",\"name\":\"\",\"description\":\"\",\"potentialAction\":[{\"@type\":\"SearchAction\",\"target\":{\"@type\":\"EntryPoint\",\"urlTemplate\":\"https:\\\/\\\/quehacerpolitico.mx\\\/?s={search_term_string}\"},\"query-input\":{\"@type\":\"PropertyValueSpecification\",\"valueRequired\":true,\"valueName\":\"search_term_string\"}}],\"inLanguage\":\"es\"},{\"@type\":\"Person\",\"@id\":\"https:\\\/\\\/quehacerpolitico.mx\\\/#\\\/schema\\\/person\\\/496d8ad2d1d3f8036101dca7ee39e585\",\"name\":\"Redacci\u00f3n QP\",\"image\":{\"@type\":\"ImageObject\",\"inLanguage\":\"es\",\"@id\":\"https:\\\/\\\/secure.gravatar.com\\\/avatar\\\/c7164ed6fdec453195284ad24a5ae5b6e1eed2b848477fa2a4787ba9adf39a41?s=96&d=mm&r=g\",\"url\":\"https:\\\/\\\/secure.gravatar.com\\\/avatar\\\/c7164ed6fdec453195284ad24a5ae5b6e1eed2b848477fa2a4787ba9adf39a41?s=96&d=mm&r=g\",\"contentUrl\":\"https:\\\/\\\/secure.gravatar.com\\\/avatar\\\/c7164ed6fdec453195284ad24a5ae5b6e1eed2b848477fa2a4787ba9adf39a41?s=96&d=mm&r=g\",\"caption\":\"Redacci\u00f3n QP\"},\"url\":\"https:\\\/\\\/quehacerpolitico.mx\\\/?author=2\"}]}<\/script>\n<!-- \/ Yoast SEO plugin. -->","yoast_head_json":{"title":"Amenazan a Cuauht\u00e9moc Blanco tras negar foto con narcos -","robots":{"index":"index","follow":"follow","max-snippet":"max-snippet:-1","max-image-preview":"max-image-preview:large","max-video-preview":"max-video-preview:-1"},"canonical":"https:\/\/quehacerpolitico.mx\/?p=88020","og_locale":"es_MX","og_type":"article","og_title":"Amenazan a Cuauht\u00e9moc Blanco tras negar foto con narcos -","og_description":"Por Redacci\u00f3n QP Reportan la aparici\u00f3n de un mensaje intimidante en el que se se\u00f1ala...","og_url":"https:\/\/quehacerpolitico.mx\/?p=88020","article_published_time":"2022-01-06T05:27:01+00:00","article_modified_time":"2022-01-06T05:27:04+00:00","og_image":[{"width":410,"height":253,"url":"https:\/\/quehacerpolitico.mx\/wp-content\/uploads\/2022\/01\/7DCF57BC-63ED-4457-9DAB-799C9FC3FD0F.jpeg","type":"image\/jpeg"}],"author":"Redacci\u00f3n QP","twitter_card":"summary_large_image","twitter_misc":{"Escrito por":"Redacci\u00f3n QP","Tiempo de lectura":"1 minuto"},"schema":{"@context":"https:\/\/schema.org","@graph":[{"@type":"Article","@id":"https:\/\/quehacerpolitico.mx\/?p=88020#article","isPartOf":{"@id":"https:\/\/quehacerpolitico.mx\/?p=88020"},"author":{"name":"Redacci\u00f3n QP","@id":"https:\/\/quehacerpolitico.mx\/#\/schema\/person\/496d8ad2d1d3f8036101dca7ee39e585"},"headline":"Amenazan a Cuauht\u00e9moc Blanco tras negar foto con narcos","datePublished":"2022-01-06T05:27:01+00:00","dateModified":"2022-01-06T05:27:04+00:00","mainEntityOfPage":{"@id":"https:\/\/quehacerpolitico.mx\/?p=88020"},"wordCount":236,"commentCount":0,"image":{"@id":"https:\/\/quehacerpolitico.mx\/?p=88020#primaryimage"},"thumbnailUrl":"https:\/\/quehacerpolitico.mx\/wp-content\/uploads\/2022\/01\/7DCF57BC-63ED-4457-9DAB-799C9FC3FD0F.jpeg","articleSection":["Noticias"],"inLanguage":"es","potentialAction":[{"@type":"CommentAction","name":"Comment","target":["https:\/\/quehacerpolitico.mx\/?p=88020#respond"]}]},{"@type":"WebPage","@id":"https:\/\/quehacerpolitico.mx\/?p=88020","url":"https:\/\/quehacerpolitico.mx\/?p=88020","name":"Amenazan a Cuauht\u00e9moc Blanco tras negar foto con narcos -","isPartOf":{"@id":"https:\/\/quehacerpolitico.mx\/#website"},"primaryImageOfPage":{"@id":"https:\/\/quehacerpolitico.mx\/?p=88020#primaryimage"},"image":{"@id":"https:\/\/quehacerpolitico.mx\/?p=88020#primaryimage"},"thumbnailUrl":"https:\/\/quehacerpolitico.mx\/wp-content\/uploads\/2022\/01\/7DCF57BC-63ED-4457-9DAB-799C9FC3FD0F.jpeg","datePublished":"2022-01-06T05:27:01+00:00","dateModified":"2022-01-06T05:27:04+00:00","author":{"@id":"https:\/\/quehacerpolitico.mx\/#\/schema\/person\/496d8ad2d1d3f8036101dca7ee39e585"},"breadcrumb":{"@id":"https:\/\/quehacerpolitico.mx\/?p=88020#breadcrumb"},"inLanguage":"es","potentialAction":[{"@type":"ReadAction","target":["https:\/\/quehacerpolitico.mx\/?p=88020"]}]},{"@type":"ImageObject","inLanguage":"es","@id":"https:\/\/quehacerpolitico.mx\/?p=88020#primaryimage","url":"https:\/\/quehacerpolitico.mx\/wp-content\/uploads\/2022\/01\/7DCF57BC-63ED-4457-9DAB-799C9FC3FD0F.jpeg","contentUrl":"https:\/\/quehacerpolitico.mx\/wp-content\/uploads\/2022\/01\/7DCF57BC-63ED-4457-9DAB-799C9FC3FD0F.jpeg","width":410,"height":253},{"@type":"BreadcrumbList","@id":"https:\/\/quehacerpolitico.mx\/?p=88020#breadcrumb","itemListElement":[{"@type":"ListItem","position":1,"name":"Inicio","item":"https:\/\/quehacerpolitico.mx\/"},{"@type":"ListItem","position":2,"name":"Amenazan a Cuauht\u00e9moc Blanco tras negar foto con narcos"}]},{"@type":"WebSite","@id":"https:\/\/quehacerpolitico.mx\/#website","url":"https:\/\/quehacerpolitico.mx\/","name":"","description":"","potentialAction":[{"@type":"SearchAction","target":{"@type":"EntryPoint","urlTemplate":"https:\/\/quehacerpolitico.mx\/?s={search_term_string}"},"query-input":{"@type":"PropertyValueSpecification","valueRequired":true,"valueName":"search_term_string"}}],"inLanguage":"es"},{"@type":"Person","@id":"https:\/\/quehacerpolitico.mx\/#\/schema\/person\/496d8ad2d1d3f8036101dca7ee39e585","name":"Redacci\u00f3n QP","image":{"@type":"ImageObject","inLanguage":"es","@id":"https:\/\/secure.gravatar.com\/avatar\/c7164ed6fdec453195284ad24a5ae5b6e1eed2b848477fa2a4787ba9adf39a41?s=96&d=mm&r=g","url":"https:\/\/secure.gravatar.com\/avatar\/c7164ed6fdec453195284ad24a5ae5b6e1eed2b848477fa2a4787ba9adf39a41?s=96&d=mm&r=g","contentUrl":"https:\/\/secure.gravatar.com\/avatar\/c7164ed6fdec453195284ad24a5ae5b6e1eed2b848477fa2a4787ba9adf39a41?s=96&d=mm&r=g","caption":"Redacci\u00f3n QP"},"url":"https:\/\/quehacerpolitico.mx\/?author=2"}]}},"featured_image_urls":{"full":["https:\/\/quehacerpolitico.mx\/wp-content\/uploads\/2022\/01\/7DCF57BC-63ED-4457-9DAB-799C9FC3FD0F.jpeg",410,253,false],"thumbnail":["https:\/\/quehacerpolitico.mx\/wp-content\/uploads\/2022\/01\/7DCF57BC-63ED-4457-9DAB-799C9FC3FD0F-150x150.jpeg",150,150,true],"medium":["https:\/\/quehacerpolitico.mx\/wp-content\/uploads\/2022\/01\/7DCF57BC-63ED-4457-9DAB-799C9FC3FD0F-300x185.jpeg",300,185,true],"medium_large":["https:\/\/quehacerpolitico.mx\/wp-content\/uploads\/2022\/01\/7DCF57BC-63ED-4457-9DAB-799C9FC3FD0F.jpeg",410,253,false],"large":["https:\/\/quehacerpolitico.mx\/wp-content\/uploads\/2022\/01\/7DCF57BC-63ED-4457-9DAB-799C9FC3FD0F.jpeg",410,253,false],"1536x1536":["https:\/\/quehacerpolitico.mx\/wp-content\/uploads\/2022\/01\/7DCF57BC-63ED-4457-9DAB-799C9FC3FD0F.jpeg",410,253,false],"2048x2048":["https:\/\/quehacerpolitico.mx\/wp-content\/uploads\/2022\/01\/7DCF57BC-63ED-4457-9DAB-799C9FC3FD0F.jpeg",410,253,false],"covernews-featured":["https:\/\/quehacerpolitico.mx\/wp-content\/uploads\/2022\/01\/7DCF57BC-63ED-4457-9DAB-799C9FC3FD0F.jpeg",410,253,false],"covernews-medium":["https:\/\/quehacerpolitico.mx\/wp-content\/uploads\/2022\/01\/7DCF57BC-63ED-4457-9DAB-799C9FC3FD0F.jpeg",410,253,false]},"author_info":{"display_name":"Redacci\u00f3n QP","author_link":"https:\/\/quehacerpolitico.mx\/?author=2"},"category_info":"<a href=\"https:\/\/quehacerpolitico.mx\/?cat=2\" rel=\"category\">Noticias<\/a>","tag_info":"Noticias","comment_count":"0","_links":{"self":[{"href":"https:\/\/quehacerpolitico.mx\/index.php?rest_route=\/wp\/v2\/posts\/88020","targetHints":{"allow":["GET"]}}],"collection":[{"href":"https:\/\/quehacerpolitico.mx\/index.php?rest_route=\/wp\/v2\/posts"}],"about":[{"href":"https:\/\/quehacerpolitico.mx\/index.php?rest_route=\/wp\/v2\/types\/post"}],"author":[{"embeddable":true,"href":"https:\/\/quehacerpolitico.mx\/index.php?rest_route=\/wp\/v2\/users\/2"}],"replies":[{"embeddable":true,"href":"https:\/\/quehacerpolitico.mx\/index.php?rest_route=%2Fwp%2Fv2%2Fcomments&post=88020"}],"version-history":[{"count":1,"href":"https:\/\/quehacerpolitico.mx\/index.php?rest_route=\/wp\/v2\/posts\/88020\/revisions"}],"predecessor-version":[{"id":88021,"href":"https:\/\/quehacerpolitico.mx\/index.php?rest_route=\/wp\/v2\/posts\/88020\/revisions\/88021"}],"wp:featuredmedia":[{"embeddable":true,"href":"https:\/\/quehacerpolitico.mx\/index.php?rest_route=\/wp\/v2\/media\/87988"}],"wp:attachment":[{"href":"https:\/\/quehacerpolitico.mx\/index.php?rest_route=%2Fwp%2Fv2%2Fmedia&parent=88020"}],"wp:term":[{"taxonomy":"category","embeddable":true,"href":"https:\/\/quehacerpolitico.mx\/index.php?rest_route=%2Fwp%2Fv2%2Fcategories&post=88020"},{"taxonomy":"post_tag","embeddable":true,"href":"https:\/\/quehacerpolitico.mx\/index.php?rest_route=%2Fwp%2Fv2%2Ftags&post=88020"}],"curies":[{"name":"wp","href":"https:\/\/api.w.org\/{rel}","templated":true}]}}