{"id":8801,"date":"2018-11-09T04:38:04","date_gmt":"2018-11-09T04:38:04","guid":{"rendered":"http:\/\/quehacerpolitico.mx\/llaman-diputados-de-morena-a-pacificar-el-pais-tras-homicidio-de-hija-de-legisladora-medel\/"},"modified":"2018-11-09T04:38:04","modified_gmt":"2018-11-09T04:38:04","slug":"llaman-diputados-de-morena-a-pacificar-el-pais-tras-homicidio-de-hija-de-legisladora-medel","status":"publish","type":"post","link":"https:\/\/quehacerpolitico.mx\/?p=8801","title":{"rendered":"Llaman diputados de Morena a pacificar el pa\u00eds tras homicidio de hija de legisladora Medel"},"content":{"rendered":"<h2 class=\"genTitle\">Llaman diputados de Morena a pacificar el pa\u00eds tras homicidio de hija de legisladora Medel<\/h2>\n<p>Por Redacci\u00f3n QP<\/p>\n<p>Tras el asesinato de la hija de la diputada <b>Carmen Medel<\/b>, el coordinador de los diputados de Morena, <b>Mario Delgado<\/b>, expres\u00f3 que es urgente pacificar al pa\u00eds.<\/p>\n<blockquote>\n<p>\u201cCondenamos este lamentable hecho y todos los que ocurren todos los d\u00edas en este estado y todo el territorio nacional\u201d, indic\u00f3.<\/p>\n<\/blockquote>\n<blockquote>\n<p>\u201cReconocemos la urgente necesidad de frenar la violencia y pacificar a nuestro pa\u00eds y exigimos, en este caso y en todos, que haya justicia, no puede quedar impune este asesinato\u201d, manifest\u00f3 en un mensaje a la prensa.<\/p>\n<\/blockquote>\n<p>Acompa\u00f1ado de diputados de la fracci\u00f3n, \u00a0reiter\u00f3 las condolencias y solidaridad de los legisladores con\u00a0<b>Medel Palma<\/b>.<\/p>\n<blockquote>\n<p>\u201cNos duele mucho lo que le pasa a la familia Cruz Medel en estos momentos. Tambi\u00e9n nos llena de indignaci\u00f3n, coraje, de impotencia, la violencia que vive Veracruz y muchas partes del Pa\u00eds\u201d, expres\u00f3 el coordinador parlamentario.<\/p>\n<\/blockquote>\n<p>Inform\u00f3 que habl\u00f3 con el secretario de Gobernaci\u00f3n, <b>Alfonso Navarrete Prida.<\/b><\/p>\n<p>Indic\u00f3 que Navarrete Prida se comprometi\u00f3 a mantenerlo informado del <b>avance de las investigaciones<\/b>.<\/p>\n<p>Asimismo indic\u00f3 que por el momento no ha tenido contacto con el gobernador de Veracruz, <b>Miguel \u00c1ngel Yunes<\/b>.<\/p>\n<h3>Lamentan\u00a0 autoridades universitarias el hecho<\/h3>\n<p>Por separado, la rectora de la Universidad Veracruzana, donde estudiaba Valeria Cruz Medel, tambi\u00e9n <b>lament\u00f3 el asesinato<\/b>.<\/p>\n<blockquote>\n<p>\u201cNos unimos con la comunidad universitaria y la sociedad veracruzana en el repudio categ\u00f3rico de este crimen y al clima de barbarie que nuevamente lastima el coraz\u00f3n de la vida universitaria y de Veracruz\u201d, expone un comunicado firmado por Sara Ladr\u00f3n de Guevara.<\/p>\n<blockquote class=\"twitter-tweet\" data-width=\"550\" data-dnt=\"true\">\n<p lang=\"es\" dir=\"ltr\">El coordinador <a href=\"https:\/\/twitter.com\/mario_delgado1?ref_src=twsrc%5Etfw\">@mario_delgado1<\/a>, expres\u00f3 las condolencias y solidaridad de los Diputados de Morena para nuestra compa\u00f1era Carmen Medel ante el lamentable asesinato de su hija Valeria Cruz Medel. As\u00ed mismo conden\u00f3 los actos de violencia y exigi\u00f3 que se haga justicia. <a href=\"https:\/\/t.co\/rGHoRCSxEI\">pic.twitter.com\/rGHoRCSxEI<\/a><\/p>\n<p>&mdash; Tus Diputadas y Diputados Morena (@DiputadosMorena) <a href=\"https:\/\/twitter.com\/DiputadosMorena\/status\/1060676568224354304?ref_src=twsrc%5Etfw\">November 8, 2018<\/a><\/p><\/blockquote>\n<p><script async src=\"https:\/\/platform.twitter.com\/widgets.js\" charset=\"utf-8\"><\/script><\/p>\n<\/blockquote>\n","protected":false},"excerpt":{"rendered":"<p>Llaman diputados de Morena a pacificar el pa\u00eds tras homicidio de hija de legisladora Medel<br \/>\nPor Redacci\u00f3n QP<\/p>\n","protected":false},"author":2,"featured_media":8800,"comment_status":"open","ping_status":"open","sticky":false,"template":"","format":"standard","meta":{"_monsterinsights_skip_tracking":false,"_monsterinsights_sitenote_active":false,"_monsterinsights_sitenote_note":"","_monsterinsights_sitenote_category":0,"footnotes":""},"categories":[2],"tags":[],"class_list":["post-8801","post","type-post","status-publish","format-standard","has-post-thumbnail","hentry","category-noticias"],"yoast_head":"<!-- This site is optimized with the Yoast SEO plugin v27.3 - https:\/\/yoast.com\/product\/yoast-seo-wordpress\/ -->\n<title>Llaman diputados de Morena a pacificar el pa\u00eds tras homicidio de hija de legisladora Medel -<\/title>\n<meta name=\"robots\" content=\"index, follow, max-snippet:-1, max-image-preview:large, max-video-preview:-1\" \/>\n<link rel=\"canonical\" href=\"https:\/\/quehacerpolitico.mx\/?p=8801\" \/>\n<meta property=\"og:locale\" content=\"es_MX\" \/>\n<meta property=\"og:type\" content=\"article\" \/>\n<meta property=\"og:title\" content=\"Llaman diputados de Morena a pacificar el pa\u00eds tras homicidio de hija de legisladora Medel -\" \/>\n<meta property=\"og:description\" content=\"Llaman diputados de Morena a pacificar el pa\u00eds tras homicidio de hija de legisladora Medel Por Redacci\u00f3n QP\" \/>\n<meta property=\"og:url\" content=\"https:\/\/quehacerpolitico.mx\/?p=8801\" \/>\n<meta property=\"article:published_time\" content=\"2018-11-09T04:38:04+00:00\" \/>\n<meta name=\"author\" content=\"Redacci\u00f3n QP\" \/>\n<meta name=\"twitter:card\" content=\"summary_large_image\" \/>\n<meta name=\"twitter:label1\" content=\"Escrito por\" \/>\n\t<meta name=\"twitter:data1\" content=\"Redacci\u00f3n QP\" \/>\n\t<meta name=\"twitter:label2\" content=\"Tiempo de lectura\" \/>\n\t<meta name=\"twitter:data2\" content=\"1 minuto\" \/>\n<script type=\"application\/ld+json\" class=\"yoast-schema-graph\">{\"@context\":\"https:\\\/\\\/schema.org\",\"@graph\":[{\"@type\":\"Article\",\"@id\":\"https:\\\/\\\/quehacerpolitico.mx\\\/?p=8801#article\",\"isPartOf\":{\"@id\":\"https:\\\/\\\/quehacerpolitico.mx\\\/?p=8801\"},\"author\":{\"name\":\"Redacci\u00f3n QP\",\"@id\":\"https:\\\/\\\/quehacerpolitico.mx\\\/#\\\/schema\\\/person\\\/496d8ad2d1d3f8036101dca7ee39e585\"},\"headline\":\"Llaman diputados de Morena a pacificar el pa\u00eds tras homicidio de hija de legisladora Medel\",\"datePublished\":\"2018-11-09T04:38:04+00:00\",\"mainEntityOfPage\":{\"@id\":\"https:\\\/\\\/quehacerpolitico.mx\\\/?p=8801\"},\"wordCount\":302,\"commentCount\":0,\"image\":{\"@id\":\"https:\\\/\\\/quehacerpolitico.mx\\\/?p=8801#primaryimage\"},\"thumbnailUrl\":\"\",\"articleSection\":[\"Noticias\"],\"inLanguage\":\"es\",\"potentialAction\":[{\"@type\":\"CommentAction\",\"name\":\"Comment\",\"target\":[\"https:\\\/\\\/quehacerpolitico.mx\\\/?p=8801#respond\"]}]},{\"@type\":\"WebPage\",\"@id\":\"https:\\\/\\\/quehacerpolitico.mx\\\/?p=8801\",\"url\":\"https:\\\/\\\/quehacerpolitico.mx\\\/?p=8801\",\"name\":\"Llaman diputados de Morena a pacificar el pa\u00eds tras homicidio de hija de legisladora Medel -\",\"isPartOf\":{\"@id\":\"https:\\\/\\\/quehacerpolitico.mx\\\/#website\"},\"primaryImageOfPage\":{\"@id\":\"https:\\\/\\\/quehacerpolitico.mx\\\/?p=8801#primaryimage\"},\"image\":{\"@id\":\"https:\\\/\\\/quehacerpolitico.mx\\\/?p=8801#primaryimage\"},\"thumbnailUrl\":\"\",\"datePublished\":\"2018-11-09T04:38:04+00:00\",\"author\":{\"@id\":\"https:\\\/\\\/quehacerpolitico.mx\\\/#\\\/schema\\\/person\\\/496d8ad2d1d3f8036101dca7ee39e585\"},\"breadcrumb\":{\"@id\":\"https:\\\/\\\/quehacerpolitico.mx\\\/?p=8801#breadcrumb\"},\"inLanguage\":\"es\",\"potentialAction\":[{\"@type\":\"ReadAction\",\"target\":[\"https:\\\/\\\/quehacerpolitico.mx\\\/?p=8801\"]}]},{\"@type\":\"ImageObject\",\"inLanguage\":\"es\",\"@id\":\"https:\\\/\\\/quehacerpolitico.mx\\\/?p=8801#primaryimage\",\"url\":\"\",\"contentUrl\":\"\"},{\"@type\":\"BreadcrumbList\",\"@id\":\"https:\\\/\\\/quehacerpolitico.mx\\\/?p=8801#breadcrumb\",\"itemListElement\":[{\"@type\":\"ListItem\",\"position\":1,\"name\":\"Inicio\",\"item\":\"https:\\\/\\\/quehacerpolitico.mx\\\/\"},{\"@type\":\"ListItem\",\"position\":2,\"name\":\"Llaman diputados de Morena a pacificar el pa\u00eds tras homicidio de hija de legisladora Medel\"}]},{\"@type\":\"WebSite\",\"@id\":\"https:\\\/\\\/quehacerpolitico.mx\\\/#website\",\"url\":\"https:\\\/\\\/quehacerpolitico.mx\\\/\",\"name\":\"\",\"description\":\"\",\"potentialAction\":[{\"@type\":\"SearchAction\",\"target\":{\"@type\":\"EntryPoint\",\"urlTemplate\":\"https:\\\/\\\/quehacerpolitico.mx\\\/?s={search_term_string}\"},\"query-input\":{\"@type\":\"PropertyValueSpecification\",\"valueRequired\":true,\"valueName\":\"search_term_string\"}}],\"inLanguage\":\"es\"},{\"@type\":\"Person\",\"@id\":\"https:\\\/\\\/quehacerpolitico.mx\\\/#\\\/schema\\\/person\\\/496d8ad2d1d3f8036101dca7ee39e585\",\"name\":\"Redacci\u00f3n QP\",\"image\":{\"@type\":\"ImageObject\",\"inLanguage\":\"es\",\"@id\":\"https:\\\/\\\/secure.gravatar.com\\\/avatar\\\/c7164ed6fdec453195284ad24a5ae5b6e1eed2b848477fa2a4787ba9adf39a41?s=96&d=mm&r=g\",\"url\":\"https:\\\/\\\/secure.gravatar.com\\\/avatar\\\/c7164ed6fdec453195284ad24a5ae5b6e1eed2b848477fa2a4787ba9adf39a41?s=96&d=mm&r=g\",\"contentUrl\":\"https:\\\/\\\/secure.gravatar.com\\\/avatar\\\/c7164ed6fdec453195284ad24a5ae5b6e1eed2b848477fa2a4787ba9adf39a41?s=96&d=mm&r=g\",\"caption\":\"Redacci\u00f3n QP\"},\"url\":\"https:\\\/\\\/quehacerpolitico.mx\\\/?author=2\"}]}<\/script>\n<!-- \/ Yoast SEO plugin. -->","yoast_head_json":{"title":"Llaman diputados de Morena a pacificar el pa\u00eds tras homicidio de hija de legisladora Medel -","robots":{"index":"index","follow":"follow","max-snippet":"max-snippet:-1","max-image-preview":"max-image-preview:large","max-video-preview":"max-video-preview:-1"},"canonical":"https:\/\/quehacerpolitico.mx\/?p=8801","og_locale":"es_MX","og_type":"article","og_title":"Llaman diputados de Morena a pacificar el pa\u00eds tras homicidio de hija de legisladora Medel -","og_description":"Llaman diputados de Morena a pacificar el pa\u00eds tras homicidio de hija de legisladora Medel Por Redacci\u00f3n QP","og_url":"https:\/\/quehacerpolitico.mx\/?p=8801","article_published_time":"2018-11-09T04:38:04+00:00","author":"Redacci\u00f3n QP","twitter_card":"summary_large_image","twitter_misc":{"Escrito por":"Redacci\u00f3n QP","Tiempo de lectura":"1 minuto"},"schema":{"@context":"https:\/\/schema.org","@graph":[{"@type":"Article","@id":"https:\/\/quehacerpolitico.mx\/?p=8801#article","isPartOf":{"@id":"https:\/\/quehacerpolitico.mx\/?p=8801"},"author":{"name":"Redacci\u00f3n QP","@id":"https:\/\/quehacerpolitico.mx\/#\/schema\/person\/496d8ad2d1d3f8036101dca7ee39e585"},"headline":"Llaman diputados de Morena a pacificar el pa\u00eds tras homicidio de hija de legisladora Medel","datePublished":"2018-11-09T04:38:04+00:00","mainEntityOfPage":{"@id":"https:\/\/quehacerpolitico.mx\/?p=8801"},"wordCount":302,"commentCount":0,"image":{"@id":"https:\/\/quehacerpolitico.mx\/?p=8801#primaryimage"},"thumbnailUrl":"","articleSection":["Noticias"],"inLanguage":"es","potentialAction":[{"@type":"CommentAction","name":"Comment","target":["https:\/\/quehacerpolitico.mx\/?p=8801#respond"]}]},{"@type":"WebPage","@id":"https:\/\/quehacerpolitico.mx\/?p=8801","url":"https:\/\/quehacerpolitico.mx\/?p=8801","name":"Llaman diputados de Morena a pacificar el pa\u00eds tras homicidio de hija de legisladora Medel -","isPartOf":{"@id":"https:\/\/quehacerpolitico.mx\/#website"},"primaryImageOfPage":{"@id":"https:\/\/quehacerpolitico.mx\/?p=8801#primaryimage"},"image":{"@id":"https:\/\/quehacerpolitico.mx\/?p=8801#primaryimage"},"thumbnailUrl":"","datePublished":"2018-11-09T04:38:04+00:00","author":{"@id":"https:\/\/quehacerpolitico.mx\/#\/schema\/person\/496d8ad2d1d3f8036101dca7ee39e585"},"breadcrumb":{"@id":"https:\/\/quehacerpolitico.mx\/?p=8801#breadcrumb"},"inLanguage":"es","potentialAction":[{"@type":"ReadAction","target":["https:\/\/quehacerpolitico.mx\/?p=8801"]}]},{"@type":"ImageObject","inLanguage":"es","@id":"https:\/\/quehacerpolitico.mx\/?p=8801#primaryimage","url":"","contentUrl":""},{"@type":"BreadcrumbList","@id":"https:\/\/quehacerpolitico.mx\/?p=8801#breadcrumb","itemListElement":[{"@type":"ListItem","position":1,"name":"Inicio","item":"https:\/\/quehacerpolitico.mx\/"},{"@type":"ListItem","position":2,"name":"Llaman diputados de Morena a pacificar el pa\u00eds tras homicidio de hija de legisladora Medel"}]},{"@type":"WebSite","@id":"https:\/\/quehacerpolitico.mx\/#website","url":"https:\/\/quehacerpolitico.mx\/","name":"","description":"","potentialAction":[{"@type":"SearchAction","target":{"@type":"EntryPoint","urlTemplate":"https:\/\/quehacerpolitico.mx\/?s={search_term_string}"},"query-input":{"@type":"PropertyValueSpecification","valueRequired":true,"valueName":"search_term_string"}}],"inLanguage":"es"},{"@type":"Person","@id":"https:\/\/quehacerpolitico.mx\/#\/schema\/person\/496d8ad2d1d3f8036101dca7ee39e585","name":"Redacci\u00f3n QP","image":{"@type":"ImageObject","inLanguage":"es","@id":"https:\/\/secure.gravatar.com\/avatar\/c7164ed6fdec453195284ad24a5ae5b6e1eed2b848477fa2a4787ba9adf39a41?s=96&d=mm&r=g","url":"https:\/\/secure.gravatar.com\/avatar\/c7164ed6fdec453195284ad24a5ae5b6e1eed2b848477fa2a4787ba9adf39a41?s=96&d=mm&r=g","contentUrl":"https:\/\/secure.gravatar.com\/avatar\/c7164ed6fdec453195284ad24a5ae5b6e1eed2b848477fa2a4787ba9adf39a41?s=96&d=mm&r=g","caption":"Redacci\u00f3n QP"},"url":"https:\/\/quehacerpolitico.mx\/?author=2"}]}},"featured_image_urls":{"full":"","thumbnail":"","medium":"","medium_large":"","large":"","1536x1536":"","2048x2048":"","covernews-featured":"","covernews-medium":""},"author_info":{"display_name":"Redacci\u00f3n QP","author_link":"https:\/\/quehacerpolitico.mx\/?author=2"},"category_info":"<a href=\"https:\/\/quehacerpolitico.mx\/?cat=2\" rel=\"category\">Noticias<\/a>","tag_info":"Noticias","comment_count":"0","_links":{"self":[{"href":"https:\/\/quehacerpolitico.mx\/index.php?rest_route=\/wp\/v2\/posts\/8801","targetHints":{"allow":["GET"]}}],"collection":[{"href":"https:\/\/quehacerpolitico.mx\/index.php?rest_route=\/wp\/v2\/posts"}],"about":[{"href":"https:\/\/quehacerpolitico.mx\/index.php?rest_route=\/wp\/v2\/types\/post"}],"author":[{"embeddable":true,"href":"https:\/\/quehacerpolitico.mx\/index.php?rest_route=\/wp\/v2\/users\/2"}],"replies":[{"embeddable":true,"href":"https:\/\/quehacerpolitico.mx\/index.php?rest_route=%2Fwp%2Fv2%2Fcomments&post=8801"}],"version-history":[{"count":0,"href":"https:\/\/quehacerpolitico.mx\/index.php?rest_route=\/wp\/v2\/posts\/8801\/revisions"}],"wp:featuredmedia":[{"embeddable":true,"href":"https:\/\/quehacerpolitico.mx\/index.php?rest_route=\/"}],"wp:attachment":[{"href":"https:\/\/quehacerpolitico.mx\/index.php?rest_route=%2Fwp%2Fv2%2Fmedia&parent=8801"}],"wp:term":[{"taxonomy":"category","embeddable":true,"href":"https:\/\/quehacerpolitico.mx\/index.php?rest_route=%2Fwp%2Fv2%2Fcategories&post=8801"},{"taxonomy":"post_tag","embeddable":true,"href":"https:\/\/quehacerpolitico.mx\/index.php?rest_route=%2Fwp%2Fv2%2Ftags&post=8801"}],"curies":[{"name":"wp","href":"https:\/\/api.w.org\/{rel}","templated":true}]}}