{"id":8797,"date":"2018-11-09T04:14:00","date_gmt":"2018-11-09T04:14:00","guid":{"rendered":"http:\/\/quehacerpolitico.mx\/jorge-romero-propone-instituto-de-evaluacion-de-politicas-publicas\/"},"modified":"2018-11-09T04:14:00","modified_gmt":"2018-11-09T04:14:00","slug":"jorge-romero-propone-instituto-de-evaluacion-de-politicas-publicas","status":"publish","type":"post","link":"https:\/\/quehacerpolitico.mx\/?p=8797","title":{"rendered":"Jorge Romero propone Instituto de Evaluaci\u00f3n de Pol\u00edticas P\u00fablicas"},"content":{"rendered":"<h2 class=\"genTitle\">Jorge Romero propone Instituto de Evaluaci\u00f3n de Pol\u00edticas P\u00fablicas<\/h2>\n<p>Por Redacci\u00f3n QP<\/p>\n<p>El diputado del Partido Acci\u00f3n Nacional (PAN), Jorge Romero Herrera, present\u00f3 la iniciativa -con proyecto de decreto- que de constituir el Instituto Nacional para la Vigilancia y Evaluaci\u00f3n de los Programas, Acciones y Pol\u00edticas P\u00fablicas.<\/p>\n<p>Tras afirmar que s\u00f3lo as\u00ed le ir\u00e1 bien a M\u00e9xico y por ende a sus ciudadanos, el vicecoordinador del blanquiazul en la C\u00e1mara de Diputados destac\u00f3 que la Administraci\u00f3n P\u00fablica requiere un control del gasto p\u00fablico eficiente.<\/p>\n<p>Detall\u00f3 que para este objetivo es necesario un marco legal que establezca los mecanismos de control interno y externo suficientes para vigilar el cumplimiento de objetivos de los programas y pol\u00edticas p\u00fablicas que implemente el Gobierno federal.<\/p>\n<p>Actualmente la Constituci\u00f3n establece la evaluaci\u00f3n en diversos rubros, aunque no existe una disposici\u00f3n expresa que ordene la evaluaci\u00f3n de todas y cada una de las acciones de gobierno planificadas, es decir, programas y pol\u00edticas p\u00fablicas.<\/p>\n<p>No existe tampoco, disposici\u00f3n alguna que permita reglamentar en una ley ordinaria la existencia de un organismo (con independencia de su naturaleza jur\u00eddica) que eval\u00fae y vigile el cumplimiento de los objetivos establecidos en cada programa y pol\u00edtica p\u00fablica nacional.<\/p>\n<h3><strong>-Objetivo-<\/strong><\/h3>\n<p>Por lo anterior, se\u00f1al\u00f3, que resulta necesario la creaci\u00f3n de un nuevo Instituto con atribuciones suficientes para determinar incumplimientos en los objetivos de los programas, mejorar sus procesos, y en su caso, dar vista a los \u00f3rganos de control interno de las dependencias, a la Auditor\u00eda Superior de la Federaci\u00f3n y al ministerio p\u00fablico federal.<\/p>\n<p>Su integraci\u00f3n debe ser ajena la intervenci\u00f3n del Ejecutivo Federal, mediante un procedimiento vinculado al legislativo y con la participaci\u00f3n de la sociedad civil.<\/p>\n<p>Romero Herrera destac\u00f3 que no se pretende evaluar personas, sino programas; y centralizar en una solo organismo, con una sola metodolog\u00eda y tener un solo criterio de evaluaci\u00f3n de todas las pol\u00edticas p\u00fablicas para contar con indicadores globales en materia de desarrollo social, econ\u00f3mico, sustentable, seguridad p\u00fablica y por supuesto, de la tan anhelada pacificaci\u00f3n del pa\u00eds.<\/p>\n<blockquote>\n<p>\u201cDe ninguna manera esta iniciativa pretende dotar a la oposicion de una herramienta para estar criticando, sino para que se reconozca lo que se haga bien con datos objetivos y claros\u201d, expres\u00f3.<\/p>\n<\/blockquote>\n","protected":false},"excerpt":{"rendered":"<p>Jorge Romero propone Instituto de Evaluaci\u00f3n de Pol\u00edticas P\u00fablicas<br \/>\nPor Redacci\u00f3n QP<\/p>\n","protected":false},"author":2,"featured_media":8796,"comment_status":"open","ping_status":"open","sticky":false,"template":"","format":"standard","meta":{"_monsterinsights_skip_tracking":false,"_monsterinsights_sitenote_active":false,"_monsterinsights_sitenote_note":"","_monsterinsights_sitenote_category":0,"footnotes":""},"categories":[2],"tags":[],"class_list":["post-8797","post","type-post","status-publish","format-standard","has-post-thumbnail","hentry","category-noticias"],"yoast_head":"<!-- This site is optimized with the Yoast SEO plugin v27.3 - https:\/\/yoast.com\/product\/yoast-seo-wordpress\/ -->\n<title>Jorge Romero propone Instituto de Evaluaci\u00f3n de Pol\u00edticas P\u00fablicas -<\/title>\n<meta name=\"robots\" content=\"index, follow, max-snippet:-1, max-image-preview:large, max-video-preview:-1\" \/>\n<link rel=\"canonical\" href=\"https:\/\/quehacerpolitico.mx\/?p=8797\" \/>\n<meta property=\"og:locale\" content=\"es_MX\" \/>\n<meta property=\"og:type\" content=\"article\" \/>\n<meta property=\"og:title\" content=\"Jorge Romero propone Instituto de Evaluaci\u00f3n de Pol\u00edticas P\u00fablicas -\" \/>\n<meta property=\"og:description\" content=\"Jorge Romero propone Instituto de Evaluaci\u00f3n de Pol\u00edticas P\u00fablicas Por Redacci\u00f3n QP\" \/>\n<meta property=\"og:url\" content=\"https:\/\/quehacerpolitico.mx\/?p=8797\" \/>\n<meta property=\"article:published_time\" content=\"2018-11-09T04:14:00+00:00\" \/>\n<meta name=\"author\" content=\"Redacci\u00f3n QP\" \/>\n<meta name=\"twitter:card\" content=\"summary_large_image\" \/>\n<meta name=\"twitter:label1\" content=\"Escrito por\" \/>\n\t<meta name=\"twitter:data1\" content=\"Redacci\u00f3n QP\" \/>\n\t<meta name=\"twitter:label2\" content=\"Tiempo de lectura\" \/>\n\t<meta name=\"twitter:data2\" content=\"2 minutos\" \/>\n<script type=\"application\/ld+json\" class=\"yoast-schema-graph\">{\"@context\":\"https:\\\/\\\/schema.org\",\"@graph\":[{\"@type\":\"Article\",\"@id\":\"https:\\\/\\\/quehacerpolitico.mx\\\/?p=8797#article\",\"isPartOf\":{\"@id\":\"https:\\\/\\\/quehacerpolitico.mx\\\/?p=8797\"},\"author\":{\"name\":\"Redacci\u00f3n QP\",\"@id\":\"https:\\\/\\\/quehacerpolitico.mx\\\/#\\\/schema\\\/person\\\/496d8ad2d1d3f8036101dca7ee39e585\"},\"headline\":\"Jorge Romero propone Instituto de Evaluaci\u00f3n de Pol\u00edticas P\u00fablicas\",\"datePublished\":\"2018-11-09T04:14:00+00:00\",\"mainEntityOfPage\":{\"@id\":\"https:\\\/\\\/quehacerpolitico.mx\\\/?p=8797\"},\"wordCount\":421,\"commentCount\":0,\"image\":{\"@id\":\"https:\\\/\\\/quehacerpolitico.mx\\\/?p=8797#primaryimage\"},\"thumbnailUrl\":\"\",\"articleSection\":[\"Noticias\"],\"inLanguage\":\"es\",\"potentialAction\":[{\"@type\":\"CommentAction\",\"name\":\"Comment\",\"target\":[\"https:\\\/\\\/quehacerpolitico.mx\\\/?p=8797#respond\"]}]},{\"@type\":\"WebPage\",\"@id\":\"https:\\\/\\\/quehacerpolitico.mx\\\/?p=8797\",\"url\":\"https:\\\/\\\/quehacerpolitico.mx\\\/?p=8797\",\"name\":\"Jorge Romero propone Instituto de Evaluaci\u00f3n de Pol\u00edticas P\u00fablicas -\",\"isPartOf\":{\"@id\":\"https:\\\/\\\/quehacerpolitico.mx\\\/#website\"},\"primaryImageOfPage\":{\"@id\":\"https:\\\/\\\/quehacerpolitico.mx\\\/?p=8797#primaryimage\"},\"image\":{\"@id\":\"https:\\\/\\\/quehacerpolitico.mx\\\/?p=8797#primaryimage\"},\"thumbnailUrl\":\"\",\"datePublished\":\"2018-11-09T04:14:00+00:00\",\"author\":{\"@id\":\"https:\\\/\\\/quehacerpolitico.mx\\\/#\\\/schema\\\/person\\\/496d8ad2d1d3f8036101dca7ee39e585\"},\"breadcrumb\":{\"@id\":\"https:\\\/\\\/quehacerpolitico.mx\\\/?p=8797#breadcrumb\"},\"inLanguage\":\"es\",\"potentialAction\":[{\"@type\":\"ReadAction\",\"target\":[\"https:\\\/\\\/quehacerpolitico.mx\\\/?p=8797\"]}]},{\"@type\":\"ImageObject\",\"inLanguage\":\"es\",\"@id\":\"https:\\\/\\\/quehacerpolitico.mx\\\/?p=8797#primaryimage\",\"url\":\"\",\"contentUrl\":\"\"},{\"@type\":\"BreadcrumbList\",\"@id\":\"https:\\\/\\\/quehacerpolitico.mx\\\/?p=8797#breadcrumb\",\"itemListElement\":[{\"@type\":\"ListItem\",\"position\":1,\"name\":\"Inicio\",\"item\":\"https:\\\/\\\/quehacerpolitico.mx\\\/\"},{\"@type\":\"ListItem\",\"position\":2,\"name\":\"Jorge Romero propone Instituto de Evaluaci\u00f3n de Pol\u00edticas P\u00fablicas\"}]},{\"@type\":\"WebSite\",\"@id\":\"https:\\\/\\\/quehacerpolitico.mx\\\/#website\",\"url\":\"https:\\\/\\\/quehacerpolitico.mx\\\/\",\"name\":\"\",\"description\":\"\",\"potentialAction\":[{\"@type\":\"SearchAction\",\"target\":{\"@type\":\"EntryPoint\",\"urlTemplate\":\"https:\\\/\\\/quehacerpolitico.mx\\\/?s={search_term_string}\"},\"query-input\":{\"@type\":\"PropertyValueSpecification\",\"valueRequired\":true,\"valueName\":\"search_term_string\"}}],\"inLanguage\":\"es\"},{\"@type\":\"Person\",\"@id\":\"https:\\\/\\\/quehacerpolitico.mx\\\/#\\\/schema\\\/person\\\/496d8ad2d1d3f8036101dca7ee39e585\",\"name\":\"Redacci\u00f3n QP\",\"image\":{\"@type\":\"ImageObject\",\"inLanguage\":\"es\",\"@id\":\"https:\\\/\\\/secure.gravatar.com\\\/avatar\\\/c7164ed6fdec453195284ad24a5ae5b6e1eed2b848477fa2a4787ba9adf39a41?s=96&d=mm&r=g\",\"url\":\"https:\\\/\\\/secure.gravatar.com\\\/avatar\\\/c7164ed6fdec453195284ad24a5ae5b6e1eed2b848477fa2a4787ba9adf39a41?s=96&d=mm&r=g\",\"contentUrl\":\"https:\\\/\\\/secure.gravatar.com\\\/avatar\\\/c7164ed6fdec453195284ad24a5ae5b6e1eed2b848477fa2a4787ba9adf39a41?s=96&d=mm&r=g\",\"caption\":\"Redacci\u00f3n QP\"},\"url\":\"https:\\\/\\\/quehacerpolitico.mx\\\/?author=2\"}]}<\/script>\n<!-- \/ Yoast SEO plugin. -->","yoast_head_json":{"title":"Jorge Romero propone Instituto de Evaluaci\u00f3n de Pol\u00edticas P\u00fablicas -","robots":{"index":"index","follow":"follow","max-snippet":"max-snippet:-1","max-image-preview":"max-image-preview:large","max-video-preview":"max-video-preview:-1"},"canonical":"https:\/\/quehacerpolitico.mx\/?p=8797","og_locale":"es_MX","og_type":"article","og_title":"Jorge Romero propone Instituto de Evaluaci\u00f3n de Pol\u00edticas P\u00fablicas -","og_description":"Jorge Romero propone Instituto de Evaluaci\u00f3n de Pol\u00edticas P\u00fablicas Por Redacci\u00f3n QP","og_url":"https:\/\/quehacerpolitico.mx\/?p=8797","article_published_time":"2018-11-09T04:14:00+00:00","author":"Redacci\u00f3n QP","twitter_card":"summary_large_image","twitter_misc":{"Escrito por":"Redacci\u00f3n QP","Tiempo de lectura":"2 minutos"},"schema":{"@context":"https:\/\/schema.org","@graph":[{"@type":"Article","@id":"https:\/\/quehacerpolitico.mx\/?p=8797#article","isPartOf":{"@id":"https:\/\/quehacerpolitico.mx\/?p=8797"},"author":{"name":"Redacci\u00f3n QP","@id":"https:\/\/quehacerpolitico.mx\/#\/schema\/person\/496d8ad2d1d3f8036101dca7ee39e585"},"headline":"Jorge Romero propone Instituto de Evaluaci\u00f3n de Pol\u00edticas P\u00fablicas","datePublished":"2018-11-09T04:14:00+00:00","mainEntityOfPage":{"@id":"https:\/\/quehacerpolitico.mx\/?p=8797"},"wordCount":421,"commentCount":0,"image":{"@id":"https:\/\/quehacerpolitico.mx\/?p=8797#primaryimage"},"thumbnailUrl":"","articleSection":["Noticias"],"inLanguage":"es","potentialAction":[{"@type":"CommentAction","name":"Comment","target":["https:\/\/quehacerpolitico.mx\/?p=8797#respond"]}]},{"@type":"WebPage","@id":"https:\/\/quehacerpolitico.mx\/?p=8797","url":"https:\/\/quehacerpolitico.mx\/?p=8797","name":"Jorge Romero propone Instituto de Evaluaci\u00f3n de Pol\u00edticas P\u00fablicas -","isPartOf":{"@id":"https:\/\/quehacerpolitico.mx\/#website"},"primaryImageOfPage":{"@id":"https:\/\/quehacerpolitico.mx\/?p=8797#primaryimage"},"image":{"@id":"https:\/\/quehacerpolitico.mx\/?p=8797#primaryimage"},"thumbnailUrl":"","datePublished":"2018-11-09T04:14:00+00:00","author":{"@id":"https:\/\/quehacerpolitico.mx\/#\/schema\/person\/496d8ad2d1d3f8036101dca7ee39e585"},"breadcrumb":{"@id":"https:\/\/quehacerpolitico.mx\/?p=8797#breadcrumb"},"inLanguage":"es","potentialAction":[{"@type":"ReadAction","target":["https:\/\/quehacerpolitico.mx\/?p=8797"]}]},{"@type":"ImageObject","inLanguage":"es","@id":"https:\/\/quehacerpolitico.mx\/?p=8797#primaryimage","url":"","contentUrl":""},{"@type":"BreadcrumbList","@id":"https:\/\/quehacerpolitico.mx\/?p=8797#breadcrumb","itemListElement":[{"@type":"ListItem","position":1,"name":"Inicio","item":"https:\/\/quehacerpolitico.mx\/"},{"@type":"ListItem","position":2,"name":"Jorge Romero propone Instituto de Evaluaci\u00f3n de Pol\u00edticas P\u00fablicas"}]},{"@type":"WebSite","@id":"https:\/\/quehacerpolitico.mx\/#website","url":"https:\/\/quehacerpolitico.mx\/","name":"","description":"","potentialAction":[{"@type":"SearchAction","target":{"@type":"EntryPoint","urlTemplate":"https:\/\/quehacerpolitico.mx\/?s={search_term_string}"},"query-input":{"@type":"PropertyValueSpecification","valueRequired":true,"valueName":"search_term_string"}}],"inLanguage":"es"},{"@type":"Person","@id":"https:\/\/quehacerpolitico.mx\/#\/schema\/person\/496d8ad2d1d3f8036101dca7ee39e585","name":"Redacci\u00f3n QP","image":{"@type":"ImageObject","inLanguage":"es","@id":"https:\/\/secure.gravatar.com\/avatar\/c7164ed6fdec453195284ad24a5ae5b6e1eed2b848477fa2a4787ba9adf39a41?s=96&d=mm&r=g","url":"https:\/\/secure.gravatar.com\/avatar\/c7164ed6fdec453195284ad24a5ae5b6e1eed2b848477fa2a4787ba9adf39a41?s=96&d=mm&r=g","contentUrl":"https:\/\/secure.gravatar.com\/avatar\/c7164ed6fdec453195284ad24a5ae5b6e1eed2b848477fa2a4787ba9adf39a41?s=96&d=mm&r=g","caption":"Redacci\u00f3n QP"},"url":"https:\/\/quehacerpolitico.mx\/?author=2"}]}},"featured_image_urls":{"full":"","thumbnail":"","medium":"","medium_large":"","large":"","1536x1536":"","2048x2048":"","covernews-featured":"","covernews-medium":""},"author_info":{"display_name":"Redacci\u00f3n QP","author_link":"https:\/\/quehacerpolitico.mx\/?author=2"},"category_info":"<a href=\"https:\/\/quehacerpolitico.mx\/?cat=2\" rel=\"category\">Noticias<\/a>","tag_info":"Noticias","comment_count":"0","_links":{"self":[{"href":"https:\/\/quehacerpolitico.mx\/index.php?rest_route=\/wp\/v2\/posts\/8797","targetHints":{"allow":["GET"]}}],"collection":[{"href":"https:\/\/quehacerpolitico.mx\/index.php?rest_route=\/wp\/v2\/posts"}],"about":[{"href":"https:\/\/quehacerpolitico.mx\/index.php?rest_route=\/wp\/v2\/types\/post"}],"author":[{"embeddable":true,"href":"https:\/\/quehacerpolitico.mx\/index.php?rest_route=\/wp\/v2\/users\/2"}],"replies":[{"embeddable":true,"href":"https:\/\/quehacerpolitico.mx\/index.php?rest_route=%2Fwp%2Fv2%2Fcomments&post=8797"}],"version-history":[{"count":0,"href":"https:\/\/quehacerpolitico.mx\/index.php?rest_route=\/wp\/v2\/posts\/8797\/revisions"}],"wp:featuredmedia":[{"embeddable":true,"href":"https:\/\/quehacerpolitico.mx\/index.php?rest_route=\/"}],"wp:attachment":[{"href":"https:\/\/quehacerpolitico.mx\/index.php?rest_route=%2Fwp%2Fv2%2Fmedia&parent=8797"}],"wp:term":[{"taxonomy":"category","embeddable":true,"href":"https:\/\/quehacerpolitico.mx\/index.php?rest_route=%2Fwp%2Fv2%2Fcategories&post=8797"},{"taxonomy":"post_tag","embeddable":true,"href":"https:\/\/quehacerpolitico.mx\/index.php?rest_route=%2Fwp%2Fv2%2Ftags&post=8797"}],"curies":[{"name":"wp","href":"https:\/\/api.w.org\/{rel}","templated":true}]}}