{"id":8793,"date":"2018-11-09T02:06:50","date_gmt":"2018-11-09T02:06:50","guid":{"rendered":"http:\/\/quehacerpolitico.mx\/propuesta-de-morena-provoca-la-mayor-caida-de-la-bolsa-desde-2011\/"},"modified":"2018-11-09T02:06:50","modified_gmt":"2018-11-09T02:06:50","slug":"propuesta-de-morena-provoca-la-mayor-caida-de-la-bolsa-desde-2011","status":"publish","type":"post","link":"https:\/\/quehacerpolitico.mx\/?p=8793","title":{"rendered":"Propuesta de Morena provoca la mayor ca\u00edda de la Bolsa desde 2011"},"content":{"rendered":"<h2 class=\"genTitle\">Propuesta de Morena provoca la mayor ca\u00edda de la Bolsa desde 2011<\/h2>\n<p>Por Redacci\u00f3n QP<\/p>\n<p>La iniciativa de ley que pretende eliminar diversas comisiones que los bancos cobran a sus clientes <b>provoc\u00f3 una hist\u00f3rica ca\u00edda<\/b> de la Bolsa Mexicana de Valores (BMV) de 5.81 por ciento.<\/p>\n<p>Esto se debi\u00f3 a la desbandada entre los tenedores de acciones de bancos y grupos financieros que cotizan en la BMV q<b>uienes reaccionaron de forma negativa a la iniciativa<\/b>.<\/p>\n<p>El principal indicador, el S&amp;P\/BMV IPC, se derrumb\u00f3 2 mil 727.15 enteros su m\u00e1s amplio descenso desde el 9 de agosto de 2011, y cerr\u00f3 en <b>44 mil 190.25 unidades.<\/b><\/p>\n<p>La propuesta del senador de Morena Ricardo Monreal busca prohibir las comisiones que <b>cobran los bancos por causas diversas<\/b>.<\/p>\n<p>Los grupos financieros, que tienen un peso de <b>18.92 por ciento en el IPC<\/b>, retrocedieron m\u00e1s de seis por ciento.<\/p>\n<h3>Bancos sufren p\u00e9rdidas\u00a0 de entre 6 y 12 por ciento<\/h3>\n<p>Al cierre de las operaciones burs\u00e1tiles de este jueves, los papeles del <b>Grupo Financiero Banorte<\/b> fueron los m\u00e1s golpeados, con un descenso de 11.90 por ciento en la jornada<\/p>\n<p>Mientras que las acciones de Gentera (<b>Compartamos<\/b>) finalizaron el d\u00eda con una minusval\u00eda de <b>10.23 por ciento<\/b>.<\/p>\n<p>Las p\u00e9rdidas para los accionistas de G<b>rupo Financiero Inbursa alcanzaron la tasa de 10.08 por ciento<\/b> y los tenedores de papeles de Santander vieron bajar sus precios <b>8.12 por ciento<\/b>.<\/p>\n<p>En tanto, los t\u00edtulos de Banco Regional y Banco del Baj\u00edo fueron los menos afectados del sector financiero de la BMV, con descensos de <b>7.32 y 6.98 por ciento<\/b>, respectivamente.<\/p>\n<p>Al t\u00e9rmino de la jornada de este jueves el valor de capitalizaci\u00f3n de estas entidades financieras registr\u00f3 un descenso de <b>85 mil 400.21 millones de pesos<\/b>, al pasar de 845 mil 425.44 a 759 mil 991.24 millones de pesos.<\/p>\n<p>La iniciativa presentada por <b>Monreal \u00c1vila argumenta <\/b>que las ganancias generadas por el cobro de comisiones cobradas por los <b>bancos en M\u00e9xico<\/b>, casi en todos los casos representan una tercera parte de los ingresos de las instituciones crediticias.<\/p>\n<p>Se\u00f1al\u00f3 que esta proporci\u00f3n es <b>muy superior a la registrada en sus casas<\/b> matrices en sus pa\u00edses de origen.<\/p>\n<p>Entre las 12 prohibiciones de cobro de comisiones a\u00f1adidas a la ley, se propone <b>suspender el c\u00f3mputo de intereses moratorios<\/b> dentro de los primeros cinco d\u00edas h\u00e1biles luego del vencimiento del l\u00edmite de pago.<\/p>\n<p>Adem\u00e1s se llama a eliminar el <b>cobro por reposici\u00f3n de tarjetas<\/b>, entre otras.<\/p>\n","protected":false},"excerpt":{"rendered":"<p>Propuesta de Morena provoca la mayor ca\u00edda de la Bolsa desde 2011<br \/>\nPor Redacci\u00f3n QP<\/p>\n","protected":false},"author":2,"featured_media":8792,"comment_status":"open","ping_status":"open","sticky":false,"template":"","format":"standard","meta":{"_monsterinsights_skip_tracking":false,"_monsterinsights_sitenote_active":false,"_monsterinsights_sitenote_note":"","_monsterinsights_sitenote_category":0,"footnotes":""},"categories":[56],"tags":[],"class_list":["post-8793","post","type-post","status-publish","format-standard","has-post-thumbnail","hentry","category-economia"],"yoast_head":"<!-- This site is optimized with the Yoast SEO plugin v27.3 - https:\/\/yoast.com\/product\/yoast-seo-wordpress\/ -->\n<title>Propuesta de Morena provoca la mayor ca\u00edda de la Bolsa desde 2011 -<\/title>\n<meta name=\"robots\" content=\"index, follow, max-snippet:-1, max-image-preview:large, max-video-preview:-1\" \/>\n<link rel=\"canonical\" href=\"https:\/\/quehacerpolitico.mx\/?p=8793\" \/>\n<meta property=\"og:locale\" content=\"es_MX\" \/>\n<meta property=\"og:type\" content=\"article\" \/>\n<meta property=\"og:title\" content=\"Propuesta de Morena provoca la mayor ca\u00edda de la Bolsa desde 2011 -\" \/>\n<meta property=\"og:description\" content=\"Propuesta de Morena provoca la mayor ca\u00edda de la Bolsa desde 2011 Por Redacci\u00f3n QP\" \/>\n<meta property=\"og:url\" content=\"https:\/\/quehacerpolitico.mx\/?p=8793\" \/>\n<meta property=\"article:published_time\" content=\"2018-11-09T02:06:50+00:00\" \/>\n<meta name=\"author\" content=\"Redacci\u00f3n QP\" \/>\n<meta name=\"twitter:card\" content=\"summary_large_image\" \/>\n<meta name=\"twitter:label1\" content=\"Escrito por\" \/>\n\t<meta name=\"twitter:data1\" content=\"Redacci\u00f3n QP\" \/>\n\t<meta name=\"twitter:label2\" content=\"Tiempo de lectura\" \/>\n\t<meta name=\"twitter:data2\" content=\"2 minutos\" \/>\n<script type=\"application\/ld+json\" class=\"yoast-schema-graph\">{\"@context\":\"https:\\\/\\\/schema.org\",\"@graph\":[{\"@type\":\"Article\",\"@id\":\"https:\\\/\\\/quehacerpolitico.mx\\\/?p=8793#article\",\"isPartOf\":{\"@id\":\"https:\\\/\\\/quehacerpolitico.mx\\\/?p=8793\"},\"author\":{\"name\":\"Redacci\u00f3n QP\",\"@id\":\"https:\\\/\\\/quehacerpolitico.mx\\\/#\\\/schema\\\/person\\\/496d8ad2d1d3f8036101dca7ee39e585\"},\"headline\":\"Propuesta de Morena provoca la mayor ca\u00edda de la Bolsa desde 2011\",\"datePublished\":\"2018-11-09T02:06:50+00:00\",\"mainEntityOfPage\":{\"@id\":\"https:\\\/\\\/quehacerpolitico.mx\\\/?p=8793\"},\"wordCount\":421,\"commentCount\":0,\"image\":{\"@id\":\"https:\\\/\\\/quehacerpolitico.mx\\\/?p=8793#primaryimage\"},\"thumbnailUrl\":\"\",\"articleSection\":[\"Econom\u00eda\"],\"inLanguage\":\"es\",\"potentialAction\":[{\"@type\":\"CommentAction\",\"name\":\"Comment\",\"target\":[\"https:\\\/\\\/quehacerpolitico.mx\\\/?p=8793#respond\"]}]},{\"@type\":\"WebPage\",\"@id\":\"https:\\\/\\\/quehacerpolitico.mx\\\/?p=8793\",\"url\":\"https:\\\/\\\/quehacerpolitico.mx\\\/?p=8793\",\"name\":\"Propuesta de Morena provoca la mayor ca\u00edda de la Bolsa desde 2011 -\",\"isPartOf\":{\"@id\":\"https:\\\/\\\/quehacerpolitico.mx\\\/#website\"},\"primaryImageOfPage\":{\"@id\":\"https:\\\/\\\/quehacerpolitico.mx\\\/?p=8793#primaryimage\"},\"image\":{\"@id\":\"https:\\\/\\\/quehacerpolitico.mx\\\/?p=8793#primaryimage\"},\"thumbnailUrl\":\"\",\"datePublished\":\"2018-11-09T02:06:50+00:00\",\"author\":{\"@id\":\"https:\\\/\\\/quehacerpolitico.mx\\\/#\\\/schema\\\/person\\\/496d8ad2d1d3f8036101dca7ee39e585\"},\"breadcrumb\":{\"@id\":\"https:\\\/\\\/quehacerpolitico.mx\\\/?p=8793#breadcrumb\"},\"inLanguage\":\"es\",\"potentialAction\":[{\"@type\":\"ReadAction\",\"target\":[\"https:\\\/\\\/quehacerpolitico.mx\\\/?p=8793\"]}]},{\"@type\":\"ImageObject\",\"inLanguage\":\"es\",\"@id\":\"https:\\\/\\\/quehacerpolitico.mx\\\/?p=8793#primaryimage\",\"url\":\"\",\"contentUrl\":\"\"},{\"@type\":\"BreadcrumbList\",\"@id\":\"https:\\\/\\\/quehacerpolitico.mx\\\/?p=8793#breadcrumb\",\"itemListElement\":[{\"@type\":\"ListItem\",\"position\":1,\"name\":\"Inicio\",\"item\":\"https:\\\/\\\/quehacerpolitico.mx\\\/\"},{\"@type\":\"ListItem\",\"position\":2,\"name\":\"Propuesta de Morena provoca la mayor ca\u00edda de la Bolsa desde 2011\"}]},{\"@type\":\"WebSite\",\"@id\":\"https:\\\/\\\/quehacerpolitico.mx\\\/#website\",\"url\":\"https:\\\/\\\/quehacerpolitico.mx\\\/\",\"name\":\"\",\"description\":\"\",\"potentialAction\":[{\"@type\":\"SearchAction\",\"target\":{\"@type\":\"EntryPoint\",\"urlTemplate\":\"https:\\\/\\\/quehacerpolitico.mx\\\/?s={search_term_string}\"},\"query-input\":{\"@type\":\"PropertyValueSpecification\",\"valueRequired\":true,\"valueName\":\"search_term_string\"}}],\"inLanguage\":\"es\"},{\"@type\":\"Person\",\"@id\":\"https:\\\/\\\/quehacerpolitico.mx\\\/#\\\/schema\\\/person\\\/496d8ad2d1d3f8036101dca7ee39e585\",\"name\":\"Redacci\u00f3n QP\",\"image\":{\"@type\":\"ImageObject\",\"inLanguage\":\"es\",\"@id\":\"https:\\\/\\\/secure.gravatar.com\\\/avatar\\\/c7164ed6fdec453195284ad24a5ae5b6e1eed2b848477fa2a4787ba9adf39a41?s=96&d=mm&r=g\",\"url\":\"https:\\\/\\\/secure.gravatar.com\\\/avatar\\\/c7164ed6fdec453195284ad24a5ae5b6e1eed2b848477fa2a4787ba9adf39a41?s=96&d=mm&r=g\",\"contentUrl\":\"https:\\\/\\\/secure.gravatar.com\\\/avatar\\\/c7164ed6fdec453195284ad24a5ae5b6e1eed2b848477fa2a4787ba9adf39a41?s=96&d=mm&r=g\",\"caption\":\"Redacci\u00f3n QP\"},\"url\":\"https:\\\/\\\/quehacerpolitico.mx\\\/?author=2\"}]}<\/script>\n<!-- \/ Yoast SEO plugin. -->","yoast_head_json":{"title":"Propuesta de Morena provoca la mayor ca\u00edda de la Bolsa desde 2011 -","robots":{"index":"index","follow":"follow","max-snippet":"max-snippet:-1","max-image-preview":"max-image-preview:large","max-video-preview":"max-video-preview:-1"},"canonical":"https:\/\/quehacerpolitico.mx\/?p=8793","og_locale":"es_MX","og_type":"article","og_title":"Propuesta de Morena provoca la mayor ca\u00edda de la Bolsa desde 2011 -","og_description":"Propuesta de Morena provoca la mayor ca\u00edda de la Bolsa desde 2011 Por Redacci\u00f3n QP","og_url":"https:\/\/quehacerpolitico.mx\/?p=8793","article_published_time":"2018-11-09T02:06:50+00:00","author":"Redacci\u00f3n QP","twitter_card":"summary_large_image","twitter_misc":{"Escrito por":"Redacci\u00f3n QP","Tiempo de lectura":"2 minutos"},"schema":{"@context":"https:\/\/schema.org","@graph":[{"@type":"Article","@id":"https:\/\/quehacerpolitico.mx\/?p=8793#article","isPartOf":{"@id":"https:\/\/quehacerpolitico.mx\/?p=8793"},"author":{"name":"Redacci\u00f3n QP","@id":"https:\/\/quehacerpolitico.mx\/#\/schema\/person\/496d8ad2d1d3f8036101dca7ee39e585"},"headline":"Propuesta de Morena provoca la mayor ca\u00edda de la Bolsa desde 2011","datePublished":"2018-11-09T02:06:50+00:00","mainEntityOfPage":{"@id":"https:\/\/quehacerpolitico.mx\/?p=8793"},"wordCount":421,"commentCount":0,"image":{"@id":"https:\/\/quehacerpolitico.mx\/?p=8793#primaryimage"},"thumbnailUrl":"","articleSection":["Econom\u00eda"],"inLanguage":"es","potentialAction":[{"@type":"CommentAction","name":"Comment","target":["https:\/\/quehacerpolitico.mx\/?p=8793#respond"]}]},{"@type":"WebPage","@id":"https:\/\/quehacerpolitico.mx\/?p=8793","url":"https:\/\/quehacerpolitico.mx\/?p=8793","name":"Propuesta de Morena provoca la mayor ca\u00edda de la Bolsa desde 2011 -","isPartOf":{"@id":"https:\/\/quehacerpolitico.mx\/#website"},"primaryImageOfPage":{"@id":"https:\/\/quehacerpolitico.mx\/?p=8793#primaryimage"},"image":{"@id":"https:\/\/quehacerpolitico.mx\/?p=8793#primaryimage"},"thumbnailUrl":"","datePublished":"2018-11-09T02:06:50+00:00","author":{"@id":"https:\/\/quehacerpolitico.mx\/#\/schema\/person\/496d8ad2d1d3f8036101dca7ee39e585"},"breadcrumb":{"@id":"https:\/\/quehacerpolitico.mx\/?p=8793#breadcrumb"},"inLanguage":"es","potentialAction":[{"@type":"ReadAction","target":["https:\/\/quehacerpolitico.mx\/?p=8793"]}]},{"@type":"ImageObject","inLanguage":"es","@id":"https:\/\/quehacerpolitico.mx\/?p=8793#primaryimage","url":"","contentUrl":""},{"@type":"BreadcrumbList","@id":"https:\/\/quehacerpolitico.mx\/?p=8793#breadcrumb","itemListElement":[{"@type":"ListItem","position":1,"name":"Inicio","item":"https:\/\/quehacerpolitico.mx\/"},{"@type":"ListItem","position":2,"name":"Propuesta de Morena provoca la mayor ca\u00edda de la Bolsa desde 2011"}]},{"@type":"WebSite","@id":"https:\/\/quehacerpolitico.mx\/#website","url":"https:\/\/quehacerpolitico.mx\/","name":"","description":"","potentialAction":[{"@type":"SearchAction","target":{"@type":"EntryPoint","urlTemplate":"https:\/\/quehacerpolitico.mx\/?s={search_term_string}"},"query-input":{"@type":"PropertyValueSpecification","valueRequired":true,"valueName":"search_term_string"}}],"inLanguage":"es"},{"@type":"Person","@id":"https:\/\/quehacerpolitico.mx\/#\/schema\/person\/496d8ad2d1d3f8036101dca7ee39e585","name":"Redacci\u00f3n QP","image":{"@type":"ImageObject","inLanguage":"es","@id":"https:\/\/secure.gravatar.com\/avatar\/c7164ed6fdec453195284ad24a5ae5b6e1eed2b848477fa2a4787ba9adf39a41?s=96&d=mm&r=g","url":"https:\/\/secure.gravatar.com\/avatar\/c7164ed6fdec453195284ad24a5ae5b6e1eed2b848477fa2a4787ba9adf39a41?s=96&d=mm&r=g","contentUrl":"https:\/\/secure.gravatar.com\/avatar\/c7164ed6fdec453195284ad24a5ae5b6e1eed2b848477fa2a4787ba9adf39a41?s=96&d=mm&r=g","caption":"Redacci\u00f3n QP"},"url":"https:\/\/quehacerpolitico.mx\/?author=2"}]}},"featured_image_urls":{"full":"","thumbnail":"","medium":"","medium_large":"","large":"","1536x1536":"","2048x2048":"","covernews-featured":"","covernews-medium":""},"author_info":{"display_name":"Redacci\u00f3n QP","author_link":"https:\/\/quehacerpolitico.mx\/?author=2"},"category_info":"<a href=\"https:\/\/quehacerpolitico.mx\/?cat=56\" rel=\"category\">Econom\u00eda<\/a>","tag_info":"Econom\u00eda","comment_count":"0","_links":{"self":[{"href":"https:\/\/quehacerpolitico.mx\/index.php?rest_route=\/wp\/v2\/posts\/8793","targetHints":{"allow":["GET"]}}],"collection":[{"href":"https:\/\/quehacerpolitico.mx\/index.php?rest_route=\/wp\/v2\/posts"}],"about":[{"href":"https:\/\/quehacerpolitico.mx\/index.php?rest_route=\/wp\/v2\/types\/post"}],"author":[{"embeddable":true,"href":"https:\/\/quehacerpolitico.mx\/index.php?rest_route=\/wp\/v2\/users\/2"}],"replies":[{"embeddable":true,"href":"https:\/\/quehacerpolitico.mx\/index.php?rest_route=%2Fwp%2Fv2%2Fcomments&post=8793"}],"version-history":[{"count":0,"href":"https:\/\/quehacerpolitico.mx\/index.php?rest_route=\/wp\/v2\/posts\/8793\/revisions"}],"wp:featuredmedia":[{"embeddable":true,"href":"https:\/\/quehacerpolitico.mx\/index.php?rest_route=\/"}],"wp:attachment":[{"href":"https:\/\/quehacerpolitico.mx\/index.php?rest_route=%2Fwp%2Fv2%2Fmedia&parent=8793"}],"wp:term":[{"taxonomy":"category","embeddable":true,"href":"https:\/\/quehacerpolitico.mx\/index.php?rest_route=%2Fwp%2Fv2%2Fcategories&post=8793"},{"taxonomy":"post_tag","embeddable":true,"href":"https:\/\/quehacerpolitico.mx\/index.php?rest_route=%2Fwp%2Fv2%2Ftags&post=8793"}],"curies":[{"name":"wp","href":"https:\/\/api.w.org\/{rel}","templated":true}]}}