{"id":87845,"date":"2021-12-30T18:23:50","date_gmt":"2021-12-30T18:23:50","guid":{"rendered":"https:\/\/quehacerpolitico.mx\/?p=87845"},"modified":"2021-12-30T18:23:53","modified_gmt":"2021-12-30T18:23:53","slug":"los-hogares-mexicanos-planean-reducir-gastos","status":"publish","type":"post","link":"https:\/\/quehacerpolitico.mx\/?p=87845","title":{"rendered":"Los hogares mexicanos planean reducir gastos"},"content":{"rendered":"\n<p>Por Redacci\u00f3n QP<\/p>\n\n\n\n<p>Seg\u00fan la consultora Kantar, hasta un cuarto de las familias del pa\u00eds se preparan para limitar su consumo<\/p>\n\n\n\n<p>Ante el aumento de precios que vive la econom\u00eda mexicana con la inflaci\u00f3n m\u00e1s alta en dos d\u00e9cadas,&nbsp;<strong>25% de los hogares mexicanos contempla reducir sus gastos al arranque de 2022 y enfrentar la cuesta de enero,<\/strong>&nbsp;seg\u00fan la consultora Kantar.<\/p>\n\n\n\n<p>De acuerdo con un sondeo realizado en hogares del pa\u00eds, la firma encontr\u00f3 que<strong>\u00a049% de las familias a\u00fan no saben c\u00f3mo enfrentar\u00e1n el comienzo del nuevo a\u00f1o en materia econ\u00f3mica, mientras que un 19% afirm\u00f3 que mantendr\u00e1 sus h\u00e1bitos y rangos de consumo.<\/strong><\/p>\n\n\n\n<p>\u201cEste resultado demuestra la incertidumbre econ\u00f3mica acerca del inicio de 2022. Es evidente que el impacto de la COVID-19 contin\u00faa siendo tema de preocupaci\u00f3n para las familias mexicanas y m\u00e1s por la situaci\u00f3n financiera, laboral, as\u00ed como de salud que existe actualmente\u201d, explic\u00f3 Kantar.<\/p>\n\n\n\n<p>De acuerdo con la firma, otras de las respuestas que arroj\u00f3 la consulta fue que<strong>\u00a02% de los hogares s\u00ed incrementar\u00e1 sus gastos<\/strong>\u00a0en productos FMCG este primer mes del a\u00f1o al mismo paso en que disminuir\u00e1n su desembolso en entretenimiento con el mismo porcentaje. Un comportamiento que muestra tendencia a la racionalizaci\u00f3n, lo cual suele aparecer en entornos econ\u00f3micos menos favorables.<\/p>\n","protected":false},"excerpt":{"rendered":"<p>Por Redacci\u00f3n QP Seg\u00fan la consultora Kantar, hasta un cuarto de las familias del pa\u00eds&#8230;<\/p>\n","protected":false},"author":2,"featured_media":87846,"comment_status":"open","ping_status":"open","sticky":false,"template":"","format":"standard","meta":{"_monsterinsights_skip_tracking":false,"_monsterinsights_sitenote_active":false,"_monsterinsights_sitenote_note":"","_monsterinsights_sitenote_category":0,"footnotes":""},"categories":[56],"tags":[],"class_list":["post-87845","post","type-post","status-publish","format-standard","has-post-thumbnail","hentry","category-economia"],"yoast_head":"<!-- This site is optimized with the Yoast SEO plugin v27.3 - https:\/\/yoast.com\/product\/yoast-seo-wordpress\/ -->\n<title>Los hogares mexicanos planean reducir gastos -<\/title>\n<meta name=\"robots\" content=\"index, follow, max-snippet:-1, max-image-preview:large, max-video-preview:-1\" \/>\n<link rel=\"canonical\" href=\"https:\/\/quehacerpolitico.mx\/?p=87845\" \/>\n<meta property=\"og:locale\" content=\"es_MX\" \/>\n<meta property=\"og:type\" content=\"article\" \/>\n<meta property=\"og:title\" content=\"Los hogares mexicanos planean reducir gastos -\" \/>\n<meta property=\"og:description\" content=\"Por Redacci\u00f3n QP Seg\u00fan la consultora Kantar, hasta un cuarto de las familias del pa\u00eds...\" \/>\n<meta property=\"og:url\" content=\"https:\/\/quehacerpolitico.mx\/?p=87845\" \/>\n<meta property=\"article:published_time\" content=\"2021-12-30T18:23:50+00:00\" \/>\n<meta property=\"article:modified_time\" content=\"2021-12-30T18:23:53+00:00\" \/>\n<meta property=\"og:image\" content=\"https:\/\/quehacerpolitico.mx\/wp-content\/uploads\/2021\/12\/622FBF7B-DE29-4D3D-B6CD-5D1513546471.jpeg\" \/>\n\t<meta property=\"og:image:width\" content=\"612\" \/>\n\t<meta property=\"og:image:height\" content=\"459\" \/>\n\t<meta property=\"og:image:type\" content=\"image\/jpeg\" \/>\n<meta name=\"author\" content=\"Redacci\u00f3n QP\" \/>\n<meta name=\"twitter:card\" content=\"summary_large_image\" \/>\n<meta name=\"twitter:label1\" content=\"Escrito por\" \/>\n\t<meta name=\"twitter:data1\" content=\"Redacci\u00f3n QP\" \/>\n\t<meta name=\"twitter:label2\" content=\"Tiempo de lectura\" \/>\n\t<meta name=\"twitter:data2\" content=\"1 minuto\" \/>\n<script type=\"application\/ld+json\" class=\"yoast-schema-graph\">{\"@context\":\"https:\\\/\\\/schema.org\",\"@graph\":[{\"@type\":\"Article\",\"@id\":\"https:\\\/\\\/quehacerpolitico.mx\\\/?p=87845#article\",\"isPartOf\":{\"@id\":\"https:\\\/\\\/quehacerpolitico.mx\\\/?p=87845\"},\"author\":{\"name\":\"Redacci\u00f3n QP\",\"@id\":\"https:\\\/\\\/quehacerpolitico.mx\\\/#\\\/schema\\\/person\\\/496d8ad2d1d3f8036101dca7ee39e585\"},\"headline\":\"Los hogares mexicanos planean reducir gastos\",\"datePublished\":\"2021-12-30T18:23:50+00:00\",\"dateModified\":\"2021-12-30T18:23:53+00:00\",\"mainEntityOfPage\":{\"@id\":\"https:\\\/\\\/quehacerpolitico.mx\\\/?p=87845\"},\"wordCount\":238,\"commentCount\":0,\"image\":{\"@id\":\"https:\\\/\\\/quehacerpolitico.mx\\\/?p=87845#primaryimage\"},\"thumbnailUrl\":\"https:\\\/\\\/quehacerpolitico.mx\\\/wp-content\\\/uploads\\\/2021\\\/12\\\/622FBF7B-DE29-4D3D-B6CD-5D1513546471.jpeg\",\"articleSection\":[\"Econom\u00eda\"],\"inLanguage\":\"es\",\"potentialAction\":[{\"@type\":\"CommentAction\",\"name\":\"Comment\",\"target\":[\"https:\\\/\\\/quehacerpolitico.mx\\\/?p=87845#respond\"]}]},{\"@type\":\"WebPage\",\"@id\":\"https:\\\/\\\/quehacerpolitico.mx\\\/?p=87845\",\"url\":\"https:\\\/\\\/quehacerpolitico.mx\\\/?p=87845\",\"name\":\"Los hogares mexicanos planean reducir gastos -\",\"isPartOf\":{\"@id\":\"https:\\\/\\\/quehacerpolitico.mx\\\/#website\"},\"primaryImageOfPage\":{\"@id\":\"https:\\\/\\\/quehacerpolitico.mx\\\/?p=87845#primaryimage\"},\"image\":{\"@id\":\"https:\\\/\\\/quehacerpolitico.mx\\\/?p=87845#primaryimage\"},\"thumbnailUrl\":\"https:\\\/\\\/quehacerpolitico.mx\\\/wp-content\\\/uploads\\\/2021\\\/12\\\/622FBF7B-DE29-4D3D-B6CD-5D1513546471.jpeg\",\"datePublished\":\"2021-12-30T18:23:50+00:00\",\"dateModified\":\"2021-12-30T18:23:53+00:00\",\"author\":{\"@id\":\"https:\\\/\\\/quehacerpolitico.mx\\\/#\\\/schema\\\/person\\\/496d8ad2d1d3f8036101dca7ee39e585\"},\"breadcrumb\":{\"@id\":\"https:\\\/\\\/quehacerpolitico.mx\\\/?p=87845#breadcrumb\"},\"inLanguage\":\"es\",\"potentialAction\":[{\"@type\":\"ReadAction\",\"target\":[\"https:\\\/\\\/quehacerpolitico.mx\\\/?p=87845\"]}]},{\"@type\":\"ImageObject\",\"inLanguage\":\"es\",\"@id\":\"https:\\\/\\\/quehacerpolitico.mx\\\/?p=87845#primaryimage\",\"url\":\"https:\\\/\\\/quehacerpolitico.mx\\\/wp-content\\\/uploads\\\/2021\\\/12\\\/622FBF7B-DE29-4D3D-B6CD-5D1513546471.jpeg\",\"contentUrl\":\"https:\\\/\\\/quehacerpolitico.mx\\\/wp-content\\\/uploads\\\/2021\\\/12\\\/622FBF7B-DE29-4D3D-B6CD-5D1513546471.jpeg\",\"width\":612,\"height\":459},{\"@type\":\"BreadcrumbList\",\"@id\":\"https:\\\/\\\/quehacerpolitico.mx\\\/?p=87845#breadcrumb\",\"itemListElement\":[{\"@type\":\"ListItem\",\"position\":1,\"name\":\"Inicio\",\"item\":\"https:\\\/\\\/quehacerpolitico.mx\\\/\"},{\"@type\":\"ListItem\",\"position\":2,\"name\":\"Los hogares mexicanos planean reducir gastos\"}]},{\"@type\":\"WebSite\",\"@id\":\"https:\\\/\\\/quehacerpolitico.mx\\\/#website\",\"url\":\"https:\\\/\\\/quehacerpolitico.mx\\\/\",\"name\":\"\",\"description\":\"\",\"potentialAction\":[{\"@type\":\"SearchAction\",\"target\":{\"@type\":\"EntryPoint\",\"urlTemplate\":\"https:\\\/\\\/quehacerpolitico.mx\\\/?s={search_term_string}\"},\"query-input\":{\"@type\":\"PropertyValueSpecification\",\"valueRequired\":true,\"valueName\":\"search_term_string\"}}],\"inLanguage\":\"es\"},{\"@type\":\"Person\",\"@id\":\"https:\\\/\\\/quehacerpolitico.mx\\\/#\\\/schema\\\/person\\\/496d8ad2d1d3f8036101dca7ee39e585\",\"name\":\"Redacci\u00f3n QP\",\"image\":{\"@type\":\"ImageObject\",\"inLanguage\":\"es\",\"@id\":\"https:\\\/\\\/secure.gravatar.com\\\/avatar\\\/c7164ed6fdec453195284ad24a5ae5b6e1eed2b848477fa2a4787ba9adf39a41?s=96&d=mm&r=g\",\"url\":\"https:\\\/\\\/secure.gravatar.com\\\/avatar\\\/c7164ed6fdec453195284ad24a5ae5b6e1eed2b848477fa2a4787ba9adf39a41?s=96&d=mm&r=g\",\"contentUrl\":\"https:\\\/\\\/secure.gravatar.com\\\/avatar\\\/c7164ed6fdec453195284ad24a5ae5b6e1eed2b848477fa2a4787ba9adf39a41?s=96&d=mm&r=g\",\"caption\":\"Redacci\u00f3n QP\"},\"url\":\"https:\\\/\\\/quehacerpolitico.mx\\\/?author=2\"}]}<\/script>\n<!-- \/ Yoast SEO plugin. -->","yoast_head_json":{"title":"Los hogares mexicanos planean reducir gastos -","robots":{"index":"index","follow":"follow","max-snippet":"max-snippet:-1","max-image-preview":"max-image-preview:large","max-video-preview":"max-video-preview:-1"},"canonical":"https:\/\/quehacerpolitico.mx\/?p=87845","og_locale":"es_MX","og_type":"article","og_title":"Los hogares mexicanos planean reducir gastos -","og_description":"Por Redacci\u00f3n QP Seg\u00fan la consultora Kantar, hasta un cuarto de las familias del pa\u00eds...","og_url":"https:\/\/quehacerpolitico.mx\/?p=87845","article_published_time":"2021-12-30T18:23:50+00:00","article_modified_time":"2021-12-30T18:23:53+00:00","og_image":[{"width":612,"height":459,"url":"https:\/\/quehacerpolitico.mx\/wp-content\/uploads\/2021\/12\/622FBF7B-DE29-4D3D-B6CD-5D1513546471.jpeg","type":"image\/jpeg"}],"author":"Redacci\u00f3n QP","twitter_card":"summary_large_image","twitter_misc":{"Escrito por":"Redacci\u00f3n QP","Tiempo de lectura":"1 minuto"},"schema":{"@context":"https:\/\/schema.org","@graph":[{"@type":"Article","@id":"https:\/\/quehacerpolitico.mx\/?p=87845#article","isPartOf":{"@id":"https:\/\/quehacerpolitico.mx\/?p=87845"},"author":{"name":"Redacci\u00f3n QP","@id":"https:\/\/quehacerpolitico.mx\/#\/schema\/person\/496d8ad2d1d3f8036101dca7ee39e585"},"headline":"Los hogares mexicanos planean reducir gastos","datePublished":"2021-12-30T18:23:50+00:00","dateModified":"2021-12-30T18:23:53+00:00","mainEntityOfPage":{"@id":"https:\/\/quehacerpolitico.mx\/?p=87845"},"wordCount":238,"commentCount":0,"image":{"@id":"https:\/\/quehacerpolitico.mx\/?p=87845#primaryimage"},"thumbnailUrl":"https:\/\/quehacerpolitico.mx\/wp-content\/uploads\/2021\/12\/622FBF7B-DE29-4D3D-B6CD-5D1513546471.jpeg","articleSection":["Econom\u00eda"],"inLanguage":"es","potentialAction":[{"@type":"CommentAction","name":"Comment","target":["https:\/\/quehacerpolitico.mx\/?p=87845#respond"]}]},{"@type":"WebPage","@id":"https:\/\/quehacerpolitico.mx\/?p=87845","url":"https:\/\/quehacerpolitico.mx\/?p=87845","name":"Los hogares mexicanos planean reducir gastos -","isPartOf":{"@id":"https:\/\/quehacerpolitico.mx\/#website"},"primaryImageOfPage":{"@id":"https:\/\/quehacerpolitico.mx\/?p=87845#primaryimage"},"image":{"@id":"https:\/\/quehacerpolitico.mx\/?p=87845#primaryimage"},"thumbnailUrl":"https:\/\/quehacerpolitico.mx\/wp-content\/uploads\/2021\/12\/622FBF7B-DE29-4D3D-B6CD-5D1513546471.jpeg","datePublished":"2021-12-30T18:23:50+00:00","dateModified":"2021-12-30T18:23:53+00:00","author":{"@id":"https:\/\/quehacerpolitico.mx\/#\/schema\/person\/496d8ad2d1d3f8036101dca7ee39e585"},"breadcrumb":{"@id":"https:\/\/quehacerpolitico.mx\/?p=87845#breadcrumb"},"inLanguage":"es","potentialAction":[{"@type":"ReadAction","target":["https:\/\/quehacerpolitico.mx\/?p=87845"]}]},{"@type":"ImageObject","inLanguage":"es","@id":"https:\/\/quehacerpolitico.mx\/?p=87845#primaryimage","url":"https:\/\/quehacerpolitico.mx\/wp-content\/uploads\/2021\/12\/622FBF7B-DE29-4D3D-B6CD-5D1513546471.jpeg","contentUrl":"https:\/\/quehacerpolitico.mx\/wp-content\/uploads\/2021\/12\/622FBF7B-DE29-4D3D-B6CD-5D1513546471.jpeg","width":612,"height":459},{"@type":"BreadcrumbList","@id":"https:\/\/quehacerpolitico.mx\/?p=87845#breadcrumb","itemListElement":[{"@type":"ListItem","position":1,"name":"Inicio","item":"https:\/\/quehacerpolitico.mx\/"},{"@type":"ListItem","position":2,"name":"Los hogares mexicanos planean reducir gastos"}]},{"@type":"WebSite","@id":"https:\/\/quehacerpolitico.mx\/#website","url":"https:\/\/quehacerpolitico.mx\/","name":"","description":"","potentialAction":[{"@type":"SearchAction","target":{"@type":"EntryPoint","urlTemplate":"https:\/\/quehacerpolitico.mx\/?s={search_term_string}"},"query-input":{"@type":"PropertyValueSpecification","valueRequired":true,"valueName":"search_term_string"}}],"inLanguage":"es"},{"@type":"Person","@id":"https:\/\/quehacerpolitico.mx\/#\/schema\/person\/496d8ad2d1d3f8036101dca7ee39e585","name":"Redacci\u00f3n QP","image":{"@type":"ImageObject","inLanguage":"es","@id":"https:\/\/secure.gravatar.com\/avatar\/c7164ed6fdec453195284ad24a5ae5b6e1eed2b848477fa2a4787ba9adf39a41?s=96&d=mm&r=g","url":"https:\/\/secure.gravatar.com\/avatar\/c7164ed6fdec453195284ad24a5ae5b6e1eed2b848477fa2a4787ba9adf39a41?s=96&d=mm&r=g","contentUrl":"https:\/\/secure.gravatar.com\/avatar\/c7164ed6fdec453195284ad24a5ae5b6e1eed2b848477fa2a4787ba9adf39a41?s=96&d=mm&r=g","caption":"Redacci\u00f3n QP"},"url":"https:\/\/quehacerpolitico.mx\/?author=2"}]}},"featured_image_urls":{"full":["https:\/\/quehacerpolitico.mx\/wp-content\/uploads\/2021\/12\/622FBF7B-DE29-4D3D-B6CD-5D1513546471.jpeg",612,459,false],"thumbnail":["https:\/\/quehacerpolitico.mx\/wp-content\/uploads\/2021\/12\/622FBF7B-DE29-4D3D-B6CD-5D1513546471-150x150.jpeg",150,150,true],"medium":["https:\/\/quehacerpolitico.mx\/wp-content\/uploads\/2021\/12\/622FBF7B-DE29-4D3D-B6CD-5D1513546471-300x225.jpeg",300,225,true],"medium_large":["https:\/\/quehacerpolitico.mx\/wp-content\/uploads\/2021\/12\/622FBF7B-DE29-4D3D-B6CD-5D1513546471.jpeg",612,459,false],"large":["https:\/\/quehacerpolitico.mx\/wp-content\/uploads\/2021\/12\/622FBF7B-DE29-4D3D-B6CD-5D1513546471.jpeg",612,459,false],"1536x1536":["https:\/\/quehacerpolitico.mx\/wp-content\/uploads\/2021\/12\/622FBF7B-DE29-4D3D-B6CD-5D1513546471.jpeg",612,459,false],"2048x2048":["https:\/\/quehacerpolitico.mx\/wp-content\/uploads\/2021\/12\/622FBF7B-DE29-4D3D-B6CD-5D1513546471.jpeg",612,459,false],"covernews-featured":["https:\/\/quehacerpolitico.mx\/wp-content\/uploads\/2021\/12\/622FBF7B-DE29-4D3D-B6CD-5D1513546471.jpeg",612,459,false],"covernews-medium":["https:\/\/quehacerpolitico.mx\/wp-content\/uploads\/2021\/12\/622FBF7B-DE29-4D3D-B6CD-5D1513546471.jpeg",453,340,false]},"author_info":{"display_name":"Redacci\u00f3n QP","author_link":"https:\/\/quehacerpolitico.mx\/?author=2"},"category_info":"<a href=\"https:\/\/quehacerpolitico.mx\/?cat=56\" rel=\"category\">Econom\u00eda<\/a>","tag_info":"Econom\u00eda","comment_count":"0","_links":{"self":[{"href":"https:\/\/quehacerpolitico.mx\/index.php?rest_route=\/wp\/v2\/posts\/87845","targetHints":{"allow":["GET"]}}],"collection":[{"href":"https:\/\/quehacerpolitico.mx\/index.php?rest_route=\/wp\/v2\/posts"}],"about":[{"href":"https:\/\/quehacerpolitico.mx\/index.php?rest_route=\/wp\/v2\/types\/post"}],"author":[{"embeddable":true,"href":"https:\/\/quehacerpolitico.mx\/index.php?rest_route=\/wp\/v2\/users\/2"}],"replies":[{"embeddable":true,"href":"https:\/\/quehacerpolitico.mx\/index.php?rest_route=%2Fwp%2Fv2%2Fcomments&post=87845"}],"version-history":[{"count":1,"href":"https:\/\/quehacerpolitico.mx\/index.php?rest_route=\/wp\/v2\/posts\/87845\/revisions"}],"predecessor-version":[{"id":87847,"href":"https:\/\/quehacerpolitico.mx\/index.php?rest_route=\/wp\/v2\/posts\/87845\/revisions\/87847"}],"wp:featuredmedia":[{"embeddable":true,"href":"https:\/\/quehacerpolitico.mx\/index.php?rest_route=\/wp\/v2\/media\/87846"}],"wp:attachment":[{"href":"https:\/\/quehacerpolitico.mx\/index.php?rest_route=%2Fwp%2Fv2%2Fmedia&parent=87845"}],"wp:term":[{"taxonomy":"category","embeddable":true,"href":"https:\/\/quehacerpolitico.mx\/index.php?rest_route=%2Fwp%2Fv2%2Fcategories&post=87845"},{"taxonomy":"post_tag","embeddable":true,"href":"https:\/\/quehacerpolitico.mx\/index.php?rest_route=%2Fwp%2Fv2%2Ftags&post=87845"}],"curies":[{"name":"wp","href":"https:\/\/api.w.org\/{rel}","templated":true}]}}