{"id":87842,"date":"2021-12-30T18:15:19","date_gmt":"2021-12-30T18:15:19","guid":{"rendered":"https:\/\/quehacerpolitico.mx\/?p=87842"},"modified":"2021-12-30T18:15:21","modified_gmt":"2021-12-30T18:15:21","slug":"cinco-positivos-de-covid-en-el-atletico-de-madrid","status":"publish","type":"post","link":"https:\/\/quehacerpolitico.mx\/?p=87842","title":{"rendered":"Cinco positivos de covid en el Atl\u00e9tico de Madrid"},"content":{"rendered":"\n<p>Por Redacci\u00f3n QP<\/p>\n\n\n\n<p>El entrenador Diego Simeone, los centrocampistas Koke Resurrecci\u00f3n y H\u00e9ctor Herrera y los delanteros Joao F\u00e9lix y Antoine Griezmann fueron los positivos del equipo<\/p>\n\n\n\n<p>Las&nbsp;<strong>pruebas PCR&nbsp;<\/strong>a las que fueron sometidos los jugadores y el cuerpo t\u00e9cnico del<strong>&nbsp;Atl\u00e9tico de Madrid<\/strong>&nbsp;han detectado cinco positivos en Covid-19: el entrenador&nbsp;<strong>Diego Simeone<\/strong>, los centrocampistas Koke Resurrecci\u00f3n y&nbsp;<strong>H\u00e9ctor Herrera&nbsp;<\/strong>y los delanteros Joao F\u00e9lix y Antoine Griezmann, que se encuentran &#8220;todos&nbsp;<strong>asintom\u00e1ticos<\/strong>&#8221; y &#8220;aislados en sus domicilios&#8221;, seg\u00fan inform\u00f3 el&nbsp;<strong>club<\/strong>.<\/p>\n\n\n\n<p>Aunque todos ellos hab\u00edan dado&nbsp;<strong>negativo&nbsp;<\/strong>en los test de ant\u00edgenos cuyos resultado se conoci\u00f3 el mi\u00e9rcoles, las pruebas&nbsp;<strong>PCR<\/strong>, m\u00e1s sensibles para&nbsp;<strong>determinar&nbsp;<\/strong>si una persona est\u00e1 contagiada, arrojaron este jueves los cinco positivos en el&nbsp;<strong>conjunto rojiblanco<\/strong>, con lo que ninguno de ellos estar\u00e1 disponible para el partido del pr\u00f3ximo domingo contra el&nbsp;<strong>Rayo Vallecano<\/strong>&nbsp;en el estadio&nbsp;<strong>Wanda Metropolitano<\/strong>, para el que quedan solo tres d\u00edas.<\/p>\n\n\n\n<p>Tanto&nbsp;<strong>Simeone como H\u00e9ctor Herrera<\/strong>&nbsp;y Joao F\u00e9lix ya vivieron la misma situaci\u00f3n la pasada&nbsp;<strong>temporada<\/strong>, cuando tambi\u00e9n tuvieron que aislarse por sufrir la&nbsp;<strong>Covid-19<\/strong>.<\/p>\n\n\n\n<blockquote class=\"wp-block-quote is-layout-flow wp-block-quote-is-layout-flow\"><p>&#8220;Tras el par\u00f3n&nbsp;<strong>liguero<\/strong>, toda la plantilla y miembros del cuerpo t\u00e9cnico de nuestro primer equipo se sometieron a pruebas&nbsp;<strong>PCR<\/strong>, seg\u00fan marca el protocolo de<strong>&nbsp;LaLiga<\/strong>, en las que Simeone, Koke, Griezmann, Herrera y Jo\u00e3o F\u00e9lix han dado positivo por&nbsp;<strong>COVID-19<\/strong>. Todos ellos se encuentran&nbsp;<strong>asintom\u00e1ticos&nbsp;<\/strong>y aislados en sus respectivos domicilios, cumpliendo estrictamente las recomendaciones de las&nbsp;<strong>autoridades&nbsp;<\/strong>sanitarias&#8221;, afirm\u00f3 el comunicado del<strong>Atl\u00e9tico de Madrid<\/strong>, emitido justo antes del entrenamiento matutino en la&nbsp;<strong>Ciudad Deportiva<\/strong>&nbsp;de Majadahonda.<\/p><\/blockquote>\n\n\n\n<p>El resto de\u00a0<strong>jugadores\u00a0<\/strong>han dado negativo en las pruebas PCR; una condici\u00f3n indispensable seg\u00fan el protocolo para poder\u00a0<strong>entrenarse\u00a0<\/strong>en grupo, una vez que este\u00a0<strong>mi\u00e9rcoles\u00a0<\/strong>s\u00f3lo se hab\u00edan ejercitado individualmente, a la espera de\u00a0<strong>dichos\u00a0<\/strong>resultados.<\/p>\n\n\n\n<p>Con Informaci\u00f3n de EFE <\/p>\n","protected":false},"excerpt":{"rendered":"<p>Por Redacci\u00f3n QP El entrenador Diego Simeone, los centrocampistas Koke Resurrecci\u00f3n y H\u00e9ctor Herrera y&#8230;<\/p>\n","protected":false},"author":2,"featured_media":87843,"comment_status":"open","ping_status":"open","sticky":false,"template":"","format":"standard","meta":{"_monsterinsights_skip_tracking":false,"_monsterinsights_sitenote_active":false,"_monsterinsights_sitenote_note":"","_monsterinsights_sitenote_category":0,"footnotes":""},"categories":[54],"tags":[],"class_list":["post-87842","post","type-post","status-publish","format-standard","has-post-thumbnail","hentry","category-deportes"],"yoast_head":"<!-- This site is optimized with the Yoast SEO plugin v27.3 - https:\/\/yoast.com\/product\/yoast-seo-wordpress\/ -->\n<title>Cinco positivos de covid en el Atl\u00e9tico de Madrid -<\/title>\n<meta name=\"robots\" content=\"index, follow, max-snippet:-1, max-image-preview:large, max-video-preview:-1\" \/>\n<link rel=\"canonical\" href=\"https:\/\/quehacerpolitico.mx\/?p=87842\" \/>\n<meta property=\"og:locale\" content=\"es_MX\" \/>\n<meta property=\"og:type\" content=\"article\" \/>\n<meta property=\"og:title\" content=\"Cinco positivos de covid en el Atl\u00e9tico de Madrid -\" \/>\n<meta property=\"og:description\" content=\"Por Redacci\u00f3n QP El entrenador Diego Simeone, los centrocampistas Koke Resurrecci\u00f3n y H\u00e9ctor Herrera y...\" \/>\n<meta property=\"og:url\" content=\"https:\/\/quehacerpolitico.mx\/?p=87842\" \/>\n<meta property=\"article:published_time\" content=\"2021-12-30T18:15:19+00:00\" \/>\n<meta property=\"article:modified_time\" content=\"2021-12-30T18:15:21+00:00\" \/>\n<meta property=\"og:image\" content=\"https:\/\/quehacerpolitico.mx\/wp-content\/uploads\/2021\/12\/8C7336EC-C72A-429E-BF77-3E2D866E0D9F.jpeg\" \/>\n\t<meta property=\"og:image:width\" content=\"686\" \/>\n\t<meta property=\"og:image:height\" content=\"447\" \/>\n\t<meta property=\"og:image:type\" content=\"image\/jpeg\" \/>\n<meta name=\"author\" content=\"Redacci\u00f3n QP\" \/>\n<meta name=\"twitter:card\" content=\"summary_large_image\" \/>\n<meta name=\"twitter:label1\" content=\"Escrito por\" \/>\n\t<meta name=\"twitter:data1\" content=\"Redacci\u00f3n QP\" \/>\n\t<meta name=\"twitter:label2\" content=\"Tiempo de lectura\" \/>\n\t<meta name=\"twitter:data2\" content=\"2 minutos\" \/>\n<script type=\"application\/ld+json\" class=\"yoast-schema-graph\">{\"@context\":\"https:\\\/\\\/schema.org\",\"@graph\":[{\"@type\":\"Article\",\"@id\":\"https:\\\/\\\/quehacerpolitico.mx\\\/?p=87842#article\",\"isPartOf\":{\"@id\":\"https:\\\/\\\/quehacerpolitico.mx\\\/?p=87842\"},\"author\":{\"name\":\"Redacci\u00f3n QP\",\"@id\":\"https:\\\/\\\/quehacerpolitico.mx\\\/#\\\/schema\\\/person\\\/496d8ad2d1d3f8036101dca7ee39e585\"},\"headline\":\"Cinco positivos de covid en el Atl\u00e9tico de Madrid\",\"datePublished\":\"2021-12-30T18:15:19+00:00\",\"dateModified\":\"2021-12-30T18:15:21+00:00\",\"mainEntityOfPage\":{\"@id\":\"https:\\\/\\\/quehacerpolitico.mx\\\/?p=87842\"},\"wordCount\":375,\"commentCount\":0,\"image\":{\"@id\":\"https:\\\/\\\/quehacerpolitico.mx\\\/?p=87842#primaryimage\"},\"thumbnailUrl\":\"https:\\\/\\\/quehacerpolitico.mx\\\/wp-content\\\/uploads\\\/2021\\\/12\\\/8C7336EC-C72A-429E-BF77-3E2D866E0D9F.jpeg\",\"articleSection\":[\"Deportes\"],\"inLanguage\":\"es\",\"potentialAction\":[{\"@type\":\"CommentAction\",\"name\":\"Comment\",\"target\":[\"https:\\\/\\\/quehacerpolitico.mx\\\/?p=87842#respond\"]}]},{\"@type\":\"WebPage\",\"@id\":\"https:\\\/\\\/quehacerpolitico.mx\\\/?p=87842\",\"url\":\"https:\\\/\\\/quehacerpolitico.mx\\\/?p=87842\",\"name\":\"Cinco positivos de covid en el Atl\u00e9tico de Madrid -\",\"isPartOf\":{\"@id\":\"https:\\\/\\\/quehacerpolitico.mx\\\/#website\"},\"primaryImageOfPage\":{\"@id\":\"https:\\\/\\\/quehacerpolitico.mx\\\/?p=87842#primaryimage\"},\"image\":{\"@id\":\"https:\\\/\\\/quehacerpolitico.mx\\\/?p=87842#primaryimage\"},\"thumbnailUrl\":\"https:\\\/\\\/quehacerpolitico.mx\\\/wp-content\\\/uploads\\\/2021\\\/12\\\/8C7336EC-C72A-429E-BF77-3E2D866E0D9F.jpeg\",\"datePublished\":\"2021-12-30T18:15:19+00:00\",\"dateModified\":\"2021-12-30T18:15:21+00:00\",\"author\":{\"@id\":\"https:\\\/\\\/quehacerpolitico.mx\\\/#\\\/schema\\\/person\\\/496d8ad2d1d3f8036101dca7ee39e585\"},\"breadcrumb\":{\"@id\":\"https:\\\/\\\/quehacerpolitico.mx\\\/?p=87842#breadcrumb\"},\"inLanguage\":\"es\",\"potentialAction\":[{\"@type\":\"ReadAction\",\"target\":[\"https:\\\/\\\/quehacerpolitico.mx\\\/?p=87842\"]}]},{\"@type\":\"ImageObject\",\"inLanguage\":\"es\",\"@id\":\"https:\\\/\\\/quehacerpolitico.mx\\\/?p=87842#primaryimage\",\"url\":\"https:\\\/\\\/quehacerpolitico.mx\\\/wp-content\\\/uploads\\\/2021\\\/12\\\/8C7336EC-C72A-429E-BF77-3E2D866E0D9F.jpeg\",\"contentUrl\":\"https:\\\/\\\/quehacerpolitico.mx\\\/wp-content\\\/uploads\\\/2021\\\/12\\\/8C7336EC-C72A-429E-BF77-3E2D866E0D9F.jpeg\",\"width\":686,\"height\":447},{\"@type\":\"BreadcrumbList\",\"@id\":\"https:\\\/\\\/quehacerpolitico.mx\\\/?p=87842#breadcrumb\",\"itemListElement\":[{\"@type\":\"ListItem\",\"position\":1,\"name\":\"Inicio\",\"item\":\"https:\\\/\\\/quehacerpolitico.mx\\\/\"},{\"@type\":\"ListItem\",\"position\":2,\"name\":\"Cinco positivos de covid en el Atl\u00e9tico de Madrid\"}]},{\"@type\":\"WebSite\",\"@id\":\"https:\\\/\\\/quehacerpolitico.mx\\\/#website\",\"url\":\"https:\\\/\\\/quehacerpolitico.mx\\\/\",\"name\":\"\",\"description\":\"\",\"potentialAction\":[{\"@type\":\"SearchAction\",\"target\":{\"@type\":\"EntryPoint\",\"urlTemplate\":\"https:\\\/\\\/quehacerpolitico.mx\\\/?s={search_term_string}\"},\"query-input\":{\"@type\":\"PropertyValueSpecification\",\"valueRequired\":true,\"valueName\":\"search_term_string\"}}],\"inLanguage\":\"es\"},{\"@type\":\"Person\",\"@id\":\"https:\\\/\\\/quehacerpolitico.mx\\\/#\\\/schema\\\/person\\\/496d8ad2d1d3f8036101dca7ee39e585\",\"name\":\"Redacci\u00f3n QP\",\"image\":{\"@type\":\"ImageObject\",\"inLanguage\":\"es\",\"@id\":\"https:\\\/\\\/secure.gravatar.com\\\/avatar\\\/c7164ed6fdec453195284ad24a5ae5b6e1eed2b848477fa2a4787ba9adf39a41?s=96&d=mm&r=g\",\"url\":\"https:\\\/\\\/secure.gravatar.com\\\/avatar\\\/c7164ed6fdec453195284ad24a5ae5b6e1eed2b848477fa2a4787ba9adf39a41?s=96&d=mm&r=g\",\"contentUrl\":\"https:\\\/\\\/secure.gravatar.com\\\/avatar\\\/c7164ed6fdec453195284ad24a5ae5b6e1eed2b848477fa2a4787ba9adf39a41?s=96&d=mm&r=g\",\"caption\":\"Redacci\u00f3n QP\"},\"url\":\"https:\\\/\\\/quehacerpolitico.mx\\\/?author=2\"}]}<\/script>\n<!-- \/ Yoast SEO plugin. -->","yoast_head_json":{"title":"Cinco positivos de covid en el Atl\u00e9tico de Madrid -","robots":{"index":"index","follow":"follow","max-snippet":"max-snippet:-1","max-image-preview":"max-image-preview:large","max-video-preview":"max-video-preview:-1"},"canonical":"https:\/\/quehacerpolitico.mx\/?p=87842","og_locale":"es_MX","og_type":"article","og_title":"Cinco positivos de covid en el Atl\u00e9tico de Madrid -","og_description":"Por Redacci\u00f3n QP El entrenador Diego Simeone, los centrocampistas Koke Resurrecci\u00f3n y H\u00e9ctor Herrera y...","og_url":"https:\/\/quehacerpolitico.mx\/?p=87842","article_published_time":"2021-12-30T18:15:19+00:00","article_modified_time":"2021-12-30T18:15:21+00:00","og_image":[{"width":686,"height":447,"url":"https:\/\/quehacerpolitico.mx\/wp-content\/uploads\/2021\/12\/8C7336EC-C72A-429E-BF77-3E2D866E0D9F.jpeg","type":"image\/jpeg"}],"author":"Redacci\u00f3n QP","twitter_card":"summary_large_image","twitter_misc":{"Escrito por":"Redacci\u00f3n QP","Tiempo de lectura":"2 minutos"},"schema":{"@context":"https:\/\/schema.org","@graph":[{"@type":"Article","@id":"https:\/\/quehacerpolitico.mx\/?p=87842#article","isPartOf":{"@id":"https:\/\/quehacerpolitico.mx\/?p=87842"},"author":{"name":"Redacci\u00f3n QP","@id":"https:\/\/quehacerpolitico.mx\/#\/schema\/person\/496d8ad2d1d3f8036101dca7ee39e585"},"headline":"Cinco positivos de covid en el Atl\u00e9tico de Madrid","datePublished":"2021-12-30T18:15:19+00:00","dateModified":"2021-12-30T18:15:21+00:00","mainEntityOfPage":{"@id":"https:\/\/quehacerpolitico.mx\/?p=87842"},"wordCount":375,"commentCount":0,"image":{"@id":"https:\/\/quehacerpolitico.mx\/?p=87842#primaryimage"},"thumbnailUrl":"https:\/\/quehacerpolitico.mx\/wp-content\/uploads\/2021\/12\/8C7336EC-C72A-429E-BF77-3E2D866E0D9F.jpeg","articleSection":["Deportes"],"inLanguage":"es","potentialAction":[{"@type":"CommentAction","name":"Comment","target":["https:\/\/quehacerpolitico.mx\/?p=87842#respond"]}]},{"@type":"WebPage","@id":"https:\/\/quehacerpolitico.mx\/?p=87842","url":"https:\/\/quehacerpolitico.mx\/?p=87842","name":"Cinco positivos de covid en el Atl\u00e9tico de Madrid -","isPartOf":{"@id":"https:\/\/quehacerpolitico.mx\/#website"},"primaryImageOfPage":{"@id":"https:\/\/quehacerpolitico.mx\/?p=87842#primaryimage"},"image":{"@id":"https:\/\/quehacerpolitico.mx\/?p=87842#primaryimage"},"thumbnailUrl":"https:\/\/quehacerpolitico.mx\/wp-content\/uploads\/2021\/12\/8C7336EC-C72A-429E-BF77-3E2D866E0D9F.jpeg","datePublished":"2021-12-30T18:15:19+00:00","dateModified":"2021-12-30T18:15:21+00:00","author":{"@id":"https:\/\/quehacerpolitico.mx\/#\/schema\/person\/496d8ad2d1d3f8036101dca7ee39e585"},"breadcrumb":{"@id":"https:\/\/quehacerpolitico.mx\/?p=87842#breadcrumb"},"inLanguage":"es","potentialAction":[{"@type":"ReadAction","target":["https:\/\/quehacerpolitico.mx\/?p=87842"]}]},{"@type":"ImageObject","inLanguage":"es","@id":"https:\/\/quehacerpolitico.mx\/?p=87842#primaryimage","url":"https:\/\/quehacerpolitico.mx\/wp-content\/uploads\/2021\/12\/8C7336EC-C72A-429E-BF77-3E2D866E0D9F.jpeg","contentUrl":"https:\/\/quehacerpolitico.mx\/wp-content\/uploads\/2021\/12\/8C7336EC-C72A-429E-BF77-3E2D866E0D9F.jpeg","width":686,"height":447},{"@type":"BreadcrumbList","@id":"https:\/\/quehacerpolitico.mx\/?p=87842#breadcrumb","itemListElement":[{"@type":"ListItem","position":1,"name":"Inicio","item":"https:\/\/quehacerpolitico.mx\/"},{"@type":"ListItem","position":2,"name":"Cinco positivos de covid en el Atl\u00e9tico de Madrid"}]},{"@type":"WebSite","@id":"https:\/\/quehacerpolitico.mx\/#website","url":"https:\/\/quehacerpolitico.mx\/","name":"","description":"","potentialAction":[{"@type":"SearchAction","target":{"@type":"EntryPoint","urlTemplate":"https:\/\/quehacerpolitico.mx\/?s={search_term_string}"},"query-input":{"@type":"PropertyValueSpecification","valueRequired":true,"valueName":"search_term_string"}}],"inLanguage":"es"},{"@type":"Person","@id":"https:\/\/quehacerpolitico.mx\/#\/schema\/person\/496d8ad2d1d3f8036101dca7ee39e585","name":"Redacci\u00f3n QP","image":{"@type":"ImageObject","inLanguage":"es","@id":"https:\/\/secure.gravatar.com\/avatar\/c7164ed6fdec453195284ad24a5ae5b6e1eed2b848477fa2a4787ba9adf39a41?s=96&d=mm&r=g","url":"https:\/\/secure.gravatar.com\/avatar\/c7164ed6fdec453195284ad24a5ae5b6e1eed2b848477fa2a4787ba9adf39a41?s=96&d=mm&r=g","contentUrl":"https:\/\/secure.gravatar.com\/avatar\/c7164ed6fdec453195284ad24a5ae5b6e1eed2b848477fa2a4787ba9adf39a41?s=96&d=mm&r=g","caption":"Redacci\u00f3n QP"},"url":"https:\/\/quehacerpolitico.mx\/?author=2"}]}},"featured_image_urls":{"full":["https:\/\/quehacerpolitico.mx\/wp-content\/uploads\/2021\/12\/8C7336EC-C72A-429E-BF77-3E2D866E0D9F.jpeg",686,447,false],"thumbnail":["https:\/\/quehacerpolitico.mx\/wp-content\/uploads\/2021\/12\/8C7336EC-C72A-429E-BF77-3E2D866E0D9F-150x150.jpeg",150,150,true],"medium":["https:\/\/quehacerpolitico.mx\/wp-content\/uploads\/2021\/12\/8C7336EC-C72A-429E-BF77-3E2D866E0D9F-300x195.jpeg",300,195,true],"medium_large":["https:\/\/quehacerpolitico.mx\/wp-content\/uploads\/2021\/12\/8C7336EC-C72A-429E-BF77-3E2D866E0D9F.jpeg",640,417,false],"large":["https:\/\/quehacerpolitico.mx\/wp-content\/uploads\/2021\/12\/8C7336EC-C72A-429E-BF77-3E2D866E0D9F.jpeg",640,417,false],"1536x1536":["https:\/\/quehacerpolitico.mx\/wp-content\/uploads\/2021\/12\/8C7336EC-C72A-429E-BF77-3E2D866E0D9F.jpeg",686,447,false],"2048x2048":["https:\/\/quehacerpolitico.mx\/wp-content\/uploads\/2021\/12\/8C7336EC-C72A-429E-BF77-3E2D866E0D9F.jpeg",686,447,false],"covernews-featured":["https:\/\/quehacerpolitico.mx\/wp-content\/uploads\/2021\/12\/8C7336EC-C72A-429E-BF77-3E2D866E0D9F.jpeg",686,447,false],"covernews-medium":["https:\/\/quehacerpolitico.mx\/wp-content\/uploads\/2021\/12\/8C7336EC-C72A-429E-BF77-3E2D866E0D9F.jpeg",522,340,false]},"author_info":{"display_name":"Redacci\u00f3n QP","author_link":"https:\/\/quehacerpolitico.mx\/?author=2"},"category_info":"<a href=\"https:\/\/quehacerpolitico.mx\/?cat=54\" rel=\"category\">Deportes<\/a>","tag_info":"Deportes","comment_count":"0","_links":{"self":[{"href":"https:\/\/quehacerpolitico.mx\/index.php?rest_route=\/wp\/v2\/posts\/87842","targetHints":{"allow":["GET"]}}],"collection":[{"href":"https:\/\/quehacerpolitico.mx\/index.php?rest_route=\/wp\/v2\/posts"}],"about":[{"href":"https:\/\/quehacerpolitico.mx\/index.php?rest_route=\/wp\/v2\/types\/post"}],"author":[{"embeddable":true,"href":"https:\/\/quehacerpolitico.mx\/index.php?rest_route=\/wp\/v2\/users\/2"}],"replies":[{"embeddable":true,"href":"https:\/\/quehacerpolitico.mx\/index.php?rest_route=%2Fwp%2Fv2%2Fcomments&post=87842"}],"version-history":[{"count":1,"href":"https:\/\/quehacerpolitico.mx\/index.php?rest_route=\/wp\/v2\/posts\/87842\/revisions"}],"predecessor-version":[{"id":87844,"href":"https:\/\/quehacerpolitico.mx\/index.php?rest_route=\/wp\/v2\/posts\/87842\/revisions\/87844"}],"wp:featuredmedia":[{"embeddable":true,"href":"https:\/\/quehacerpolitico.mx\/index.php?rest_route=\/wp\/v2\/media\/87843"}],"wp:attachment":[{"href":"https:\/\/quehacerpolitico.mx\/index.php?rest_route=%2Fwp%2Fv2%2Fmedia&parent=87842"}],"wp:term":[{"taxonomy":"category","embeddable":true,"href":"https:\/\/quehacerpolitico.mx\/index.php?rest_route=%2Fwp%2Fv2%2Fcategories&post=87842"},{"taxonomy":"post_tag","embeddable":true,"href":"https:\/\/quehacerpolitico.mx\/index.php?rest_route=%2Fwp%2Fv2%2Ftags&post=87842"}],"curies":[{"name":"wp","href":"https:\/\/api.w.org\/{rel}","templated":true}]}}