{"id":87839,"date":"2021-12-30T17:48:22","date_gmt":"2021-12-30T17:48:22","guid":{"rendered":"https:\/\/quehacerpolitico.mx\/?p=87839"},"modified":"2021-12-30T17:48:25","modified_gmt":"2021-12-30T17:48:25","slug":"la-revocacion-de-mandato-de-amlo-es-un-distractor-segun-politologo-de-la-unam","status":"publish","type":"post","link":"https:\/\/quehacerpolitico.mx\/?p=87839","title":{"rendered":"La revocaci\u00f3n de mandato de AMLO es un &#8220;distractor&#8221;, seg\u00fan polit\u00f3logo de la UNAM"},"content":{"rendered":"\n<p>Por Redacci\u00f3n QP<\/p>\n\n\n\n<p>La consulta ciudadana prevista\u00a0para el 10 de abril, ha sido impulsada\u00a0por AMLO\u00a0para promover la democracia directa,\u00a0aunque la oposici\u00f3n considera que se trata de un mecanismo de propaganda<\/p>\n\n\n\n<p>Acostumbrados a una casi eterna campa\u00f1a electoral desde que Andr\u00e9s Manuel L\u00f3pez Obrador (AMLO) asumi\u00f3 la Presidencia del pa\u00eds,\u00a0<strong>los mexicanos volver\u00e1n a las urnas en 2022<\/strong>\u00a0para votar en una in\u00e9dita consulta ciudadana en la que decidir\u00e1n si el mandatario debe dimitir o seguir en el cargo.<\/p>\n\n\n\n<p>El ejercicio, bautizado como consulta de revocaci\u00f3n de mandato y previsto para el 10 de abril, ha sido impulsado por el propio AMLO\u00a0para promover la democracia directa, aunque la oposici\u00f3n considera que se trata de un innecesario mecanismo de propaganda.<\/p>\n\n\n\n<p>&#8220;Yo considero que\u00a0<strong>oponerse a la revocaci\u00f3n del mandato, a que se celebre una consulta, a que se le pregunte a los ciudadanos sobre el comportamiento de una autoridad, es actuar de manera antidemocr\u00e1tica<\/strong>&#8220;, reproch\u00f3 el Presidente en una de sus ruedas de prensa matutinas.<\/p>\n\n\n\n<p>Para convocar la consulta de revocar o no al presidente a mitad de su mandato, la ley exige recabar 2.7 millones de firmas de la ciudadan\u00eda.<\/p>\n\n\n\n<p>Aunque pareciera contradictorio, el oficialista Movimiento Regeneraci\u00f3n Nacional (Morena, izquierda) de L\u00f3pez Obrador ha engrasado toda su maquinaria para conseguir las firmas y cumplir con la voluntad de AMLO\u00a0para que el referendo salga adelante.<\/p>\n\n\n\n<p>&#8220;En un a\u00f1o y medio el presidente no ha logrado movilizar a la poblaci\u00f3n como quisiera y necesita este ejercicio para refrendar su liderazgo y seguir en campa\u00f1a electoral, que es el espacio en el que se siente c\u00f3modo&#8221;, dijo<strong>&nbsp;Khemvirg Puente, polit\u00f3logo de la Universidad Nacional Aut\u00f3noma de M\u00e9xico (UNAM)<\/strong>.<\/p>\n\n\n\n<p>Los resultados de las elecciones intermedias del pasado 6 de junio fueron agridulces para el Mandatario, puesto que el oficialismo retuvo la mayor\u00eda absoluta en la C\u00e1mara de Diputados pero no logr\u00f3 la mayor\u00eda de dos tercios para reformar la Constituci\u00f3n y sufri\u00f3 un batacazo en la capital, tradicional feudo de la izquierda.<\/p>\n\n\n\n<p>Para los expertos, L\u00f3pez Obrador, quien asumi\u00f3 el cargo el 1 de diciembre de 2018 y deber\u00eda concluir su mandato en 2024, necesita agitar a sus bases. Lo cierto es que cuenta con una elevada aprobaci\u00f3n que oscila entre el 60 % y el 70 %, por lo que resulta dif\u00edcil imaginar que perdiera una consulta de ese tipo.<\/p>\n\n\n\n<p>&#8220;La verdad es que muy poca gente busca la revocaci\u00f3n del presidente.<strong>&nbsp;El objetivo (de la consulta) es ir construyendo una base electoral de cara al 2024&#8243;, expres\u00f3 Puente, quien la considera un &#8220;distractor&#8221; para no hablar de los rezagos en materia econ\u00f3mica y de seguridad del Gobierno<\/strong>.<\/p>\n\n\n\n<p>Igual que lo es el hecho de que L\u00f3pez Obrador abriera este a\u00f1o de manera inusitadamente anticipada el bal\u00f3n de su sucesi\u00f3n, pues los ojos ya est\u00e1n puestos en la alcaldesa de Ciudad de M\u00e9xico, Claudia Sheinbaum, y el canciller, Marcelo Ebrard, favoritos del oficialismo para 2024.<\/p>\n\n\n\n<p>Por el momento, la organizaci\u00f3n del referendo ya le ha permitido elevar la tensi\u00f3n con el Instituto Nacional Electoral (INE), uno de los blancos favoritos de las cr\u00edticas del presidente durante sus ruedas de prensa matutinas en el Palacio Nacional.<\/p>\n\n\n\n<p>El INE, organismo aut\u00f3nomo del Gobierno, suspendi\u00f3 algunos procedimientos para la organizaci\u00f3n de la consulta al considerar que el Congreso, dominado por el oficialismo, no le otorg\u00f3 suficiente presupuesto para su convocatoria.<\/p>\n\n\n\n<p>Pero este mi\u00e9rcoles, el Tribunal Electoral del Poder Judicial de la Federaci\u00f3n (TEPJF) determin\u00f3 que el INE debe explorar alternativas para poder llevar a cabo la consulta sobre la revocaci\u00f3n del mandato de L\u00f3pez Obrador.<\/p>\n\n\n\n<p>Cuestionado por la prensa este jueves en la conferencia desde Palacio Nacional, L\u00f3pez Obrador dijo que es &#8220;muy importante la resoluci\u00f3n de ayer&#8221;.<\/p>\n\n\n\n<p>&#8220;Lo que queda claro, y es lo que debe difundirse m\u00e1s, saberse y gritarse a los cuatro vientos, es que va a haber consulta&#8221;, reiter\u00f3 AMLO, quien critic\u00f3 al INE por, supuestamente, gastar en exceso en viajes, vi\u00e1ticos y alquiler de veh\u00edculos.<\/p>\n\n\n\n<p>Un conflicto similar sucedi\u00f3 con la consulta popular del pasado 1 de agosto sobre enjuiciar por corrupci\u00f3n a los expresidentes del pa\u00eds, la cual pinch\u00f3 con solo un 7 % de participaci\u00f3n, cuando la ley exige el 40 % para que el resultado sea vinculante.<\/p>\n\n\n\n<p><strong>Para no asumir el fracaso, L\u00f3pez Obrador denunci\u00f3 la &#8220;falta de voluntad&#8221; del INE, que tuvo que colocar menos mesas electorales tambi\u00e9n por un presupuesto insuficiente<\/strong>.<\/p>\n\n\n\n<p>Mientras tanto, los partidos pol\u00edticos tambi\u00e9n se preparan para las elecciones del 5 de junio de 2022 en las que se renovar\u00e1n los gobernadores de seis estados: Aguascalientes, Durango, Hidalgo, Oaxaca, Quintana Roo y Tamaulipas.<\/p>\n\n\n\n<p>Morena ya ha anunciado sus candidatos para estos estados, mientras que la coalici\u00f3n opositora &#8220;Va por M\u00e9xico&#8221;, formada por los partidos Acci\u00f3n Nacional (PAN), Revolucionario Institucional (PRI) y de la Revoluci\u00f3n Democr\u00e1tica (PRD), concurrir\u00e1 al menos en cuatro estados.<\/p>\n\n\n\n<p>&#8220;En casi todos los estados donde hay elecciones Morena lidera las preferencias.<strong>\u00a0No creo que tenga ning\u00fan impacto en el panorama pol\u00edtico<\/strong>\u00a0del pa\u00eds. Es un buen a\u00f1o para que el Gobierno experimente con su maquinaria electoral&#8221;, opin\u00f3 Khemvirg Puente.<\/p>\n\n\n\n<p>Con Informaci\u00f3n de EFE <\/p>\n","protected":false},"excerpt":{"rendered":"<p>Por Redacci\u00f3n QP La consulta ciudadana prevista\u00a0para el 10 de abril, ha sido impulsada\u00a0por AMLO\u00a0para&#8230;<\/p>\n","protected":false},"author":2,"featured_media":87840,"comment_status":"open","ping_status":"open","sticky":false,"template":"","format":"standard","meta":{"_monsterinsights_skip_tracking":false,"_monsterinsights_sitenote_active":false,"_monsterinsights_sitenote_note":"","_monsterinsights_sitenote_category":0,"footnotes":""},"categories":[2],"tags":[],"class_list":["post-87839","post","type-post","status-publish","format-standard","has-post-thumbnail","hentry","category-noticias"],"yoast_head":"<!-- This site is optimized with the Yoast SEO plugin v27.3 - https:\/\/yoast.com\/product\/yoast-seo-wordpress\/ -->\n<title>La revocaci\u00f3n de mandato de AMLO es un &quot;distractor&quot;, seg\u00fan polit\u00f3logo de la UNAM -<\/title>\n<meta name=\"robots\" content=\"index, follow, max-snippet:-1, max-image-preview:large, max-video-preview:-1\" \/>\n<link rel=\"canonical\" href=\"https:\/\/quehacerpolitico.mx\/?p=87839\" \/>\n<meta property=\"og:locale\" content=\"es_MX\" \/>\n<meta property=\"og:type\" content=\"article\" \/>\n<meta property=\"og:title\" content=\"La revocaci\u00f3n de mandato de AMLO es un &quot;distractor&quot;, seg\u00fan polit\u00f3logo de la UNAM -\" \/>\n<meta property=\"og:description\" content=\"Por Redacci\u00f3n QP La consulta ciudadana prevista\u00a0para el 10 de abril, ha sido impulsada\u00a0por AMLO\u00a0para...\" \/>\n<meta property=\"og:url\" content=\"https:\/\/quehacerpolitico.mx\/?p=87839\" \/>\n<meta property=\"article:published_time\" content=\"2021-12-30T17:48:22+00:00\" \/>\n<meta property=\"article:modified_time\" content=\"2021-12-30T17:48:25+00:00\" \/>\n<meta property=\"og:image\" content=\"https:\/\/quehacerpolitico.mx\/wp-content\/uploads\/2021\/12\/35F7C011-7E9B-4455-9D40-3EEA92BE3DF0.jpeg\" \/>\n\t<meta property=\"og:image:width\" content=\"950\" \/>\n\t<meta property=\"og:image:height\" content=\"681\" \/>\n\t<meta property=\"og:image:type\" content=\"image\/jpeg\" \/>\n<meta name=\"author\" content=\"Redacci\u00f3n QP\" \/>\n<meta name=\"twitter:card\" content=\"summary_large_image\" \/>\n<meta name=\"twitter:label1\" content=\"Escrito por\" \/>\n\t<meta name=\"twitter:data1\" content=\"Redacci\u00f3n QP\" \/>\n\t<meta name=\"twitter:label2\" content=\"Tiempo de lectura\" \/>\n\t<meta name=\"twitter:data2\" content=\"5 minutos\" \/>\n<script type=\"application\/ld+json\" class=\"yoast-schema-graph\">{\"@context\":\"https:\\\/\\\/schema.org\",\"@graph\":[{\"@type\":\"Article\",\"@id\":\"https:\\\/\\\/quehacerpolitico.mx\\\/?p=87839#article\",\"isPartOf\":{\"@id\":\"https:\\\/\\\/quehacerpolitico.mx\\\/?p=87839\"},\"author\":{\"name\":\"Redacci\u00f3n QP\",\"@id\":\"https:\\\/\\\/quehacerpolitico.mx\\\/#\\\/schema\\\/person\\\/496d8ad2d1d3f8036101dca7ee39e585\"},\"headline\":\"La revocaci\u00f3n de mandato de AMLO es un &#8220;distractor&#8221;, seg\u00fan polit\u00f3logo de la UNAM\",\"datePublished\":\"2021-12-30T17:48:22+00:00\",\"dateModified\":\"2021-12-30T17:48:25+00:00\",\"mainEntityOfPage\":{\"@id\":\"https:\\\/\\\/quehacerpolitico.mx\\\/?p=87839\"},\"wordCount\":917,\"commentCount\":0,\"image\":{\"@id\":\"https:\\\/\\\/quehacerpolitico.mx\\\/?p=87839#primaryimage\"},\"thumbnailUrl\":\"https:\\\/\\\/quehacerpolitico.mx\\\/wp-content\\\/uploads\\\/2021\\\/12\\\/35F7C011-7E9B-4455-9D40-3EEA92BE3DF0.jpeg\",\"articleSection\":[\"Noticias\"],\"inLanguage\":\"es\",\"potentialAction\":[{\"@type\":\"CommentAction\",\"name\":\"Comment\",\"target\":[\"https:\\\/\\\/quehacerpolitico.mx\\\/?p=87839#respond\"]}]},{\"@type\":\"WebPage\",\"@id\":\"https:\\\/\\\/quehacerpolitico.mx\\\/?p=87839\",\"url\":\"https:\\\/\\\/quehacerpolitico.mx\\\/?p=87839\",\"name\":\"La revocaci\u00f3n de mandato de AMLO es un \\\"distractor\\\", seg\u00fan polit\u00f3logo de la UNAM -\",\"isPartOf\":{\"@id\":\"https:\\\/\\\/quehacerpolitico.mx\\\/#website\"},\"primaryImageOfPage\":{\"@id\":\"https:\\\/\\\/quehacerpolitico.mx\\\/?p=87839#primaryimage\"},\"image\":{\"@id\":\"https:\\\/\\\/quehacerpolitico.mx\\\/?p=87839#primaryimage\"},\"thumbnailUrl\":\"https:\\\/\\\/quehacerpolitico.mx\\\/wp-content\\\/uploads\\\/2021\\\/12\\\/35F7C011-7E9B-4455-9D40-3EEA92BE3DF0.jpeg\",\"datePublished\":\"2021-12-30T17:48:22+00:00\",\"dateModified\":\"2021-12-30T17:48:25+00:00\",\"author\":{\"@id\":\"https:\\\/\\\/quehacerpolitico.mx\\\/#\\\/schema\\\/person\\\/496d8ad2d1d3f8036101dca7ee39e585\"},\"breadcrumb\":{\"@id\":\"https:\\\/\\\/quehacerpolitico.mx\\\/?p=87839#breadcrumb\"},\"inLanguage\":\"es\",\"potentialAction\":[{\"@type\":\"ReadAction\",\"target\":[\"https:\\\/\\\/quehacerpolitico.mx\\\/?p=87839\"]}]},{\"@type\":\"ImageObject\",\"inLanguage\":\"es\",\"@id\":\"https:\\\/\\\/quehacerpolitico.mx\\\/?p=87839#primaryimage\",\"url\":\"https:\\\/\\\/quehacerpolitico.mx\\\/wp-content\\\/uploads\\\/2021\\\/12\\\/35F7C011-7E9B-4455-9D40-3EEA92BE3DF0.jpeg\",\"contentUrl\":\"https:\\\/\\\/quehacerpolitico.mx\\\/wp-content\\\/uploads\\\/2021\\\/12\\\/35F7C011-7E9B-4455-9D40-3EEA92BE3DF0.jpeg\",\"width\":950,\"height\":681},{\"@type\":\"BreadcrumbList\",\"@id\":\"https:\\\/\\\/quehacerpolitico.mx\\\/?p=87839#breadcrumb\",\"itemListElement\":[{\"@type\":\"ListItem\",\"position\":1,\"name\":\"Inicio\",\"item\":\"https:\\\/\\\/quehacerpolitico.mx\\\/\"},{\"@type\":\"ListItem\",\"position\":2,\"name\":\"La revocaci\u00f3n de mandato de AMLO es un &#8220;distractor&#8221;, seg\u00fan polit\u00f3logo de la UNAM\"}]},{\"@type\":\"WebSite\",\"@id\":\"https:\\\/\\\/quehacerpolitico.mx\\\/#website\",\"url\":\"https:\\\/\\\/quehacerpolitico.mx\\\/\",\"name\":\"\",\"description\":\"\",\"potentialAction\":[{\"@type\":\"SearchAction\",\"target\":{\"@type\":\"EntryPoint\",\"urlTemplate\":\"https:\\\/\\\/quehacerpolitico.mx\\\/?s={search_term_string}\"},\"query-input\":{\"@type\":\"PropertyValueSpecification\",\"valueRequired\":true,\"valueName\":\"search_term_string\"}}],\"inLanguage\":\"es\"},{\"@type\":\"Person\",\"@id\":\"https:\\\/\\\/quehacerpolitico.mx\\\/#\\\/schema\\\/person\\\/496d8ad2d1d3f8036101dca7ee39e585\",\"name\":\"Redacci\u00f3n QP\",\"image\":{\"@type\":\"ImageObject\",\"inLanguage\":\"es\",\"@id\":\"https:\\\/\\\/secure.gravatar.com\\\/avatar\\\/c7164ed6fdec453195284ad24a5ae5b6e1eed2b848477fa2a4787ba9adf39a41?s=96&d=mm&r=g\",\"url\":\"https:\\\/\\\/secure.gravatar.com\\\/avatar\\\/c7164ed6fdec453195284ad24a5ae5b6e1eed2b848477fa2a4787ba9adf39a41?s=96&d=mm&r=g\",\"contentUrl\":\"https:\\\/\\\/secure.gravatar.com\\\/avatar\\\/c7164ed6fdec453195284ad24a5ae5b6e1eed2b848477fa2a4787ba9adf39a41?s=96&d=mm&r=g\",\"caption\":\"Redacci\u00f3n QP\"},\"url\":\"https:\\\/\\\/quehacerpolitico.mx\\\/?author=2\"}]}<\/script>\n<!-- \/ Yoast SEO plugin. -->","yoast_head_json":{"title":"La revocaci\u00f3n de mandato de AMLO es un \"distractor\", seg\u00fan polit\u00f3logo de la UNAM -","robots":{"index":"index","follow":"follow","max-snippet":"max-snippet:-1","max-image-preview":"max-image-preview:large","max-video-preview":"max-video-preview:-1"},"canonical":"https:\/\/quehacerpolitico.mx\/?p=87839","og_locale":"es_MX","og_type":"article","og_title":"La revocaci\u00f3n de mandato de AMLO es un \"distractor\", seg\u00fan polit\u00f3logo de la UNAM -","og_description":"Por Redacci\u00f3n QP La consulta ciudadana prevista\u00a0para el 10 de abril, ha sido impulsada\u00a0por AMLO\u00a0para...","og_url":"https:\/\/quehacerpolitico.mx\/?p=87839","article_published_time":"2021-12-30T17:48:22+00:00","article_modified_time":"2021-12-30T17:48:25+00:00","og_image":[{"width":950,"height":681,"url":"https:\/\/quehacerpolitico.mx\/wp-content\/uploads\/2021\/12\/35F7C011-7E9B-4455-9D40-3EEA92BE3DF0.jpeg","type":"image\/jpeg"}],"author":"Redacci\u00f3n QP","twitter_card":"summary_large_image","twitter_misc":{"Escrito por":"Redacci\u00f3n QP","Tiempo de lectura":"5 minutos"},"schema":{"@context":"https:\/\/schema.org","@graph":[{"@type":"Article","@id":"https:\/\/quehacerpolitico.mx\/?p=87839#article","isPartOf":{"@id":"https:\/\/quehacerpolitico.mx\/?p=87839"},"author":{"name":"Redacci\u00f3n QP","@id":"https:\/\/quehacerpolitico.mx\/#\/schema\/person\/496d8ad2d1d3f8036101dca7ee39e585"},"headline":"La revocaci\u00f3n de mandato de AMLO es un &#8220;distractor&#8221;, seg\u00fan polit\u00f3logo de la UNAM","datePublished":"2021-12-30T17:48:22+00:00","dateModified":"2021-12-30T17:48:25+00:00","mainEntityOfPage":{"@id":"https:\/\/quehacerpolitico.mx\/?p=87839"},"wordCount":917,"commentCount":0,"image":{"@id":"https:\/\/quehacerpolitico.mx\/?p=87839#primaryimage"},"thumbnailUrl":"https:\/\/quehacerpolitico.mx\/wp-content\/uploads\/2021\/12\/35F7C011-7E9B-4455-9D40-3EEA92BE3DF0.jpeg","articleSection":["Noticias"],"inLanguage":"es","potentialAction":[{"@type":"CommentAction","name":"Comment","target":["https:\/\/quehacerpolitico.mx\/?p=87839#respond"]}]},{"@type":"WebPage","@id":"https:\/\/quehacerpolitico.mx\/?p=87839","url":"https:\/\/quehacerpolitico.mx\/?p=87839","name":"La revocaci\u00f3n de mandato de AMLO es un \"distractor\", seg\u00fan polit\u00f3logo de la UNAM -","isPartOf":{"@id":"https:\/\/quehacerpolitico.mx\/#website"},"primaryImageOfPage":{"@id":"https:\/\/quehacerpolitico.mx\/?p=87839#primaryimage"},"image":{"@id":"https:\/\/quehacerpolitico.mx\/?p=87839#primaryimage"},"thumbnailUrl":"https:\/\/quehacerpolitico.mx\/wp-content\/uploads\/2021\/12\/35F7C011-7E9B-4455-9D40-3EEA92BE3DF0.jpeg","datePublished":"2021-12-30T17:48:22+00:00","dateModified":"2021-12-30T17:48:25+00:00","author":{"@id":"https:\/\/quehacerpolitico.mx\/#\/schema\/person\/496d8ad2d1d3f8036101dca7ee39e585"},"breadcrumb":{"@id":"https:\/\/quehacerpolitico.mx\/?p=87839#breadcrumb"},"inLanguage":"es","potentialAction":[{"@type":"ReadAction","target":["https:\/\/quehacerpolitico.mx\/?p=87839"]}]},{"@type":"ImageObject","inLanguage":"es","@id":"https:\/\/quehacerpolitico.mx\/?p=87839#primaryimage","url":"https:\/\/quehacerpolitico.mx\/wp-content\/uploads\/2021\/12\/35F7C011-7E9B-4455-9D40-3EEA92BE3DF0.jpeg","contentUrl":"https:\/\/quehacerpolitico.mx\/wp-content\/uploads\/2021\/12\/35F7C011-7E9B-4455-9D40-3EEA92BE3DF0.jpeg","width":950,"height":681},{"@type":"BreadcrumbList","@id":"https:\/\/quehacerpolitico.mx\/?p=87839#breadcrumb","itemListElement":[{"@type":"ListItem","position":1,"name":"Inicio","item":"https:\/\/quehacerpolitico.mx\/"},{"@type":"ListItem","position":2,"name":"La revocaci\u00f3n de mandato de AMLO es un &#8220;distractor&#8221;, seg\u00fan polit\u00f3logo de la UNAM"}]},{"@type":"WebSite","@id":"https:\/\/quehacerpolitico.mx\/#website","url":"https:\/\/quehacerpolitico.mx\/","name":"","description":"","potentialAction":[{"@type":"SearchAction","target":{"@type":"EntryPoint","urlTemplate":"https:\/\/quehacerpolitico.mx\/?s={search_term_string}"},"query-input":{"@type":"PropertyValueSpecification","valueRequired":true,"valueName":"search_term_string"}}],"inLanguage":"es"},{"@type":"Person","@id":"https:\/\/quehacerpolitico.mx\/#\/schema\/person\/496d8ad2d1d3f8036101dca7ee39e585","name":"Redacci\u00f3n QP","image":{"@type":"ImageObject","inLanguage":"es","@id":"https:\/\/secure.gravatar.com\/avatar\/c7164ed6fdec453195284ad24a5ae5b6e1eed2b848477fa2a4787ba9adf39a41?s=96&d=mm&r=g","url":"https:\/\/secure.gravatar.com\/avatar\/c7164ed6fdec453195284ad24a5ae5b6e1eed2b848477fa2a4787ba9adf39a41?s=96&d=mm&r=g","contentUrl":"https:\/\/secure.gravatar.com\/avatar\/c7164ed6fdec453195284ad24a5ae5b6e1eed2b848477fa2a4787ba9adf39a41?s=96&d=mm&r=g","caption":"Redacci\u00f3n QP"},"url":"https:\/\/quehacerpolitico.mx\/?author=2"}]}},"featured_image_urls":{"full":["https:\/\/quehacerpolitico.mx\/wp-content\/uploads\/2021\/12\/35F7C011-7E9B-4455-9D40-3EEA92BE3DF0.jpeg",950,681,false],"thumbnail":["https:\/\/quehacerpolitico.mx\/wp-content\/uploads\/2021\/12\/35F7C011-7E9B-4455-9D40-3EEA92BE3DF0-150x150.jpeg",150,150,true],"medium":["https:\/\/quehacerpolitico.mx\/wp-content\/uploads\/2021\/12\/35F7C011-7E9B-4455-9D40-3EEA92BE3DF0-300x215.jpeg",300,215,true],"medium_large":["https:\/\/quehacerpolitico.mx\/wp-content\/uploads\/2021\/12\/35F7C011-7E9B-4455-9D40-3EEA92BE3DF0-768x551.jpeg",640,459,true],"large":["https:\/\/quehacerpolitico.mx\/wp-content\/uploads\/2021\/12\/35F7C011-7E9B-4455-9D40-3EEA92BE3DF0.jpeg",640,459,false],"1536x1536":["https:\/\/quehacerpolitico.mx\/wp-content\/uploads\/2021\/12\/35F7C011-7E9B-4455-9D40-3EEA92BE3DF0.jpeg",950,681,false],"2048x2048":["https:\/\/quehacerpolitico.mx\/wp-content\/uploads\/2021\/12\/35F7C011-7E9B-4455-9D40-3EEA92BE3DF0.jpeg",950,681,false],"covernews-featured":["https:\/\/quehacerpolitico.mx\/wp-content\/uploads\/2021\/12\/35F7C011-7E9B-4455-9D40-3EEA92BE3DF0.jpeg",950,681,false],"covernews-medium":["https:\/\/quehacerpolitico.mx\/wp-content\/uploads\/2021\/12\/35F7C011-7E9B-4455-9D40-3EEA92BE3DF0.jpeg",474,340,false]},"author_info":{"display_name":"Redacci\u00f3n QP","author_link":"https:\/\/quehacerpolitico.mx\/?author=2"},"category_info":"<a href=\"https:\/\/quehacerpolitico.mx\/?cat=2\" rel=\"category\">Noticias<\/a>","tag_info":"Noticias","comment_count":"0","_links":{"self":[{"href":"https:\/\/quehacerpolitico.mx\/index.php?rest_route=\/wp\/v2\/posts\/87839","targetHints":{"allow":["GET"]}}],"collection":[{"href":"https:\/\/quehacerpolitico.mx\/index.php?rest_route=\/wp\/v2\/posts"}],"about":[{"href":"https:\/\/quehacerpolitico.mx\/index.php?rest_route=\/wp\/v2\/types\/post"}],"author":[{"embeddable":true,"href":"https:\/\/quehacerpolitico.mx\/index.php?rest_route=\/wp\/v2\/users\/2"}],"replies":[{"embeddable":true,"href":"https:\/\/quehacerpolitico.mx\/index.php?rest_route=%2Fwp%2Fv2%2Fcomments&post=87839"}],"version-history":[{"count":1,"href":"https:\/\/quehacerpolitico.mx\/index.php?rest_route=\/wp\/v2\/posts\/87839\/revisions"}],"predecessor-version":[{"id":87841,"href":"https:\/\/quehacerpolitico.mx\/index.php?rest_route=\/wp\/v2\/posts\/87839\/revisions\/87841"}],"wp:featuredmedia":[{"embeddable":true,"href":"https:\/\/quehacerpolitico.mx\/index.php?rest_route=\/wp\/v2\/media\/87840"}],"wp:attachment":[{"href":"https:\/\/quehacerpolitico.mx\/index.php?rest_route=%2Fwp%2Fv2%2Fmedia&parent=87839"}],"wp:term":[{"taxonomy":"category","embeddable":true,"href":"https:\/\/quehacerpolitico.mx\/index.php?rest_route=%2Fwp%2Fv2%2Fcategories&post=87839"},{"taxonomy":"post_tag","embeddable":true,"href":"https:\/\/quehacerpolitico.mx\/index.php?rest_route=%2Fwp%2Fv2%2Ftags&post=87839"}],"curies":[{"name":"wp","href":"https:\/\/api.w.org\/{rel}","templated":true}]}}