{"id":87830,"date":"2021-12-30T16:47:22","date_gmt":"2021-12-30T16:47:22","guid":{"rendered":"https:\/\/quehacerpolitico.mx\/?p=87830"},"modified":"2021-12-30T16:47:26","modified_gmt":"2021-12-30T16:47:26","slug":"amlo-tiene-deseos-para-el-ano-nuevo-2022-cuales-son","status":"publish","type":"post","link":"https:\/\/quehacerpolitico.mx\/?p=87830","title":{"rendered":"AMLO tiene deseos para el A\u00f1o Nuevo 2022 \u00bfCu\u00e1les son?"},"content":{"rendered":"\n<p>Por Redacci\u00f3n QP<\/p>\n\n\n\n<p>AMLO\u00a0dice que en su balance 2021 fue un buen a\u00f1o y que 2022 &#8220;ser\u00e1 un a\u00f1o todav\u00eda m\u00e1s bueno, tengo fe en el porvenir y no hay que perder la esperanza&#8221;<\/p>\n\n\n\n<p>El Presidente\u00a0Andres Manuel L\u00f3pez Obrador (AMLO) tiene deseos para el A\u00f1o Nuevo 2022, como muchos mexicanos, y durante su\u00a0conferencia de prensa \u201cma\u00f1anera\u201d los dio a conocer.<\/p>\n\n\n\n<p>AMLO dijo que\u00a0<strong>son tres sus deseos: que termine la pandemia por\u00a0coronavirus\u00a0COVID-19, que contin\u00fae la fortaleza cultural de M\u00e9xico y que haya menos pobres<\/strong>.<\/p>\n\n\n\n<p>&#8220;Ayer me preguntaron de mis tres deseos del a\u00f1o pr\u00f3ximo, un deseo es que se termine la pandemia, que no se siga padeciendo, sufriendo, que no se sigan enfermando, hospitalizando, que no sigan falleciendo mexicanos ni ciudadanos del mundo&#8221;, mencion\u00f3 el Presidente L\u00f3pez Obrador.<\/p>\n\n\n\n<p>AMLO comparti\u00f3 en la \u00faltima de sus conferencias de este 2021 que su segundo deseo es que contin\u00fae la fortaleza cultural del\u00a0M\u00e9xico que es lo que nos ha salvado ante calamidades.<\/p>\n\n\n\n<p><strong>&#8220;Qu\u00e9 no olvidemos de d\u00f3nde venimos somos herederos de grandes civilizaciones y eso nos da fortaleza e identidad, que no reneguemos de nuestro origen<\/strong>. El que no sabe y no se siente orgulloso de donde viene, nunca sabr\u00e1 hacia d\u00f3nde se dirigir\u00e1&#8221;.<\/p>\n\n\n\n<figure class=\"wp-block-embed is-type-video is-provider-youtube wp-block-embed-youtube wp-embed-aspect-16-9 wp-has-aspect-ratio\"><div class=\"wp-block-embed__wrapper\">\n<iframe loading=\"lazy\" title=\"\u201cQue se termine la pandemia\u201d, entre los deseos de A\u00f1o Nuevo de AMLO\" width=\"640\" height=\"360\" src=\"https:\/\/www.youtube.com\/embed\/dKjmSfdk50k?feature=oembed\" frameborder=\"0\" allow=\"accelerometer; autoplay; clipboard-write; encrypted-media; gyroscope; picture-in-picture; web-share\" referrerpolicy=\"strict-origin-when-cross-origin\" allowfullscreen><\/iframe>\n<\/div><\/figure>\n\n\n\n<p>Explic\u00f3 que su tercer deseo es &#8220;que haya menos pobres,&nbsp;<strong>que no falten los satisfactores b\u00e1sicos, la alimentaci\u00f3n, que nadie padezca de hambre, y que se tenga para el estudio, para la salud, para la vivienda, el trabajo<\/strong>, que el ingreso alcanc\u00e9 para lo necesario, lo b\u00e1sico, y que todos seamos felices&#8221;.<\/p>\n\n\n\n<p>AMLO record\u00f3 que la felicidad no solo es acumular bienes materiales, dinero, fama o t\u00edtulos,\u00a0<strong>la felicidad es estar bien con uno mismo, con la conciencia y con el pr\u00f3jimo<\/strong>.<\/p>\n\n\n\n<p>El Presidente L\u00f3pez Obrador dijo que en su balance 2021 fue un buen a\u00f1o y que\u00a0<strong>2022 &#8220;ser\u00e1 un a\u00f1o todav\u00eda m\u00e1s bueno, tengo fe en el porvenir y no hay que perder la esperanza&#8221;<\/strong>.<\/p>\n\n\n\n<p>L\u00f3pez Obrador dijo que&nbsp;<strong>viajar\u00e1 este jueves a su quinta de Palenque, Chiapas<\/strong>, a tomar unos d\u00edas de descanso por las fiestas de fin de a\u00f1o.<\/p>\n\n\n\n<p>El secretario de Gobernaci\u00f3n\u00a0<strong>Ad\u00e1n Augusto L\u00f3pez Hern\u00e1ndez se quedar\u00e1 a cargo del Gabinete<\/strong>.<\/p>\n\n\n\n<p>&#8220;Voy a Palenque, se va a quedar Ad\u00e1n Agusto, no son muchos d\u00edas, el lunes nos vemos aqu\u00ed y se va a quedar el secretario de Gobernaci\u00f3n&#8221;, dijo el Mandatario en su \u00faltima ma\u00f1anera de 2021.<\/p>\n\n\n\n<p><strong>AMLO\u00a0no toma vacaciones solo descansa el 12 de diciembre, en las fiestas decembrinas y dos d\u00edas de semana Santa<\/strong>.<\/p>\n\n\n\n<p>Con Informaci\u00f3n de SUN <\/p>\n","protected":false},"excerpt":{"rendered":"<p>Por Redacci\u00f3n QP AMLO\u00a0dice que en su balance 2021 fue un buen a\u00f1o y que&#8230;<\/p>\n","protected":false},"author":2,"featured_media":87831,"comment_status":"open","ping_status":"open","sticky":false,"template":"","format":"standard","meta":{"_monsterinsights_skip_tracking":false,"_monsterinsights_sitenote_active":false,"_monsterinsights_sitenote_note":"","_monsterinsights_sitenote_category":0,"footnotes":""},"categories":[2],"tags":[],"class_list":["post-87830","post","type-post","status-publish","format-standard","has-post-thumbnail","hentry","category-noticias"],"yoast_head":"<!-- This site is optimized with the Yoast SEO plugin v27.3 - https:\/\/yoast.com\/product\/yoast-seo-wordpress\/ -->\n<title>AMLO tiene deseos para el A\u00f1o Nuevo 2022 \u00bfCu\u00e1les son? -<\/title>\n<meta name=\"robots\" content=\"index, follow, max-snippet:-1, max-image-preview:large, max-video-preview:-1\" \/>\n<link rel=\"canonical\" href=\"https:\/\/quehacerpolitico.mx\/?p=87830\" \/>\n<meta property=\"og:locale\" content=\"es_MX\" \/>\n<meta property=\"og:type\" content=\"article\" \/>\n<meta property=\"og:title\" content=\"AMLO tiene deseos para el A\u00f1o Nuevo 2022 \u00bfCu\u00e1les son? -\" \/>\n<meta property=\"og:description\" content=\"Por Redacci\u00f3n QP AMLO\u00a0dice que en su balance 2021 fue un buen a\u00f1o y que...\" \/>\n<meta property=\"og:url\" content=\"https:\/\/quehacerpolitico.mx\/?p=87830\" \/>\n<meta property=\"article:published_time\" content=\"2021-12-30T16:47:22+00:00\" \/>\n<meta property=\"article:modified_time\" content=\"2021-12-30T16:47:26+00:00\" \/>\n<meta property=\"og:image\" content=\"https:\/\/quehacerpolitico.mx\/wp-content\/uploads\/2021\/12\/D53472AB-91D2-4C30-BE2E-F4E5C7A35CBF.jpeg\" \/>\n\t<meta property=\"og:image:width\" content=\"950\" \/>\n\t<meta property=\"og:image:height\" content=\"697\" \/>\n\t<meta property=\"og:image:type\" content=\"image\/jpeg\" \/>\n<meta name=\"author\" content=\"Redacci\u00f3n QP\" \/>\n<meta name=\"twitter:card\" content=\"summary_large_image\" \/>\n<meta name=\"twitter:label1\" content=\"Escrito por\" \/>\n\t<meta name=\"twitter:data1\" content=\"Redacci\u00f3n QP\" \/>\n\t<meta name=\"twitter:label2\" content=\"Tiempo de lectura\" \/>\n\t<meta name=\"twitter:data2\" content=\"2 minutos\" \/>\n<script type=\"application\/ld+json\" class=\"yoast-schema-graph\">{\"@context\":\"https:\\\/\\\/schema.org\",\"@graph\":[{\"@type\":\"Article\",\"@id\":\"https:\\\/\\\/quehacerpolitico.mx\\\/?p=87830#article\",\"isPartOf\":{\"@id\":\"https:\\\/\\\/quehacerpolitico.mx\\\/?p=87830\"},\"author\":{\"name\":\"Redacci\u00f3n QP\",\"@id\":\"https:\\\/\\\/quehacerpolitico.mx\\\/#\\\/schema\\\/person\\\/496d8ad2d1d3f8036101dca7ee39e585\"},\"headline\":\"AMLO tiene deseos para el A\u00f1o Nuevo 2022 \u00bfCu\u00e1les son?\",\"datePublished\":\"2021-12-30T16:47:22+00:00\",\"dateModified\":\"2021-12-30T16:47:26+00:00\",\"mainEntityOfPage\":{\"@id\":\"https:\\\/\\\/quehacerpolitico.mx\\\/?p=87830\"},\"wordCount\":474,\"commentCount\":0,\"image\":{\"@id\":\"https:\\\/\\\/quehacerpolitico.mx\\\/?p=87830#primaryimage\"},\"thumbnailUrl\":\"https:\\\/\\\/quehacerpolitico.mx\\\/wp-content\\\/uploads\\\/2021\\\/12\\\/D53472AB-91D2-4C30-BE2E-F4E5C7A35CBF.jpeg\",\"articleSection\":[\"Noticias\"],\"inLanguage\":\"es\",\"potentialAction\":[{\"@type\":\"CommentAction\",\"name\":\"Comment\",\"target\":[\"https:\\\/\\\/quehacerpolitico.mx\\\/?p=87830#respond\"]}]},{\"@type\":\"WebPage\",\"@id\":\"https:\\\/\\\/quehacerpolitico.mx\\\/?p=87830\",\"url\":\"https:\\\/\\\/quehacerpolitico.mx\\\/?p=87830\",\"name\":\"AMLO tiene deseos para el A\u00f1o Nuevo 2022 \u00bfCu\u00e1les son? -\",\"isPartOf\":{\"@id\":\"https:\\\/\\\/quehacerpolitico.mx\\\/#website\"},\"primaryImageOfPage\":{\"@id\":\"https:\\\/\\\/quehacerpolitico.mx\\\/?p=87830#primaryimage\"},\"image\":{\"@id\":\"https:\\\/\\\/quehacerpolitico.mx\\\/?p=87830#primaryimage\"},\"thumbnailUrl\":\"https:\\\/\\\/quehacerpolitico.mx\\\/wp-content\\\/uploads\\\/2021\\\/12\\\/D53472AB-91D2-4C30-BE2E-F4E5C7A35CBF.jpeg\",\"datePublished\":\"2021-12-30T16:47:22+00:00\",\"dateModified\":\"2021-12-30T16:47:26+00:00\",\"author\":{\"@id\":\"https:\\\/\\\/quehacerpolitico.mx\\\/#\\\/schema\\\/person\\\/496d8ad2d1d3f8036101dca7ee39e585\"},\"breadcrumb\":{\"@id\":\"https:\\\/\\\/quehacerpolitico.mx\\\/?p=87830#breadcrumb\"},\"inLanguage\":\"es\",\"potentialAction\":[{\"@type\":\"ReadAction\",\"target\":[\"https:\\\/\\\/quehacerpolitico.mx\\\/?p=87830\"]}]},{\"@type\":\"ImageObject\",\"inLanguage\":\"es\",\"@id\":\"https:\\\/\\\/quehacerpolitico.mx\\\/?p=87830#primaryimage\",\"url\":\"https:\\\/\\\/quehacerpolitico.mx\\\/wp-content\\\/uploads\\\/2021\\\/12\\\/D53472AB-91D2-4C30-BE2E-F4E5C7A35CBF.jpeg\",\"contentUrl\":\"https:\\\/\\\/quehacerpolitico.mx\\\/wp-content\\\/uploads\\\/2021\\\/12\\\/D53472AB-91D2-4C30-BE2E-F4E5C7A35CBF.jpeg\",\"width\":950,\"height\":697},{\"@type\":\"BreadcrumbList\",\"@id\":\"https:\\\/\\\/quehacerpolitico.mx\\\/?p=87830#breadcrumb\",\"itemListElement\":[{\"@type\":\"ListItem\",\"position\":1,\"name\":\"Inicio\",\"item\":\"https:\\\/\\\/quehacerpolitico.mx\\\/\"},{\"@type\":\"ListItem\",\"position\":2,\"name\":\"AMLO tiene deseos para el A\u00f1o Nuevo 2022 \u00bfCu\u00e1les son?\"}]},{\"@type\":\"WebSite\",\"@id\":\"https:\\\/\\\/quehacerpolitico.mx\\\/#website\",\"url\":\"https:\\\/\\\/quehacerpolitico.mx\\\/\",\"name\":\"\",\"description\":\"\",\"potentialAction\":[{\"@type\":\"SearchAction\",\"target\":{\"@type\":\"EntryPoint\",\"urlTemplate\":\"https:\\\/\\\/quehacerpolitico.mx\\\/?s={search_term_string}\"},\"query-input\":{\"@type\":\"PropertyValueSpecification\",\"valueRequired\":true,\"valueName\":\"search_term_string\"}}],\"inLanguage\":\"es\"},{\"@type\":\"Person\",\"@id\":\"https:\\\/\\\/quehacerpolitico.mx\\\/#\\\/schema\\\/person\\\/496d8ad2d1d3f8036101dca7ee39e585\",\"name\":\"Redacci\u00f3n QP\",\"image\":{\"@type\":\"ImageObject\",\"inLanguage\":\"es\",\"@id\":\"https:\\\/\\\/secure.gravatar.com\\\/avatar\\\/c7164ed6fdec453195284ad24a5ae5b6e1eed2b848477fa2a4787ba9adf39a41?s=96&d=mm&r=g\",\"url\":\"https:\\\/\\\/secure.gravatar.com\\\/avatar\\\/c7164ed6fdec453195284ad24a5ae5b6e1eed2b848477fa2a4787ba9adf39a41?s=96&d=mm&r=g\",\"contentUrl\":\"https:\\\/\\\/secure.gravatar.com\\\/avatar\\\/c7164ed6fdec453195284ad24a5ae5b6e1eed2b848477fa2a4787ba9adf39a41?s=96&d=mm&r=g\",\"caption\":\"Redacci\u00f3n QP\"},\"url\":\"https:\\\/\\\/quehacerpolitico.mx\\\/?author=2\"}]}<\/script>\n<!-- \/ Yoast SEO plugin. -->","yoast_head_json":{"title":"AMLO tiene deseos para el A\u00f1o Nuevo 2022 \u00bfCu\u00e1les son? -","robots":{"index":"index","follow":"follow","max-snippet":"max-snippet:-1","max-image-preview":"max-image-preview:large","max-video-preview":"max-video-preview:-1"},"canonical":"https:\/\/quehacerpolitico.mx\/?p=87830","og_locale":"es_MX","og_type":"article","og_title":"AMLO tiene deseos para el A\u00f1o Nuevo 2022 \u00bfCu\u00e1les son? -","og_description":"Por Redacci\u00f3n QP AMLO\u00a0dice que en su balance 2021 fue un buen a\u00f1o y que...","og_url":"https:\/\/quehacerpolitico.mx\/?p=87830","article_published_time":"2021-12-30T16:47:22+00:00","article_modified_time":"2021-12-30T16:47:26+00:00","og_image":[{"width":950,"height":697,"url":"https:\/\/quehacerpolitico.mx\/wp-content\/uploads\/2021\/12\/D53472AB-91D2-4C30-BE2E-F4E5C7A35CBF.jpeg","type":"image\/jpeg"}],"author":"Redacci\u00f3n QP","twitter_card":"summary_large_image","twitter_misc":{"Escrito por":"Redacci\u00f3n QP","Tiempo de lectura":"2 minutos"},"schema":{"@context":"https:\/\/schema.org","@graph":[{"@type":"Article","@id":"https:\/\/quehacerpolitico.mx\/?p=87830#article","isPartOf":{"@id":"https:\/\/quehacerpolitico.mx\/?p=87830"},"author":{"name":"Redacci\u00f3n QP","@id":"https:\/\/quehacerpolitico.mx\/#\/schema\/person\/496d8ad2d1d3f8036101dca7ee39e585"},"headline":"AMLO tiene deseos para el A\u00f1o Nuevo 2022 \u00bfCu\u00e1les son?","datePublished":"2021-12-30T16:47:22+00:00","dateModified":"2021-12-30T16:47:26+00:00","mainEntityOfPage":{"@id":"https:\/\/quehacerpolitico.mx\/?p=87830"},"wordCount":474,"commentCount":0,"image":{"@id":"https:\/\/quehacerpolitico.mx\/?p=87830#primaryimage"},"thumbnailUrl":"https:\/\/quehacerpolitico.mx\/wp-content\/uploads\/2021\/12\/D53472AB-91D2-4C30-BE2E-F4E5C7A35CBF.jpeg","articleSection":["Noticias"],"inLanguage":"es","potentialAction":[{"@type":"CommentAction","name":"Comment","target":["https:\/\/quehacerpolitico.mx\/?p=87830#respond"]}]},{"@type":"WebPage","@id":"https:\/\/quehacerpolitico.mx\/?p=87830","url":"https:\/\/quehacerpolitico.mx\/?p=87830","name":"AMLO tiene deseos para el A\u00f1o Nuevo 2022 \u00bfCu\u00e1les son? -","isPartOf":{"@id":"https:\/\/quehacerpolitico.mx\/#website"},"primaryImageOfPage":{"@id":"https:\/\/quehacerpolitico.mx\/?p=87830#primaryimage"},"image":{"@id":"https:\/\/quehacerpolitico.mx\/?p=87830#primaryimage"},"thumbnailUrl":"https:\/\/quehacerpolitico.mx\/wp-content\/uploads\/2021\/12\/D53472AB-91D2-4C30-BE2E-F4E5C7A35CBF.jpeg","datePublished":"2021-12-30T16:47:22+00:00","dateModified":"2021-12-30T16:47:26+00:00","author":{"@id":"https:\/\/quehacerpolitico.mx\/#\/schema\/person\/496d8ad2d1d3f8036101dca7ee39e585"},"breadcrumb":{"@id":"https:\/\/quehacerpolitico.mx\/?p=87830#breadcrumb"},"inLanguage":"es","potentialAction":[{"@type":"ReadAction","target":["https:\/\/quehacerpolitico.mx\/?p=87830"]}]},{"@type":"ImageObject","inLanguage":"es","@id":"https:\/\/quehacerpolitico.mx\/?p=87830#primaryimage","url":"https:\/\/quehacerpolitico.mx\/wp-content\/uploads\/2021\/12\/D53472AB-91D2-4C30-BE2E-F4E5C7A35CBF.jpeg","contentUrl":"https:\/\/quehacerpolitico.mx\/wp-content\/uploads\/2021\/12\/D53472AB-91D2-4C30-BE2E-F4E5C7A35CBF.jpeg","width":950,"height":697},{"@type":"BreadcrumbList","@id":"https:\/\/quehacerpolitico.mx\/?p=87830#breadcrumb","itemListElement":[{"@type":"ListItem","position":1,"name":"Inicio","item":"https:\/\/quehacerpolitico.mx\/"},{"@type":"ListItem","position":2,"name":"AMLO tiene deseos para el A\u00f1o Nuevo 2022 \u00bfCu\u00e1les son?"}]},{"@type":"WebSite","@id":"https:\/\/quehacerpolitico.mx\/#website","url":"https:\/\/quehacerpolitico.mx\/","name":"","description":"","potentialAction":[{"@type":"SearchAction","target":{"@type":"EntryPoint","urlTemplate":"https:\/\/quehacerpolitico.mx\/?s={search_term_string}"},"query-input":{"@type":"PropertyValueSpecification","valueRequired":true,"valueName":"search_term_string"}}],"inLanguage":"es"},{"@type":"Person","@id":"https:\/\/quehacerpolitico.mx\/#\/schema\/person\/496d8ad2d1d3f8036101dca7ee39e585","name":"Redacci\u00f3n QP","image":{"@type":"ImageObject","inLanguage":"es","@id":"https:\/\/secure.gravatar.com\/avatar\/c7164ed6fdec453195284ad24a5ae5b6e1eed2b848477fa2a4787ba9adf39a41?s=96&d=mm&r=g","url":"https:\/\/secure.gravatar.com\/avatar\/c7164ed6fdec453195284ad24a5ae5b6e1eed2b848477fa2a4787ba9adf39a41?s=96&d=mm&r=g","contentUrl":"https:\/\/secure.gravatar.com\/avatar\/c7164ed6fdec453195284ad24a5ae5b6e1eed2b848477fa2a4787ba9adf39a41?s=96&d=mm&r=g","caption":"Redacci\u00f3n QP"},"url":"https:\/\/quehacerpolitico.mx\/?author=2"}]}},"featured_image_urls":{"full":["https:\/\/quehacerpolitico.mx\/wp-content\/uploads\/2021\/12\/D53472AB-91D2-4C30-BE2E-F4E5C7A35CBF.jpeg",950,697,false],"thumbnail":["https:\/\/quehacerpolitico.mx\/wp-content\/uploads\/2021\/12\/D53472AB-91D2-4C30-BE2E-F4E5C7A35CBF-150x150.jpeg",150,150,true],"medium":["https:\/\/quehacerpolitico.mx\/wp-content\/uploads\/2021\/12\/D53472AB-91D2-4C30-BE2E-F4E5C7A35CBF-300x220.jpeg",300,220,true],"medium_large":["https:\/\/quehacerpolitico.mx\/wp-content\/uploads\/2021\/12\/D53472AB-91D2-4C30-BE2E-F4E5C7A35CBF-768x563.jpeg",640,469,true],"large":["https:\/\/quehacerpolitico.mx\/wp-content\/uploads\/2021\/12\/D53472AB-91D2-4C30-BE2E-F4E5C7A35CBF.jpeg",640,470,false],"1536x1536":["https:\/\/quehacerpolitico.mx\/wp-content\/uploads\/2021\/12\/D53472AB-91D2-4C30-BE2E-F4E5C7A35CBF.jpeg",950,697,false],"2048x2048":["https:\/\/quehacerpolitico.mx\/wp-content\/uploads\/2021\/12\/D53472AB-91D2-4C30-BE2E-F4E5C7A35CBF.jpeg",950,697,false],"covernews-featured":["https:\/\/quehacerpolitico.mx\/wp-content\/uploads\/2021\/12\/D53472AB-91D2-4C30-BE2E-F4E5C7A35CBF.jpeg",950,697,false],"covernews-medium":["https:\/\/quehacerpolitico.mx\/wp-content\/uploads\/2021\/12\/D53472AB-91D2-4C30-BE2E-F4E5C7A35CBF.jpeg",463,340,false]},"author_info":{"display_name":"Redacci\u00f3n QP","author_link":"https:\/\/quehacerpolitico.mx\/?author=2"},"category_info":"<a href=\"https:\/\/quehacerpolitico.mx\/?cat=2\" rel=\"category\">Noticias<\/a>","tag_info":"Noticias","comment_count":"0","_links":{"self":[{"href":"https:\/\/quehacerpolitico.mx\/index.php?rest_route=\/wp\/v2\/posts\/87830","targetHints":{"allow":["GET"]}}],"collection":[{"href":"https:\/\/quehacerpolitico.mx\/index.php?rest_route=\/wp\/v2\/posts"}],"about":[{"href":"https:\/\/quehacerpolitico.mx\/index.php?rest_route=\/wp\/v2\/types\/post"}],"author":[{"embeddable":true,"href":"https:\/\/quehacerpolitico.mx\/index.php?rest_route=\/wp\/v2\/users\/2"}],"replies":[{"embeddable":true,"href":"https:\/\/quehacerpolitico.mx\/index.php?rest_route=%2Fwp%2Fv2%2Fcomments&post=87830"}],"version-history":[{"count":1,"href":"https:\/\/quehacerpolitico.mx\/index.php?rest_route=\/wp\/v2\/posts\/87830\/revisions"}],"predecessor-version":[{"id":87832,"href":"https:\/\/quehacerpolitico.mx\/index.php?rest_route=\/wp\/v2\/posts\/87830\/revisions\/87832"}],"wp:featuredmedia":[{"embeddable":true,"href":"https:\/\/quehacerpolitico.mx\/index.php?rest_route=\/wp\/v2\/media\/87831"}],"wp:attachment":[{"href":"https:\/\/quehacerpolitico.mx\/index.php?rest_route=%2Fwp%2Fv2%2Fmedia&parent=87830"}],"wp:term":[{"taxonomy":"category","embeddable":true,"href":"https:\/\/quehacerpolitico.mx\/index.php?rest_route=%2Fwp%2Fv2%2Fcategories&post=87830"},{"taxonomy":"post_tag","embeddable":true,"href":"https:\/\/quehacerpolitico.mx\/index.php?rest_route=%2Fwp%2Fv2%2Ftags&post=87830"}],"curies":[{"name":"wp","href":"https:\/\/api.w.org\/{rel}","templated":true}]}}