{"id":87821,"date":"2021-12-30T15:04:06","date_gmt":"2021-12-30T15:04:06","guid":{"rendered":"https:\/\/quehacerpolitico.mx\/?p=87821"},"modified":"2021-12-30T15:04:09","modified_gmt":"2021-12-30T15:04:09","slug":"elementos-de-la-fgjcdmx-detienen-a-cuauhtemoc-gutierrez-de-la-torre-ex-lider-del-pri-cdmx","status":"publish","type":"post","link":"https:\/\/quehacerpolitico.mx\/?p=87821","title":{"rendered":"Elementos de la FGJCDMX detienen a Cuauht\u00e9moc Guti\u00e9rrez de la Torre ex l\u00edder del PRI CDMX"},"content":{"rendered":"\n<p>Por Redacci\u00f3n QP<\/p>\n\n\n\n<p>El ex dirigente ser\u00e1 trasladado a la agencia 50 del Ministerio P\u00fablico.<\/p>\n\n\n\n<p>Elementos de la<strong>\u00a0Fiscal\u00eda General de Justicia\u00a0<\/strong>arrestaron al ex l\u00edder del Partido Revolucionario Institucional (<strong>PRI<\/strong>), en la Ciudad de M\u00e9xico,\u00a0<strong>Cuauht\u00e9moc Guti\u00e9rrez de la Torre<\/strong>, despu\u00e9s de ejecutarle una orden de aprehensi\u00f3n debido a su presunta participaci\u00f3n en los<strong>\u00a0cr\u00edmenes de trata de personas<\/strong>\u00a0en las caracter\u00edsticas de<strong>explotaci\u00f3n sexual agravada<\/strong>, en grado de tentativa y de publicidad enga\u00f1osa, y por asociaci\u00f3n delictiva.<\/p>\n\n\n\n<figure class=\"wp-block-embed is-type-rich is-provider-twitter wp-block-embed-twitter\"><div class=\"wp-block-embed__wrapper\">\n<blockquote class=\"twitter-tweet\" data-width=\"550\" data-dnt=\"true\"><p lang=\"es\" dir=\"ltr\">Tras orden de cateo solicitada y obtenida por el Ministerio P\u00fablico de la Coordinaci\u00f3n de Investigaci\u00f3n de Delitos de G\u00e9nero, agentes de <a href=\"https:\/\/twitter.com\/PDI_FGJCDMX?ref_src=twsrc%5Etfw\">@PDI_FGJCDMX<\/a> aprehendieron a Cuauht\u00e9moc \u201cN\u201d <a href=\"https:\/\/twitter.com\/Foro_TV?ref_src=twsrc%5Etfw\">@Foro_TV<\/a> <a href=\"https:\/\/twitter.com\/NoticiasImagen?ref_src=twsrc%5Etfw\">@NoticiasImagen<\/a> <a href=\"https:\/\/twitter.com\/Reforma?ref_src=twsrc%5Etfw\">@Reforma<\/a> <a href=\"https:\/\/twitter.com\/El_Universal_Mx?ref_src=twsrc%5Etfw\">@El_Universal_Mx<\/a> <a href=\"https:\/\/twitter.com\/AztecaNoticias?ref_src=twsrc%5Etfw\">@AztecaNoticias<\/a> <a href=\"https:\/\/twitter.com\/Milenio?ref_src=twsrc%5Etfw\">@Milenio<\/a> <a href=\"https:\/\/twitter.com\/lajornadaonline?ref_src=twsrc%5Etfw\">@lajornadaonline<\/a> <a href=\"https:\/\/t.co\/TfOyiqVxLV\">pic.twitter.com\/TfOyiqVxLV<\/a><\/p>&mdash; Fiscal\u00eda CDMX (@FiscaliaCDMX) <a href=\"https:\/\/twitter.com\/FiscaliaCDMX\/status\/1476418953354354689?ref_src=twsrc%5Etfw\">December 30, 2021<\/a><\/blockquote><script async src=\"https:\/\/platform.twitter.com\/widgets.js\" charset=\"utf-8\"><\/script>\n<\/div><\/figure>\n\n\n\n<figure class=\"wp-block-embed is-type-rich is-provider-twitter wp-block-embed-twitter\"><div class=\"wp-block-embed__wrapper\">\nhttps:\/\/twitter.com\/c4jimenez\/status\/1476424416888250369?s=21\n<\/div><\/figure>\n\n\n\n<p>Esta ordenanza judicial fue efectuada por el personal de la polic\u00eda de investigaciones, quienes realizaron una<strong>\u00a0orden de suspensi\u00f3n<\/strong>\u00a0en la alcald\u00eda de Tlalpan, conseguida por el\u00a0<strong>Ministerio P\u00fablico de la Coordinaci\u00f3n de Investigaci\u00f3n de Delitos de G\u00e9nero<\/strong>, en donde capturaron a Guti\u00e9rrez de la Torre, quien ser\u00e1 llevado a la agencia 50 del Ministerio P\u00fablico que est\u00e1 ubicada en la\u00a0Ciudad de M\u00e9xico.<\/p>\n\n\n\n<figure class=\"wp-block-embed is-type-rich is-provider-twitter wp-block-embed-twitter\"><div class=\"wp-block-embed__wrapper\">\nhttps:\/\/twitter.com\/c4jimenez\/status\/1476427711627280386?s=21\n<\/div><\/figure>\n\n\n\n<p>Cabe se\u00f1alar que en marzo del presente a\u00f1o, Ernestina Godoy, fiscal capitana, inform\u00f3 que despu\u00e9s de una revisi\u00f3n estricta de la indagaci\u00f3n preliminar, se orden\u00f3&nbsp;<strong>extender las diligencias para perfeccionar la investigaci\u00f3n<\/strong>&nbsp;sobre este caso, con la finalidad de encontrar la verdad y la justicia, debido a que en su momento, se intent\u00f3 esconder la indagatoria con el objetivo de que se&nbsp;<strong>venciera con el paso del tiempo<\/strong>.<\/p>\n\n\n\n<p>Durante una rueda de prensa, la fiscal mand\u00f3 la realizaci\u00f3n de una investigaci\u00f3n interna para delimitar responsabilidades por descuidos contenidos en la investigaci\u00f3n hecha por la entonces<strong>\u00a0Procuradur\u00eda General de Justicia de la Ciudad<\/strong>.<\/p>\n\n\n\n<figure class=\"wp-block-embed is-type-rich is-provider-twitter wp-block-embed-twitter\"><div class=\"wp-block-embed__wrapper\">\nhttps:\/\/twitter.com\/telediario\/status\/1476561039647031296?s=21\n<\/div><\/figure>\n","protected":false},"excerpt":{"rendered":"<p>Por Redacci\u00f3n QP El ex dirigente ser\u00e1 trasladado a la agencia 50 del Ministerio P\u00fablico&#8230;.<\/p>\n","protected":false},"author":2,"featured_media":87822,"comment_status":"open","ping_status":"open","sticky":false,"template":"","format":"standard","meta":{"_monsterinsights_skip_tracking":false,"_monsterinsights_sitenote_active":false,"_monsterinsights_sitenote_note":"","_monsterinsights_sitenote_category":0,"footnotes":""},"categories":[55],"tags":[],"class_list":["post-87821","post","type-post","status-publish","format-standard","has-post-thumbnail","hentry","category-cdmx"],"yoast_head":"<!-- This site is optimized with the Yoast SEO plugin v27.3 - https:\/\/yoast.com\/product\/yoast-seo-wordpress\/ -->\n<title>Elementos de la FGJCDMX detienen a Cuauht\u00e9moc Guti\u00e9rrez de la Torre ex l\u00edder del PRI CDMX -<\/title>\n<meta name=\"robots\" content=\"index, follow, max-snippet:-1, max-image-preview:large, max-video-preview:-1\" \/>\n<link rel=\"canonical\" href=\"https:\/\/quehacerpolitico.mx\/?p=87821\" \/>\n<meta property=\"og:locale\" content=\"es_MX\" \/>\n<meta property=\"og:type\" content=\"article\" \/>\n<meta property=\"og:title\" content=\"Elementos de la FGJCDMX detienen a Cuauht\u00e9moc Guti\u00e9rrez de la Torre ex l\u00edder del PRI CDMX -\" \/>\n<meta property=\"og:description\" content=\"Por Redacci\u00f3n QP El ex dirigente ser\u00e1 trasladado a la agencia 50 del Ministerio P\u00fablico....\" \/>\n<meta property=\"og:url\" content=\"https:\/\/quehacerpolitico.mx\/?p=87821\" \/>\n<meta property=\"article:published_time\" content=\"2021-12-30T15:04:06+00:00\" \/>\n<meta property=\"article:modified_time\" content=\"2021-12-30T15:04:09+00:00\" \/>\n<meta property=\"og:image\" content=\"https:\/\/quehacerpolitico.mx\/wp-content\/uploads\/2021\/12\/7BA0F1C3-BCA8-4E6D-AF81-74131D6D1E1E.jpeg\" \/>\n\t<meta property=\"og:image:width\" content=\"569\" \/>\n\t<meta property=\"og:image:height\" content=\"437\" \/>\n\t<meta property=\"og:image:type\" content=\"image\/jpeg\" \/>\n<meta name=\"author\" content=\"Redacci\u00f3n QP\" \/>\n<meta name=\"twitter:card\" content=\"summary_large_image\" \/>\n<meta name=\"twitter:label1\" content=\"Escrito por\" \/>\n\t<meta name=\"twitter:data1\" content=\"Redacci\u00f3n QP\" \/>\n\t<meta name=\"twitter:label2\" content=\"Tiempo de lectura\" \/>\n\t<meta name=\"twitter:data2\" content=\"2 minutos\" \/>\n<script type=\"application\/ld+json\" class=\"yoast-schema-graph\">{\"@context\":\"https:\\\/\\\/schema.org\",\"@graph\":[{\"@type\":\"Article\",\"@id\":\"https:\\\/\\\/quehacerpolitico.mx\\\/?p=87821#article\",\"isPartOf\":{\"@id\":\"https:\\\/\\\/quehacerpolitico.mx\\\/?p=87821\"},\"author\":{\"name\":\"Redacci\u00f3n QP\",\"@id\":\"https:\\\/\\\/quehacerpolitico.mx\\\/#\\\/schema\\\/person\\\/496d8ad2d1d3f8036101dca7ee39e585\"},\"headline\":\"Elementos de la FGJCDMX detienen a Cuauht\u00e9moc Guti\u00e9rrez de la Torre ex l\u00edder del PRI CDMX\",\"datePublished\":\"2021-12-30T15:04:06+00:00\",\"dateModified\":\"2021-12-30T15:04:09+00:00\",\"mainEntityOfPage\":{\"@id\":\"https:\\\/\\\/quehacerpolitico.mx\\\/?p=87821\"},\"wordCount\":325,\"commentCount\":0,\"image\":{\"@id\":\"https:\\\/\\\/quehacerpolitico.mx\\\/?p=87821#primaryimage\"},\"thumbnailUrl\":\"https:\\\/\\\/quehacerpolitico.mx\\\/wp-content\\\/uploads\\\/2021\\\/12\\\/7BA0F1C3-BCA8-4E6D-AF81-74131D6D1E1E.jpeg\",\"articleSection\":[\"CDMX\"],\"inLanguage\":\"es\",\"potentialAction\":[{\"@type\":\"CommentAction\",\"name\":\"Comment\",\"target\":[\"https:\\\/\\\/quehacerpolitico.mx\\\/?p=87821#respond\"]}]},{\"@type\":\"WebPage\",\"@id\":\"https:\\\/\\\/quehacerpolitico.mx\\\/?p=87821\",\"url\":\"https:\\\/\\\/quehacerpolitico.mx\\\/?p=87821\",\"name\":\"Elementos de la FGJCDMX detienen a Cuauht\u00e9moc Guti\u00e9rrez de la Torre ex l\u00edder del PRI CDMX -\",\"isPartOf\":{\"@id\":\"https:\\\/\\\/quehacerpolitico.mx\\\/#website\"},\"primaryImageOfPage\":{\"@id\":\"https:\\\/\\\/quehacerpolitico.mx\\\/?p=87821#primaryimage\"},\"image\":{\"@id\":\"https:\\\/\\\/quehacerpolitico.mx\\\/?p=87821#primaryimage\"},\"thumbnailUrl\":\"https:\\\/\\\/quehacerpolitico.mx\\\/wp-content\\\/uploads\\\/2021\\\/12\\\/7BA0F1C3-BCA8-4E6D-AF81-74131D6D1E1E.jpeg\",\"datePublished\":\"2021-12-30T15:04:06+00:00\",\"dateModified\":\"2021-12-30T15:04:09+00:00\",\"author\":{\"@id\":\"https:\\\/\\\/quehacerpolitico.mx\\\/#\\\/schema\\\/person\\\/496d8ad2d1d3f8036101dca7ee39e585\"},\"breadcrumb\":{\"@id\":\"https:\\\/\\\/quehacerpolitico.mx\\\/?p=87821#breadcrumb\"},\"inLanguage\":\"es\",\"potentialAction\":[{\"@type\":\"ReadAction\",\"target\":[\"https:\\\/\\\/quehacerpolitico.mx\\\/?p=87821\"]}]},{\"@type\":\"ImageObject\",\"inLanguage\":\"es\",\"@id\":\"https:\\\/\\\/quehacerpolitico.mx\\\/?p=87821#primaryimage\",\"url\":\"https:\\\/\\\/quehacerpolitico.mx\\\/wp-content\\\/uploads\\\/2021\\\/12\\\/7BA0F1C3-BCA8-4E6D-AF81-74131D6D1E1E.jpeg\",\"contentUrl\":\"https:\\\/\\\/quehacerpolitico.mx\\\/wp-content\\\/uploads\\\/2021\\\/12\\\/7BA0F1C3-BCA8-4E6D-AF81-74131D6D1E1E.jpeg\",\"width\":569,\"height\":437},{\"@type\":\"BreadcrumbList\",\"@id\":\"https:\\\/\\\/quehacerpolitico.mx\\\/?p=87821#breadcrumb\",\"itemListElement\":[{\"@type\":\"ListItem\",\"position\":1,\"name\":\"Inicio\",\"item\":\"https:\\\/\\\/quehacerpolitico.mx\\\/\"},{\"@type\":\"ListItem\",\"position\":2,\"name\":\"Elementos de la FGJCDMX detienen a Cuauht\u00e9moc Guti\u00e9rrez de la Torre ex l\u00edder del PRI CDMX\"}]},{\"@type\":\"WebSite\",\"@id\":\"https:\\\/\\\/quehacerpolitico.mx\\\/#website\",\"url\":\"https:\\\/\\\/quehacerpolitico.mx\\\/\",\"name\":\"\",\"description\":\"\",\"potentialAction\":[{\"@type\":\"SearchAction\",\"target\":{\"@type\":\"EntryPoint\",\"urlTemplate\":\"https:\\\/\\\/quehacerpolitico.mx\\\/?s={search_term_string}\"},\"query-input\":{\"@type\":\"PropertyValueSpecification\",\"valueRequired\":true,\"valueName\":\"search_term_string\"}}],\"inLanguage\":\"es\"},{\"@type\":\"Person\",\"@id\":\"https:\\\/\\\/quehacerpolitico.mx\\\/#\\\/schema\\\/person\\\/496d8ad2d1d3f8036101dca7ee39e585\",\"name\":\"Redacci\u00f3n QP\",\"image\":{\"@type\":\"ImageObject\",\"inLanguage\":\"es\",\"@id\":\"https:\\\/\\\/secure.gravatar.com\\\/avatar\\\/c7164ed6fdec453195284ad24a5ae5b6e1eed2b848477fa2a4787ba9adf39a41?s=96&d=mm&r=g\",\"url\":\"https:\\\/\\\/secure.gravatar.com\\\/avatar\\\/c7164ed6fdec453195284ad24a5ae5b6e1eed2b848477fa2a4787ba9adf39a41?s=96&d=mm&r=g\",\"contentUrl\":\"https:\\\/\\\/secure.gravatar.com\\\/avatar\\\/c7164ed6fdec453195284ad24a5ae5b6e1eed2b848477fa2a4787ba9adf39a41?s=96&d=mm&r=g\",\"caption\":\"Redacci\u00f3n QP\"},\"url\":\"https:\\\/\\\/quehacerpolitico.mx\\\/?author=2\"}]}<\/script>\n<!-- \/ Yoast SEO plugin. -->","yoast_head_json":{"title":"Elementos de la FGJCDMX detienen a Cuauht\u00e9moc Guti\u00e9rrez de la Torre ex l\u00edder del PRI CDMX -","robots":{"index":"index","follow":"follow","max-snippet":"max-snippet:-1","max-image-preview":"max-image-preview:large","max-video-preview":"max-video-preview:-1"},"canonical":"https:\/\/quehacerpolitico.mx\/?p=87821","og_locale":"es_MX","og_type":"article","og_title":"Elementos de la FGJCDMX detienen a Cuauht\u00e9moc Guti\u00e9rrez de la Torre ex l\u00edder del PRI CDMX -","og_description":"Por Redacci\u00f3n QP El ex dirigente ser\u00e1 trasladado a la agencia 50 del Ministerio P\u00fablico....","og_url":"https:\/\/quehacerpolitico.mx\/?p=87821","article_published_time":"2021-12-30T15:04:06+00:00","article_modified_time":"2021-12-30T15:04:09+00:00","og_image":[{"width":569,"height":437,"url":"https:\/\/quehacerpolitico.mx\/wp-content\/uploads\/2021\/12\/7BA0F1C3-BCA8-4E6D-AF81-74131D6D1E1E.jpeg","type":"image\/jpeg"}],"author":"Redacci\u00f3n QP","twitter_card":"summary_large_image","twitter_misc":{"Escrito por":"Redacci\u00f3n QP","Tiempo de lectura":"2 minutos"},"schema":{"@context":"https:\/\/schema.org","@graph":[{"@type":"Article","@id":"https:\/\/quehacerpolitico.mx\/?p=87821#article","isPartOf":{"@id":"https:\/\/quehacerpolitico.mx\/?p=87821"},"author":{"name":"Redacci\u00f3n QP","@id":"https:\/\/quehacerpolitico.mx\/#\/schema\/person\/496d8ad2d1d3f8036101dca7ee39e585"},"headline":"Elementos de la FGJCDMX detienen a Cuauht\u00e9moc Guti\u00e9rrez de la Torre ex l\u00edder del PRI CDMX","datePublished":"2021-12-30T15:04:06+00:00","dateModified":"2021-12-30T15:04:09+00:00","mainEntityOfPage":{"@id":"https:\/\/quehacerpolitico.mx\/?p=87821"},"wordCount":325,"commentCount":0,"image":{"@id":"https:\/\/quehacerpolitico.mx\/?p=87821#primaryimage"},"thumbnailUrl":"https:\/\/quehacerpolitico.mx\/wp-content\/uploads\/2021\/12\/7BA0F1C3-BCA8-4E6D-AF81-74131D6D1E1E.jpeg","articleSection":["CDMX"],"inLanguage":"es","potentialAction":[{"@type":"CommentAction","name":"Comment","target":["https:\/\/quehacerpolitico.mx\/?p=87821#respond"]}]},{"@type":"WebPage","@id":"https:\/\/quehacerpolitico.mx\/?p=87821","url":"https:\/\/quehacerpolitico.mx\/?p=87821","name":"Elementos de la FGJCDMX detienen a Cuauht\u00e9moc Guti\u00e9rrez de la Torre ex l\u00edder del PRI CDMX -","isPartOf":{"@id":"https:\/\/quehacerpolitico.mx\/#website"},"primaryImageOfPage":{"@id":"https:\/\/quehacerpolitico.mx\/?p=87821#primaryimage"},"image":{"@id":"https:\/\/quehacerpolitico.mx\/?p=87821#primaryimage"},"thumbnailUrl":"https:\/\/quehacerpolitico.mx\/wp-content\/uploads\/2021\/12\/7BA0F1C3-BCA8-4E6D-AF81-74131D6D1E1E.jpeg","datePublished":"2021-12-30T15:04:06+00:00","dateModified":"2021-12-30T15:04:09+00:00","author":{"@id":"https:\/\/quehacerpolitico.mx\/#\/schema\/person\/496d8ad2d1d3f8036101dca7ee39e585"},"breadcrumb":{"@id":"https:\/\/quehacerpolitico.mx\/?p=87821#breadcrumb"},"inLanguage":"es","potentialAction":[{"@type":"ReadAction","target":["https:\/\/quehacerpolitico.mx\/?p=87821"]}]},{"@type":"ImageObject","inLanguage":"es","@id":"https:\/\/quehacerpolitico.mx\/?p=87821#primaryimage","url":"https:\/\/quehacerpolitico.mx\/wp-content\/uploads\/2021\/12\/7BA0F1C3-BCA8-4E6D-AF81-74131D6D1E1E.jpeg","contentUrl":"https:\/\/quehacerpolitico.mx\/wp-content\/uploads\/2021\/12\/7BA0F1C3-BCA8-4E6D-AF81-74131D6D1E1E.jpeg","width":569,"height":437},{"@type":"BreadcrumbList","@id":"https:\/\/quehacerpolitico.mx\/?p=87821#breadcrumb","itemListElement":[{"@type":"ListItem","position":1,"name":"Inicio","item":"https:\/\/quehacerpolitico.mx\/"},{"@type":"ListItem","position":2,"name":"Elementos de la FGJCDMX detienen a Cuauht\u00e9moc Guti\u00e9rrez de la Torre ex l\u00edder del PRI CDMX"}]},{"@type":"WebSite","@id":"https:\/\/quehacerpolitico.mx\/#website","url":"https:\/\/quehacerpolitico.mx\/","name":"","description":"","potentialAction":[{"@type":"SearchAction","target":{"@type":"EntryPoint","urlTemplate":"https:\/\/quehacerpolitico.mx\/?s={search_term_string}"},"query-input":{"@type":"PropertyValueSpecification","valueRequired":true,"valueName":"search_term_string"}}],"inLanguage":"es"},{"@type":"Person","@id":"https:\/\/quehacerpolitico.mx\/#\/schema\/person\/496d8ad2d1d3f8036101dca7ee39e585","name":"Redacci\u00f3n QP","image":{"@type":"ImageObject","inLanguage":"es","@id":"https:\/\/secure.gravatar.com\/avatar\/c7164ed6fdec453195284ad24a5ae5b6e1eed2b848477fa2a4787ba9adf39a41?s=96&d=mm&r=g","url":"https:\/\/secure.gravatar.com\/avatar\/c7164ed6fdec453195284ad24a5ae5b6e1eed2b848477fa2a4787ba9adf39a41?s=96&d=mm&r=g","contentUrl":"https:\/\/secure.gravatar.com\/avatar\/c7164ed6fdec453195284ad24a5ae5b6e1eed2b848477fa2a4787ba9adf39a41?s=96&d=mm&r=g","caption":"Redacci\u00f3n QP"},"url":"https:\/\/quehacerpolitico.mx\/?author=2"}]}},"featured_image_urls":{"full":["https:\/\/quehacerpolitico.mx\/wp-content\/uploads\/2021\/12\/7BA0F1C3-BCA8-4E6D-AF81-74131D6D1E1E.jpeg",569,437,false],"thumbnail":["https:\/\/quehacerpolitico.mx\/wp-content\/uploads\/2021\/12\/7BA0F1C3-BCA8-4E6D-AF81-74131D6D1E1E-150x150.jpeg",150,150,true],"medium":["https:\/\/quehacerpolitico.mx\/wp-content\/uploads\/2021\/12\/7BA0F1C3-BCA8-4E6D-AF81-74131D6D1E1E-300x230.jpeg",300,230,true],"medium_large":["https:\/\/quehacerpolitico.mx\/wp-content\/uploads\/2021\/12\/7BA0F1C3-BCA8-4E6D-AF81-74131D6D1E1E.jpeg",569,437,false],"large":["https:\/\/quehacerpolitico.mx\/wp-content\/uploads\/2021\/12\/7BA0F1C3-BCA8-4E6D-AF81-74131D6D1E1E.jpeg",569,437,false],"1536x1536":["https:\/\/quehacerpolitico.mx\/wp-content\/uploads\/2021\/12\/7BA0F1C3-BCA8-4E6D-AF81-74131D6D1E1E.jpeg",569,437,false],"2048x2048":["https:\/\/quehacerpolitico.mx\/wp-content\/uploads\/2021\/12\/7BA0F1C3-BCA8-4E6D-AF81-74131D6D1E1E.jpeg",569,437,false],"covernews-featured":["https:\/\/quehacerpolitico.mx\/wp-content\/uploads\/2021\/12\/7BA0F1C3-BCA8-4E6D-AF81-74131D6D1E1E.jpeg",569,437,false],"covernews-medium":["https:\/\/quehacerpolitico.mx\/wp-content\/uploads\/2021\/12\/7BA0F1C3-BCA8-4E6D-AF81-74131D6D1E1E.jpeg",443,340,false]},"author_info":{"display_name":"Redacci\u00f3n QP","author_link":"https:\/\/quehacerpolitico.mx\/?author=2"},"category_info":"<a href=\"https:\/\/quehacerpolitico.mx\/?cat=55\" rel=\"category\">CDMX<\/a>","tag_info":"CDMX","comment_count":"0","_links":{"self":[{"href":"https:\/\/quehacerpolitico.mx\/index.php?rest_route=\/wp\/v2\/posts\/87821","targetHints":{"allow":["GET"]}}],"collection":[{"href":"https:\/\/quehacerpolitico.mx\/index.php?rest_route=\/wp\/v2\/posts"}],"about":[{"href":"https:\/\/quehacerpolitico.mx\/index.php?rest_route=\/wp\/v2\/types\/post"}],"author":[{"embeddable":true,"href":"https:\/\/quehacerpolitico.mx\/index.php?rest_route=\/wp\/v2\/users\/2"}],"replies":[{"embeddable":true,"href":"https:\/\/quehacerpolitico.mx\/index.php?rest_route=%2Fwp%2Fv2%2Fcomments&post=87821"}],"version-history":[{"count":1,"href":"https:\/\/quehacerpolitico.mx\/index.php?rest_route=\/wp\/v2\/posts\/87821\/revisions"}],"predecessor-version":[{"id":87823,"href":"https:\/\/quehacerpolitico.mx\/index.php?rest_route=\/wp\/v2\/posts\/87821\/revisions\/87823"}],"wp:featuredmedia":[{"embeddable":true,"href":"https:\/\/quehacerpolitico.mx\/index.php?rest_route=\/wp\/v2\/media\/87822"}],"wp:attachment":[{"href":"https:\/\/quehacerpolitico.mx\/index.php?rest_route=%2Fwp%2Fv2%2Fmedia&parent=87821"}],"wp:term":[{"taxonomy":"category","embeddable":true,"href":"https:\/\/quehacerpolitico.mx\/index.php?rest_route=%2Fwp%2Fv2%2Fcategories&post=87821"},{"taxonomy":"post_tag","embeddable":true,"href":"https:\/\/quehacerpolitico.mx\/index.php?rest_route=%2Fwp%2Fv2%2Ftags&post=87821"}],"curies":[{"name":"wp","href":"https:\/\/api.w.org\/{rel}","templated":true}]}}