{"id":87817,"date":"2021-12-30T05:12:18","date_gmt":"2021-12-30T05:12:18","guid":{"rendered":"https:\/\/quehacerpolitico.mx\/?p=87817"},"modified":"2021-12-30T05:16:45","modified_gmt":"2021-12-30T05:16:45","slug":"juez-revisara-el-jueves-medida-de-prision-preventiva-de-rosalio-robles","status":"publish","type":"post","link":"https:\/\/quehacerpolitico.mx\/?p=87817","title":{"rendered":"Juez revisar\u00e1 el jueves medida de prisi\u00f3n preventiva de Rosario Robles"},"content":{"rendered":"\n<p>Por Redacci\u00f3n QP<\/p>\n\n\n\n<p>La exsecretaria de Desarrollo Social&nbsp;acudir\u00e1&nbsp;a la audiencia en Ciudad de M\u00e9xico<\/p>\n\n\n\n<p><strong>Rosario Robles<\/strong>, exsecretaria de Desarrollo Social, acudir\u00e1 ma\u00f1ana jueves a la&nbsp;<strong>audiencia de revisi\u00f3n&nbsp;<\/strong>de la medida cautelar de&nbsp;<strong>prisi\u00f3n preventiva justificada<\/strong>, que ser\u00e1 encabezada por el juez de control, Ganther Alejandro Villar Ceballos, en la Ciudad de M\u00e9xico.<\/p>\n\n\n\n<p>Robles ser\u00e1 trasladada del penal de Santa Martha Acatitla, donde permanece detenida desde agosto de 2019, al Reclusorio Sur para la audiencia programada para las 15:00 horas del 30 de diciembre.<\/p>\n\n\n\n<p>La exsecretaria federal en el Gobierno de Enrique Pe\u00f1a Nieto, acusada de uso indebido del servicio p\u00fablico en el caso de la llamada Estafa Maestra, estar\u00e1 acompa\u00f1ada de su abogado Epigmenio Mendieta.<\/p>\n\n\n\n<p>El juez Tercero de Distrito de Amparo, Augusto Octavio Mej\u00eda Ojeda, dej\u00f3 sin efecto la prisi\u00f3n preventiva justificada contra Rosario Robles y orden\u00f3 una nueva audiencia en donde se podr\u00eda modificar la medida cautelar de prisi\u00f3n preventiva justificada.<\/p>\n\n\n\n<p>En noviembre pasado, Robles interpuso un nuevo juicio de amparo contra la decisi\u00f3n del juez Ganther Alejandro Villar Ceballos, de mantenerla en prisi\u00f3n.<\/p>\n\n\n\n<p>Con Informaci\u00f3n de SUN <\/p>\n","protected":false},"excerpt":{"rendered":"<p>Por Redacci\u00f3n QP La exsecretaria de Desarrollo Social&nbsp;acudir\u00e1&nbsp;a la audiencia en Ciudad de M\u00e9xico Rosario&#8230;<\/p>\n","protected":false},"author":2,"featured_media":87818,"comment_status":"open","ping_status":"open","sticky":false,"template":"","format":"standard","meta":{"_monsterinsights_skip_tracking":false,"_monsterinsights_sitenote_active":false,"_monsterinsights_sitenote_note":"","_monsterinsights_sitenote_category":0,"footnotes":""},"categories":[2],"tags":[],"class_list":["post-87817","post","type-post","status-publish","format-standard","has-post-thumbnail","hentry","category-noticias"],"yoast_head":"<!-- This site is optimized with the Yoast SEO plugin v27.3 - https:\/\/yoast.com\/product\/yoast-seo-wordpress\/ -->\n<title>Juez revisar\u00e1 el jueves medida de prisi\u00f3n preventiva de Rosario Robles -<\/title>\n<meta name=\"robots\" content=\"index, follow, max-snippet:-1, max-image-preview:large, max-video-preview:-1\" \/>\n<link rel=\"canonical\" href=\"https:\/\/quehacerpolitico.mx\/?p=87817\" \/>\n<meta property=\"og:locale\" content=\"es_MX\" \/>\n<meta property=\"og:type\" content=\"article\" \/>\n<meta property=\"og:title\" content=\"Juez revisar\u00e1 el jueves medida de prisi\u00f3n preventiva de Rosario Robles -\" \/>\n<meta property=\"og:description\" content=\"Por Redacci\u00f3n QP La exsecretaria de Desarrollo Social&nbsp;acudir\u00e1&nbsp;a la audiencia en Ciudad de M\u00e9xico Rosario...\" \/>\n<meta property=\"og:url\" content=\"https:\/\/quehacerpolitico.mx\/?p=87817\" \/>\n<meta property=\"article:published_time\" content=\"2021-12-30T05:12:18+00:00\" \/>\n<meta property=\"article:modified_time\" content=\"2021-12-30T05:16:45+00:00\" \/>\n<meta property=\"og:image\" content=\"https:\/\/quehacerpolitico.mx\/wp-content\/uploads\/2021\/12\/52EB1DDE-69E0-4BE4-9A50-F2D1E54B4FAB.jpeg\" \/>\n\t<meta property=\"og:image:width\" content=\"600\" \/>\n\t<meta property=\"og:image:height\" content=\"475\" \/>\n\t<meta property=\"og:image:type\" content=\"image\/jpeg\" \/>\n<meta name=\"author\" content=\"Redacci\u00f3n QP\" \/>\n<meta name=\"twitter:card\" content=\"summary_large_image\" \/>\n<meta name=\"twitter:label1\" content=\"Escrito por\" \/>\n\t<meta name=\"twitter:data1\" content=\"Redacci\u00f3n QP\" \/>\n\t<meta name=\"twitter:label2\" content=\"Tiempo de lectura\" \/>\n\t<meta name=\"twitter:data2\" content=\"1 minuto\" \/>\n<script type=\"application\/ld+json\" class=\"yoast-schema-graph\">{\"@context\":\"https:\\\/\\\/schema.org\",\"@graph\":[{\"@type\":\"Article\",\"@id\":\"https:\\\/\\\/quehacerpolitico.mx\\\/?p=87817#article\",\"isPartOf\":{\"@id\":\"https:\\\/\\\/quehacerpolitico.mx\\\/?p=87817\"},\"author\":{\"name\":\"Redacci\u00f3n QP\",\"@id\":\"https:\\\/\\\/quehacerpolitico.mx\\\/#\\\/schema\\\/person\\\/496d8ad2d1d3f8036101dca7ee39e585\"},\"headline\":\"Juez revisar\u00e1 el jueves medida de prisi\u00f3n preventiva de Rosario Robles\",\"datePublished\":\"2021-12-30T05:12:18+00:00\",\"dateModified\":\"2021-12-30T05:16:45+00:00\",\"mainEntityOfPage\":{\"@id\":\"https:\\\/\\\/quehacerpolitico.mx\\\/?p=87817\"},\"wordCount\":213,\"commentCount\":0,\"image\":{\"@id\":\"https:\\\/\\\/quehacerpolitico.mx\\\/?p=87817#primaryimage\"},\"thumbnailUrl\":\"https:\\\/\\\/quehacerpolitico.mx\\\/wp-content\\\/uploads\\\/2021\\\/12\\\/52EB1DDE-69E0-4BE4-9A50-F2D1E54B4FAB.jpeg\",\"articleSection\":[\"Noticias\"],\"inLanguage\":\"es\",\"potentialAction\":[{\"@type\":\"CommentAction\",\"name\":\"Comment\",\"target\":[\"https:\\\/\\\/quehacerpolitico.mx\\\/?p=87817#respond\"]}]},{\"@type\":\"WebPage\",\"@id\":\"https:\\\/\\\/quehacerpolitico.mx\\\/?p=87817\",\"url\":\"https:\\\/\\\/quehacerpolitico.mx\\\/?p=87817\",\"name\":\"Juez revisar\u00e1 el jueves medida de prisi\u00f3n preventiva de Rosario Robles -\",\"isPartOf\":{\"@id\":\"https:\\\/\\\/quehacerpolitico.mx\\\/#website\"},\"primaryImageOfPage\":{\"@id\":\"https:\\\/\\\/quehacerpolitico.mx\\\/?p=87817#primaryimage\"},\"image\":{\"@id\":\"https:\\\/\\\/quehacerpolitico.mx\\\/?p=87817#primaryimage\"},\"thumbnailUrl\":\"https:\\\/\\\/quehacerpolitico.mx\\\/wp-content\\\/uploads\\\/2021\\\/12\\\/52EB1DDE-69E0-4BE4-9A50-F2D1E54B4FAB.jpeg\",\"datePublished\":\"2021-12-30T05:12:18+00:00\",\"dateModified\":\"2021-12-30T05:16:45+00:00\",\"author\":{\"@id\":\"https:\\\/\\\/quehacerpolitico.mx\\\/#\\\/schema\\\/person\\\/496d8ad2d1d3f8036101dca7ee39e585\"},\"breadcrumb\":{\"@id\":\"https:\\\/\\\/quehacerpolitico.mx\\\/?p=87817#breadcrumb\"},\"inLanguage\":\"es\",\"potentialAction\":[{\"@type\":\"ReadAction\",\"target\":[\"https:\\\/\\\/quehacerpolitico.mx\\\/?p=87817\"]}]},{\"@type\":\"ImageObject\",\"inLanguage\":\"es\",\"@id\":\"https:\\\/\\\/quehacerpolitico.mx\\\/?p=87817#primaryimage\",\"url\":\"https:\\\/\\\/quehacerpolitico.mx\\\/wp-content\\\/uploads\\\/2021\\\/12\\\/52EB1DDE-69E0-4BE4-9A50-F2D1E54B4FAB.jpeg\",\"contentUrl\":\"https:\\\/\\\/quehacerpolitico.mx\\\/wp-content\\\/uploads\\\/2021\\\/12\\\/52EB1DDE-69E0-4BE4-9A50-F2D1E54B4FAB.jpeg\",\"width\":600,\"height\":475},{\"@type\":\"BreadcrumbList\",\"@id\":\"https:\\\/\\\/quehacerpolitico.mx\\\/?p=87817#breadcrumb\",\"itemListElement\":[{\"@type\":\"ListItem\",\"position\":1,\"name\":\"Inicio\",\"item\":\"https:\\\/\\\/quehacerpolitico.mx\\\/\"},{\"@type\":\"ListItem\",\"position\":2,\"name\":\"Juez revisar\u00e1 el jueves medida de prisi\u00f3n preventiva de Rosario Robles\"}]},{\"@type\":\"WebSite\",\"@id\":\"https:\\\/\\\/quehacerpolitico.mx\\\/#website\",\"url\":\"https:\\\/\\\/quehacerpolitico.mx\\\/\",\"name\":\"\",\"description\":\"\",\"potentialAction\":[{\"@type\":\"SearchAction\",\"target\":{\"@type\":\"EntryPoint\",\"urlTemplate\":\"https:\\\/\\\/quehacerpolitico.mx\\\/?s={search_term_string}\"},\"query-input\":{\"@type\":\"PropertyValueSpecification\",\"valueRequired\":true,\"valueName\":\"search_term_string\"}}],\"inLanguage\":\"es\"},{\"@type\":\"Person\",\"@id\":\"https:\\\/\\\/quehacerpolitico.mx\\\/#\\\/schema\\\/person\\\/496d8ad2d1d3f8036101dca7ee39e585\",\"name\":\"Redacci\u00f3n QP\",\"image\":{\"@type\":\"ImageObject\",\"inLanguage\":\"es\",\"@id\":\"https:\\\/\\\/secure.gravatar.com\\\/avatar\\\/c7164ed6fdec453195284ad24a5ae5b6e1eed2b848477fa2a4787ba9adf39a41?s=96&d=mm&r=g\",\"url\":\"https:\\\/\\\/secure.gravatar.com\\\/avatar\\\/c7164ed6fdec453195284ad24a5ae5b6e1eed2b848477fa2a4787ba9adf39a41?s=96&d=mm&r=g\",\"contentUrl\":\"https:\\\/\\\/secure.gravatar.com\\\/avatar\\\/c7164ed6fdec453195284ad24a5ae5b6e1eed2b848477fa2a4787ba9adf39a41?s=96&d=mm&r=g\",\"caption\":\"Redacci\u00f3n QP\"},\"url\":\"https:\\\/\\\/quehacerpolitico.mx\\\/?author=2\"}]}<\/script>\n<!-- \/ Yoast SEO plugin. -->","yoast_head_json":{"title":"Juez revisar\u00e1 el jueves medida de prisi\u00f3n preventiva de Rosario Robles -","robots":{"index":"index","follow":"follow","max-snippet":"max-snippet:-1","max-image-preview":"max-image-preview:large","max-video-preview":"max-video-preview:-1"},"canonical":"https:\/\/quehacerpolitico.mx\/?p=87817","og_locale":"es_MX","og_type":"article","og_title":"Juez revisar\u00e1 el jueves medida de prisi\u00f3n preventiva de Rosario Robles -","og_description":"Por Redacci\u00f3n QP La exsecretaria de Desarrollo Social&nbsp;acudir\u00e1&nbsp;a la audiencia en Ciudad de M\u00e9xico Rosario...","og_url":"https:\/\/quehacerpolitico.mx\/?p=87817","article_published_time":"2021-12-30T05:12:18+00:00","article_modified_time":"2021-12-30T05:16:45+00:00","og_image":[{"width":600,"height":475,"url":"https:\/\/quehacerpolitico.mx\/wp-content\/uploads\/2021\/12\/52EB1DDE-69E0-4BE4-9A50-F2D1E54B4FAB.jpeg","type":"image\/jpeg"}],"author":"Redacci\u00f3n QP","twitter_card":"summary_large_image","twitter_misc":{"Escrito por":"Redacci\u00f3n QP","Tiempo de lectura":"1 minuto"},"schema":{"@context":"https:\/\/schema.org","@graph":[{"@type":"Article","@id":"https:\/\/quehacerpolitico.mx\/?p=87817#article","isPartOf":{"@id":"https:\/\/quehacerpolitico.mx\/?p=87817"},"author":{"name":"Redacci\u00f3n QP","@id":"https:\/\/quehacerpolitico.mx\/#\/schema\/person\/496d8ad2d1d3f8036101dca7ee39e585"},"headline":"Juez revisar\u00e1 el jueves medida de prisi\u00f3n preventiva de Rosario Robles","datePublished":"2021-12-30T05:12:18+00:00","dateModified":"2021-12-30T05:16:45+00:00","mainEntityOfPage":{"@id":"https:\/\/quehacerpolitico.mx\/?p=87817"},"wordCount":213,"commentCount":0,"image":{"@id":"https:\/\/quehacerpolitico.mx\/?p=87817#primaryimage"},"thumbnailUrl":"https:\/\/quehacerpolitico.mx\/wp-content\/uploads\/2021\/12\/52EB1DDE-69E0-4BE4-9A50-F2D1E54B4FAB.jpeg","articleSection":["Noticias"],"inLanguage":"es","potentialAction":[{"@type":"CommentAction","name":"Comment","target":["https:\/\/quehacerpolitico.mx\/?p=87817#respond"]}]},{"@type":"WebPage","@id":"https:\/\/quehacerpolitico.mx\/?p=87817","url":"https:\/\/quehacerpolitico.mx\/?p=87817","name":"Juez revisar\u00e1 el jueves medida de prisi\u00f3n preventiva de Rosario Robles -","isPartOf":{"@id":"https:\/\/quehacerpolitico.mx\/#website"},"primaryImageOfPage":{"@id":"https:\/\/quehacerpolitico.mx\/?p=87817#primaryimage"},"image":{"@id":"https:\/\/quehacerpolitico.mx\/?p=87817#primaryimage"},"thumbnailUrl":"https:\/\/quehacerpolitico.mx\/wp-content\/uploads\/2021\/12\/52EB1DDE-69E0-4BE4-9A50-F2D1E54B4FAB.jpeg","datePublished":"2021-12-30T05:12:18+00:00","dateModified":"2021-12-30T05:16:45+00:00","author":{"@id":"https:\/\/quehacerpolitico.mx\/#\/schema\/person\/496d8ad2d1d3f8036101dca7ee39e585"},"breadcrumb":{"@id":"https:\/\/quehacerpolitico.mx\/?p=87817#breadcrumb"},"inLanguage":"es","potentialAction":[{"@type":"ReadAction","target":["https:\/\/quehacerpolitico.mx\/?p=87817"]}]},{"@type":"ImageObject","inLanguage":"es","@id":"https:\/\/quehacerpolitico.mx\/?p=87817#primaryimage","url":"https:\/\/quehacerpolitico.mx\/wp-content\/uploads\/2021\/12\/52EB1DDE-69E0-4BE4-9A50-F2D1E54B4FAB.jpeg","contentUrl":"https:\/\/quehacerpolitico.mx\/wp-content\/uploads\/2021\/12\/52EB1DDE-69E0-4BE4-9A50-F2D1E54B4FAB.jpeg","width":600,"height":475},{"@type":"BreadcrumbList","@id":"https:\/\/quehacerpolitico.mx\/?p=87817#breadcrumb","itemListElement":[{"@type":"ListItem","position":1,"name":"Inicio","item":"https:\/\/quehacerpolitico.mx\/"},{"@type":"ListItem","position":2,"name":"Juez revisar\u00e1 el jueves medida de prisi\u00f3n preventiva de Rosario Robles"}]},{"@type":"WebSite","@id":"https:\/\/quehacerpolitico.mx\/#website","url":"https:\/\/quehacerpolitico.mx\/","name":"","description":"","potentialAction":[{"@type":"SearchAction","target":{"@type":"EntryPoint","urlTemplate":"https:\/\/quehacerpolitico.mx\/?s={search_term_string}"},"query-input":{"@type":"PropertyValueSpecification","valueRequired":true,"valueName":"search_term_string"}}],"inLanguage":"es"},{"@type":"Person","@id":"https:\/\/quehacerpolitico.mx\/#\/schema\/person\/496d8ad2d1d3f8036101dca7ee39e585","name":"Redacci\u00f3n QP","image":{"@type":"ImageObject","inLanguage":"es","@id":"https:\/\/secure.gravatar.com\/avatar\/c7164ed6fdec453195284ad24a5ae5b6e1eed2b848477fa2a4787ba9adf39a41?s=96&d=mm&r=g","url":"https:\/\/secure.gravatar.com\/avatar\/c7164ed6fdec453195284ad24a5ae5b6e1eed2b848477fa2a4787ba9adf39a41?s=96&d=mm&r=g","contentUrl":"https:\/\/secure.gravatar.com\/avatar\/c7164ed6fdec453195284ad24a5ae5b6e1eed2b848477fa2a4787ba9adf39a41?s=96&d=mm&r=g","caption":"Redacci\u00f3n QP"},"url":"https:\/\/quehacerpolitico.mx\/?author=2"}]}},"featured_image_urls":{"full":["https:\/\/quehacerpolitico.mx\/wp-content\/uploads\/2021\/12\/52EB1DDE-69E0-4BE4-9A50-F2D1E54B4FAB.jpeg",600,475,false],"thumbnail":["https:\/\/quehacerpolitico.mx\/wp-content\/uploads\/2021\/12\/52EB1DDE-69E0-4BE4-9A50-F2D1E54B4FAB-150x150.jpeg",150,150,true],"medium":["https:\/\/quehacerpolitico.mx\/wp-content\/uploads\/2021\/12\/52EB1DDE-69E0-4BE4-9A50-F2D1E54B4FAB-300x238.jpeg",300,238,true],"medium_large":["https:\/\/quehacerpolitico.mx\/wp-content\/uploads\/2021\/12\/52EB1DDE-69E0-4BE4-9A50-F2D1E54B4FAB.jpeg",600,475,false],"large":["https:\/\/quehacerpolitico.mx\/wp-content\/uploads\/2021\/12\/52EB1DDE-69E0-4BE4-9A50-F2D1E54B4FAB.jpeg",600,475,false],"1536x1536":["https:\/\/quehacerpolitico.mx\/wp-content\/uploads\/2021\/12\/52EB1DDE-69E0-4BE4-9A50-F2D1E54B4FAB.jpeg",600,475,false],"2048x2048":["https:\/\/quehacerpolitico.mx\/wp-content\/uploads\/2021\/12\/52EB1DDE-69E0-4BE4-9A50-F2D1E54B4FAB.jpeg",600,475,false],"covernews-featured":["https:\/\/quehacerpolitico.mx\/wp-content\/uploads\/2021\/12\/52EB1DDE-69E0-4BE4-9A50-F2D1E54B4FAB.jpeg",600,475,false],"covernews-medium":["https:\/\/quehacerpolitico.mx\/wp-content\/uploads\/2021\/12\/52EB1DDE-69E0-4BE4-9A50-F2D1E54B4FAB.jpeg",429,340,false]},"author_info":{"display_name":"Redacci\u00f3n QP","author_link":"https:\/\/quehacerpolitico.mx\/?author=2"},"category_info":"<a href=\"https:\/\/quehacerpolitico.mx\/?cat=2\" rel=\"category\">Noticias<\/a>","tag_info":"Noticias","comment_count":"0","_links":{"self":[{"href":"https:\/\/quehacerpolitico.mx\/index.php?rest_route=\/wp\/v2\/posts\/87817","targetHints":{"allow":["GET"]}}],"collection":[{"href":"https:\/\/quehacerpolitico.mx\/index.php?rest_route=\/wp\/v2\/posts"}],"about":[{"href":"https:\/\/quehacerpolitico.mx\/index.php?rest_route=\/wp\/v2\/types\/post"}],"author":[{"embeddable":true,"href":"https:\/\/quehacerpolitico.mx\/index.php?rest_route=\/wp\/v2\/users\/2"}],"replies":[{"embeddable":true,"href":"https:\/\/quehacerpolitico.mx\/index.php?rest_route=%2Fwp%2Fv2%2Fcomments&post=87817"}],"version-history":[{"count":2,"href":"https:\/\/quehacerpolitico.mx\/index.php?rest_route=\/wp\/v2\/posts\/87817\/revisions"}],"predecessor-version":[{"id":87820,"href":"https:\/\/quehacerpolitico.mx\/index.php?rest_route=\/wp\/v2\/posts\/87817\/revisions\/87820"}],"wp:featuredmedia":[{"embeddable":true,"href":"https:\/\/quehacerpolitico.mx\/index.php?rest_route=\/wp\/v2\/media\/87818"}],"wp:attachment":[{"href":"https:\/\/quehacerpolitico.mx\/index.php?rest_route=%2Fwp%2Fv2%2Fmedia&parent=87817"}],"wp:term":[{"taxonomy":"category","embeddable":true,"href":"https:\/\/quehacerpolitico.mx\/index.php?rest_route=%2Fwp%2Fv2%2Fcategories&post=87817"},{"taxonomy":"post_tag","embeddable":true,"href":"https:\/\/quehacerpolitico.mx\/index.php?rest_route=%2Fwp%2Fv2%2Ftags&post=87817"}],"curies":[{"name":"wp","href":"https:\/\/api.w.org\/{rel}","templated":true}]}}