{"id":87810,"date":"2021-12-30T04:40:03","date_gmt":"2021-12-30T04:40:03","guid":{"rendered":"https:\/\/quehacerpolitico.mx\/?p=87810"},"modified":"2021-12-30T04:40:06","modified_gmt":"2021-12-30T04:40:06","slug":"sergio-gutierrez-diputado-de-morena-se-desiste-de-denuncia-contra-consejeros-del-ine","status":"publish","type":"post","link":"https:\/\/quehacerpolitico.mx\/?p=87810","title":{"rendered":"Sergio Guti\u00e9rrez, diputado de Morena, se desiste de denuncia contra consejeros del INE"},"content":{"rendered":"\n<p>Por Redacci\u00f3n QP<\/p>\n\n\n\n<p>El presidente de la C\u00e1mara de Diputados expresa su disposici\u00f3n a escuchar distintas voces<\/p>\n\n\n\n<p>El presidente de la C\u00e1mara de Diputados,&nbsp;<strong>el morenista Sergio Guti\u00e9rrez Luna, dio un paso atr\u00e1s<\/strong>este mi\u00e9rcoles y decidi\u00f3 desistir de la&nbsp;<strong>denuncia penal&nbsp;<\/strong>que present\u00f3 en contra de seis consejeros del Instituto Nacional Electoral (INE) por una decisi\u00f3n sobre la consulta de revocaci\u00f3n de mandato.<\/p>\n\n\n\n<p>&#8220;La Presidencia de la C\u00e1mara de Diputados informa que escuchando con pluralidad, apertura y buena fe, ha decidido tomar todas las acciones jur\u00eddicas a su alcance, para efecto de que&nbsp;<strong>no contin\u00faen las indagatorias penales<\/strong>&nbsp;en contra de funcionarios del INE&#8221;, public\u00f3 la C\u00e1mara baja en sus redes sociales.<\/p>\n\n\n\n<p>&#8220;Esta Presidencia manifiesta siempre su\u00a0<strong>disposici\u00f3n de escuchar\u00a0<\/strong>y atender a todas las voces como una labor permanente e incluyente&#8221;.<\/p>\n\n\n\n<p>En un hecho in\u00e9dito, Guti\u00e9rrez present\u00f3 el 23 de diciembre pasado un recurso ante la Fiscal\u00eda General de la Rep\u00fablica (FGR) en contra de los miembros del INE que votaron a favor de posponer la consulta de revocaci\u00f3n del mandato del Presidente Andr\u00e9s Manuel L\u00f3pez Obrador (AMLO).<\/p>\n\n\n\n<p>Los seis consejeros (de un total de 11) que aprobaron la medida argumentaron que el organismo electoral no cuenta con dinero suficiente para organizar el ejercicio de consulta, un instrumento promovido por el propio L\u00f3pez Obrador y que consiste en preguntar a la poblaci\u00f3n si quiere que contin\u00fae en el cargo.<\/p>\n\n\n\n<p>No obstante, la decisi\u00f3n del INE ya ha quedado sin efectos por orden de la Suprema Corte de Justicia de la Naci\u00f3n.<\/p>\n\n\n\n<p>Tras la denuncia del diputado de Morena,\u00a0el INE emiti\u00f3 un comunicado\u00a0el 26 de diciembre, suscrito por sus 11 integrantes, en el que\u00a0acuso persecuci\u00f3n penal<\/p>\n\n\n\n<p>&#8220;Las diferencias de opini\u00f3n no se persiguen como delitos&#8221;, indic\u00f3 el escrito del INE.<\/p>\n\n\n\n<p>L\u00f3pez Obrador, quien ya se hab\u00eda pronunciado en contra de la denuncia, aplaudi\u00f3 hoy la decisi\u00f3n de Guti\u00e9rrez de dar un paso atr\u00e1s.<\/p>\n\n\n\n<p>&#8220;Qu\u00e9 buena actitud del presidente de la C\u00e1mara de Diputados, Sergio Guti\u00e9rrez, que presenta una denuncia porque considera que es un delito el cometido y reflexiona a partir de que hay una inconformidad o lo considera excesivo y dice &#8216;me retracto y ya no contin\u00fao&#8217;, y no va a ratificarla&#8221;, declar\u00f3 este mi\u00e9rcoles durante su conferencia de prensa ma\u00f1anera.<\/p>\n\n\n\n<p>Con Informaci\u00f3n de EFE <\/p>\n","protected":false},"excerpt":{"rendered":"<p>Por Redacci\u00f3n QP El presidente de la C\u00e1mara de Diputados expresa su disposici\u00f3n a escuchar&#8230;<\/p>\n","protected":false},"author":2,"featured_media":87811,"comment_status":"open","ping_status":"open","sticky":false,"template":"","format":"standard","meta":{"_monsterinsights_skip_tracking":false,"_monsterinsights_sitenote_active":false,"_monsterinsights_sitenote_note":"","_monsterinsights_sitenote_category":0,"footnotes":""},"categories":[2],"tags":[],"class_list":["post-87810","post","type-post","status-publish","format-standard","has-post-thumbnail","hentry","category-noticias"],"yoast_head":"<!-- This site is optimized with the Yoast SEO plugin v27.3 - https:\/\/yoast.com\/product\/yoast-seo-wordpress\/ -->\n<title>Sergio Guti\u00e9rrez, diputado de Morena, se desiste de denuncia contra consejeros del INE -<\/title>\n<meta name=\"robots\" content=\"index, follow, max-snippet:-1, max-image-preview:large, max-video-preview:-1\" \/>\n<link rel=\"canonical\" href=\"https:\/\/quehacerpolitico.mx\/?p=87810\" \/>\n<meta property=\"og:locale\" content=\"es_MX\" \/>\n<meta property=\"og:type\" content=\"article\" \/>\n<meta property=\"og:title\" content=\"Sergio Guti\u00e9rrez, diputado de Morena, se desiste de denuncia contra consejeros del INE -\" \/>\n<meta property=\"og:description\" content=\"Por Redacci\u00f3n QP El presidente de la C\u00e1mara de Diputados expresa su disposici\u00f3n a escuchar...\" \/>\n<meta property=\"og:url\" content=\"https:\/\/quehacerpolitico.mx\/?p=87810\" \/>\n<meta property=\"article:published_time\" content=\"2021-12-30T04:40:03+00:00\" \/>\n<meta property=\"article:modified_time\" content=\"2021-12-30T04:40:06+00:00\" \/>\n<meta property=\"og:image\" content=\"https:\/\/quehacerpolitico.mx\/wp-content\/uploads\/2021\/12\/A9778FFD-2AAD-42FD-8982-52FAAAA1D287.jpeg\" \/>\n\t<meta property=\"og:image:width\" content=\"739\" \/>\n\t<meta property=\"og:image:height\" content=\"415\" \/>\n\t<meta property=\"og:image:type\" content=\"image\/jpeg\" \/>\n<meta name=\"author\" content=\"Redacci\u00f3n QP\" \/>\n<meta name=\"twitter:card\" content=\"summary_large_image\" \/>\n<meta name=\"twitter:label1\" content=\"Escrito por\" \/>\n\t<meta name=\"twitter:data1\" content=\"Redacci\u00f3n QP\" \/>\n\t<meta name=\"twitter:label2\" content=\"Tiempo de lectura\" \/>\n\t<meta name=\"twitter:data2\" content=\"2 minutos\" \/>\n<script type=\"application\/ld+json\" class=\"yoast-schema-graph\">{\"@context\":\"https:\\\/\\\/schema.org\",\"@graph\":[{\"@type\":\"Article\",\"@id\":\"https:\\\/\\\/quehacerpolitico.mx\\\/?p=87810#article\",\"isPartOf\":{\"@id\":\"https:\\\/\\\/quehacerpolitico.mx\\\/?p=87810\"},\"author\":{\"name\":\"Redacci\u00f3n QP\",\"@id\":\"https:\\\/\\\/quehacerpolitico.mx\\\/#\\\/schema\\\/person\\\/496d8ad2d1d3f8036101dca7ee39e585\"},\"headline\":\"Sergio Guti\u00e9rrez, diputado de Morena, se desiste de denuncia contra consejeros del INE\",\"datePublished\":\"2021-12-30T04:40:03+00:00\",\"dateModified\":\"2021-12-30T04:40:06+00:00\",\"mainEntityOfPage\":{\"@id\":\"https:\\\/\\\/quehacerpolitico.mx\\\/?p=87810\"},\"wordCount\":433,\"commentCount\":0,\"image\":{\"@id\":\"https:\\\/\\\/quehacerpolitico.mx\\\/?p=87810#primaryimage\"},\"thumbnailUrl\":\"https:\\\/\\\/quehacerpolitico.mx\\\/wp-content\\\/uploads\\\/2021\\\/12\\\/A9778FFD-2AAD-42FD-8982-52FAAAA1D287.jpeg\",\"articleSection\":[\"Noticias\"],\"inLanguage\":\"es\",\"potentialAction\":[{\"@type\":\"CommentAction\",\"name\":\"Comment\",\"target\":[\"https:\\\/\\\/quehacerpolitico.mx\\\/?p=87810#respond\"]}]},{\"@type\":\"WebPage\",\"@id\":\"https:\\\/\\\/quehacerpolitico.mx\\\/?p=87810\",\"url\":\"https:\\\/\\\/quehacerpolitico.mx\\\/?p=87810\",\"name\":\"Sergio Guti\u00e9rrez, diputado de Morena, se desiste de denuncia contra consejeros del INE -\",\"isPartOf\":{\"@id\":\"https:\\\/\\\/quehacerpolitico.mx\\\/#website\"},\"primaryImageOfPage\":{\"@id\":\"https:\\\/\\\/quehacerpolitico.mx\\\/?p=87810#primaryimage\"},\"image\":{\"@id\":\"https:\\\/\\\/quehacerpolitico.mx\\\/?p=87810#primaryimage\"},\"thumbnailUrl\":\"https:\\\/\\\/quehacerpolitico.mx\\\/wp-content\\\/uploads\\\/2021\\\/12\\\/A9778FFD-2AAD-42FD-8982-52FAAAA1D287.jpeg\",\"datePublished\":\"2021-12-30T04:40:03+00:00\",\"dateModified\":\"2021-12-30T04:40:06+00:00\",\"author\":{\"@id\":\"https:\\\/\\\/quehacerpolitico.mx\\\/#\\\/schema\\\/person\\\/496d8ad2d1d3f8036101dca7ee39e585\"},\"breadcrumb\":{\"@id\":\"https:\\\/\\\/quehacerpolitico.mx\\\/?p=87810#breadcrumb\"},\"inLanguage\":\"es\",\"potentialAction\":[{\"@type\":\"ReadAction\",\"target\":[\"https:\\\/\\\/quehacerpolitico.mx\\\/?p=87810\"]}]},{\"@type\":\"ImageObject\",\"inLanguage\":\"es\",\"@id\":\"https:\\\/\\\/quehacerpolitico.mx\\\/?p=87810#primaryimage\",\"url\":\"https:\\\/\\\/quehacerpolitico.mx\\\/wp-content\\\/uploads\\\/2021\\\/12\\\/A9778FFD-2AAD-42FD-8982-52FAAAA1D287.jpeg\",\"contentUrl\":\"https:\\\/\\\/quehacerpolitico.mx\\\/wp-content\\\/uploads\\\/2021\\\/12\\\/A9778FFD-2AAD-42FD-8982-52FAAAA1D287.jpeg\",\"width\":739,\"height\":415},{\"@type\":\"BreadcrumbList\",\"@id\":\"https:\\\/\\\/quehacerpolitico.mx\\\/?p=87810#breadcrumb\",\"itemListElement\":[{\"@type\":\"ListItem\",\"position\":1,\"name\":\"Inicio\",\"item\":\"https:\\\/\\\/quehacerpolitico.mx\\\/\"},{\"@type\":\"ListItem\",\"position\":2,\"name\":\"Sergio Guti\u00e9rrez, diputado de Morena, se desiste de denuncia contra consejeros del INE\"}]},{\"@type\":\"WebSite\",\"@id\":\"https:\\\/\\\/quehacerpolitico.mx\\\/#website\",\"url\":\"https:\\\/\\\/quehacerpolitico.mx\\\/\",\"name\":\"\",\"description\":\"\",\"potentialAction\":[{\"@type\":\"SearchAction\",\"target\":{\"@type\":\"EntryPoint\",\"urlTemplate\":\"https:\\\/\\\/quehacerpolitico.mx\\\/?s={search_term_string}\"},\"query-input\":{\"@type\":\"PropertyValueSpecification\",\"valueRequired\":true,\"valueName\":\"search_term_string\"}}],\"inLanguage\":\"es\"},{\"@type\":\"Person\",\"@id\":\"https:\\\/\\\/quehacerpolitico.mx\\\/#\\\/schema\\\/person\\\/496d8ad2d1d3f8036101dca7ee39e585\",\"name\":\"Redacci\u00f3n QP\",\"image\":{\"@type\":\"ImageObject\",\"inLanguage\":\"es\",\"@id\":\"https:\\\/\\\/secure.gravatar.com\\\/avatar\\\/c7164ed6fdec453195284ad24a5ae5b6e1eed2b848477fa2a4787ba9adf39a41?s=96&d=mm&r=g\",\"url\":\"https:\\\/\\\/secure.gravatar.com\\\/avatar\\\/c7164ed6fdec453195284ad24a5ae5b6e1eed2b848477fa2a4787ba9adf39a41?s=96&d=mm&r=g\",\"contentUrl\":\"https:\\\/\\\/secure.gravatar.com\\\/avatar\\\/c7164ed6fdec453195284ad24a5ae5b6e1eed2b848477fa2a4787ba9adf39a41?s=96&d=mm&r=g\",\"caption\":\"Redacci\u00f3n QP\"},\"url\":\"https:\\\/\\\/quehacerpolitico.mx\\\/?author=2\"}]}<\/script>\n<!-- \/ Yoast SEO plugin. -->","yoast_head_json":{"title":"Sergio Guti\u00e9rrez, diputado de Morena, se desiste de denuncia contra consejeros del INE -","robots":{"index":"index","follow":"follow","max-snippet":"max-snippet:-1","max-image-preview":"max-image-preview:large","max-video-preview":"max-video-preview:-1"},"canonical":"https:\/\/quehacerpolitico.mx\/?p=87810","og_locale":"es_MX","og_type":"article","og_title":"Sergio Guti\u00e9rrez, diputado de Morena, se desiste de denuncia contra consejeros del INE -","og_description":"Por Redacci\u00f3n QP El presidente de la C\u00e1mara de Diputados expresa su disposici\u00f3n a escuchar...","og_url":"https:\/\/quehacerpolitico.mx\/?p=87810","article_published_time":"2021-12-30T04:40:03+00:00","article_modified_time":"2021-12-30T04:40:06+00:00","og_image":[{"width":739,"height":415,"url":"https:\/\/quehacerpolitico.mx\/wp-content\/uploads\/2021\/12\/A9778FFD-2AAD-42FD-8982-52FAAAA1D287.jpeg","type":"image\/jpeg"}],"author":"Redacci\u00f3n QP","twitter_card":"summary_large_image","twitter_misc":{"Escrito por":"Redacci\u00f3n QP","Tiempo de lectura":"2 minutos"},"schema":{"@context":"https:\/\/schema.org","@graph":[{"@type":"Article","@id":"https:\/\/quehacerpolitico.mx\/?p=87810#article","isPartOf":{"@id":"https:\/\/quehacerpolitico.mx\/?p=87810"},"author":{"name":"Redacci\u00f3n QP","@id":"https:\/\/quehacerpolitico.mx\/#\/schema\/person\/496d8ad2d1d3f8036101dca7ee39e585"},"headline":"Sergio Guti\u00e9rrez, diputado de Morena, se desiste de denuncia contra consejeros del INE","datePublished":"2021-12-30T04:40:03+00:00","dateModified":"2021-12-30T04:40:06+00:00","mainEntityOfPage":{"@id":"https:\/\/quehacerpolitico.mx\/?p=87810"},"wordCount":433,"commentCount":0,"image":{"@id":"https:\/\/quehacerpolitico.mx\/?p=87810#primaryimage"},"thumbnailUrl":"https:\/\/quehacerpolitico.mx\/wp-content\/uploads\/2021\/12\/A9778FFD-2AAD-42FD-8982-52FAAAA1D287.jpeg","articleSection":["Noticias"],"inLanguage":"es","potentialAction":[{"@type":"CommentAction","name":"Comment","target":["https:\/\/quehacerpolitico.mx\/?p=87810#respond"]}]},{"@type":"WebPage","@id":"https:\/\/quehacerpolitico.mx\/?p=87810","url":"https:\/\/quehacerpolitico.mx\/?p=87810","name":"Sergio Guti\u00e9rrez, diputado de Morena, se desiste de denuncia contra consejeros del INE -","isPartOf":{"@id":"https:\/\/quehacerpolitico.mx\/#website"},"primaryImageOfPage":{"@id":"https:\/\/quehacerpolitico.mx\/?p=87810#primaryimage"},"image":{"@id":"https:\/\/quehacerpolitico.mx\/?p=87810#primaryimage"},"thumbnailUrl":"https:\/\/quehacerpolitico.mx\/wp-content\/uploads\/2021\/12\/A9778FFD-2AAD-42FD-8982-52FAAAA1D287.jpeg","datePublished":"2021-12-30T04:40:03+00:00","dateModified":"2021-12-30T04:40:06+00:00","author":{"@id":"https:\/\/quehacerpolitico.mx\/#\/schema\/person\/496d8ad2d1d3f8036101dca7ee39e585"},"breadcrumb":{"@id":"https:\/\/quehacerpolitico.mx\/?p=87810#breadcrumb"},"inLanguage":"es","potentialAction":[{"@type":"ReadAction","target":["https:\/\/quehacerpolitico.mx\/?p=87810"]}]},{"@type":"ImageObject","inLanguage":"es","@id":"https:\/\/quehacerpolitico.mx\/?p=87810#primaryimage","url":"https:\/\/quehacerpolitico.mx\/wp-content\/uploads\/2021\/12\/A9778FFD-2AAD-42FD-8982-52FAAAA1D287.jpeg","contentUrl":"https:\/\/quehacerpolitico.mx\/wp-content\/uploads\/2021\/12\/A9778FFD-2AAD-42FD-8982-52FAAAA1D287.jpeg","width":739,"height":415},{"@type":"BreadcrumbList","@id":"https:\/\/quehacerpolitico.mx\/?p=87810#breadcrumb","itemListElement":[{"@type":"ListItem","position":1,"name":"Inicio","item":"https:\/\/quehacerpolitico.mx\/"},{"@type":"ListItem","position":2,"name":"Sergio Guti\u00e9rrez, diputado de Morena, se desiste de denuncia contra consejeros del INE"}]},{"@type":"WebSite","@id":"https:\/\/quehacerpolitico.mx\/#website","url":"https:\/\/quehacerpolitico.mx\/","name":"","description":"","potentialAction":[{"@type":"SearchAction","target":{"@type":"EntryPoint","urlTemplate":"https:\/\/quehacerpolitico.mx\/?s={search_term_string}"},"query-input":{"@type":"PropertyValueSpecification","valueRequired":true,"valueName":"search_term_string"}}],"inLanguage":"es"},{"@type":"Person","@id":"https:\/\/quehacerpolitico.mx\/#\/schema\/person\/496d8ad2d1d3f8036101dca7ee39e585","name":"Redacci\u00f3n QP","image":{"@type":"ImageObject","inLanguage":"es","@id":"https:\/\/secure.gravatar.com\/avatar\/c7164ed6fdec453195284ad24a5ae5b6e1eed2b848477fa2a4787ba9adf39a41?s=96&d=mm&r=g","url":"https:\/\/secure.gravatar.com\/avatar\/c7164ed6fdec453195284ad24a5ae5b6e1eed2b848477fa2a4787ba9adf39a41?s=96&d=mm&r=g","contentUrl":"https:\/\/secure.gravatar.com\/avatar\/c7164ed6fdec453195284ad24a5ae5b6e1eed2b848477fa2a4787ba9adf39a41?s=96&d=mm&r=g","caption":"Redacci\u00f3n QP"},"url":"https:\/\/quehacerpolitico.mx\/?author=2"}]}},"featured_image_urls":{"full":["https:\/\/quehacerpolitico.mx\/wp-content\/uploads\/2021\/12\/A9778FFD-2AAD-42FD-8982-52FAAAA1D287.jpeg",739,415,false],"thumbnail":["https:\/\/quehacerpolitico.mx\/wp-content\/uploads\/2021\/12\/A9778FFD-2AAD-42FD-8982-52FAAAA1D287-150x150.jpeg",150,150,true],"medium":["https:\/\/quehacerpolitico.mx\/wp-content\/uploads\/2021\/12\/A9778FFD-2AAD-42FD-8982-52FAAAA1D287-300x168.jpeg",300,168,true],"medium_large":["https:\/\/quehacerpolitico.mx\/wp-content\/uploads\/2021\/12\/A9778FFD-2AAD-42FD-8982-52FAAAA1D287.jpeg",640,359,false],"large":["https:\/\/quehacerpolitico.mx\/wp-content\/uploads\/2021\/12\/A9778FFD-2AAD-42FD-8982-52FAAAA1D287.jpeg",640,359,false],"1536x1536":["https:\/\/quehacerpolitico.mx\/wp-content\/uploads\/2021\/12\/A9778FFD-2AAD-42FD-8982-52FAAAA1D287.jpeg",739,415,false],"2048x2048":["https:\/\/quehacerpolitico.mx\/wp-content\/uploads\/2021\/12\/A9778FFD-2AAD-42FD-8982-52FAAAA1D287.jpeg",739,415,false],"covernews-featured":["https:\/\/quehacerpolitico.mx\/wp-content\/uploads\/2021\/12\/A9778FFD-2AAD-42FD-8982-52FAAAA1D287.jpeg",739,415,false],"covernews-medium":["https:\/\/quehacerpolitico.mx\/wp-content\/uploads\/2021\/12\/A9778FFD-2AAD-42FD-8982-52FAAAA1D287.jpeg",540,303,false]},"author_info":{"display_name":"Redacci\u00f3n QP","author_link":"https:\/\/quehacerpolitico.mx\/?author=2"},"category_info":"<a href=\"https:\/\/quehacerpolitico.mx\/?cat=2\" rel=\"category\">Noticias<\/a>","tag_info":"Noticias","comment_count":"0","_links":{"self":[{"href":"https:\/\/quehacerpolitico.mx\/index.php?rest_route=\/wp\/v2\/posts\/87810","targetHints":{"allow":["GET"]}}],"collection":[{"href":"https:\/\/quehacerpolitico.mx\/index.php?rest_route=\/wp\/v2\/posts"}],"about":[{"href":"https:\/\/quehacerpolitico.mx\/index.php?rest_route=\/wp\/v2\/types\/post"}],"author":[{"embeddable":true,"href":"https:\/\/quehacerpolitico.mx\/index.php?rest_route=\/wp\/v2\/users\/2"}],"replies":[{"embeddable":true,"href":"https:\/\/quehacerpolitico.mx\/index.php?rest_route=%2Fwp%2Fv2%2Fcomments&post=87810"}],"version-history":[{"count":1,"href":"https:\/\/quehacerpolitico.mx\/index.php?rest_route=\/wp\/v2\/posts\/87810\/revisions"}],"predecessor-version":[{"id":87812,"href":"https:\/\/quehacerpolitico.mx\/index.php?rest_route=\/wp\/v2\/posts\/87810\/revisions\/87812"}],"wp:featuredmedia":[{"embeddable":true,"href":"https:\/\/quehacerpolitico.mx\/index.php?rest_route=\/wp\/v2\/media\/87811"}],"wp:attachment":[{"href":"https:\/\/quehacerpolitico.mx\/index.php?rest_route=%2Fwp%2Fv2%2Fmedia&parent=87810"}],"wp:term":[{"taxonomy":"category","embeddable":true,"href":"https:\/\/quehacerpolitico.mx\/index.php?rest_route=%2Fwp%2Fv2%2Fcategories&post=87810"},{"taxonomy":"post_tag","embeddable":true,"href":"https:\/\/quehacerpolitico.mx\/index.php?rest_route=%2Fwp%2Fv2%2Ftags&post=87810"}],"curies":[{"name":"wp","href":"https:\/\/api.w.org\/{rel}","templated":true}]}}