{"id":8781,"date":"2018-11-09T00:35:19","date_gmt":"2018-11-09T00:35:19","guid":{"rendered":"http:\/\/quehacerpolitico.mx\/gente-de-experiencia-para-comisiones-reguladoras-y-bancos-de-desarrollo-en-gobierno-de-amlo\/"},"modified":"2018-11-09T00:35:19","modified_gmt":"2018-11-09T00:35:19","slug":"gente-de-experiencia-para-comisiones-reguladoras-y-bancos-de-desarrollo-en-gobierno-de-amlo","status":"publish","type":"post","link":"https:\/\/quehacerpolitico.mx\/?p=8781","title":{"rendered":"Gente de experiencia para comisiones reguladoras y bancos de desarrollo en gobierno de AMLO"},"content":{"rendered":"<h2 class=\"genTitle\">Gente de experiencia para comisiones reguladoras y bancos de desarrollo en gobierno de AMLO<\/h2>\n<p>Por Redacci\u00f3n QP<\/p>\n<p>El presidente electo,<b> Andr\u00e9s Manuel L\u00f3pez Obrador<\/b>, indic\u00f3 que a partir del pr\u00f3ximo 1 de diciembre, las comisiones reguladoras en materia financiera y los bancos de fomento tendr\u00e1n <b>nuevos jefes<\/b>.<\/p>\n<p>De acuerdo con un comunicado, L\u00f3pez Obrador propuso que <b>algunos bancos de fomento tengan un s\u00f3lo mando<\/b>, pese a que a\u00fan no ha iniciado ning\u00fan proceso de fusi\u00f3n.<\/p>\n<p>Por ello nombr\u00f3 a Eugenio N\u00e1jera Sol\u00f3rzano director general de Nacional Financiera (<b>Nafin<\/b>) y del Banco Nacional de Comercio Exterior (<b>Bancomext<\/b>).<\/p>\n<p>Hasta ahora, <b>ambas instituciones<\/b> operan de manera separada.<\/p>\n<p>N\u00e1jera Sol\u00f3rzano fue <b>alto ejecutivo y director general<\/b>de empresas nacionales y globales, tanto p\u00fablicas y privadas.<\/p>\n<p>En tanto que, Jorge Mendoza S\u00e1nchez ser\u00e1 el director general del Banco Nacional de Obras y Servicios P\u00fablicos (<b>Banobras<\/b>) y de la Sociedad Hipotecaria Federal (<b>SHF<\/b>).<\/p>\n<p>Estos organismos, al igual que <b>Nafin y Bancomext<\/b>, funcionan hasta ahora como entidades separadas.<\/p>\n<h3>Mendoza fue director general adjunto en la Unidad de Cr\u00e9dito P\u00fablico y de Asuntos Internacionales de la Secretar\u00eda de Hacienda (SHCP).<\/h3>\n<h3>M\u00e1s designaciones<\/h3>\n<p>Adem\u00e1s las direcciones generales de Financiera Nacional de Desarrollo Agropecuario, Rural, Forestal, y Pesquero (<b>FND<\/b>), Agroasemex, el Fondo de Capitalizaci\u00f3n e Inversi\u00f3n del Sector Rural, el <b>Fideicomiso de Riesgo Compartido <\/b>y el Sistema Nacional de Garant\u00edas ser\u00e1n ocupadas por Javier Delgado Mendoza.<\/p>\n<p>Delgado Mendoza cuenta con m\u00e1s de 40 a\u00f1os de experiencia en el \u00e1rea de <b>financiamiento rural<\/b>.<\/p>\n<p>El Gobierno electo nombr\u00f3 como Adalberto Palma G\u00f3mez como presidente de la Comisi\u00f3n Nacional Bancaria y de Valores (<b>CNBV<\/b>).<\/p>\n<p>Actualmente es presidente del <b>Consejo de la Uni\u00f3n de Instituciones Financieras Mexicanas<\/b> y director ejecutivo del Aspen Institute.<\/p>\n<p>Abraham Everardo Vela Dib ser\u00e1 el presidente de la Comisi\u00f3n Nacional del Sistema de Ahorro para el Retiro (<b>Consar<\/b>), luego de haber ocupado diversos cargos en el Banco de M\u00e9xico (Banxico) y la SHCP.<\/p>\n<p>\u00d3scar Rosado Jim\u00e9nez ser\u00e1 presidente de la Comisi\u00f3n Nacional para la Protecci\u00f3n y Defensa de los Usuarios de los Servicios Financieros (<b>Condusef<\/b>).<\/p>\n<p>Fue tesorero del gobierno capitalino , de 2000 a 2006, durante las<strong> Jefaturas de Andr\u00e9s Manuel L\u00f3pez Obrador y Alejandro Encinas<\/strong>.<\/p>\n<h3>Gente con experiencia<\/h3>\n<p>En tanto, la Comisi\u00f3n Nacional de Seguros y Fianzas (<b>CNSF<\/b>) la encabezar\u00e1 Ricardo Ernesto Ochoa Rodr\u00edguez.<\/p>\n<p>Actualmente se desempe\u00f1a como director general adjunto de <b>Finanzas, Operaciones y Sistemas <\/b>en la Financiera Nacional de Desarrollo.<\/p>\n<p>A su vez, el pr\u00f3ximo gobierno inform\u00f3 que <strong>Galia Borja Gomez<\/strong> ser\u00e1 la pr\u00f3xima Tesorera de la Federaci\u00f3n.<\/p>\n<p>Hasta ahora es <b>directora general adjunta de Ingresos en ese organismo<\/b>.<\/p>\n<p>Finalmente, <b>Ernesto Prieto Ortega<\/b> ser\u00e1 director general de la Loter\u00eda Nacional, as\u00ed como de<b>Pron\u00f3sticos para la Asistencia P\u00fablica<\/b>.<\/p>\n","protected":false},"excerpt":{"rendered":"<p>Gente de experiencia para comisiones reguladoras y bancos de desarrollo en gobierno de AMLO<br \/>\nPor Redacci\u00f3n QP<\/p>\n","protected":false},"author":2,"featured_media":8780,"comment_status":"open","ping_status":"open","sticky":false,"template":"","format":"standard","meta":{"_monsterinsights_skip_tracking":false,"_monsterinsights_sitenote_active":false,"_monsterinsights_sitenote_note":"","_monsterinsights_sitenote_category":0,"footnotes":""},"categories":[2],"tags":[],"class_list":["post-8781","post","type-post","status-publish","format-standard","has-post-thumbnail","hentry","category-noticias"],"yoast_head":"<!-- This site is optimized with the Yoast SEO plugin v27.3 - https:\/\/yoast.com\/product\/yoast-seo-wordpress\/ -->\n<title>Gente de experiencia para comisiones reguladoras y bancos de desarrollo en gobierno de AMLO -<\/title>\n<meta name=\"robots\" content=\"index, follow, max-snippet:-1, max-image-preview:large, max-video-preview:-1\" \/>\n<link rel=\"canonical\" href=\"https:\/\/quehacerpolitico.mx\/?p=8781\" \/>\n<meta property=\"og:locale\" content=\"es_MX\" \/>\n<meta property=\"og:type\" content=\"article\" \/>\n<meta property=\"og:title\" content=\"Gente de experiencia para comisiones reguladoras y bancos de desarrollo en gobierno de AMLO -\" \/>\n<meta property=\"og:description\" content=\"Gente de experiencia para comisiones reguladoras y bancos de desarrollo en gobierno de AMLO Por Redacci\u00f3n QP\" \/>\n<meta property=\"og:url\" content=\"https:\/\/quehacerpolitico.mx\/?p=8781\" \/>\n<meta property=\"article:published_time\" content=\"2018-11-09T00:35:19+00:00\" \/>\n<meta name=\"author\" content=\"Redacci\u00f3n QP\" \/>\n<meta name=\"twitter:card\" content=\"summary_large_image\" \/>\n<meta name=\"twitter:label1\" content=\"Escrito por\" \/>\n\t<meta name=\"twitter:data1\" content=\"Redacci\u00f3n QP\" \/>\n\t<meta name=\"twitter:label2\" content=\"Tiempo de lectura\" \/>\n\t<meta name=\"twitter:data2\" content=\"2 minutos\" \/>\n<script type=\"application\/ld+json\" class=\"yoast-schema-graph\">{\"@context\":\"https:\\\/\\\/schema.org\",\"@graph\":[{\"@type\":\"Article\",\"@id\":\"https:\\\/\\\/quehacerpolitico.mx\\\/?p=8781#article\",\"isPartOf\":{\"@id\":\"https:\\\/\\\/quehacerpolitico.mx\\\/?p=8781\"},\"author\":{\"name\":\"Redacci\u00f3n QP\",\"@id\":\"https:\\\/\\\/quehacerpolitico.mx\\\/#\\\/schema\\\/person\\\/496d8ad2d1d3f8036101dca7ee39e585\"},\"headline\":\"Gente de experiencia para comisiones reguladoras y bancos de desarrollo en gobierno de AMLO\",\"datePublished\":\"2018-11-09T00:35:19+00:00\",\"mainEntityOfPage\":{\"@id\":\"https:\\\/\\\/quehacerpolitico.mx\\\/?p=8781\"},\"wordCount\":495,\"commentCount\":0,\"image\":{\"@id\":\"https:\\\/\\\/quehacerpolitico.mx\\\/?p=8781#primaryimage\"},\"thumbnailUrl\":\"\",\"articleSection\":[\"Noticias\"],\"inLanguage\":\"es\",\"potentialAction\":[{\"@type\":\"CommentAction\",\"name\":\"Comment\",\"target\":[\"https:\\\/\\\/quehacerpolitico.mx\\\/?p=8781#respond\"]}]},{\"@type\":\"WebPage\",\"@id\":\"https:\\\/\\\/quehacerpolitico.mx\\\/?p=8781\",\"url\":\"https:\\\/\\\/quehacerpolitico.mx\\\/?p=8781\",\"name\":\"Gente de experiencia para comisiones reguladoras y bancos de desarrollo en gobierno de AMLO -\",\"isPartOf\":{\"@id\":\"https:\\\/\\\/quehacerpolitico.mx\\\/#website\"},\"primaryImageOfPage\":{\"@id\":\"https:\\\/\\\/quehacerpolitico.mx\\\/?p=8781#primaryimage\"},\"image\":{\"@id\":\"https:\\\/\\\/quehacerpolitico.mx\\\/?p=8781#primaryimage\"},\"thumbnailUrl\":\"\",\"datePublished\":\"2018-11-09T00:35:19+00:00\",\"author\":{\"@id\":\"https:\\\/\\\/quehacerpolitico.mx\\\/#\\\/schema\\\/person\\\/496d8ad2d1d3f8036101dca7ee39e585\"},\"breadcrumb\":{\"@id\":\"https:\\\/\\\/quehacerpolitico.mx\\\/?p=8781#breadcrumb\"},\"inLanguage\":\"es\",\"potentialAction\":[{\"@type\":\"ReadAction\",\"target\":[\"https:\\\/\\\/quehacerpolitico.mx\\\/?p=8781\"]}]},{\"@type\":\"ImageObject\",\"inLanguage\":\"es\",\"@id\":\"https:\\\/\\\/quehacerpolitico.mx\\\/?p=8781#primaryimage\",\"url\":\"\",\"contentUrl\":\"\"},{\"@type\":\"BreadcrumbList\",\"@id\":\"https:\\\/\\\/quehacerpolitico.mx\\\/?p=8781#breadcrumb\",\"itemListElement\":[{\"@type\":\"ListItem\",\"position\":1,\"name\":\"Inicio\",\"item\":\"https:\\\/\\\/quehacerpolitico.mx\\\/\"},{\"@type\":\"ListItem\",\"position\":2,\"name\":\"Gente de experiencia para comisiones reguladoras y bancos de desarrollo en gobierno de AMLO\"}]},{\"@type\":\"WebSite\",\"@id\":\"https:\\\/\\\/quehacerpolitico.mx\\\/#website\",\"url\":\"https:\\\/\\\/quehacerpolitico.mx\\\/\",\"name\":\"\",\"description\":\"\",\"potentialAction\":[{\"@type\":\"SearchAction\",\"target\":{\"@type\":\"EntryPoint\",\"urlTemplate\":\"https:\\\/\\\/quehacerpolitico.mx\\\/?s={search_term_string}\"},\"query-input\":{\"@type\":\"PropertyValueSpecification\",\"valueRequired\":true,\"valueName\":\"search_term_string\"}}],\"inLanguage\":\"es\"},{\"@type\":\"Person\",\"@id\":\"https:\\\/\\\/quehacerpolitico.mx\\\/#\\\/schema\\\/person\\\/496d8ad2d1d3f8036101dca7ee39e585\",\"name\":\"Redacci\u00f3n QP\",\"image\":{\"@type\":\"ImageObject\",\"inLanguage\":\"es\",\"@id\":\"https:\\\/\\\/secure.gravatar.com\\\/avatar\\\/c7164ed6fdec453195284ad24a5ae5b6e1eed2b848477fa2a4787ba9adf39a41?s=96&d=mm&r=g\",\"url\":\"https:\\\/\\\/secure.gravatar.com\\\/avatar\\\/c7164ed6fdec453195284ad24a5ae5b6e1eed2b848477fa2a4787ba9adf39a41?s=96&d=mm&r=g\",\"contentUrl\":\"https:\\\/\\\/secure.gravatar.com\\\/avatar\\\/c7164ed6fdec453195284ad24a5ae5b6e1eed2b848477fa2a4787ba9adf39a41?s=96&d=mm&r=g\",\"caption\":\"Redacci\u00f3n QP\"},\"url\":\"https:\\\/\\\/quehacerpolitico.mx\\\/?author=2\"}]}<\/script>\n<!-- \/ Yoast SEO plugin. -->","yoast_head_json":{"title":"Gente de experiencia para comisiones reguladoras y bancos de desarrollo en gobierno de AMLO -","robots":{"index":"index","follow":"follow","max-snippet":"max-snippet:-1","max-image-preview":"max-image-preview:large","max-video-preview":"max-video-preview:-1"},"canonical":"https:\/\/quehacerpolitico.mx\/?p=8781","og_locale":"es_MX","og_type":"article","og_title":"Gente de experiencia para comisiones reguladoras y bancos de desarrollo en gobierno de AMLO -","og_description":"Gente de experiencia para comisiones reguladoras y bancos de desarrollo en gobierno de AMLO Por Redacci\u00f3n QP","og_url":"https:\/\/quehacerpolitico.mx\/?p=8781","article_published_time":"2018-11-09T00:35:19+00:00","author":"Redacci\u00f3n QP","twitter_card":"summary_large_image","twitter_misc":{"Escrito por":"Redacci\u00f3n QP","Tiempo de lectura":"2 minutos"},"schema":{"@context":"https:\/\/schema.org","@graph":[{"@type":"Article","@id":"https:\/\/quehacerpolitico.mx\/?p=8781#article","isPartOf":{"@id":"https:\/\/quehacerpolitico.mx\/?p=8781"},"author":{"name":"Redacci\u00f3n QP","@id":"https:\/\/quehacerpolitico.mx\/#\/schema\/person\/496d8ad2d1d3f8036101dca7ee39e585"},"headline":"Gente de experiencia para comisiones reguladoras y bancos de desarrollo en gobierno de AMLO","datePublished":"2018-11-09T00:35:19+00:00","mainEntityOfPage":{"@id":"https:\/\/quehacerpolitico.mx\/?p=8781"},"wordCount":495,"commentCount":0,"image":{"@id":"https:\/\/quehacerpolitico.mx\/?p=8781#primaryimage"},"thumbnailUrl":"","articleSection":["Noticias"],"inLanguage":"es","potentialAction":[{"@type":"CommentAction","name":"Comment","target":["https:\/\/quehacerpolitico.mx\/?p=8781#respond"]}]},{"@type":"WebPage","@id":"https:\/\/quehacerpolitico.mx\/?p=8781","url":"https:\/\/quehacerpolitico.mx\/?p=8781","name":"Gente de experiencia para comisiones reguladoras y bancos de desarrollo en gobierno de AMLO -","isPartOf":{"@id":"https:\/\/quehacerpolitico.mx\/#website"},"primaryImageOfPage":{"@id":"https:\/\/quehacerpolitico.mx\/?p=8781#primaryimage"},"image":{"@id":"https:\/\/quehacerpolitico.mx\/?p=8781#primaryimage"},"thumbnailUrl":"","datePublished":"2018-11-09T00:35:19+00:00","author":{"@id":"https:\/\/quehacerpolitico.mx\/#\/schema\/person\/496d8ad2d1d3f8036101dca7ee39e585"},"breadcrumb":{"@id":"https:\/\/quehacerpolitico.mx\/?p=8781#breadcrumb"},"inLanguage":"es","potentialAction":[{"@type":"ReadAction","target":["https:\/\/quehacerpolitico.mx\/?p=8781"]}]},{"@type":"ImageObject","inLanguage":"es","@id":"https:\/\/quehacerpolitico.mx\/?p=8781#primaryimage","url":"","contentUrl":""},{"@type":"BreadcrumbList","@id":"https:\/\/quehacerpolitico.mx\/?p=8781#breadcrumb","itemListElement":[{"@type":"ListItem","position":1,"name":"Inicio","item":"https:\/\/quehacerpolitico.mx\/"},{"@type":"ListItem","position":2,"name":"Gente de experiencia para comisiones reguladoras y bancos de desarrollo en gobierno de AMLO"}]},{"@type":"WebSite","@id":"https:\/\/quehacerpolitico.mx\/#website","url":"https:\/\/quehacerpolitico.mx\/","name":"","description":"","potentialAction":[{"@type":"SearchAction","target":{"@type":"EntryPoint","urlTemplate":"https:\/\/quehacerpolitico.mx\/?s={search_term_string}"},"query-input":{"@type":"PropertyValueSpecification","valueRequired":true,"valueName":"search_term_string"}}],"inLanguage":"es"},{"@type":"Person","@id":"https:\/\/quehacerpolitico.mx\/#\/schema\/person\/496d8ad2d1d3f8036101dca7ee39e585","name":"Redacci\u00f3n QP","image":{"@type":"ImageObject","inLanguage":"es","@id":"https:\/\/secure.gravatar.com\/avatar\/c7164ed6fdec453195284ad24a5ae5b6e1eed2b848477fa2a4787ba9adf39a41?s=96&d=mm&r=g","url":"https:\/\/secure.gravatar.com\/avatar\/c7164ed6fdec453195284ad24a5ae5b6e1eed2b848477fa2a4787ba9adf39a41?s=96&d=mm&r=g","contentUrl":"https:\/\/secure.gravatar.com\/avatar\/c7164ed6fdec453195284ad24a5ae5b6e1eed2b848477fa2a4787ba9adf39a41?s=96&d=mm&r=g","caption":"Redacci\u00f3n QP"},"url":"https:\/\/quehacerpolitico.mx\/?author=2"}]}},"featured_image_urls":{"full":"","thumbnail":"","medium":"","medium_large":"","large":"","1536x1536":"","2048x2048":"","covernews-featured":"","covernews-medium":""},"author_info":{"display_name":"Redacci\u00f3n QP","author_link":"https:\/\/quehacerpolitico.mx\/?author=2"},"category_info":"<a href=\"https:\/\/quehacerpolitico.mx\/?cat=2\" rel=\"category\">Noticias<\/a>","tag_info":"Noticias","comment_count":"0","_links":{"self":[{"href":"https:\/\/quehacerpolitico.mx\/index.php?rest_route=\/wp\/v2\/posts\/8781","targetHints":{"allow":["GET"]}}],"collection":[{"href":"https:\/\/quehacerpolitico.mx\/index.php?rest_route=\/wp\/v2\/posts"}],"about":[{"href":"https:\/\/quehacerpolitico.mx\/index.php?rest_route=\/wp\/v2\/types\/post"}],"author":[{"embeddable":true,"href":"https:\/\/quehacerpolitico.mx\/index.php?rest_route=\/wp\/v2\/users\/2"}],"replies":[{"embeddable":true,"href":"https:\/\/quehacerpolitico.mx\/index.php?rest_route=%2Fwp%2Fv2%2Fcomments&post=8781"}],"version-history":[{"count":0,"href":"https:\/\/quehacerpolitico.mx\/index.php?rest_route=\/wp\/v2\/posts\/8781\/revisions"}],"wp:featuredmedia":[{"embeddable":true,"href":"https:\/\/quehacerpolitico.mx\/index.php?rest_route=\/"}],"wp:attachment":[{"href":"https:\/\/quehacerpolitico.mx\/index.php?rest_route=%2Fwp%2Fv2%2Fmedia&parent=8781"}],"wp:term":[{"taxonomy":"category","embeddable":true,"href":"https:\/\/quehacerpolitico.mx\/index.php?rest_route=%2Fwp%2Fv2%2Fcategories&post=8781"},{"taxonomy":"post_tag","embeddable":true,"href":"https:\/\/quehacerpolitico.mx\/index.php?rest_route=%2Fwp%2Fv2%2Ftags&post=8781"}],"curies":[{"name":"wp","href":"https:\/\/api.w.org\/{rel}","templated":true}]}}