{"id":87807,"date":"2021-12-30T04:28:51","date_gmt":"2021-12-30T04:28:51","guid":{"rendered":"https:\/\/quehacerpolitico.mx\/?p=87807"},"modified":"2021-12-30T04:28:52","modified_gmt":"2021-12-30T04:28:52","slug":"hallan-21-grietas-en-tramo-de-la-linea-12-del-metro-cdmx","status":"publish","type":"post","link":"https:\/\/quehacerpolitico.mx\/?p=87807","title":{"rendered":"Hallan 21 grietas en tramo de la l\u00ednea 12 del Metro CDMX"},"content":{"rendered":"\n<p>Por Redacci\u00f3n QP<\/p>\n\n\n\n<p>Gobierno de Ciudad de M\u00e9xico informa\u00a0resultados de inspecci\u00f3n elaborada por especialistas en ingenier\u00eda<\/p>\n\n\n\n<p>Tras una inspecci\u00f3n, se\u00a0hallaron<strong>\u00a021 grietas<\/strong>\u00a0en la estructura met\u00e1lica del<strong>\u00a0tramo elevado de la l\u00ednea 12 del Metro<\/strong>, inform\u00f3 hoy el\u00a0Gobierno de la Ciudad de M\u00e9xico<\/p>\n\n\n\n<figure class=\"wp-block-embed is-type-video is-provider-youtube wp-block-embed-youtube wp-embed-aspect-16-9 wp-has-aspect-ratio\"><div class=\"wp-block-embed__wrapper\">\n<iframe loading=\"lazy\" title=\"Hallan 21 nuevas grietas en la L\u00ednea 12 del Metro CDMX\" width=\"640\" height=\"360\" src=\"https:\/\/www.youtube.com\/embed\/u2Z2yNKc5Qo?feature=oembed\" frameborder=\"0\" allow=\"accelerometer; autoplay; clipboard-write; encrypted-media; gyroscope; picture-in-picture; web-share\" referrerpolicy=\"strict-origin-when-cross-origin\" allowfullscreen><\/iframe>\n<\/div><\/figure>\n\n\n\n<p>Fue en esa l\u00ednea que\u00a0el pasado 3 de mayo se derrumb\u00f3 un puente elevado, en la alcald\u00eda Tl\u00e1huac, en el sur de la capital mexicana, por lo que el\u00a0vag\u00f3n se desplom\u00f3 sobre la calle, dejando 26 muertos y un centenar de heridos.<\/p>\n\n\n\n<p>El descubrimiento sobre las 21 nuevas grietas se gener\u00f3 despu\u00e9s de que un peritaje de la Fiscal\u00eda de Ciudad de M\u00e9xico determinara que los diafragmas \u2014estructuras que proporcionan rigidez a las trabes\u2014 del tramo colapsado presentaban grietas generadas por un fen\u00f3meno de desgaste conocido como\u00a0<strong>&#8220;fatiga por distorsi\u00f3n inducida&#8221;.<\/strong><\/p>\n\n\n\n<p>Tanto el peritaje de la Fiscal\u00eda como un informe independiente encargado por el Gobierno de Ciudad de M\u00e9xico a una empresa noruega concluyeron que el accidente se debi\u00f3 a una\u00a0\u201cfalla estructural\u201d de la construcci\u00f3n.<\/p>\n\n\n\n<h2 class=\"wp-block-heading\">Inspecci\u00f3n detallada<\/h2>\n\n\n\n<p>Sin embargo, el hallazgo de las fallas en el tramo llev\u00f3 a la administraci\u00f3n local a<strong>\u00a0inspeccionar a fondo<\/strong>\u00a0el tema de las grietas.<\/p>\n\n\n\n<p>&#8220;Es una inspecci\u00f3n detallada, especializada. En su momento se hizo la inspecci\u00f3n por parte del colegio de ingenieros civiles de todo el tramo (&#8230;) en una inspecci\u00f3n regular es imposible detectar&#8221;, indic\u00f3 en conferencia de prensa Jes\u00fas Antonio Esteva, secretario de Obras de capital.<\/p>\n\n\n\n<p>Dicha inspecci\u00f3n qued\u00f3 a cargo de\u00a0<strong>especialistas en ingenier\u00eda<\/strong>\u00a0de la Universidad Aut\u00f3noma de Nuevo Le\u00f3n (UANL), cuyos resultados ser\u00e1n considerados en las obras de rehabilitaci\u00f3n y reforzamiento de la l\u00ednea.<br>Las fallas fueron halladas en tres tipos de \u00e1reas distintas en el tramo que incluye la zona de la tragedia.<\/p>\n\n\n\n<p>De acuerdo con el funcionario, los resultados de los trabajos que realizan los especialistas de la UANL ser\u00e1n considerados en las obras de rehabilitaci\u00f3n y reforzamiento de la L\u00ednea 12.<\/p>\n\n\n\n<p>Grupo Carso, propiedad del magnate mexicano Carlos Slim y que se encarg\u00f3 de construir la parte siniestrada del metro, anunci\u00f3 un &#8220;acuerdo reparatorio&#8221; con el Gobierno de Ciudad de M\u00e9xico para rehabilitar el tramo del metro colapsado en mayo, aunque se deslind\u00f3 de las responsabilidades del accidente.<\/p>\n\n\n\n<p>La Fiscal\u00eda capitalina ya ha presentado las primeras 10 denuncias contra presuntos responsables del accidente, entre los que destaca Enrique Horcasitas, exdirector del Proyecto Metro que plante\u00f3 la construcci\u00f3n.<\/p>\n\n\n\n<p>Con Informaci\u00f3n de EFE <\/p>\n","protected":false},"excerpt":{"rendered":"<p>Por Redacci\u00f3n QP Gobierno de Ciudad de M\u00e9xico informa\u00a0resultados de inspecci\u00f3n elaborada por especialistas en&#8230;<\/p>\n","protected":false},"author":2,"featured_media":87808,"comment_status":"open","ping_status":"open","sticky":false,"template":"","format":"standard","meta":{"_monsterinsights_skip_tracking":false,"_monsterinsights_sitenote_active":false,"_monsterinsights_sitenote_note":"","_monsterinsights_sitenote_category":0,"footnotes":""},"categories":[55],"tags":[],"class_list":["post-87807","post","type-post","status-publish","format-standard","has-post-thumbnail","hentry","category-cdmx"],"yoast_head":"<!-- This site is optimized with the Yoast SEO plugin v27.3 - https:\/\/yoast.com\/product\/yoast-seo-wordpress\/ -->\n<title>Hallan 21 grietas en tramo de la l\u00ednea 12 del Metro CDMX -<\/title>\n<meta name=\"robots\" content=\"index, follow, max-snippet:-1, max-image-preview:large, max-video-preview:-1\" \/>\n<link rel=\"canonical\" href=\"https:\/\/quehacerpolitico.mx\/?p=87807\" \/>\n<meta property=\"og:locale\" content=\"es_MX\" \/>\n<meta property=\"og:type\" content=\"article\" \/>\n<meta property=\"og:title\" content=\"Hallan 21 grietas en tramo de la l\u00ednea 12 del Metro CDMX -\" \/>\n<meta property=\"og:description\" content=\"Por Redacci\u00f3n QP Gobierno de Ciudad de M\u00e9xico informa\u00a0resultados de inspecci\u00f3n elaborada por especialistas en...\" \/>\n<meta property=\"og:url\" content=\"https:\/\/quehacerpolitico.mx\/?p=87807\" \/>\n<meta property=\"article:published_time\" content=\"2021-12-30T04:28:51+00:00\" \/>\n<meta property=\"article:modified_time\" content=\"2021-12-30T04:28:52+00:00\" \/>\n<meta property=\"og:image\" content=\"https:\/\/quehacerpolitico.mx\/wp-content\/uploads\/2021\/12\/9F6C7BDA-3DB2-4A23-A9CF-03E06B550EDA.jpeg\" \/>\n\t<meta property=\"og:image:width\" content=\"1065\" \/>\n\t<meta property=\"og:image:height\" content=\"695\" \/>\n\t<meta property=\"og:image:type\" content=\"image\/jpeg\" \/>\n<meta name=\"author\" content=\"Redacci\u00f3n QP\" \/>\n<meta name=\"twitter:card\" content=\"summary_large_image\" \/>\n<meta name=\"twitter:label1\" content=\"Escrito por\" \/>\n\t<meta name=\"twitter:data1\" content=\"Redacci\u00f3n QP\" \/>\n\t<meta name=\"twitter:label2\" content=\"Tiempo de lectura\" \/>\n\t<meta name=\"twitter:data2\" content=\"2 minutos\" \/>\n<script type=\"application\/ld+json\" class=\"yoast-schema-graph\">{\"@context\":\"https:\\\/\\\/schema.org\",\"@graph\":[{\"@type\":\"Article\",\"@id\":\"https:\\\/\\\/quehacerpolitico.mx\\\/?p=87807#article\",\"isPartOf\":{\"@id\":\"https:\\\/\\\/quehacerpolitico.mx\\\/?p=87807\"},\"author\":{\"name\":\"Redacci\u00f3n QP\",\"@id\":\"https:\\\/\\\/quehacerpolitico.mx\\\/#\\\/schema\\\/person\\\/496d8ad2d1d3f8036101dca7ee39e585\"},\"headline\":\"Hallan 21 grietas en tramo de la l\u00ednea 12 del Metro CDMX\",\"datePublished\":\"2021-12-30T04:28:51+00:00\",\"dateModified\":\"2021-12-30T04:28:52+00:00\",\"mainEntityOfPage\":{\"@id\":\"https:\\\/\\\/quehacerpolitico.mx\\\/?p=87807\"},\"wordCount\":455,\"commentCount\":0,\"image\":{\"@id\":\"https:\\\/\\\/quehacerpolitico.mx\\\/?p=87807#primaryimage\"},\"thumbnailUrl\":\"https:\\\/\\\/quehacerpolitico.mx\\\/wp-content\\\/uploads\\\/2021\\\/12\\\/9F6C7BDA-3DB2-4A23-A9CF-03E06B550EDA.jpeg\",\"articleSection\":[\"CDMX\"],\"inLanguage\":\"es\",\"potentialAction\":[{\"@type\":\"CommentAction\",\"name\":\"Comment\",\"target\":[\"https:\\\/\\\/quehacerpolitico.mx\\\/?p=87807#respond\"]}]},{\"@type\":\"WebPage\",\"@id\":\"https:\\\/\\\/quehacerpolitico.mx\\\/?p=87807\",\"url\":\"https:\\\/\\\/quehacerpolitico.mx\\\/?p=87807\",\"name\":\"Hallan 21 grietas en tramo de la l\u00ednea 12 del Metro CDMX -\",\"isPartOf\":{\"@id\":\"https:\\\/\\\/quehacerpolitico.mx\\\/#website\"},\"primaryImageOfPage\":{\"@id\":\"https:\\\/\\\/quehacerpolitico.mx\\\/?p=87807#primaryimage\"},\"image\":{\"@id\":\"https:\\\/\\\/quehacerpolitico.mx\\\/?p=87807#primaryimage\"},\"thumbnailUrl\":\"https:\\\/\\\/quehacerpolitico.mx\\\/wp-content\\\/uploads\\\/2021\\\/12\\\/9F6C7BDA-3DB2-4A23-A9CF-03E06B550EDA.jpeg\",\"datePublished\":\"2021-12-30T04:28:51+00:00\",\"dateModified\":\"2021-12-30T04:28:52+00:00\",\"author\":{\"@id\":\"https:\\\/\\\/quehacerpolitico.mx\\\/#\\\/schema\\\/person\\\/496d8ad2d1d3f8036101dca7ee39e585\"},\"breadcrumb\":{\"@id\":\"https:\\\/\\\/quehacerpolitico.mx\\\/?p=87807#breadcrumb\"},\"inLanguage\":\"es\",\"potentialAction\":[{\"@type\":\"ReadAction\",\"target\":[\"https:\\\/\\\/quehacerpolitico.mx\\\/?p=87807\"]}]},{\"@type\":\"ImageObject\",\"inLanguage\":\"es\",\"@id\":\"https:\\\/\\\/quehacerpolitico.mx\\\/?p=87807#primaryimage\",\"url\":\"https:\\\/\\\/quehacerpolitico.mx\\\/wp-content\\\/uploads\\\/2021\\\/12\\\/9F6C7BDA-3DB2-4A23-A9CF-03E06B550EDA.jpeg\",\"contentUrl\":\"https:\\\/\\\/quehacerpolitico.mx\\\/wp-content\\\/uploads\\\/2021\\\/12\\\/9F6C7BDA-3DB2-4A23-A9CF-03E06B550EDA.jpeg\",\"width\":1065,\"height\":695},{\"@type\":\"BreadcrumbList\",\"@id\":\"https:\\\/\\\/quehacerpolitico.mx\\\/?p=87807#breadcrumb\",\"itemListElement\":[{\"@type\":\"ListItem\",\"position\":1,\"name\":\"Inicio\",\"item\":\"https:\\\/\\\/quehacerpolitico.mx\\\/\"},{\"@type\":\"ListItem\",\"position\":2,\"name\":\"Hallan 21 grietas en tramo de la l\u00ednea 12 del Metro CDMX\"}]},{\"@type\":\"WebSite\",\"@id\":\"https:\\\/\\\/quehacerpolitico.mx\\\/#website\",\"url\":\"https:\\\/\\\/quehacerpolitico.mx\\\/\",\"name\":\"\",\"description\":\"\",\"potentialAction\":[{\"@type\":\"SearchAction\",\"target\":{\"@type\":\"EntryPoint\",\"urlTemplate\":\"https:\\\/\\\/quehacerpolitico.mx\\\/?s={search_term_string}\"},\"query-input\":{\"@type\":\"PropertyValueSpecification\",\"valueRequired\":true,\"valueName\":\"search_term_string\"}}],\"inLanguage\":\"es\"},{\"@type\":\"Person\",\"@id\":\"https:\\\/\\\/quehacerpolitico.mx\\\/#\\\/schema\\\/person\\\/496d8ad2d1d3f8036101dca7ee39e585\",\"name\":\"Redacci\u00f3n QP\",\"image\":{\"@type\":\"ImageObject\",\"inLanguage\":\"es\",\"@id\":\"https:\\\/\\\/secure.gravatar.com\\\/avatar\\\/c7164ed6fdec453195284ad24a5ae5b6e1eed2b848477fa2a4787ba9adf39a41?s=96&d=mm&r=g\",\"url\":\"https:\\\/\\\/secure.gravatar.com\\\/avatar\\\/c7164ed6fdec453195284ad24a5ae5b6e1eed2b848477fa2a4787ba9adf39a41?s=96&d=mm&r=g\",\"contentUrl\":\"https:\\\/\\\/secure.gravatar.com\\\/avatar\\\/c7164ed6fdec453195284ad24a5ae5b6e1eed2b848477fa2a4787ba9adf39a41?s=96&d=mm&r=g\",\"caption\":\"Redacci\u00f3n QP\"},\"url\":\"https:\\\/\\\/quehacerpolitico.mx\\\/?author=2\"}]}<\/script>\n<!-- \/ Yoast SEO plugin. -->","yoast_head_json":{"title":"Hallan 21 grietas en tramo de la l\u00ednea 12 del Metro CDMX -","robots":{"index":"index","follow":"follow","max-snippet":"max-snippet:-1","max-image-preview":"max-image-preview:large","max-video-preview":"max-video-preview:-1"},"canonical":"https:\/\/quehacerpolitico.mx\/?p=87807","og_locale":"es_MX","og_type":"article","og_title":"Hallan 21 grietas en tramo de la l\u00ednea 12 del Metro CDMX -","og_description":"Por Redacci\u00f3n QP Gobierno de Ciudad de M\u00e9xico informa\u00a0resultados de inspecci\u00f3n elaborada por especialistas en...","og_url":"https:\/\/quehacerpolitico.mx\/?p=87807","article_published_time":"2021-12-30T04:28:51+00:00","article_modified_time":"2021-12-30T04:28:52+00:00","og_image":[{"width":1065,"height":695,"url":"https:\/\/quehacerpolitico.mx\/wp-content\/uploads\/2021\/12\/9F6C7BDA-3DB2-4A23-A9CF-03E06B550EDA.jpeg","type":"image\/jpeg"}],"author":"Redacci\u00f3n QP","twitter_card":"summary_large_image","twitter_misc":{"Escrito por":"Redacci\u00f3n QP","Tiempo de lectura":"2 minutos"},"schema":{"@context":"https:\/\/schema.org","@graph":[{"@type":"Article","@id":"https:\/\/quehacerpolitico.mx\/?p=87807#article","isPartOf":{"@id":"https:\/\/quehacerpolitico.mx\/?p=87807"},"author":{"name":"Redacci\u00f3n QP","@id":"https:\/\/quehacerpolitico.mx\/#\/schema\/person\/496d8ad2d1d3f8036101dca7ee39e585"},"headline":"Hallan 21 grietas en tramo de la l\u00ednea 12 del Metro CDMX","datePublished":"2021-12-30T04:28:51+00:00","dateModified":"2021-12-30T04:28:52+00:00","mainEntityOfPage":{"@id":"https:\/\/quehacerpolitico.mx\/?p=87807"},"wordCount":455,"commentCount":0,"image":{"@id":"https:\/\/quehacerpolitico.mx\/?p=87807#primaryimage"},"thumbnailUrl":"https:\/\/quehacerpolitico.mx\/wp-content\/uploads\/2021\/12\/9F6C7BDA-3DB2-4A23-A9CF-03E06B550EDA.jpeg","articleSection":["CDMX"],"inLanguage":"es","potentialAction":[{"@type":"CommentAction","name":"Comment","target":["https:\/\/quehacerpolitico.mx\/?p=87807#respond"]}]},{"@type":"WebPage","@id":"https:\/\/quehacerpolitico.mx\/?p=87807","url":"https:\/\/quehacerpolitico.mx\/?p=87807","name":"Hallan 21 grietas en tramo de la l\u00ednea 12 del Metro CDMX -","isPartOf":{"@id":"https:\/\/quehacerpolitico.mx\/#website"},"primaryImageOfPage":{"@id":"https:\/\/quehacerpolitico.mx\/?p=87807#primaryimage"},"image":{"@id":"https:\/\/quehacerpolitico.mx\/?p=87807#primaryimage"},"thumbnailUrl":"https:\/\/quehacerpolitico.mx\/wp-content\/uploads\/2021\/12\/9F6C7BDA-3DB2-4A23-A9CF-03E06B550EDA.jpeg","datePublished":"2021-12-30T04:28:51+00:00","dateModified":"2021-12-30T04:28:52+00:00","author":{"@id":"https:\/\/quehacerpolitico.mx\/#\/schema\/person\/496d8ad2d1d3f8036101dca7ee39e585"},"breadcrumb":{"@id":"https:\/\/quehacerpolitico.mx\/?p=87807#breadcrumb"},"inLanguage":"es","potentialAction":[{"@type":"ReadAction","target":["https:\/\/quehacerpolitico.mx\/?p=87807"]}]},{"@type":"ImageObject","inLanguage":"es","@id":"https:\/\/quehacerpolitico.mx\/?p=87807#primaryimage","url":"https:\/\/quehacerpolitico.mx\/wp-content\/uploads\/2021\/12\/9F6C7BDA-3DB2-4A23-A9CF-03E06B550EDA.jpeg","contentUrl":"https:\/\/quehacerpolitico.mx\/wp-content\/uploads\/2021\/12\/9F6C7BDA-3DB2-4A23-A9CF-03E06B550EDA.jpeg","width":1065,"height":695},{"@type":"BreadcrumbList","@id":"https:\/\/quehacerpolitico.mx\/?p=87807#breadcrumb","itemListElement":[{"@type":"ListItem","position":1,"name":"Inicio","item":"https:\/\/quehacerpolitico.mx\/"},{"@type":"ListItem","position":2,"name":"Hallan 21 grietas en tramo de la l\u00ednea 12 del Metro CDMX"}]},{"@type":"WebSite","@id":"https:\/\/quehacerpolitico.mx\/#website","url":"https:\/\/quehacerpolitico.mx\/","name":"","description":"","potentialAction":[{"@type":"SearchAction","target":{"@type":"EntryPoint","urlTemplate":"https:\/\/quehacerpolitico.mx\/?s={search_term_string}"},"query-input":{"@type":"PropertyValueSpecification","valueRequired":true,"valueName":"search_term_string"}}],"inLanguage":"es"},{"@type":"Person","@id":"https:\/\/quehacerpolitico.mx\/#\/schema\/person\/496d8ad2d1d3f8036101dca7ee39e585","name":"Redacci\u00f3n QP","image":{"@type":"ImageObject","inLanguage":"es","@id":"https:\/\/secure.gravatar.com\/avatar\/c7164ed6fdec453195284ad24a5ae5b6e1eed2b848477fa2a4787ba9adf39a41?s=96&d=mm&r=g","url":"https:\/\/secure.gravatar.com\/avatar\/c7164ed6fdec453195284ad24a5ae5b6e1eed2b848477fa2a4787ba9adf39a41?s=96&d=mm&r=g","contentUrl":"https:\/\/secure.gravatar.com\/avatar\/c7164ed6fdec453195284ad24a5ae5b6e1eed2b848477fa2a4787ba9adf39a41?s=96&d=mm&r=g","caption":"Redacci\u00f3n QP"},"url":"https:\/\/quehacerpolitico.mx\/?author=2"}]}},"featured_image_urls":{"full":["https:\/\/quehacerpolitico.mx\/wp-content\/uploads\/2021\/12\/9F6C7BDA-3DB2-4A23-A9CF-03E06B550EDA.jpeg",1065,695,false],"thumbnail":["https:\/\/quehacerpolitico.mx\/wp-content\/uploads\/2021\/12\/9F6C7BDA-3DB2-4A23-A9CF-03E06B550EDA-150x150.jpeg",150,150,true],"medium":["https:\/\/quehacerpolitico.mx\/wp-content\/uploads\/2021\/12\/9F6C7BDA-3DB2-4A23-A9CF-03E06B550EDA-300x196.jpeg",300,196,true],"medium_large":["https:\/\/quehacerpolitico.mx\/wp-content\/uploads\/2021\/12\/9F6C7BDA-3DB2-4A23-A9CF-03E06B550EDA-768x501.jpeg",640,418,true],"large":["https:\/\/quehacerpolitico.mx\/wp-content\/uploads\/2021\/12\/9F6C7BDA-3DB2-4A23-A9CF-03E06B550EDA-1024x668.jpeg",640,418,true],"1536x1536":["https:\/\/quehacerpolitico.mx\/wp-content\/uploads\/2021\/12\/9F6C7BDA-3DB2-4A23-A9CF-03E06B550EDA.jpeg",1065,695,false],"2048x2048":["https:\/\/quehacerpolitico.mx\/wp-content\/uploads\/2021\/12\/9F6C7BDA-3DB2-4A23-A9CF-03E06B550EDA.jpeg",1065,695,false],"covernews-featured":["https:\/\/quehacerpolitico.mx\/wp-content\/uploads\/2021\/12\/9F6C7BDA-3DB2-4A23-A9CF-03E06B550EDA.jpeg",1024,668,false],"covernews-medium":["https:\/\/quehacerpolitico.mx\/wp-content\/uploads\/2021\/12\/9F6C7BDA-3DB2-4A23-A9CF-03E06B550EDA.jpeg",521,340,false]},"author_info":{"display_name":"Redacci\u00f3n QP","author_link":"https:\/\/quehacerpolitico.mx\/?author=2"},"category_info":"<a href=\"https:\/\/quehacerpolitico.mx\/?cat=55\" rel=\"category\">CDMX<\/a>","tag_info":"CDMX","comment_count":"0","_links":{"self":[{"href":"https:\/\/quehacerpolitico.mx\/index.php?rest_route=\/wp\/v2\/posts\/87807","targetHints":{"allow":["GET"]}}],"collection":[{"href":"https:\/\/quehacerpolitico.mx\/index.php?rest_route=\/wp\/v2\/posts"}],"about":[{"href":"https:\/\/quehacerpolitico.mx\/index.php?rest_route=\/wp\/v2\/types\/post"}],"author":[{"embeddable":true,"href":"https:\/\/quehacerpolitico.mx\/index.php?rest_route=\/wp\/v2\/users\/2"}],"replies":[{"embeddable":true,"href":"https:\/\/quehacerpolitico.mx\/index.php?rest_route=%2Fwp%2Fv2%2Fcomments&post=87807"}],"version-history":[{"count":1,"href":"https:\/\/quehacerpolitico.mx\/index.php?rest_route=\/wp\/v2\/posts\/87807\/revisions"}],"predecessor-version":[{"id":87809,"href":"https:\/\/quehacerpolitico.mx\/index.php?rest_route=\/wp\/v2\/posts\/87807\/revisions\/87809"}],"wp:featuredmedia":[{"embeddable":true,"href":"https:\/\/quehacerpolitico.mx\/index.php?rest_route=\/wp\/v2\/media\/87808"}],"wp:attachment":[{"href":"https:\/\/quehacerpolitico.mx\/index.php?rest_route=%2Fwp%2Fv2%2Fmedia&parent=87807"}],"wp:term":[{"taxonomy":"category","embeddable":true,"href":"https:\/\/quehacerpolitico.mx\/index.php?rest_route=%2Fwp%2Fv2%2Fcategories&post=87807"},{"taxonomy":"post_tag","embeddable":true,"href":"https:\/\/quehacerpolitico.mx\/index.php?rest_route=%2Fwp%2Fv2%2Ftags&post=87807"}],"curies":[{"name":"wp","href":"https:\/\/api.w.org\/{rel}","templated":true}]}}