{"id":87804,"date":"2021-12-30T04:10:52","date_gmt":"2021-12-30T04:10:52","guid":{"rendered":"https:\/\/quehacerpolitico.mx\/?p=87804"},"modified":"2021-12-30T04:10:55","modified_gmt":"2021-12-30T04:10:55","slug":"la-cofepris-aprueba-la-vacuna-cubana-abdala","status":"publish","type":"post","link":"https:\/\/quehacerpolitico.mx\/?p=87804","title":{"rendered":"La Cofepris aprueba la vacuna cubana abdala"},"content":{"rendered":"\n<p>Por Redacci\u00f3n QP<\/p>\n\n\n\n<p>M\u00e9xico se une a pa\u00edses como Vietnam, Ir\u00e1n, Venezuela y Nicaragua que ya avalaron el uso de emergencia del f\u00e1rmaco<\/p>\n\n\n\n<p>Este mi\u00e9rcoles, M\u00e9xico se uni\u00f3 a la lista de pa\u00edses aliados de Cuba en aprobar una de las vacunas que el gobierno de la isla desarroll\u00f3 contra el coronavirus: Abdal\u00e1.<\/p>\n\n\n\n<p>La Comisi\u00f3n Federal para la Protecci\u00f3n contra Riesgos Sanitarios (Cofepris)\u00a0<strong>dictamin\u00f3 procedente la autorizaci\u00f3n para uso de emergencia de la vacuna Abdal\u00e1<\/strong>, un f\u00e1rmaco que &#8220;cumple requisitos de calidad, seguridad y eficacia&#8221; y que tambi\u00e9n ha recibido el visto bueno de otros pa\u00edses de la regi\u00f3n.<\/p>\n\n\n\n<p>Hasta ahora,\u00a0<strong>las vacunas cubanas no tienen el aval de la Organizaci\u00f3n Mundial de la Salud (OMS) aunque el expediente fue presentado<\/strong>, por lo que su exportaci\u00f3n se produce a pa\u00edses cuyas autoridades sanitarias lo autorizan expresamente. Entre ellos est\u00e1n Vietnam, Ir\u00e1n, Venezuela y Nicaragua.<\/p>\n\n\n\n<p>Con la cubana, M\u00e9xico&nbsp;<strong>ha autorizado el uso de diez vacunas contra el coronavirus y est\u00e1 reforzando la aplicaci\u00f3n de las inmunizaciones ante el auge de la variante \u00f3micron.<\/strong><\/p>\n\n\n\n<p>El 89% de su poblaci\u00f3n adulta tiene un esquema completo de vacunaci\u00f3n y se inici\u00f3 el suministro de dosis de refuerzo a mayores de 60 a\u00f1os, personal sanitario y maestros.<\/p>\n\n\n\n<p>Desde que empez\u00f3 la pandemia, M\u00e9xico ha registrado 3.9 millones de contagios y casi 299 mil muertes, aunque el n\u00famero estimado real de fallecimientos vinculados a COVID-19, seg\u00fan cifras oficiales, es cercano a los 450 mil.<\/p>\n\n\n\n<p>Con Informaci\u00f3n de AP<\/p>\n","protected":false},"excerpt":{"rendered":"<p>Por Redacci\u00f3n QP M\u00e9xico se une a pa\u00edses como Vietnam, Ir\u00e1n, Venezuela y Nicaragua que&#8230;<\/p>\n","protected":false},"author":2,"featured_media":87805,"comment_status":"open","ping_status":"open","sticky":false,"template":"","format":"standard","meta":{"_monsterinsights_skip_tracking":false,"_monsterinsights_sitenote_active":false,"_monsterinsights_sitenote_note":"","_monsterinsights_sitenote_category":0,"footnotes":""},"categories":[2],"tags":[],"class_list":["post-87804","post","type-post","status-publish","format-standard","has-post-thumbnail","hentry","category-noticias"],"yoast_head":"<!-- This site is optimized with the Yoast SEO plugin v27.3 - https:\/\/yoast.com\/product\/yoast-seo-wordpress\/ -->\n<title>La Cofepris aprueba la vacuna cubana abdala -<\/title>\n<meta name=\"robots\" content=\"index, follow, max-snippet:-1, max-image-preview:large, max-video-preview:-1\" \/>\n<link rel=\"canonical\" href=\"https:\/\/quehacerpolitico.mx\/?p=87804\" \/>\n<meta property=\"og:locale\" content=\"es_MX\" \/>\n<meta property=\"og:type\" content=\"article\" \/>\n<meta property=\"og:title\" content=\"La Cofepris aprueba la vacuna cubana abdala -\" \/>\n<meta property=\"og:description\" content=\"Por Redacci\u00f3n QP M\u00e9xico se une a pa\u00edses como Vietnam, Ir\u00e1n, Venezuela y Nicaragua que...\" \/>\n<meta property=\"og:url\" content=\"https:\/\/quehacerpolitico.mx\/?p=87804\" \/>\n<meta property=\"article:published_time\" content=\"2021-12-30T04:10:52+00:00\" \/>\n<meta property=\"article:modified_time\" content=\"2021-12-30T04:10:55+00:00\" \/>\n<meta property=\"og:image\" content=\"https:\/\/quehacerpolitico.mx\/wp-content\/uploads\/2021\/12\/C6278B88-13FA-4322-B4DB-8A5CF434D714.jpeg\" \/>\n\t<meta property=\"og:image:width\" content=\"450\" \/>\n\t<meta property=\"og:image:height\" content=\"253\" \/>\n\t<meta property=\"og:image:type\" content=\"image\/jpeg\" \/>\n<meta name=\"author\" content=\"Redacci\u00f3n QP\" \/>\n<meta name=\"twitter:card\" content=\"summary_large_image\" \/>\n<meta name=\"twitter:label1\" content=\"Escrito por\" \/>\n\t<meta name=\"twitter:data1\" content=\"Redacci\u00f3n QP\" \/>\n\t<meta name=\"twitter:label2\" content=\"Tiempo de lectura\" \/>\n\t<meta name=\"twitter:data2\" content=\"1 minuto\" \/>\n<script type=\"application\/ld+json\" class=\"yoast-schema-graph\">{\"@context\":\"https:\\\/\\\/schema.org\",\"@graph\":[{\"@type\":\"Article\",\"@id\":\"https:\\\/\\\/quehacerpolitico.mx\\\/?p=87804#article\",\"isPartOf\":{\"@id\":\"https:\\\/\\\/quehacerpolitico.mx\\\/?p=87804\"},\"author\":{\"name\":\"Redacci\u00f3n QP\",\"@id\":\"https:\\\/\\\/quehacerpolitico.mx\\\/#\\\/schema\\\/person\\\/496d8ad2d1d3f8036101dca7ee39e585\"},\"headline\":\"La Cofepris aprueba la vacuna cubana abdala\",\"datePublished\":\"2021-12-30T04:10:52+00:00\",\"dateModified\":\"2021-12-30T04:10:55+00:00\",\"mainEntityOfPage\":{\"@id\":\"https:\\\/\\\/quehacerpolitico.mx\\\/?p=87804\"},\"wordCount\":275,\"commentCount\":0,\"image\":{\"@id\":\"https:\\\/\\\/quehacerpolitico.mx\\\/?p=87804#primaryimage\"},\"thumbnailUrl\":\"https:\\\/\\\/quehacerpolitico.mx\\\/wp-content\\\/uploads\\\/2021\\\/12\\\/C6278B88-13FA-4322-B4DB-8A5CF434D714.jpeg\",\"articleSection\":[\"Noticias\"],\"inLanguage\":\"es\",\"potentialAction\":[{\"@type\":\"CommentAction\",\"name\":\"Comment\",\"target\":[\"https:\\\/\\\/quehacerpolitico.mx\\\/?p=87804#respond\"]}]},{\"@type\":\"WebPage\",\"@id\":\"https:\\\/\\\/quehacerpolitico.mx\\\/?p=87804\",\"url\":\"https:\\\/\\\/quehacerpolitico.mx\\\/?p=87804\",\"name\":\"La Cofepris aprueba la vacuna cubana abdala -\",\"isPartOf\":{\"@id\":\"https:\\\/\\\/quehacerpolitico.mx\\\/#website\"},\"primaryImageOfPage\":{\"@id\":\"https:\\\/\\\/quehacerpolitico.mx\\\/?p=87804#primaryimage\"},\"image\":{\"@id\":\"https:\\\/\\\/quehacerpolitico.mx\\\/?p=87804#primaryimage\"},\"thumbnailUrl\":\"https:\\\/\\\/quehacerpolitico.mx\\\/wp-content\\\/uploads\\\/2021\\\/12\\\/C6278B88-13FA-4322-B4DB-8A5CF434D714.jpeg\",\"datePublished\":\"2021-12-30T04:10:52+00:00\",\"dateModified\":\"2021-12-30T04:10:55+00:00\",\"author\":{\"@id\":\"https:\\\/\\\/quehacerpolitico.mx\\\/#\\\/schema\\\/person\\\/496d8ad2d1d3f8036101dca7ee39e585\"},\"breadcrumb\":{\"@id\":\"https:\\\/\\\/quehacerpolitico.mx\\\/?p=87804#breadcrumb\"},\"inLanguage\":\"es\",\"potentialAction\":[{\"@type\":\"ReadAction\",\"target\":[\"https:\\\/\\\/quehacerpolitico.mx\\\/?p=87804\"]}]},{\"@type\":\"ImageObject\",\"inLanguage\":\"es\",\"@id\":\"https:\\\/\\\/quehacerpolitico.mx\\\/?p=87804#primaryimage\",\"url\":\"https:\\\/\\\/quehacerpolitico.mx\\\/wp-content\\\/uploads\\\/2021\\\/12\\\/C6278B88-13FA-4322-B4DB-8A5CF434D714.jpeg\",\"contentUrl\":\"https:\\\/\\\/quehacerpolitico.mx\\\/wp-content\\\/uploads\\\/2021\\\/12\\\/C6278B88-13FA-4322-B4DB-8A5CF434D714.jpeg\",\"width\":450,\"height\":253},{\"@type\":\"BreadcrumbList\",\"@id\":\"https:\\\/\\\/quehacerpolitico.mx\\\/?p=87804#breadcrumb\",\"itemListElement\":[{\"@type\":\"ListItem\",\"position\":1,\"name\":\"Inicio\",\"item\":\"https:\\\/\\\/quehacerpolitico.mx\\\/\"},{\"@type\":\"ListItem\",\"position\":2,\"name\":\"La Cofepris aprueba la vacuna cubana abdala\"}]},{\"@type\":\"WebSite\",\"@id\":\"https:\\\/\\\/quehacerpolitico.mx\\\/#website\",\"url\":\"https:\\\/\\\/quehacerpolitico.mx\\\/\",\"name\":\"\",\"description\":\"\",\"potentialAction\":[{\"@type\":\"SearchAction\",\"target\":{\"@type\":\"EntryPoint\",\"urlTemplate\":\"https:\\\/\\\/quehacerpolitico.mx\\\/?s={search_term_string}\"},\"query-input\":{\"@type\":\"PropertyValueSpecification\",\"valueRequired\":true,\"valueName\":\"search_term_string\"}}],\"inLanguage\":\"es\"},{\"@type\":\"Person\",\"@id\":\"https:\\\/\\\/quehacerpolitico.mx\\\/#\\\/schema\\\/person\\\/496d8ad2d1d3f8036101dca7ee39e585\",\"name\":\"Redacci\u00f3n QP\",\"image\":{\"@type\":\"ImageObject\",\"inLanguage\":\"es\",\"@id\":\"https:\\\/\\\/secure.gravatar.com\\\/avatar\\\/c7164ed6fdec453195284ad24a5ae5b6e1eed2b848477fa2a4787ba9adf39a41?s=96&d=mm&r=g\",\"url\":\"https:\\\/\\\/secure.gravatar.com\\\/avatar\\\/c7164ed6fdec453195284ad24a5ae5b6e1eed2b848477fa2a4787ba9adf39a41?s=96&d=mm&r=g\",\"contentUrl\":\"https:\\\/\\\/secure.gravatar.com\\\/avatar\\\/c7164ed6fdec453195284ad24a5ae5b6e1eed2b848477fa2a4787ba9adf39a41?s=96&d=mm&r=g\",\"caption\":\"Redacci\u00f3n QP\"},\"url\":\"https:\\\/\\\/quehacerpolitico.mx\\\/?author=2\"}]}<\/script>\n<!-- \/ Yoast SEO plugin. -->","yoast_head_json":{"title":"La Cofepris aprueba la vacuna cubana abdala -","robots":{"index":"index","follow":"follow","max-snippet":"max-snippet:-1","max-image-preview":"max-image-preview:large","max-video-preview":"max-video-preview:-1"},"canonical":"https:\/\/quehacerpolitico.mx\/?p=87804","og_locale":"es_MX","og_type":"article","og_title":"La Cofepris aprueba la vacuna cubana abdala -","og_description":"Por Redacci\u00f3n QP M\u00e9xico se une a pa\u00edses como Vietnam, Ir\u00e1n, Venezuela y Nicaragua que...","og_url":"https:\/\/quehacerpolitico.mx\/?p=87804","article_published_time":"2021-12-30T04:10:52+00:00","article_modified_time":"2021-12-30T04:10:55+00:00","og_image":[{"width":450,"height":253,"url":"https:\/\/quehacerpolitico.mx\/wp-content\/uploads\/2021\/12\/C6278B88-13FA-4322-B4DB-8A5CF434D714.jpeg","type":"image\/jpeg"}],"author":"Redacci\u00f3n QP","twitter_card":"summary_large_image","twitter_misc":{"Escrito por":"Redacci\u00f3n QP","Tiempo de lectura":"1 minuto"},"schema":{"@context":"https:\/\/schema.org","@graph":[{"@type":"Article","@id":"https:\/\/quehacerpolitico.mx\/?p=87804#article","isPartOf":{"@id":"https:\/\/quehacerpolitico.mx\/?p=87804"},"author":{"name":"Redacci\u00f3n QP","@id":"https:\/\/quehacerpolitico.mx\/#\/schema\/person\/496d8ad2d1d3f8036101dca7ee39e585"},"headline":"La Cofepris aprueba la vacuna cubana abdala","datePublished":"2021-12-30T04:10:52+00:00","dateModified":"2021-12-30T04:10:55+00:00","mainEntityOfPage":{"@id":"https:\/\/quehacerpolitico.mx\/?p=87804"},"wordCount":275,"commentCount":0,"image":{"@id":"https:\/\/quehacerpolitico.mx\/?p=87804#primaryimage"},"thumbnailUrl":"https:\/\/quehacerpolitico.mx\/wp-content\/uploads\/2021\/12\/C6278B88-13FA-4322-B4DB-8A5CF434D714.jpeg","articleSection":["Noticias"],"inLanguage":"es","potentialAction":[{"@type":"CommentAction","name":"Comment","target":["https:\/\/quehacerpolitico.mx\/?p=87804#respond"]}]},{"@type":"WebPage","@id":"https:\/\/quehacerpolitico.mx\/?p=87804","url":"https:\/\/quehacerpolitico.mx\/?p=87804","name":"La Cofepris aprueba la vacuna cubana abdala -","isPartOf":{"@id":"https:\/\/quehacerpolitico.mx\/#website"},"primaryImageOfPage":{"@id":"https:\/\/quehacerpolitico.mx\/?p=87804#primaryimage"},"image":{"@id":"https:\/\/quehacerpolitico.mx\/?p=87804#primaryimage"},"thumbnailUrl":"https:\/\/quehacerpolitico.mx\/wp-content\/uploads\/2021\/12\/C6278B88-13FA-4322-B4DB-8A5CF434D714.jpeg","datePublished":"2021-12-30T04:10:52+00:00","dateModified":"2021-12-30T04:10:55+00:00","author":{"@id":"https:\/\/quehacerpolitico.mx\/#\/schema\/person\/496d8ad2d1d3f8036101dca7ee39e585"},"breadcrumb":{"@id":"https:\/\/quehacerpolitico.mx\/?p=87804#breadcrumb"},"inLanguage":"es","potentialAction":[{"@type":"ReadAction","target":["https:\/\/quehacerpolitico.mx\/?p=87804"]}]},{"@type":"ImageObject","inLanguage":"es","@id":"https:\/\/quehacerpolitico.mx\/?p=87804#primaryimage","url":"https:\/\/quehacerpolitico.mx\/wp-content\/uploads\/2021\/12\/C6278B88-13FA-4322-B4DB-8A5CF434D714.jpeg","contentUrl":"https:\/\/quehacerpolitico.mx\/wp-content\/uploads\/2021\/12\/C6278B88-13FA-4322-B4DB-8A5CF434D714.jpeg","width":450,"height":253},{"@type":"BreadcrumbList","@id":"https:\/\/quehacerpolitico.mx\/?p=87804#breadcrumb","itemListElement":[{"@type":"ListItem","position":1,"name":"Inicio","item":"https:\/\/quehacerpolitico.mx\/"},{"@type":"ListItem","position":2,"name":"La Cofepris aprueba la vacuna cubana abdala"}]},{"@type":"WebSite","@id":"https:\/\/quehacerpolitico.mx\/#website","url":"https:\/\/quehacerpolitico.mx\/","name":"","description":"","potentialAction":[{"@type":"SearchAction","target":{"@type":"EntryPoint","urlTemplate":"https:\/\/quehacerpolitico.mx\/?s={search_term_string}"},"query-input":{"@type":"PropertyValueSpecification","valueRequired":true,"valueName":"search_term_string"}}],"inLanguage":"es"},{"@type":"Person","@id":"https:\/\/quehacerpolitico.mx\/#\/schema\/person\/496d8ad2d1d3f8036101dca7ee39e585","name":"Redacci\u00f3n QP","image":{"@type":"ImageObject","inLanguage":"es","@id":"https:\/\/secure.gravatar.com\/avatar\/c7164ed6fdec453195284ad24a5ae5b6e1eed2b848477fa2a4787ba9adf39a41?s=96&d=mm&r=g","url":"https:\/\/secure.gravatar.com\/avatar\/c7164ed6fdec453195284ad24a5ae5b6e1eed2b848477fa2a4787ba9adf39a41?s=96&d=mm&r=g","contentUrl":"https:\/\/secure.gravatar.com\/avatar\/c7164ed6fdec453195284ad24a5ae5b6e1eed2b848477fa2a4787ba9adf39a41?s=96&d=mm&r=g","caption":"Redacci\u00f3n QP"},"url":"https:\/\/quehacerpolitico.mx\/?author=2"}]}},"featured_image_urls":{"full":["https:\/\/quehacerpolitico.mx\/wp-content\/uploads\/2021\/12\/C6278B88-13FA-4322-B4DB-8A5CF434D714.jpeg",450,253,false],"thumbnail":["https:\/\/quehacerpolitico.mx\/wp-content\/uploads\/2021\/12\/C6278B88-13FA-4322-B4DB-8A5CF434D714-150x150.jpeg",150,150,true],"medium":["https:\/\/quehacerpolitico.mx\/wp-content\/uploads\/2021\/12\/C6278B88-13FA-4322-B4DB-8A5CF434D714-300x169.jpeg",300,169,true],"medium_large":["https:\/\/quehacerpolitico.mx\/wp-content\/uploads\/2021\/12\/C6278B88-13FA-4322-B4DB-8A5CF434D714.jpeg",450,253,false],"large":["https:\/\/quehacerpolitico.mx\/wp-content\/uploads\/2021\/12\/C6278B88-13FA-4322-B4DB-8A5CF434D714.jpeg",450,253,false],"1536x1536":["https:\/\/quehacerpolitico.mx\/wp-content\/uploads\/2021\/12\/C6278B88-13FA-4322-B4DB-8A5CF434D714.jpeg",450,253,false],"2048x2048":["https:\/\/quehacerpolitico.mx\/wp-content\/uploads\/2021\/12\/C6278B88-13FA-4322-B4DB-8A5CF434D714.jpeg",450,253,false],"covernews-featured":["https:\/\/quehacerpolitico.mx\/wp-content\/uploads\/2021\/12\/C6278B88-13FA-4322-B4DB-8A5CF434D714.jpeg",450,253,false],"covernews-medium":["https:\/\/quehacerpolitico.mx\/wp-content\/uploads\/2021\/12\/C6278B88-13FA-4322-B4DB-8A5CF434D714.jpeg",450,253,false]},"author_info":{"display_name":"Redacci\u00f3n QP","author_link":"https:\/\/quehacerpolitico.mx\/?author=2"},"category_info":"<a href=\"https:\/\/quehacerpolitico.mx\/?cat=2\" rel=\"category\">Noticias<\/a>","tag_info":"Noticias","comment_count":"0","_links":{"self":[{"href":"https:\/\/quehacerpolitico.mx\/index.php?rest_route=\/wp\/v2\/posts\/87804","targetHints":{"allow":["GET"]}}],"collection":[{"href":"https:\/\/quehacerpolitico.mx\/index.php?rest_route=\/wp\/v2\/posts"}],"about":[{"href":"https:\/\/quehacerpolitico.mx\/index.php?rest_route=\/wp\/v2\/types\/post"}],"author":[{"embeddable":true,"href":"https:\/\/quehacerpolitico.mx\/index.php?rest_route=\/wp\/v2\/users\/2"}],"replies":[{"embeddable":true,"href":"https:\/\/quehacerpolitico.mx\/index.php?rest_route=%2Fwp%2Fv2%2Fcomments&post=87804"}],"version-history":[{"count":1,"href":"https:\/\/quehacerpolitico.mx\/index.php?rest_route=\/wp\/v2\/posts\/87804\/revisions"}],"predecessor-version":[{"id":87806,"href":"https:\/\/quehacerpolitico.mx\/index.php?rest_route=\/wp\/v2\/posts\/87804\/revisions\/87806"}],"wp:featuredmedia":[{"embeddable":true,"href":"https:\/\/quehacerpolitico.mx\/index.php?rest_route=\/wp\/v2\/media\/87805"}],"wp:attachment":[{"href":"https:\/\/quehacerpolitico.mx\/index.php?rest_route=%2Fwp%2Fv2%2Fmedia&parent=87804"}],"wp:term":[{"taxonomy":"category","embeddable":true,"href":"https:\/\/quehacerpolitico.mx\/index.php?rest_route=%2Fwp%2Fv2%2Fcategories&post=87804"},{"taxonomy":"post_tag","embeddable":true,"href":"https:\/\/quehacerpolitico.mx\/index.php?rest_route=%2Fwp%2Fv2%2Ftags&post=87804"}],"curies":[{"name":"wp","href":"https:\/\/api.w.org\/{rel}","templated":true}]}}