{"id":87801,"date":"2021-12-30T03:59:08","date_gmt":"2021-12-30T03:59:08","guid":{"rendered":"https:\/\/quehacerpolitico.mx\/?p=87801"},"modified":"2021-12-30T03:59:11","modified_gmt":"2021-12-30T03:59:11","slug":"hoy-mexico-suma-cinco-mil-290-contagios-y-188-muertes-por-covid","status":"publish","type":"post","link":"https:\/\/quehacerpolitico.mx\/?p=87801","title":{"rendered":"Hoy M\u00e9xico suma cinco mil 290 contagios y 188 muertes por COVID"},"content":{"rendered":"\n<p>Por Redacci\u00f3n QP<\/p>\n\n\n\n<p>Desde el inicio de la pandemia en el pa\u00eds se han recuperado tres millones 304 mil 774 personas<\/p>\n\n\n\n<p>La Secretar\u00eda de Salud inform\u00f3 este mi\u00e9rcoles que M\u00e9xico registr\u00f3 este mi\u00e9rcoles\u00a0<strong>188 muertes por COVID-19 para llegar a 299 mil 132 decesos totales<\/strong>y\u00a0<strong>cinco mil 290 nuevos contagios para un total de tres millones 961 mil 662.<\/strong><\/p>\n\n\n\n<figure class=\"wp-block-embed is-type-rich is-provider-twitter wp-block-embed-twitter\"><div class=\"wp-block-embed__wrapper\">\n<blockquote class=\"twitter-tweet\" data-width=\"550\" data-dnt=\"true\"><p lang=\"es\" dir=\"ltr\">Reporta <a href=\"https:\/\/twitter.com\/SSalud_mx?ref_src=twsrc%5Etfw\">@SSalud_mx<\/a> 188 muertes  <a href=\"https:\/\/twitter.com\/hashtag\/Coronavirus?src=hash&amp;ref_src=twsrc%5Etfw\">#Coronavirus<\/a> confirmadas en las \u00faltimas 24 horas y 5,290 casos m\u00e1s <br>\ud83d\udccc299,132 muertes<br>\ud83d\udccc3,961,662 casos confirmados <a href=\"https:\/\/t.co\/6gASMYQFxZ\">pic.twitter.com\/6gASMYQFxZ<\/a><\/p>&mdash; RodriGo RiVas UriBe (@RodrigoRivasU) <a href=\"https:\/\/twitter.com\/RodrigoRivasU\/status\/1476349219585892353?ref_src=twsrc%5Etfw\">December 30, 2021<\/a><\/blockquote><script async src=\"https:\/\/platform.twitter.com\/widgets.js\" charset=\"utf-8\"><\/script>\n<\/div><\/figure>\n\n\n\n<figure class=\"wp-block-embed is-type-rich is-provider-twitter wp-block-embed-twitter\"><div class=\"wp-block-embed__wrapper\">\n<blockquote class=\"twitter-tweet\" data-width=\"550\" data-dnt=\"true\"><p lang=\"es\" dir=\"ltr\">Desglose de las 299,132 muertes por <a href=\"https:\/\/twitter.com\/hashtag\/Coronavirus?src=hash&amp;ref_src=twsrc%5Etfw\">#Coronavirus<\/a> en M\u00e9xico por Estados, seg\u00fan <a href=\"https:\/\/twitter.com\/SSalud_mx?ref_src=twsrc%5Etfw\">@SSalud_mx<\/a> <a href=\"https:\/\/t.co\/6z6p4Bg5tt\">pic.twitter.com\/6z6p4Bg5tt<\/a><\/p>&mdash; RodriGo RiVas UriBe (@RodrigoRivasU) <a href=\"https:\/\/twitter.com\/RodrigoRivasU\/status\/1476349582065999881?ref_src=twsrc%5Etfw\">December 30, 2021<\/a><\/blockquote><script async src=\"https:\/\/platform.twitter.com\/widgets.js\" charset=\"utf-8\"><\/script>\n<\/div><\/figure>\n\n\n\n<p>Con estas cifras, M\u00e9xico se mantiene como el cuarto pa\u00eds con m\u00e1s muertes por COVID-19, detr\u00e1s de Estados Unidos, Brasil y la India, y el decimoquinto en n\u00famero de contagios confirmados, seg\u00fan el recuento de la Universidad Johns Hopkins.<\/p>\n\n\n\n<p>De la cifra de casos,\u00a0<strong>hay 27 mil 820 activos<\/strong>, que han presentado s\u00edntomas durante los \u00faltimos 14 d\u00edas. Adem\u00e1s, desde el inicio de la pandemia\u00a0<strong>se han recuperado tres millones 304 mil 774 personas.<\/strong><\/p>\n\n\n\n<p>La ocupaci\u00f3n media de camas generales se sit\u00faa en un 15 % y el uso de camas de terapia intensiva en un 11 por ciento.<\/p>\n\n\n\n<p>El pa\u00eds detect\u00f3 a la primera persona contagiada con la variante \u00f3micron el 3 de diciembre y desde entonces suman m\u00e1s de 40 casos confirmados por los gobiernos estatales de Ciudad de M\u00e9xico, Estado de M\u00e9xico, Nuevo Le\u00f3n y Sinaloa.<\/p>\n\n\n\n<figure class=\"wp-block-embed is-type-rich is-provider-twitter wp-block-embed-twitter\"><div class=\"wp-block-embed__wrapper\">\n<blockquote class=\"twitter-tweet\" data-width=\"550\" data-dnt=\"true\"><p lang=\"es\" dir=\"ltr\">desglose de los 3,961,662 casos confirmados de <a href=\"https:\/\/twitter.com\/hashtag\/Coronavirus?src=hash&amp;ref_src=twsrc%5Etfw\">#Coronavirus<\/a> en M\u00e9xico por Estados seg\u00fan  <a href=\"https:\/\/twitter.com\/SSalud_mx?ref_src=twsrc%5Etfw\">@SSalud_mx<\/a> <a href=\"https:\/\/t.co\/2nbwpCSbYv\">pic.twitter.com\/2nbwpCSbYv<\/a><\/p>&mdash; RodriGo RiVas UriBe (@RodrigoRivasU) <a href=\"https:\/\/twitter.com\/RodrigoRivasU\/status\/1476349372422045706?ref_src=twsrc%5Etfw\">December 30, 2021<\/a><\/blockquote><script async src=\"https:\/\/platform.twitter.com\/widgets.js\" charset=\"utf-8\"><\/script>\n<\/div><\/figure>\n\n\n\n<h2 class=\"wp-block-heading\">PLAN DE VACUNACI\u00d3N<\/h2>\n\n\n\n<p>Las autoridades tambi\u00e9n indicaron que dentro del programa de vacunaci\u00f3n<strong>&nbsp;se han aplicado 148.7 millones de dosis, al sumar 126 mil 491 durante la \u00faltima jornada.<\/strong><\/p>\n\n\n\n<p>De sus 126 millones de habitantes, 81.9 millones en el pa\u00eds tienen al menos una dosis de la vacuna; es decir, el 87 % del total de la poblaci\u00f3n mayor de edad. De ese total, el 89 % (72.75 millones) ha completado su esquema de vacunaci\u00f3n.<\/p>\n\n\n\n<p>Con Informaci\u00f3n de EFE<\/p>\n","protected":false},"excerpt":{"rendered":"<p>Por Redacci\u00f3n QP Desde el inicio de la pandemia en el pa\u00eds se han recuperado&#8230;<\/p>\n","protected":false},"author":2,"featured_media":87802,"comment_status":"open","ping_status":"open","sticky":false,"template":"","format":"standard","meta":{"_monsterinsights_skip_tracking":false,"_monsterinsights_sitenote_active":false,"_monsterinsights_sitenote_note":"","_monsterinsights_sitenote_category":0,"footnotes":""},"categories":[2],"tags":[],"class_list":["post-87801","post","type-post","status-publish","format-standard","has-post-thumbnail","hentry","category-noticias"],"yoast_head":"<!-- This site is optimized with the Yoast SEO plugin v27.3 - https:\/\/yoast.com\/product\/yoast-seo-wordpress\/ -->\n<title>Hoy M\u00e9xico suma cinco mil 290 contagios y 188 muertes por COVID -<\/title>\n<meta name=\"robots\" content=\"index, follow, max-snippet:-1, max-image-preview:large, max-video-preview:-1\" \/>\n<link rel=\"canonical\" href=\"https:\/\/quehacerpolitico.mx\/?p=87801\" \/>\n<meta property=\"og:locale\" content=\"es_MX\" \/>\n<meta property=\"og:type\" content=\"article\" \/>\n<meta property=\"og:title\" content=\"Hoy M\u00e9xico suma cinco mil 290 contagios y 188 muertes por COVID -\" \/>\n<meta property=\"og:description\" content=\"Por Redacci\u00f3n QP Desde el inicio de la pandemia en el pa\u00eds se han recuperado...\" \/>\n<meta property=\"og:url\" content=\"https:\/\/quehacerpolitico.mx\/?p=87801\" \/>\n<meta property=\"article:published_time\" content=\"2021-12-30T03:59:08+00:00\" \/>\n<meta property=\"article:modified_time\" content=\"2021-12-30T03:59:11+00:00\" \/>\n<meta property=\"og:image\" content=\"https:\/\/quehacerpolitico.mx\/wp-content\/uploads\/2021\/12\/6C783533-1397-4D9F-82D4-763D853561C0.jpeg\" \/>\n\t<meta property=\"og:image:width\" content=\"1085\" \/>\n\t<meta property=\"og:image:height\" content=\"704\" \/>\n\t<meta property=\"og:image:type\" content=\"image\/jpeg\" \/>\n<meta name=\"author\" content=\"Redacci\u00f3n QP\" \/>\n<meta name=\"twitter:card\" content=\"summary_large_image\" \/>\n<meta name=\"twitter:label1\" content=\"Escrito por\" \/>\n\t<meta name=\"twitter:data1\" content=\"Redacci\u00f3n QP\" \/>\n\t<meta name=\"twitter:label2\" content=\"Tiempo de lectura\" \/>\n\t<meta name=\"twitter:data2\" content=\"1 minuto\" \/>\n<script type=\"application\/ld+json\" class=\"yoast-schema-graph\">{\"@context\":\"https:\\\/\\\/schema.org\",\"@graph\":[{\"@type\":\"Article\",\"@id\":\"https:\\\/\\\/quehacerpolitico.mx\\\/?p=87801#article\",\"isPartOf\":{\"@id\":\"https:\\\/\\\/quehacerpolitico.mx\\\/?p=87801\"},\"author\":{\"name\":\"Redacci\u00f3n QP\",\"@id\":\"https:\\\/\\\/quehacerpolitico.mx\\\/#\\\/schema\\\/person\\\/496d8ad2d1d3f8036101dca7ee39e585\"},\"headline\":\"Hoy M\u00e9xico suma cinco mil 290 contagios y 188 muertes por COVID\",\"datePublished\":\"2021-12-30T03:59:08+00:00\",\"dateModified\":\"2021-12-30T03:59:11+00:00\",\"mainEntityOfPage\":{\"@id\":\"https:\\\/\\\/quehacerpolitico.mx\\\/?p=87801\"},\"wordCount\":308,\"commentCount\":0,\"image\":{\"@id\":\"https:\\\/\\\/quehacerpolitico.mx\\\/?p=87801#primaryimage\"},\"thumbnailUrl\":\"https:\\\/\\\/quehacerpolitico.mx\\\/wp-content\\\/uploads\\\/2021\\\/12\\\/6C783533-1397-4D9F-82D4-763D853561C0.jpeg\",\"articleSection\":[\"Noticias\"],\"inLanguage\":\"es\",\"potentialAction\":[{\"@type\":\"CommentAction\",\"name\":\"Comment\",\"target\":[\"https:\\\/\\\/quehacerpolitico.mx\\\/?p=87801#respond\"]}]},{\"@type\":\"WebPage\",\"@id\":\"https:\\\/\\\/quehacerpolitico.mx\\\/?p=87801\",\"url\":\"https:\\\/\\\/quehacerpolitico.mx\\\/?p=87801\",\"name\":\"Hoy M\u00e9xico suma cinco mil 290 contagios y 188 muertes por COVID -\",\"isPartOf\":{\"@id\":\"https:\\\/\\\/quehacerpolitico.mx\\\/#website\"},\"primaryImageOfPage\":{\"@id\":\"https:\\\/\\\/quehacerpolitico.mx\\\/?p=87801#primaryimage\"},\"image\":{\"@id\":\"https:\\\/\\\/quehacerpolitico.mx\\\/?p=87801#primaryimage\"},\"thumbnailUrl\":\"https:\\\/\\\/quehacerpolitico.mx\\\/wp-content\\\/uploads\\\/2021\\\/12\\\/6C783533-1397-4D9F-82D4-763D853561C0.jpeg\",\"datePublished\":\"2021-12-30T03:59:08+00:00\",\"dateModified\":\"2021-12-30T03:59:11+00:00\",\"author\":{\"@id\":\"https:\\\/\\\/quehacerpolitico.mx\\\/#\\\/schema\\\/person\\\/496d8ad2d1d3f8036101dca7ee39e585\"},\"breadcrumb\":{\"@id\":\"https:\\\/\\\/quehacerpolitico.mx\\\/?p=87801#breadcrumb\"},\"inLanguage\":\"es\",\"potentialAction\":[{\"@type\":\"ReadAction\",\"target\":[\"https:\\\/\\\/quehacerpolitico.mx\\\/?p=87801\"]}]},{\"@type\":\"ImageObject\",\"inLanguage\":\"es\",\"@id\":\"https:\\\/\\\/quehacerpolitico.mx\\\/?p=87801#primaryimage\",\"url\":\"https:\\\/\\\/quehacerpolitico.mx\\\/wp-content\\\/uploads\\\/2021\\\/12\\\/6C783533-1397-4D9F-82D4-763D853561C0.jpeg\",\"contentUrl\":\"https:\\\/\\\/quehacerpolitico.mx\\\/wp-content\\\/uploads\\\/2021\\\/12\\\/6C783533-1397-4D9F-82D4-763D853561C0.jpeg\",\"width\":1085,\"height\":704},{\"@type\":\"BreadcrumbList\",\"@id\":\"https:\\\/\\\/quehacerpolitico.mx\\\/?p=87801#breadcrumb\",\"itemListElement\":[{\"@type\":\"ListItem\",\"position\":1,\"name\":\"Inicio\",\"item\":\"https:\\\/\\\/quehacerpolitico.mx\\\/\"},{\"@type\":\"ListItem\",\"position\":2,\"name\":\"Hoy M\u00e9xico suma cinco mil 290 contagios y 188 muertes por COVID\"}]},{\"@type\":\"WebSite\",\"@id\":\"https:\\\/\\\/quehacerpolitico.mx\\\/#website\",\"url\":\"https:\\\/\\\/quehacerpolitico.mx\\\/\",\"name\":\"\",\"description\":\"\",\"potentialAction\":[{\"@type\":\"SearchAction\",\"target\":{\"@type\":\"EntryPoint\",\"urlTemplate\":\"https:\\\/\\\/quehacerpolitico.mx\\\/?s={search_term_string}\"},\"query-input\":{\"@type\":\"PropertyValueSpecification\",\"valueRequired\":true,\"valueName\":\"search_term_string\"}}],\"inLanguage\":\"es\"},{\"@type\":\"Person\",\"@id\":\"https:\\\/\\\/quehacerpolitico.mx\\\/#\\\/schema\\\/person\\\/496d8ad2d1d3f8036101dca7ee39e585\",\"name\":\"Redacci\u00f3n QP\",\"image\":{\"@type\":\"ImageObject\",\"inLanguage\":\"es\",\"@id\":\"https:\\\/\\\/secure.gravatar.com\\\/avatar\\\/c7164ed6fdec453195284ad24a5ae5b6e1eed2b848477fa2a4787ba9adf39a41?s=96&d=mm&r=g\",\"url\":\"https:\\\/\\\/secure.gravatar.com\\\/avatar\\\/c7164ed6fdec453195284ad24a5ae5b6e1eed2b848477fa2a4787ba9adf39a41?s=96&d=mm&r=g\",\"contentUrl\":\"https:\\\/\\\/secure.gravatar.com\\\/avatar\\\/c7164ed6fdec453195284ad24a5ae5b6e1eed2b848477fa2a4787ba9adf39a41?s=96&d=mm&r=g\",\"caption\":\"Redacci\u00f3n QP\"},\"url\":\"https:\\\/\\\/quehacerpolitico.mx\\\/?author=2\"}]}<\/script>\n<!-- \/ Yoast SEO plugin. -->","yoast_head_json":{"title":"Hoy M\u00e9xico suma cinco mil 290 contagios y 188 muertes por COVID -","robots":{"index":"index","follow":"follow","max-snippet":"max-snippet:-1","max-image-preview":"max-image-preview:large","max-video-preview":"max-video-preview:-1"},"canonical":"https:\/\/quehacerpolitico.mx\/?p=87801","og_locale":"es_MX","og_type":"article","og_title":"Hoy M\u00e9xico suma cinco mil 290 contagios y 188 muertes por COVID -","og_description":"Por Redacci\u00f3n QP Desde el inicio de la pandemia en el pa\u00eds se han recuperado...","og_url":"https:\/\/quehacerpolitico.mx\/?p=87801","article_published_time":"2021-12-30T03:59:08+00:00","article_modified_time":"2021-12-30T03:59:11+00:00","og_image":[{"width":1085,"height":704,"url":"https:\/\/quehacerpolitico.mx\/wp-content\/uploads\/2021\/12\/6C783533-1397-4D9F-82D4-763D853561C0.jpeg","type":"image\/jpeg"}],"author":"Redacci\u00f3n QP","twitter_card":"summary_large_image","twitter_misc":{"Escrito por":"Redacci\u00f3n QP","Tiempo de lectura":"1 minuto"},"schema":{"@context":"https:\/\/schema.org","@graph":[{"@type":"Article","@id":"https:\/\/quehacerpolitico.mx\/?p=87801#article","isPartOf":{"@id":"https:\/\/quehacerpolitico.mx\/?p=87801"},"author":{"name":"Redacci\u00f3n QP","@id":"https:\/\/quehacerpolitico.mx\/#\/schema\/person\/496d8ad2d1d3f8036101dca7ee39e585"},"headline":"Hoy M\u00e9xico suma cinco mil 290 contagios y 188 muertes por COVID","datePublished":"2021-12-30T03:59:08+00:00","dateModified":"2021-12-30T03:59:11+00:00","mainEntityOfPage":{"@id":"https:\/\/quehacerpolitico.mx\/?p=87801"},"wordCount":308,"commentCount":0,"image":{"@id":"https:\/\/quehacerpolitico.mx\/?p=87801#primaryimage"},"thumbnailUrl":"https:\/\/quehacerpolitico.mx\/wp-content\/uploads\/2021\/12\/6C783533-1397-4D9F-82D4-763D853561C0.jpeg","articleSection":["Noticias"],"inLanguage":"es","potentialAction":[{"@type":"CommentAction","name":"Comment","target":["https:\/\/quehacerpolitico.mx\/?p=87801#respond"]}]},{"@type":"WebPage","@id":"https:\/\/quehacerpolitico.mx\/?p=87801","url":"https:\/\/quehacerpolitico.mx\/?p=87801","name":"Hoy M\u00e9xico suma cinco mil 290 contagios y 188 muertes por COVID -","isPartOf":{"@id":"https:\/\/quehacerpolitico.mx\/#website"},"primaryImageOfPage":{"@id":"https:\/\/quehacerpolitico.mx\/?p=87801#primaryimage"},"image":{"@id":"https:\/\/quehacerpolitico.mx\/?p=87801#primaryimage"},"thumbnailUrl":"https:\/\/quehacerpolitico.mx\/wp-content\/uploads\/2021\/12\/6C783533-1397-4D9F-82D4-763D853561C0.jpeg","datePublished":"2021-12-30T03:59:08+00:00","dateModified":"2021-12-30T03:59:11+00:00","author":{"@id":"https:\/\/quehacerpolitico.mx\/#\/schema\/person\/496d8ad2d1d3f8036101dca7ee39e585"},"breadcrumb":{"@id":"https:\/\/quehacerpolitico.mx\/?p=87801#breadcrumb"},"inLanguage":"es","potentialAction":[{"@type":"ReadAction","target":["https:\/\/quehacerpolitico.mx\/?p=87801"]}]},{"@type":"ImageObject","inLanguage":"es","@id":"https:\/\/quehacerpolitico.mx\/?p=87801#primaryimage","url":"https:\/\/quehacerpolitico.mx\/wp-content\/uploads\/2021\/12\/6C783533-1397-4D9F-82D4-763D853561C0.jpeg","contentUrl":"https:\/\/quehacerpolitico.mx\/wp-content\/uploads\/2021\/12\/6C783533-1397-4D9F-82D4-763D853561C0.jpeg","width":1085,"height":704},{"@type":"BreadcrumbList","@id":"https:\/\/quehacerpolitico.mx\/?p=87801#breadcrumb","itemListElement":[{"@type":"ListItem","position":1,"name":"Inicio","item":"https:\/\/quehacerpolitico.mx\/"},{"@type":"ListItem","position":2,"name":"Hoy M\u00e9xico suma cinco mil 290 contagios y 188 muertes por COVID"}]},{"@type":"WebSite","@id":"https:\/\/quehacerpolitico.mx\/#website","url":"https:\/\/quehacerpolitico.mx\/","name":"","description":"","potentialAction":[{"@type":"SearchAction","target":{"@type":"EntryPoint","urlTemplate":"https:\/\/quehacerpolitico.mx\/?s={search_term_string}"},"query-input":{"@type":"PropertyValueSpecification","valueRequired":true,"valueName":"search_term_string"}}],"inLanguage":"es"},{"@type":"Person","@id":"https:\/\/quehacerpolitico.mx\/#\/schema\/person\/496d8ad2d1d3f8036101dca7ee39e585","name":"Redacci\u00f3n QP","image":{"@type":"ImageObject","inLanguage":"es","@id":"https:\/\/secure.gravatar.com\/avatar\/c7164ed6fdec453195284ad24a5ae5b6e1eed2b848477fa2a4787ba9adf39a41?s=96&d=mm&r=g","url":"https:\/\/secure.gravatar.com\/avatar\/c7164ed6fdec453195284ad24a5ae5b6e1eed2b848477fa2a4787ba9adf39a41?s=96&d=mm&r=g","contentUrl":"https:\/\/secure.gravatar.com\/avatar\/c7164ed6fdec453195284ad24a5ae5b6e1eed2b848477fa2a4787ba9adf39a41?s=96&d=mm&r=g","caption":"Redacci\u00f3n QP"},"url":"https:\/\/quehacerpolitico.mx\/?author=2"}]}},"featured_image_urls":{"full":["https:\/\/quehacerpolitico.mx\/wp-content\/uploads\/2021\/12\/6C783533-1397-4D9F-82D4-763D853561C0.jpeg",1085,704,false],"thumbnail":["https:\/\/quehacerpolitico.mx\/wp-content\/uploads\/2021\/12\/6C783533-1397-4D9F-82D4-763D853561C0-150x150.jpeg",150,150,true],"medium":["https:\/\/quehacerpolitico.mx\/wp-content\/uploads\/2021\/12\/6C783533-1397-4D9F-82D4-763D853561C0-300x195.jpeg",300,195,true],"medium_large":["https:\/\/quehacerpolitico.mx\/wp-content\/uploads\/2021\/12\/6C783533-1397-4D9F-82D4-763D853561C0-768x498.jpeg",640,415,true],"large":["https:\/\/quehacerpolitico.mx\/wp-content\/uploads\/2021\/12\/6C783533-1397-4D9F-82D4-763D853561C0-1024x664.jpeg",640,415,true],"1536x1536":["https:\/\/quehacerpolitico.mx\/wp-content\/uploads\/2021\/12\/6C783533-1397-4D9F-82D4-763D853561C0.jpeg",1085,704,false],"2048x2048":["https:\/\/quehacerpolitico.mx\/wp-content\/uploads\/2021\/12\/6C783533-1397-4D9F-82D4-763D853561C0.jpeg",1085,704,false],"covernews-featured":["https:\/\/quehacerpolitico.mx\/wp-content\/uploads\/2021\/12\/6C783533-1397-4D9F-82D4-763D853561C0.jpeg",1024,664,false],"covernews-medium":["https:\/\/quehacerpolitico.mx\/wp-content\/uploads\/2021\/12\/6C783533-1397-4D9F-82D4-763D853561C0.jpeg",524,340,false]},"author_info":{"display_name":"Redacci\u00f3n QP","author_link":"https:\/\/quehacerpolitico.mx\/?author=2"},"category_info":"<a href=\"https:\/\/quehacerpolitico.mx\/?cat=2\" rel=\"category\">Noticias<\/a>","tag_info":"Noticias","comment_count":"0","_links":{"self":[{"href":"https:\/\/quehacerpolitico.mx\/index.php?rest_route=\/wp\/v2\/posts\/87801","targetHints":{"allow":["GET"]}}],"collection":[{"href":"https:\/\/quehacerpolitico.mx\/index.php?rest_route=\/wp\/v2\/posts"}],"about":[{"href":"https:\/\/quehacerpolitico.mx\/index.php?rest_route=\/wp\/v2\/types\/post"}],"author":[{"embeddable":true,"href":"https:\/\/quehacerpolitico.mx\/index.php?rest_route=\/wp\/v2\/users\/2"}],"replies":[{"embeddable":true,"href":"https:\/\/quehacerpolitico.mx\/index.php?rest_route=%2Fwp%2Fv2%2Fcomments&post=87801"}],"version-history":[{"count":1,"href":"https:\/\/quehacerpolitico.mx\/index.php?rest_route=\/wp\/v2\/posts\/87801\/revisions"}],"predecessor-version":[{"id":87803,"href":"https:\/\/quehacerpolitico.mx\/index.php?rest_route=\/wp\/v2\/posts\/87801\/revisions\/87803"}],"wp:featuredmedia":[{"embeddable":true,"href":"https:\/\/quehacerpolitico.mx\/index.php?rest_route=\/wp\/v2\/media\/87802"}],"wp:attachment":[{"href":"https:\/\/quehacerpolitico.mx\/index.php?rest_route=%2Fwp%2Fv2%2Fmedia&parent=87801"}],"wp:term":[{"taxonomy":"category","embeddable":true,"href":"https:\/\/quehacerpolitico.mx\/index.php?rest_route=%2Fwp%2Fv2%2Fcategories&post=87801"},{"taxonomy":"post_tag","embeddable":true,"href":"https:\/\/quehacerpolitico.mx\/index.php?rest_route=%2Fwp%2Fv2%2Ftags&post=87801"}],"curies":[{"name":"wp","href":"https:\/\/api.w.org\/{rel}","templated":true}]}}