{"id":87789,"date":"2021-12-29T19:19:31","date_gmt":"2021-12-29T19:19:31","guid":{"rendered":"https:\/\/quehacerpolitico.mx\/?p=87789"},"modified":"2021-12-29T19:19:34","modified_gmt":"2021-12-29T19:19:34","slug":"amlo-propone-colecta-para-encuesta-de-revocacion-de-mandato","status":"publish","type":"post","link":"https:\/\/quehacerpolitico.mx\/?p=87789","title":{"rendered":"AMLO propone colecta para encuesta de revocaci\u00f3n de mandato"},"content":{"rendered":"\n<p>Por Redacci\u00f3n QP<\/p>\n\n\n\n<p>&#8220;Consulta va a haber, de una forma o de otra&#8221;, dice el Presidente, quien propone contratar empresas encuestadoras para que hagan el trabajo<\/p>\n\n\n\n<p>De no convocarse el refrendo para la permanencia en el cargo del<strong>&nbsp;Presidente Andres Manuel L\u00f3pez Obrador (AMLO)<\/strong>, con el argumento de que<strong>&nbsp;no hay dinero<\/strong>, el mismo Andr\u00e9s Manuel hizo una propuesta,&nbsp;<strong>una colecta<\/strong>&nbsp;para contratar&nbsp;<strong>encuestadoras<\/strong>&nbsp;de prestigio y que ellas hagan el trabajo.<\/p>\n\n\n\n<blockquote class=\"wp-block-quote is-layout-flow wp-block-quote-is-layout-flow\"><p>&#8220;Consulta va a haber, de una forma o de otra, pero tiene que haber&#8221;<\/p><\/blockquote>\n\n\n\n<p>En esta administraci\u00f3n<strong>&nbsp;ya se hizo una reforma constitucional&nbsp;<\/strong>con la intenci\u00f3n de que a mitad de cada sexenio se haga un refrendo para que los ciudadanos puedan decidir si quieren o no que el Presidente siga en el cargo.<\/p>\n\n\n\n<p>As\u00ed pues la consulta estaba programada para abril del 2022, pero el Instituto Nacional Electoral (INE) ha frenado el proceso bajo el argumento de fondos insuficientes.<\/p>\n\n\n\n<p>L\u00f3pez Obrador ha respondido con una propuesta, que\u00a0<strong>\u201centre todos\u201d<\/strong>\u00a0la organicemos a trav\u00e9s de una colecta que junte dinero para contratar a cinco o diez empresas encuestadoras que se encargaran del trabajo.<\/p>\n\n\n\n<figure class=\"wp-block-embed is-type-video is-provider-youtube wp-block-embed-youtube wp-embed-aspect-16-9 wp-has-aspect-ratio\"><div class=\"wp-block-embed__wrapper\">\n<iframe loading=\"lazy\" title=\"AMLO propone contratar encuestadoras si INE no realiza revocaci\u00f3n de mandato\" width=\"640\" height=\"360\" src=\"https:\/\/www.youtube.com\/embed\/AOfoDcFjz3Y?feature=oembed\" frameborder=\"0\" allow=\"accelerometer; autoplay; clipboard-write; encrypted-media; gyroscope; picture-in-picture; web-share\" referrerpolicy=\"strict-origin-when-cross-origin\" allowfullscreen><\/iframe>\n<\/div><\/figure>\n\n\n\n<p>&#8220;No llevar\u00eda mucho tiempo e<strong>\u00a0incluso se podr\u00eda hacer hasta telef\u00f3nica<\/strong>\u00a0y otra parte domiciliaria&#8221;, agreg\u00f3 sin dar mayores detalles\u00a0<strong>sobre c\u00f3mo se organizar\u00eda la &#8220;colecta&#8221; o la falta de valor legal<\/strong>\u00a0que tendr\u00eda un sondeo de esas caracter\u00edsticas.<\/p>\n\n\n\n<p>El Presidente And\u00e9s Manuel quiere cumplir una promesa de campa\u00f1a y a su vez&nbsp;<strong>pasar a la historia como el primer gobernante que se somete a un referendo revocatorio en la historia del pa\u00eds.<\/strong>&nbsp;Sus seguidores apoyan la consulta, sus opositores la han criticado a pesar de ser una oportunidad para votar por su salida, pues argumentan que no es m\u00e1s que&nbsp;<strong>una artima\u00f1a propagandista en favor de la alta popularidad del mandatario<\/strong><\/p>\n\n\n\n<p>Se ha causado tanta pol\u00e9mica que el Presidente de la c\u00e1mara de Diputados, el oficialista Sergio Guti\u00e9rrez Luna\u00a0<strong>hizo una denuncia\u00a0 penal contra los miembros del INE que votaron por aplazar el refrendo<\/strong>,\u00a0despues el Presidente AMLO se pronunci\u00f3 en contra y ya fue retirada.<\/p>\n\n\n\n<p>Con Informaci\u00f3n de AP<\/p>\n","protected":false},"excerpt":{"rendered":"<p>Por Redacci\u00f3n QP &#8220;Consulta va a haber, de una forma o de otra&#8221;, dice el&#8230;<\/p>\n","protected":false},"author":2,"featured_media":87790,"comment_status":"open","ping_status":"open","sticky":false,"template":"","format":"standard","meta":{"_monsterinsights_skip_tracking":false,"_monsterinsights_sitenote_active":false,"_monsterinsights_sitenote_note":"","_monsterinsights_sitenote_category":0,"footnotes":""},"categories":[2],"tags":[],"class_list":["post-87789","post","type-post","status-publish","format-standard","has-post-thumbnail","hentry","category-noticias"],"yoast_head":"<!-- This site is optimized with the Yoast SEO plugin v27.3 - https:\/\/yoast.com\/product\/yoast-seo-wordpress\/ -->\n<title>AMLO propone colecta para encuesta de revocaci\u00f3n de mandato -<\/title>\n<meta name=\"robots\" content=\"index, follow, max-snippet:-1, max-image-preview:large, max-video-preview:-1\" \/>\n<link rel=\"canonical\" href=\"https:\/\/quehacerpolitico.mx\/?p=87789\" \/>\n<meta property=\"og:locale\" content=\"es_MX\" \/>\n<meta property=\"og:type\" content=\"article\" \/>\n<meta property=\"og:title\" content=\"AMLO propone colecta para encuesta de revocaci\u00f3n de mandato -\" \/>\n<meta property=\"og:description\" content=\"Por Redacci\u00f3n QP &#8220;Consulta va a haber, de una forma o de otra&#8221;, dice el...\" \/>\n<meta property=\"og:url\" content=\"https:\/\/quehacerpolitico.mx\/?p=87789\" \/>\n<meta property=\"article:published_time\" content=\"2021-12-29T19:19:31+00:00\" \/>\n<meta property=\"article:modified_time\" content=\"2021-12-29T19:19:34+00:00\" \/>\n<meta property=\"og:image\" content=\"https:\/\/quehacerpolitico.mx\/wp-content\/uploads\/2021\/12\/80E03EF2-6257-44D4-912D-6CBAF7F26F43.jpeg\" \/>\n\t<meta property=\"og:image:width\" content=\"948\" \/>\n\t<meta property=\"og:image:height\" content=\"703\" \/>\n\t<meta property=\"og:image:type\" content=\"image\/jpeg\" \/>\n<meta name=\"author\" content=\"Redacci\u00f3n QP\" \/>\n<meta name=\"twitter:card\" content=\"summary_large_image\" \/>\n<meta name=\"twitter:label1\" content=\"Escrito por\" \/>\n\t<meta name=\"twitter:data1\" content=\"Redacci\u00f3n QP\" \/>\n\t<meta name=\"twitter:label2\" content=\"Tiempo de lectura\" \/>\n\t<meta name=\"twitter:data2\" content=\"2 minutos\" \/>\n<script type=\"application\/ld+json\" class=\"yoast-schema-graph\">{\"@context\":\"https:\\\/\\\/schema.org\",\"@graph\":[{\"@type\":\"Article\",\"@id\":\"https:\\\/\\\/quehacerpolitico.mx\\\/?p=87789#article\",\"isPartOf\":{\"@id\":\"https:\\\/\\\/quehacerpolitico.mx\\\/?p=87789\"},\"author\":{\"name\":\"Redacci\u00f3n QP\",\"@id\":\"https:\\\/\\\/quehacerpolitico.mx\\\/#\\\/schema\\\/person\\\/496d8ad2d1d3f8036101dca7ee39e585\"},\"headline\":\"AMLO propone colecta para encuesta de revocaci\u00f3n de mandato\",\"datePublished\":\"2021-12-29T19:19:31+00:00\",\"dateModified\":\"2021-12-29T19:19:34+00:00\",\"mainEntityOfPage\":{\"@id\":\"https:\\\/\\\/quehacerpolitico.mx\\\/?p=87789\"},\"wordCount\":394,\"commentCount\":0,\"image\":{\"@id\":\"https:\\\/\\\/quehacerpolitico.mx\\\/?p=87789#primaryimage\"},\"thumbnailUrl\":\"https:\\\/\\\/quehacerpolitico.mx\\\/wp-content\\\/uploads\\\/2021\\\/12\\\/80E03EF2-6257-44D4-912D-6CBAF7F26F43.jpeg\",\"articleSection\":[\"Noticias\"],\"inLanguage\":\"es\",\"potentialAction\":[{\"@type\":\"CommentAction\",\"name\":\"Comment\",\"target\":[\"https:\\\/\\\/quehacerpolitico.mx\\\/?p=87789#respond\"]}]},{\"@type\":\"WebPage\",\"@id\":\"https:\\\/\\\/quehacerpolitico.mx\\\/?p=87789\",\"url\":\"https:\\\/\\\/quehacerpolitico.mx\\\/?p=87789\",\"name\":\"AMLO propone colecta para encuesta de revocaci\u00f3n de mandato -\",\"isPartOf\":{\"@id\":\"https:\\\/\\\/quehacerpolitico.mx\\\/#website\"},\"primaryImageOfPage\":{\"@id\":\"https:\\\/\\\/quehacerpolitico.mx\\\/?p=87789#primaryimage\"},\"image\":{\"@id\":\"https:\\\/\\\/quehacerpolitico.mx\\\/?p=87789#primaryimage\"},\"thumbnailUrl\":\"https:\\\/\\\/quehacerpolitico.mx\\\/wp-content\\\/uploads\\\/2021\\\/12\\\/80E03EF2-6257-44D4-912D-6CBAF7F26F43.jpeg\",\"datePublished\":\"2021-12-29T19:19:31+00:00\",\"dateModified\":\"2021-12-29T19:19:34+00:00\",\"author\":{\"@id\":\"https:\\\/\\\/quehacerpolitico.mx\\\/#\\\/schema\\\/person\\\/496d8ad2d1d3f8036101dca7ee39e585\"},\"breadcrumb\":{\"@id\":\"https:\\\/\\\/quehacerpolitico.mx\\\/?p=87789#breadcrumb\"},\"inLanguage\":\"es\",\"potentialAction\":[{\"@type\":\"ReadAction\",\"target\":[\"https:\\\/\\\/quehacerpolitico.mx\\\/?p=87789\"]}]},{\"@type\":\"ImageObject\",\"inLanguage\":\"es\",\"@id\":\"https:\\\/\\\/quehacerpolitico.mx\\\/?p=87789#primaryimage\",\"url\":\"https:\\\/\\\/quehacerpolitico.mx\\\/wp-content\\\/uploads\\\/2021\\\/12\\\/80E03EF2-6257-44D4-912D-6CBAF7F26F43.jpeg\",\"contentUrl\":\"https:\\\/\\\/quehacerpolitico.mx\\\/wp-content\\\/uploads\\\/2021\\\/12\\\/80E03EF2-6257-44D4-912D-6CBAF7F26F43.jpeg\",\"width\":948,\"height\":703},{\"@type\":\"BreadcrumbList\",\"@id\":\"https:\\\/\\\/quehacerpolitico.mx\\\/?p=87789#breadcrumb\",\"itemListElement\":[{\"@type\":\"ListItem\",\"position\":1,\"name\":\"Inicio\",\"item\":\"https:\\\/\\\/quehacerpolitico.mx\\\/\"},{\"@type\":\"ListItem\",\"position\":2,\"name\":\"AMLO propone colecta para encuesta de revocaci\u00f3n de mandato\"}]},{\"@type\":\"WebSite\",\"@id\":\"https:\\\/\\\/quehacerpolitico.mx\\\/#website\",\"url\":\"https:\\\/\\\/quehacerpolitico.mx\\\/\",\"name\":\"\",\"description\":\"\",\"potentialAction\":[{\"@type\":\"SearchAction\",\"target\":{\"@type\":\"EntryPoint\",\"urlTemplate\":\"https:\\\/\\\/quehacerpolitico.mx\\\/?s={search_term_string}\"},\"query-input\":{\"@type\":\"PropertyValueSpecification\",\"valueRequired\":true,\"valueName\":\"search_term_string\"}}],\"inLanguage\":\"es\"},{\"@type\":\"Person\",\"@id\":\"https:\\\/\\\/quehacerpolitico.mx\\\/#\\\/schema\\\/person\\\/496d8ad2d1d3f8036101dca7ee39e585\",\"name\":\"Redacci\u00f3n QP\",\"image\":{\"@type\":\"ImageObject\",\"inLanguage\":\"es\",\"@id\":\"https:\\\/\\\/secure.gravatar.com\\\/avatar\\\/c7164ed6fdec453195284ad24a5ae5b6e1eed2b848477fa2a4787ba9adf39a41?s=96&d=mm&r=g\",\"url\":\"https:\\\/\\\/secure.gravatar.com\\\/avatar\\\/c7164ed6fdec453195284ad24a5ae5b6e1eed2b848477fa2a4787ba9adf39a41?s=96&d=mm&r=g\",\"contentUrl\":\"https:\\\/\\\/secure.gravatar.com\\\/avatar\\\/c7164ed6fdec453195284ad24a5ae5b6e1eed2b848477fa2a4787ba9adf39a41?s=96&d=mm&r=g\",\"caption\":\"Redacci\u00f3n QP\"},\"url\":\"https:\\\/\\\/quehacerpolitico.mx\\\/?author=2\"}]}<\/script>\n<!-- \/ Yoast SEO plugin. -->","yoast_head_json":{"title":"AMLO propone colecta para encuesta de revocaci\u00f3n de mandato -","robots":{"index":"index","follow":"follow","max-snippet":"max-snippet:-1","max-image-preview":"max-image-preview:large","max-video-preview":"max-video-preview:-1"},"canonical":"https:\/\/quehacerpolitico.mx\/?p=87789","og_locale":"es_MX","og_type":"article","og_title":"AMLO propone colecta para encuesta de revocaci\u00f3n de mandato -","og_description":"Por Redacci\u00f3n QP &#8220;Consulta va a haber, de una forma o de otra&#8221;, dice el...","og_url":"https:\/\/quehacerpolitico.mx\/?p=87789","article_published_time":"2021-12-29T19:19:31+00:00","article_modified_time":"2021-12-29T19:19:34+00:00","og_image":[{"width":948,"height":703,"url":"https:\/\/quehacerpolitico.mx\/wp-content\/uploads\/2021\/12\/80E03EF2-6257-44D4-912D-6CBAF7F26F43.jpeg","type":"image\/jpeg"}],"author":"Redacci\u00f3n QP","twitter_card":"summary_large_image","twitter_misc":{"Escrito por":"Redacci\u00f3n QP","Tiempo de lectura":"2 minutos"},"schema":{"@context":"https:\/\/schema.org","@graph":[{"@type":"Article","@id":"https:\/\/quehacerpolitico.mx\/?p=87789#article","isPartOf":{"@id":"https:\/\/quehacerpolitico.mx\/?p=87789"},"author":{"name":"Redacci\u00f3n QP","@id":"https:\/\/quehacerpolitico.mx\/#\/schema\/person\/496d8ad2d1d3f8036101dca7ee39e585"},"headline":"AMLO propone colecta para encuesta de revocaci\u00f3n de mandato","datePublished":"2021-12-29T19:19:31+00:00","dateModified":"2021-12-29T19:19:34+00:00","mainEntityOfPage":{"@id":"https:\/\/quehacerpolitico.mx\/?p=87789"},"wordCount":394,"commentCount":0,"image":{"@id":"https:\/\/quehacerpolitico.mx\/?p=87789#primaryimage"},"thumbnailUrl":"https:\/\/quehacerpolitico.mx\/wp-content\/uploads\/2021\/12\/80E03EF2-6257-44D4-912D-6CBAF7F26F43.jpeg","articleSection":["Noticias"],"inLanguage":"es","potentialAction":[{"@type":"CommentAction","name":"Comment","target":["https:\/\/quehacerpolitico.mx\/?p=87789#respond"]}]},{"@type":"WebPage","@id":"https:\/\/quehacerpolitico.mx\/?p=87789","url":"https:\/\/quehacerpolitico.mx\/?p=87789","name":"AMLO propone colecta para encuesta de revocaci\u00f3n de mandato -","isPartOf":{"@id":"https:\/\/quehacerpolitico.mx\/#website"},"primaryImageOfPage":{"@id":"https:\/\/quehacerpolitico.mx\/?p=87789#primaryimage"},"image":{"@id":"https:\/\/quehacerpolitico.mx\/?p=87789#primaryimage"},"thumbnailUrl":"https:\/\/quehacerpolitico.mx\/wp-content\/uploads\/2021\/12\/80E03EF2-6257-44D4-912D-6CBAF7F26F43.jpeg","datePublished":"2021-12-29T19:19:31+00:00","dateModified":"2021-12-29T19:19:34+00:00","author":{"@id":"https:\/\/quehacerpolitico.mx\/#\/schema\/person\/496d8ad2d1d3f8036101dca7ee39e585"},"breadcrumb":{"@id":"https:\/\/quehacerpolitico.mx\/?p=87789#breadcrumb"},"inLanguage":"es","potentialAction":[{"@type":"ReadAction","target":["https:\/\/quehacerpolitico.mx\/?p=87789"]}]},{"@type":"ImageObject","inLanguage":"es","@id":"https:\/\/quehacerpolitico.mx\/?p=87789#primaryimage","url":"https:\/\/quehacerpolitico.mx\/wp-content\/uploads\/2021\/12\/80E03EF2-6257-44D4-912D-6CBAF7F26F43.jpeg","contentUrl":"https:\/\/quehacerpolitico.mx\/wp-content\/uploads\/2021\/12\/80E03EF2-6257-44D4-912D-6CBAF7F26F43.jpeg","width":948,"height":703},{"@type":"BreadcrumbList","@id":"https:\/\/quehacerpolitico.mx\/?p=87789#breadcrumb","itemListElement":[{"@type":"ListItem","position":1,"name":"Inicio","item":"https:\/\/quehacerpolitico.mx\/"},{"@type":"ListItem","position":2,"name":"AMLO propone colecta para encuesta de revocaci\u00f3n de mandato"}]},{"@type":"WebSite","@id":"https:\/\/quehacerpolitico.mx\/#website","url":"https:\/\/quehacerpolitico.mx\/","name":"","description":"","potentialAction":[{"@type":"SearchAction","target":{"@type":"EntryPoint","urlTemplate":"https:\/\/quehacerpolitico.mx\/?s={search_term_string}"},"query-input":{"@type":"PropertyValueSpecification","valueRequired":true,"valueName":"search_term_string"}}],"inLanguage":"es"},{"@type":"Person","@id":"https:\/\/quehacerpolitico.mx\/#\/schema\/person\/496d8ad2d1d3f8036101dca7ee39e585","name":"Redacci\u00f3n QP","image":{"@type":"ImageObject","inLanguage":"es","@id":"https:\/\/secure.gravatar.com\/avatar\/c7164ed6fdec453195284ad24a5ae5b6e1eed2b848477fa2a4787ba9adf39a41?s=96&d=mm&r=g","url":"https:\/\/secure.gravatar.com\/avatar\/c7164ed6fdec453195284ad24a5ae5b6e1eed2b848477fa2a4787ba9adf39a41?s=96&d=mm&r=g","contentUrl":"https:\/\/secure.gravatar.com\/avatar\/c7164ed6fdec453195284ad24a5ae5b6e1eed2b848477fa2a4787ba9adf39a41?s=96&d=mm&r=g","caption":"Redacci\u00f3n QP"},"url":"https:\/\/quehacerpolitico.mx\/?author=2"}]}},"featured_image_urls":{"full":["https:\/\/quehacerpolitico.mx\/wp-content\/uploads\/2021\/12\/80E03EF2-6257-44D4-912D-6CBAF7F26F43.jpeg",948,703,false],"thumbnail":["https:\/\/quehacerpolitico.mx\/wp-content\/uploads\/2021\/12\/80E03EF2-6257-44D4-912D-6CBAF7F26F43-150x150.jpeg",150,150,true],"medium":["https:\/\/quehacerpolitico.mx\/wp-content\/uploads\/2021\/12\/80E03EF2-6257-44D4-912D-6CBAF7F26F43-300x222.jpeg",300,222,true],"medium_large":["https:\/\/quehacerpolitico.mx\/wp-content\/uploads\/2021\/12\/80E03EF2-6257-44D4-912D-6CBAF7F26F43-768x570.jpeg",640,475,true],"large":["https:\/\/quehacerpolitico.mx\/wp-content\/uploads\/2021\/12\/80E03EF2-6257-44D4-912D-6CBAF7F26F43.jpeg",640,475,false],"1536x1536":["https:\/\/quehacerpolitico.mx\/wp-content\/uploads\/2021\/12\/80E03EF2-6257-44D4-912D-6CBAF7F26F43.jpeg",948,703,false],"2048x2048":["https:\/\/quehacerpolitico.mx\/wp-content\/uploads\/2021\/12\/80E03EF2-6257-44D4-912D-6CBAF7F26F43.jpeg",948,703,false],"covernews-featured":["https:\/\/quehacerpolitico.mx\/wp-content\/uploads\/2021\/12\/80E03EF2-6257-44D4-912D-6CBAF7F26F43.jpeg",948,703,false],"covernews-medium":["https:\/\/quehacerpolitico.mx\/wp-content\/uploads\/2021\/12\/80E03EF2-6257-44D4-912D-6CBAF7F26F43.jpeg",458,340,false]},"author_info":{"display_name":"Redacci\u00f3n QP","author_link":"https:\/\/quehacerpolitico.mx\/?author=2"},"category_info":"<a href=\"https:\/\/quehacerpolitico.mx\/?cat=2\" rel=\"category\">Noticias<\/a>","tag_info":"Noticias","comment_count":"0","_links":{"self":[{"href":"https:\/\/quehacerpolitico.mx\/index.php?rest_route=\/wp\/v2\/posts\/87789","targetHints":{"allow":["GET"]}}],"collection":[{"href":"https:\/\/quehacerpolitico.mx\/index.php?rest_route=\/wp\/v2\/posts"}],"about":[{"href":"https:\/\/quehacerpolitico.mx\/index.php?rest_route=\/wp\/v2\/types\/post"}],"author":[{"embeddable":true,"href":"https:\/\/quehacerpolitico.mx\/index.php?rest_route=\/wp\/v2\/users\/2"}],"replies":[{"embeddable":true,"href":"https:\/\/quehacerpolitico.mx\/index.php?rest_route=%2Fwp%2Fv2%2Fcomments&post=87789"}],"version-history":[{"count":1,"href":"https:\/\/quehacerpolitico.mx\/index.php?rest_route=\/wp\/v2\/posts\/87789\/revisions"}],"predecessor-version":[{"id":87791,"href":"https:\/\/quehacerpolitico.mx\/index.php?rest_route=\/wp\/v2\/posts\/87789\/revisions\/87791"}],"wp:featuredmedia":[{"embeddable":true,"href":"https:\/\/quehacerpolitico.mx\/index.php?rest_route=\/wp\/v2\/media\/87790"}],"wp:attachment":[{"href":"https:\/\/quehacerpolitico.mx\/index.php?rest_route=%2Fwp%2Fv2%2Fmedia&parent=87789"}],"wp:term":[{"taxonomy":"category","embeddable":true,"href":"https:\/\/quehacerpolitico.mx\/index.php?rest_route=%2Fwp%2Fv2%2Fcategories&post=87789"},{"taxonomy":"post_tag","embeddable":true,"href":"https:\/\/quehacerpolitico.mx\/index.php?rest_route=%2Fwp%2Fv2%2Ftags&post=87789"}],"curies":[{"name":"wp","href":"https:\/\/api.w.org\/{rel}","templated":true}]}}