{"id":87786,"date":"2021-12-29T18:19:55","date_gmt":"2021-12-29T18:19:55","guid":{"rendered":"https:\/\/quehacerpolitico.mx\/?p=87786"},"modified":"2021-12-29T18:19:58","modified_gmt":"2021-12-29T18:19:58","slug":"amlo-me-dio-gusto-constatar-la-decadencia-de-vargas-llosa","status":"publish","type":"post","link":"https:\/\/quehacerpolitico.mx\/?p=87786","title":{"rendered":"AMLO: Me dio gusto &#8220;constatar la decadencia&#8221; de Vargas Llosa"},"content":{"rendered":"\n<p>Por Redacci\u00f3n QP<\/p>\n\n\n\n<p>&#8220;El da un discurso explicando lo que estaba sucediendo en Am\u00e9rica Latina, pero es un discurso que no aporta nada&#8221;, dijo AMLO sobre el escritor<\/p>\n\n\n\n<p>El Presidente de M\u00e9xico, Andr\u00e9s Manuel L\u00f3pez Obrador (AMLO), expres\u00f3 este mi\u00e9rcoles que&nbsp;<strong>le &#8220;da gusto constatar la decadencia&#8221; del nobel de Literatura peruano Mario Vargas Llosa por su apoyo a la derecha latinoamericana<\/strong>.<\/p>\n\n\n\n<p>&#8220;Me dio gusto escuchar, observar, constatar la decadencia de Vargas Llosa porque lo invitan, tambi\u00e9n as\u00ed est\u00e1 el mundo, siguen creyendo que es lo mismo, lo invitan a Estados Unidos a una conferencia, todos los que tienen un pensamiento conservador de Am\u00e9rica Latina&#8221;, manifest\u00f3 L\u00f3pez Obrador.<\/p>\n\n\n\n<p>AMLO se refiri\u00f3 a la participaci\u00f3n de Vargas Llosa en un seminario de la Fundaci\u00f3n Internacional para la Libertad en Florida, Estados Unidos, al que tambi\u00e9n asistieron figuras como el excanciller mexicano Jorge Casta\u00f1eda y el expresidente de Ecuador Len\u00edn Moreno.<\/p>\n\n\n\n<p>&#8220;<strong>Y \u00e9l da un discurso explicando lo que estaba sucediendo en Am\u00e9rica Latina, pero es un discurso que no aporta nada<\/strong>, de lugares comunes y es un discurso de derrota, un discurso sin opciones, sin alternativas, incluso desde sus posturas&#8221;, opin\u00f3 AMLO<\/p>\n\n\n\n<figure class=\"wp-block-embed is-type-video is-provider-youtube wp-block-embed-youtube wp-embed-aspect-16-9 wp-has-aspect-ratio\"><div class=\"wp-block-embed__wrapper\">\n<iframe loading=\"lazy\" title=\"Da gusto constatar la decadencia de Vargas Llosa: AMLO\" width=\"640\" height=\"360\" src=\"https:\/\/www.youtube.com\/embed\/oJi-xgoA_2I?feature=oembed\" frameborder=\"0\" allow=\"accelerometer; autoplay; clipboard-write; encrypted-media; gyroscope; picture-in-picture; web-share\" referrerpolicy=\"strict-origin-when-cross-origin\" allowfullscreen><\/iframe>\n<\/div><\/figure>\n\n\n\n<p>El escritor hispano-peruano, ganador del Premio Nobel en 2010, despert\u00f3 cr\u00edticas este 2021 por apoyar a la candidata Keiko Fujimori en las elecciones presidenciales de Per\u00fa y despu\u00e9s al ultraderechista Jos\u00e9 Antonio Kast en Chile.<\/p>\n\n\n\n<p>L\u00f3pez Obrador, quien ha mostrado en varias ocasiones su afinidad por el presidente electo de Chile, Gabriel Boric, se sum\u00f3 a las cr\u00edticas contra Vargas Llosa.<\/p>\n\n\n\n<p>&#8220;Todav\u00eda no suced\u00eda lo de Chile cuando ese discurso, faltaba como una semana o quince d\u00edas para la elecci\u00f3n en Chile, que \u00e9l dec\u00eda que iba a ser lamentable que en Chile ganara Boric&#8221;, ironiz\u00f3 el Presidente de M\u00e9xico.<\/p>\n\n\n\n<p>L\u00f3pez Obrador y Vargas Llosa ya han intercambiado cr\u00edticas en el pasado, como en 2018, cuando el escritor advirti\u00f3 de un &#8220;suicidio democr\u00e1tico&#8221; si el mexicano ganaba las elecciones presidenciales ese a\u00f1o.<\/p>\n\n\n\n<blockquote class=\"wp-block-quote is-layout-flow wp-block-quote-is-layout-flow\"><p>&#8220;Es nada m\u00e1s lamentarse (de que) Am\u00e9rica Latina ya ha sido tomada por la izquierda&#8221;<\/p><\/blockquote>\n\n\n\n<p>El \u00faltimo mes, AMLO ha criticado la participaci\u00f3n de Vargas Llosa en una presunta &#8220;guerra sucia&#8221; para destituir al\u00a0presidente de Per\u00fa, el izquierdista Pedro Castillo.<\/p>\n\n\n\n<p>AMLO tambi\u00e9n se\u00f1al\u00f3 la reciente pol\u00e9mica en Francia, donde un grupo de intelectuales franceses mostr\u00f3 el 9 de diciembre su rechazo al ingreso del hispano-peruano a la Academia Francesa de la lengua por sus posturas cercanas a la extrema derecha.<\/p>\n\n\n\n<p>&#8220;Es uno de los ide\u00f3logos m\u00e1s famosos del conservadurismo en Am\u00e9rica Latina. Ya lo hab\u00edan nombrado o es miembro de la Academia de las Letras en Francia y por estas posturas, y porque ya perdi\u00f3 la imaginaci\u00f3n y el talento, ya le estaban retirando algunos escritores el reconocimiento&#8221;, dijo.<\/p>\n\n\n\n<p>Con Informaci\u00f3n de EFE<\/p>\n","protected":false},"excerpt":{"rendered":"<p>Por Redacci\u00f3n QP &#8220;El da un discurso explicando lo que estaba sucediendo en Am\u00e9rica Latina,&#8230;<\/p>\n","protected":false},"author":2,"featured_media":87787,"comment_status":"open","ping_status":"open","sticky":false,"template":"","format":"standard","meta":{"_monsterinsights_skip_tracking":false,"_monsterinsights_sitenote_active":false,"_monsterinsights_sitenote_note":"","_monsterinsights_sitenote_category":0,"footnotes":""},"categories":[2],"tags":[],"class_list":["post-87786","post","type-post","status-publish","format-standard","has-post-thumbnail","hentry","category-noticias"],"yoast_head":"<!-- This site is optimized with the Yoast SEO plugin v27.3 - https:\/\/yoast.com\/product\/yoast-seo-wordpress\/ -->\n<title>AMLO: Me dio gusto &quot;constatar la decadencia&quot; de Vargas Llosa -<\/title>\n<meta name=\"robots\" content=\"index, follow, max-snippet:-1, max-image-preview:large, max-video-preview:-1\" \/>\n<link rel=\"canonical\" href=\"https:\/\/quehacerpolitico.mx\/?p=87786\" \/>\n<meta property=\"og:locale\" content=\"es_MX\" \/>\n<meta property=\"og:type\" content=\"article\" \/>\n<meta property=\"og:title\" content=\"AMLO: Me dio gusto &quot;constatar la decadencia&quot; de Vargas Llosa -\" \/>\n<meta property=\"og:description\" content=\"Por Redacci\u00f3n QP &#8220;El da un discurso explicando lo que estaba sucediendo en Am\u00e9rica Latina,...\" \/>\n<meta property=\"og:url\" content=\"https:\/\/quehacerpolitico.mx\/?p=87786\" \/>\n<meta property=\"article:published_time\" content=\"2021-12-29T18:19:55+00:00\" \/>\n<meta property=\"article:modified_time\" content=\"2021-12-29T18:19:58+00:00\" \/>\n<meta property=\"og:image\" content=\"https:\/\/quehacerpolitico.mx\/wp-content\/uploads\/2021\/12\/9D7C98E1-01D5-4A1A-A230-40FDE2ED9379.jpeg\" \/>\n\t<meta property=\"og:image:width\" content=\"952\" \/>\n\t<meta property=\"og:image:height\" content=\"705\" \/>\n\t<meta property=\"og:image:type\" content=\"image\/jpeg\" \/>\n<meta name=\"author\" content=\"Redacci\u00f3n QP\" \/>\n<meta name=\"twitter:card\" content=\"summary_large_image\" \/>\n<meta name=\"twitter:label1\" content=\"Escrito por\" \/>\n\t<meta name=\"twitter:data1\" content=\"Redacci\u00f3n QP\" \/>\n\t<meta name=\"twitter:label2\" content=\"Tiempo de lectura\" \/>\n\t<meta name=\"twitter:data2\" content=\"3 minutos\" \/>\n<script type=\"application\/ld+json\" class=\"yoast-schema-graph\">{\"@context\":\"https:\\\/\\\/schema.org\",\"@graph\":[{\"@type\":\"Article\",\"@id\":\"https:\\\/\\\/quehacerpolitico.mx\\\/?p=87786#article\",\"isPartOf\":{\"@id\":\"https:\\\/\\\/quehacerpolitico.mx\\\/?p=87786\"},\"author\":{\"name\":\"Redacci\u00f3n QP\",\"@id\":\"https:\\\/\\\/quehacerpolitico.mx\\\/#\\\/schema\\\/person\\\/496d8ad2d1d3f8036101dca7ee39e585\"},\"headline\":\"AMLO: Me dio gusto &#8220;constatar la decadencia&#8221; de Vargas Llosa\",\"datePublished\":\"2021-12-29T18:19:55+00:00\",\"dateModified\":\"2021-12-29T18:19:58+00:00\",\"mainEntityOfPage\":{\"@id\":\"https:\\\/\\\/quehacerpolitico.mx\\\/?p=87786\"},\"wordCount\":510,\"commentCount\":0,\"image\":{\"@id\":\"https:\\\/\\\/quehacerpolitico.mx\\\/?p=87786#primaryimage\"},\"thumbnailUrl\":\"https:\\\/\\\/quehacerpolitico.mx\\\/wp-content\\\/uploads\\\/2021\\\/12\\\/9D7C98E1-01D5-4A1A-A230-40FDE2ED9379.jpeg\",\"articleSection\":[\"Noticias\"],\"inLanguage\":\"es\",\"potentialAction\":[{\"@type\":\"CommentAction\",\"name\":\"Comment\",\"target\":[\"https:\\\/\\\/quehacerpolitico.mx\\\/?p=87786#respond\"]}]},{\"@type\":\"WebPage\",\"@id\":\"https:\\\/\\\/quehacerpolitico.mx\\\/?p=87786\",\"url\":\"https:\\\/\\\/quehacerpolitico.mx\\\/?p=87786\",\"name\":\"AMLO: Me dio gusto \\\"constatar la decadencia\\\" de Vargas Llosa -\",\"isPartOf\":{\"@id\":\"https:\\\/\\\/quehacerpolitico.mx\\\/#website\"},\"primaryImageOfPage\":{\"@id\":\"https:\\\/\\\/quehacerpolitico.mx\\\/?p=87786#primaryimage\"},\"image\":{\"@id\":\"https:\\\/\\\/quehacerpolitico.mx\\\/?p=87786#primaryimage\"},\"thumbnailUrl\":\"https:\\\/\\\/quehacerpolitico.mx\\\/wp-content\\\/uploads\\\/2021\\\/12\\\/9D7C98E1-01D5-4A1A-A230-40FDE2ED9379.jpeg\",\"datePublished\":\"2021-12-29T18:19:55+00:00\",\"dateModified\":\"2021-12-29T18:19:58+00:00\",\"author\":{\"@id\":\"https:\\\/\\\/quehacerpolitico.mx\\\/#\\\/schema\\\/person\\\/496d8ad2d1d3f8036101dca7ee39e585\"},\"breadcrumb\":{\"@id\":\"https:\\\/\\\/quehacerpolitico.mx\\\/?p=87786#breadcrumb\"},\"inLanguage\":\"es\",\"potentialAction\":[{\"@type\":\"ReadAction\",\"target\":[\"https:\\\/\\\/quehacerpolitico.mx\\\/?p=87786\"]}]},{\"@type\":\"ImageObject\",\"inLanguage\":\"es\",\"@id\":\"https:\\\/\\\/quehacerpolitico.mx\\\/?p=87786#primaryimage\",\"url\":\"https:\\\/\\\/quehacerpolitico.mx\\\/wp-content\\\/uploads\\\/2021\\\/12\\\/9D7C98E1-01D5-4A1A-A230-40FDE2ED9379.jpeg\",\"contentUrl\":\"https:\\\/\\\/quehacerpolitico.mx\\\/wp-content\\\/uploads\\\/2021\\\/12\\\/9D7C98E1-01D5-4A1A-A230-40FDE2ED9379.jpeg\",\"width\":952,\"height\":705},{\"@type\":\"BreadcrumbList\",\"@id\":\"https:\\\/\\\/quehacerpolitico.mx\\\/?p=87786#breadcrumb\",\"itemListElement\":[{\"@type\":\"ListItem\",\"position\":1,\"name\":\"Inicio\",\"item\":\"https:\\\/\\\/quehacerpolitico.mx\\\/\"},{\"@type\":\"ListItem\",\"position\":2,\"name\":\"AMLO: Me dio gusto &#8220;constatar la decadencia&#8221; de Vargas Llosa\"}]},{\"@type\":\"WebSite\",\"@id\":\"https:\\\/\\\/quehacerpolitico.mx\\\/#website\",\"url\":\"https:\\\/\\\/quehacerpolitico.mx\\\/\",\"name\":\"\",\"description\":\"\",\"potentialAction\":[{\"@type\":\"SearchAction\",\"target\":{\"@type\":\"EntryPoint\",\"urlTemplate\":\"https:\\\/\\\/quehacerpolitico.mx\\\/?s={search_term_string}\"},\"query-input\":{\"@type\":\"PropertyValueSpecification\",\"valueRequired\":true,\"valueName\":\"search_term_string\"}}],\"inLanguage\":\"es\"},{\"@type\":\"Person\",\"@id\":\"https:\\\/\\\/quehacerpolitico.mx\\\/#\\\/schema\\\/person\\\/496d8ad2d1d3f8036101dca7ee39e585\",\"name\":\"Redacci\u00f3n QP\",\"image\":{\"@type\":\"ImageObject\",\"inLanguage\":\"es\",\"@id\":\"https:\\\/\\\/secure.gravatar.com\\\/avatar\\\/c7164ed6fdec453195284ad24a5ae5b6e1eed2b848477fa2a4787ba9adf39a41?s=96&d=mm&r=g\",\"url\":\"https:\\\/\\\/secure.gravatar.com\\\/avatar\\\/c7164ed6fdec453195284ad24a5ae5b6e1eed2b848477fa2a4787ba9adf39a41?s=96&d=mm&r=g\",\"contentUrl\":\"https:\\\/\\\/secure.gravatar.com\\\/avatar\\\/c7164ed6fdec453195284ad24a5ae5b6e1eed2b848477fa2a4787ba9adf39a41?s=96&d=mm&r=g\",\"caption\":\"Redacci\u00f3n QP\"},\"url\":\"https:\\\/\\\/quehacerpolitico.mx\\\/?author=2\"}]}<\/script>\n<!-- \/ Yoast SEO plugin. -->","yoast_head_json":{"title":"AMLO: Me dio gusto \"constatar la decadencia\" de Vargas Llosa -","robots":{"index":"index","follow":"follow","max-snippet":"max-snippet:-1","max-image-preview":"max-image-preview:large","max-video-preview":"max-video-preview:-1"},"canonical":"https:\/\/quehacerpolitico.mx\/?p=87786","og_locale":"es_MX","og_type":"article","og_title":"AMLO: Me dio gusto \"constatar la decadencia\" de Vargas Llosa -","og_description":"Por Redacci\u00f3n QP &#8220;El da un discurso explicando lo que estaba sucediendo en Am\u00e9rica Latina,...","og_url":"https:\/\/quehacerpolitico.mx\/?p=87786","article_published_time":"2021-12-29T18:19:55+00:00","article_modified_time":"2021-12-29T18:19:58+00:00","og_image":[{"width":952,"height":705,"url":"https:\/\/quehacerpolitico.mx\/wp-content\/uploads\/2021\/12\/9D7C98E1-01D5-4A1A-A230-40FDE2ED9379.jpeg","type":"image\/jpeg"}],"author":"Redacci\u00f3n QP","twitter_card":"summary_large_image","twitter_misc":{"Escrito por":"Redacci\u00f3n QP","Tiempo de lectura":"3 minutos"},"schema":{"@context":"https:\/\/schema.org","@graph":[{"@type":"Article","@id":"https:\/\/quehacerpolitico.mx\/?p=87786#article","isPartOf":{"@id":"https:\/\/quehacerpolitico.mx\/?p=87786"},"author":{"name":"Redacci\u00f3n QP","@id":"https:\/\/quehacerpolitico.mx\/#\/schema\/person\/496d8ad2d1d3f8036101dca7ee39e585"},"headline":"AMLO: Me dio gusto &#8220;constatar la decadencia&#8221; de Vargas Llosa","datePublished":"2021-12-29T18:19:55+00:00","dateModified":"2021-12-29T18:19:58+00:00","mainEntityOfPage":{"@id":"https:\/\/quehacerpolitico.mx\/?p=87786"},"wordCount":510,"commentCount":0,"image":{"@id":"https:\/\/quehacerpolitico.mx\/?p=87786#primaryimage"},"thumbnailUrl":"https:\/\/quehacerpolitico.mx\/wp-content\/uploads\/2021\/12\/9D7C98E1-01D5-4A1A-A230-40FDE2ED9379.jpeg","articleSection":["Noticias"],"inLanguage":"es","potentialAction":[{"@type":"CommentAction","name":"Comment","target":["https:\/\/quehacerpolitico.mx\/?p=87786#respond"]}]},{"@type":"WebPage","@id":"https:\/\/quehacerpolitico.mx\/?p=87786","url":"https:\/\/quehacerpolitico.mx\/?p=87786","name":"AMLO: Me dio gusto \"constatar la decadencia\" de Vargas Llosa -","isPartOf":{"@id":"https:\/\/quehacerpolitico.mx\/#website"},"primaryImageOfPage":{"@id":"https:\/\/quehacerpolitico.mx\/?p=87786#primaryimage"},"image":{"@id":"https:\/\/quehacerpolitico.mx\/?p=87786#primaryimage"},"thumbnailUrl":"https:\/\/quehacerpolitico.mx\/wp-content\/uploads\/2021\/12\/9D7C98E1-01D5-4A1A-A230-40FDE2ED9379.jpeg","datePublished":"2021-12-29T18:19:55+00:00","dateModified":"2021-12-29T18:19:58+00:00","author":{"@id":"https:\/\/quehacerpolitico.mx\/#\/schema\/person\/496d8ad2d1d3f8036101dca7ee39e585"},"breadcrumb":{"@id":"https:\/\/quehacerpolitico.mx\/?p=87786#breadcrumb"},"inLanguage":"es","potentialAction":[{"@type":"ReadAction","target":["https:\/\/quehacerpolitico.mx\/?p=87786"]}]},{"@type":"ImageObject","inLanguage":"es","@id":"https:\/\/quehacerpolitico.mx\/?p=87786#primaryimage","url":"https:\/\/quehacerpolitico.mx\/wp-content\/uploads\/2021\/12\/9D7C98E1-01D5-4A1A-A230-40FDE2ED9379.jpeg","contentUrl":"https:\/\/quehacerpolitico.mx\/wp-content\/uploads\/2021\/12\/9D7C98E1-01D5-4A1A-A230-40FDE2ED9379.jpeg","width":952,"height":705},{"@type":"BreadcrumbList","@id":"https:\/\/quehacerpolitico.mx\/?p=87786#breadcrumb","itemListElement":[{"@type":"ListItem","position":1,"name":"Inicio","item":"https:\/\/quehacerpolitico.mx\/"},{"@type":"ListItem","position":2,"name":"AMLO: Me dio gusto &#8220;constatar la decadencia&#8221; de Vargas Llosa"}]},{"@type":"WebSite","@id":"https:\/\/quehacerpolitico.mx\/#website","url":"https:\/\/quehacerpolitico.mx\/","name":"","description":"","potentialAction":[{"@type":"SearchAction","target":{"@type":"EntryPoint","urlTemplate":"https:\/\/quehacerpolitico.mx\/?s={search_term_string}"},"query-input":{"@type":"PropertyValueSpecification","valueRequired":true,"valueName":"search_term_string"}}],"inLanguage":"es"},{"@type":"Person","@id":"https:\/\/quehacerpolitico.mx\/#\/schema\/person\/496d8ad2d1d3f8036101dca7ee39e585","name":"Redacci\u00f3n QP","image":{"@type":"ImageObject","inLanguage":"es","@id":"https:\/\/secure.gravatar.com\/avatar\/c7164ed6fdec453195284ad24a5ae5b6e1eed2b848477fa2a4787ba9adf39a41?s=96&d=mm&r=g","url":"https:\/\/secure.gravatar.com\/avatar\/c7164ed6fdec453195284ad24a5ae5b6e1eed2b848477fa2a4787ba9adf39a41?s=96&d=mm&r=g","contentUrl":"https:\/\/secure.gravatar.com\/avatar\/c7164ed6fdec453195284ad24a5ae5b6e1eed2b848477fa2a4787ba9adf39a41?s=96&d=mm&r=g","caption":"Redacci\u00f3n QP"},"url":"https:\/\/quehacerpolitico.mx\/?author=2"}]}},"featured_image_urls":{"full":["https:\/\/quehacerpolitico.mx\/wp-content\/uploads\/2021\/12\/9D7C98E1-01D5-4A1A-A230-40FDE2ED9379.jpeg",952,705,false],"thumbnail":["https:\/\/quehacerpolitico.mx\/wp-content\/uploads\/2021\/12\/9D7C98E1-01D5-4A1A-A230-40FDE2ED9379-150x150.jpeg",150,150,true],"medium":["https:\/\/quehacerpolitico.mx\/wp-content\/uploads\/2021\/12\/9D7C98E1-01D5-4A1A-A230-40FDE2ED9379-300x222.jpeg",300,222,true],"medium_large":["https:\/\/quehacerpolitico.mx\/wp-content\/uploads\/2021\/12\/9D7C98E1-01D5-4A1A-A230-40FDE2ED9379-768x569.jpeg",640,474,true],"large":["https:\/\/quehacerpolitico.mx\/wp-content\/uploads\/2021\/12\/9D7C98E1-01D5-4A1A-A230-40FDE2ED9379.jpeg",640,474,false],"1536x1536":["https:\/\/quehacerpolitico.mx\/wp-content\/uploads\/2021\/12\/9D7C98E1-01D5-4A1A-A230-40FDE2ED9379.jpeg",952,705,false],"2048x2048":["https:\/\/quehacerpolitico.mx\/wp-content\/uploads\/2021\/12\/9D7C98E1-01D5-4A1A-A230-40FDE2ED9379.jpeg",952,705,false],"covernews-featured":["https:\/\/quehacerpolitico.mx\/wp-content\/uploads\/2021\/12\/9D7C98E1-01D5-4A1A-A230-40FDE2ED9379.jpeg",952,705,false],"covernews-medium":["https:\/\/quehacerpolitico.mx\/wp-content\/uploads\/2021\/12\/9D7C98E1-01D5-4A1A-A230-40FDE2ED9379.jpeg",459,340,false]},"author_info":{"display_name":"Redacci\u00f3n QP","author_link":"https:\/\/quehacerpolitico.mx\/?author=2"},"category_info":"<a href=\"https:\/\/quehacerpolitico.mx\/?cat=2\" rel=\"category\">Noticias<\/a>","tag_info":"Noticias","comment_count":"0","_links":{"self":[{"href":"https:\/\/quehacerpolitico.mx\/index.php?rest_route=\/wp\/v2\/posts\/87786","targetHints":{"allow":["GET"]}}],"collection":[{"href":"https:\/\/quehacerpolitico.mx\/index.php?rest_route=\/wp\/v2\/posts"}],"about":[{"href":"https:\/\/quehacerpolitico.mx\/index.php?rest_route=\/wp\/v2\/types\/post"}],"author":[{"embeddable":true,"href":"https:\/\/quehacerpolitico.mx\/index.php?rest_route=\/wp\/v2\/users\/2"}],"replies":[{"embeddable":true,"href":"https:\/\/quehacerpolitico.mx\/index.php?rest_route=%2Fwp%2Fv2%2Fcomments&post=87786"}],"version-history":[{"count":1,"href":"https:\/\/quehacerpolitico.mx\/index.php?rest_route=\/wp\/v2\/posts\/87786\/revisions"}],"predecessor-version":[{"id":87788,"href":"https:\/\/quehacerpolitico.mx\/index.php?rest_route=\/wp\/v2\/posts\/87786\/revisions\/87788"}],"wp:featuredmedia":[{"embeddable":true,"href":"https:\/\/quehacerpolitico.mx\/index.php?rest_route=\/wp\/v2\/media\/87787"}],"wp:attachment":[{"href":"https:\/\/quehacerpolitico.mx\/index.php?rest_route=%2Fwp%2Fv2%2Fmedia&parent=87786"}],"wp:term":[{"taxonomy":"category","embeddable":true,"href":"https:\/\/quehacerpolitico.mx\/index.php?rest_route=%2Fwp%2Fv2%2Fcategories&post=87786"},{"taxonomy":"post_tag","embeddable":true,"href":"https:\/\/quehacerpolitico.mx\/index.php?rest_route=%2Fwp%2Fv2%2Ftags&post=87786"}],"curies":[{"name":"wp","href":"https:\/\/api.w.org\/{rel}","templated":true}]}}