{"id":87783,"date":"2021-12-29T17:59:08","date_gmt":"2021-12-29T17:59:08","guid":{"rendered":"https:\/\/quehacerpolitico.mx\/?p=87783"},"modified":"2021-12-29T17:59:12","modified_gmt":"2021-12-29T17:59:12","slug":"amlo-otorgara-proteccion-a-ricardo-ravelo-tras-reportaje-sobre-el-gobernador-de-jalisco","status":"publish","type":"post","link":"https:\/\/quehacerpolitico.mx\/?p=87783","title":{"rendered":"AMLO otorgar\u00e1 protecci\u00f3n a Ricardo Ravelo tras reportaje sobre el gobernador de Jalisco"},"content":{"rendered":"\n<p>Por Redacci\u00f3n QP<\/p>\n\n\n\n<p>L\u00f3pez Obrador reiter\u00f3 que su Gobierno dar\u00e1 protecci\u00f3n a los periodistas que se sientan amenazados, pero resalt\u00f3 que &#8220;no se puede culpar a nadie sin elementos de prueba&#8221;<\/p>\n\n\n\n<p>Luego de que el gobernador de Jalisco amagara con denunciar al periodista Ricardo Ravelo por su investigaci\u00f3n donde lo relaciona con el crimen organizado, el Presidente de M\u00e9xico, Andr\u00e9s Manuel L\u00f3pez Obrador (AMLO) anunci\u00f3 que ofrecer\u00e1n protecci\u00f3n al comunicador.<\/p>\n\n\n\n<p>Durante la \u201cma\u00f1anera\u201d de hoy, AMLO dijo que instruir\u00e1 al subsecretario de Derechos Humanos de Gobernaci\u00f3n, Alejandro Encinas para que revise el caso y si es necesario, brindar protecci\u00f3n a Ravelo, aunque aclar\u00f3 que esto no significa que el mandatario jalisciense sea culpable.<\/p>\n\n\n\n<blockquote class=\"wp-block-quote is-layout-flow wp-block-quote-is-layout-flow\"><p>&#8220;No se puede culpar a nadie sin elementos de prueba, sin un proceso legal, pero tambi\u00e9n se debe garantizar la libre manifestaci\u00f3n de las ideas&#8221;<\/p><\/blockquote>\n\n\n\n<p>&#8220;No se ha tratado en el Gabinete, lo vi en la redes, le voy a pedir a Alejandro Encinas establezca comunicaci\u00f3n con el periodista.\u00a0<strong>Esto no significa que sea responsable el gobernador, nada m\u00e1s es cumplir con nuestra responsabilidad de proteger<\/strong>&#8220;, afirm\u00f3 AMLO.<\/p>\n\n\n\n<figure class=\"wp-block-embed is-type-video is-provider-youtube wp-block-embed-youtube wp-embed-aspect-16-9 wp-has-aspect-ratio\"><div class=\"wp-block-embed__wrapper\">\n<iframe loading=\"lazy\" title=\"AMLO ordena otorgar protecci\u00f3n al periodista Ricardo Ravelo\" width=\"640\" height=\"360\" src=\"https:\/\/www.youtube.com\/embed\/ystIogge0Q8?feature=oembed\" frameborder=\"0\" allow=\"accelerometer; autoplay; clipboard-write; encrypted-media; gyroscope; picture-in-picture; web-share\" referrerpolicy=\"strict-origin-when-cross-origin\" allowfullscreen><\/iframe>\n<\/div><\/figure>\n\n\n\n<p>L\u00f3pez Obrador reiter\u00f3 que su Gobierno dar\u00e1 protecci\u00f3n a los periodistas que se sientan amenazados por su trabajo, pero resalt\u00f3 que &#8220;no se puede culpar a nadie sin elementos de prueba, sin un proceso legal, pero tambi\u00e9n se debe garantizar la libre manifestaci\u00f3n de las ideas, la libertad de expresi\u00f3n y la libertad de prensa, derechos conquistados desde hace siglos por el periodismo y se tienen que hacer valer&#8221;.<\/p>\n\n\n\n<p>Fue a trav\u00e9s de redes sociales que el periodista Ricardo Ravelo declarara que hac\u00eda &#8220;responsable\u201d al gobernador de Jalisco de lo que le pasara a \u00e9l y a su familia.<\/p>\n\n\n\n<p>Con Informaci\u00f3n de SUN <\/p>\n","protected":false},"excerpt":{"rendered":"<p>Por Redacci\u00f3n QP L\u00f3pez Obrador reiter\u00f3 que su Gobierno dar\u00e1 protecci\u00f3n a los periodistas que&#8230;<\/p>\n","protected":false},"author":2,"featured_media":87784,"comment_status":"open","ping_status":"open","sticky":false,"template":"","format":"standard","meta":{"_monsterinsights_skip_tracking":false,"_monsterinsights_sitenote_active":false,"_monsterinsights_sitenote_note":"","_monsterinsights_sitenote_category":0,"footnotes":""},"categories":[2],"tags":[],"class_list":["post-87783","post","type-post","status-publish","format-standard","has-post-thumbnail","hentry","category-noticias"],"yoast_head":"<!-- This site is optimized with the Yoast SEO plugin v27.3 - https:\/\/yoast.com\/product\/yoast-seo-wordpress\/ -->\n<title>AMLO otorgar\u00e1 protecci\u00f3n a Ricardo Ravelo tras reportaje sobre el gobernador de Jalisco -<\/title>\n<meta name=\"robots\" content=\"index, follow, max-snippet:-1, max-image-preview:large, max-video-preview:-1\" \/>\n<link rel=\"canonical\" href=\"https:\/\/quehacerpolitico.mx\/?p=87783\" \/>\n<meta property=\"og:locale\" content=\"es_MX\" \/>\n<meta property=\"og:type\" content=\"article\" \/>\n<meta property=\"og:title\" content=\"AMLO otorgar\u00e1 protecci\u00f3n a Ricardo Ravelo tras reportaje sobre el gobernador de Jalisco -\" \/>\n<meta property=\"og:description\" content=\"Por Redacci\u00f3n QP L\u00f3pez Obrador reiter\u00f3 que su Gobierno dar\u00e1 protecci\u00f3n a los periodistas que...\" \/>\n<meta property=\"og:url\" content=\"https:\/\/quehacerpolitico.mx\/?p=87783\" \/>\n<meta property=\"article:published_time\" content=\"2021-12-29T17:59:08+00:00\" \/>\n<meta property=\"article:modified_time\" content=\"2021-12-29T17:59:12+00:00\" \/>\n<meta property=\"og:image\" content=\"https:\/\/quehacerpolitico.mx\/wp-content\/uploads\/2021\/12\/CDDB3EE4-F0D3-4C6C-BAD1-9BB1A00ED3E0.jpeg\" \/>\n\t<meta property=\"og:image:width\" content=\"952\" \/>\n\t<meta property=\"og:image:height\" content=\"700\" \/>\n\t<meta property=\"og:image:type\" content=\"image\/jpeg\" \/>\n<meta name=\"author\" content=\"Redacci\u00f3n QP\" \/>\n<meta name=\"twitter:card\" content=\"summary_large_image\" \/>\n<meta name=\"twitter:label1\" content=\"Escrito por\" \/>\n\t<meta name=\"twitter:data1\" content=\"Redacci\u00f3n QP\" \/>\n\t<meta name=\"twitter:label2\" content=\"Tiempo de lectura\" \/>\n\t<meta name=\"twitter:data2\" content=\"2 minutos\" \/>\n<script type=\"application\/ld+json\" class=\"yoast-schema-graph\">{\"@context\":\"https:\\\/\\\/schema.org\",\"@graph\":[{\"@type\":\"Article\",\"@id\":\"https:\\\/\\\/quehacerpolitico.mx\\\/?p=87783#article\",\"isPartOf\":{\"@id\":\"https:\\\/\\\/quehacerpolitico.mx\\\/?p=87783\"},\"author\":{\"name\":\"Redacci\u00f3n QP\",\"@id\":\"https:\\\/\\\/quehacerpolitico.mx\\\/#\\\/schema\\\/person\\\/496d8ad2d1d3f8036101dca7ee39e585\"},\"headline\":\"AMLO otorgar\u00e1 protecci\u00f3n a Ricardo Ravelo tras reportaje sobre el gobernador de Jalisco\",\"datePublished\":\"2021-12-29T17:59:08+00:00\",\"dateModified\":\"2021-12-29T17:59:12+00:00\",\"mainEntityOfPage\":{\"@id\":\"https:\\\/\\\/quehacerpolitico.mx\\\/?p=87783\"},\"wordCount\":327,\"commentCount\":0,\"image\":{\"@id\":\"https:\\\/\\\/quehacerpolitico.mx\\\/?p=87783#primaryimage\"},\"thumbnailUrl\":\"https:\\\/\\\/quehacerpolitico.mx\\\/wp-content\\\/uploads\\\/2021\\\/12\\\/CDDB3EE4-F0D3-4C6C-BAD1-9BB1A00ED3E0.jpeg\",\"articleSection\":[\"Noticias\"],\"inLanguage\":\"es\",\"potentialAction\":[{\"@type\":\"CommentAction\",\"name\":\"Comment\",\"target\":[\"https:\\\/\\\/quehacerpolitico.mx\\\/?p=87783#respond\"]}]},{\"@type\":\"WebPage\",\"@id\":\"https:\\\/\\\/quehacerpolitico.mx\\\/?p=87783\",\"url\":\"https:\\\/\\\/quehacerpolitico.mx\\\/?p=87783\",\"name\":\"AMLO otorgar\u00e1 protecci\u00f3n a Ricardo Ravelo tras reportaje sobre el gobernador de Jalisco -\",\"isPartOf\":{\"@id\":\"https:\\\/\\\/quehacerpolitico.mx\\\/#website\"},\"primaryImageOfPage\":{\"@id\":\"https:\\\/\\\/quehacerpolitico.mx\\\/?p=87783#primaryimage\"},\"image\":{\"@id\":\"https:\\\/\\\/quehacerpolitico.mx\\\/?p=87783#primaryimage\"},\"thumbnailUrl\":\"https:\\\/\\\/quehacerpolitico.mx\\\/wp-content\\\/uploads\\\/2021\\\/12\\\/CDDB3EE4-F0D3-4C6C-BAD1-9BB1A00ED3E0.jpeg\",\"datePublished\":\"2021-12-29T17:59:08+00:00\",\"dateModified\":\"2021-12-29T17:59:12+00:00\",\"author\":{\"@id\":\"https:\\\/\\\/quehacerpolitico.mx\\\/#\\\/schema\\\/person\\\/496d8ad2d1d3f8036101dca7ee39e585\"},\"breadcrumb\":{\"@id\":\"https:\\\/\\\/quehacerpolitico.mx\\\/?p=87783#breadcrumb\"},\"inLanguage\":\"es\",\"potentialAction\":[{\"@type\":\"ReadAction\",\"target\":[\"https:\\\/\\\/quehacerpolitico.mx\\\/?p=87783\"]}]},{\"@type\":\"ImageObject\",\"inLanguage\":\"es\",\"@id\":\"https:\\\/\\\/quehacerpolitico.mx\\\/?p=87783#primaryimage\",\"url\":\"https:\\\/\\\/quehacerpolitico.mx\\\/wp-content\\\/uploads\\\/2021\\\/12\\\/CDDB3EE4-F0D3-4C6C-BAD1-9BB1A00ED3E0.jpeg\",\"contentUrl\":\"https:\\\/\\\/quehacerpolitico.mx\\\/wp-content\\\/uploads\\\/2021\\\/12\\\/CDDB3EE4-F0D3-4C6C-BAD1-9BB1A00ED3E0.jpeg\",\"width\":952,\"height\":700},{\"@type\":\"BreadcrumbList\",\"@id\":\"https:\\\/\\\/quehacerpolitico.mx\\\/?p=87783#breadcrumb\",\"itemListElement\":[{\"@type\":\"ListItem\",\"position\":1,\"name\":\"Inicio\",\"item\":\"https:\\\/\\\/quehacerpolitico.mx\\\/\"},{\"@type\":\"ListItem\",\"position\":2,\"name\":\"AMLO otorgar\u00e1 protecci\u00f3n a Ricardo Ravelo tras reportaje sobre el gobernador de Jalisco\"}]},{\"@type\":\"WebSite\",\"@id\":\"https:\\\/\\\/quehacerpolitico.mx\\\/#website\",\"url\":\"https:\\\/\\\/quehacerpolitico.mx\\\/\",\"name\":\"\",\"description\":\"\",\"potentialAction\":[{\"@type\":\"SearchAction\",\"target\":{\"@type\":\"EntryPoint\",\"urlTemplate\":\"https:\\\/\\\/quehacerpolitico.mx\\\/?s={search_term_string}\"},\"query-input\":{\"@type\":\"PropertyValueSpecification\",\"valueRequired\":true,\"valueName\":\"search_term_string\"}}],\"inLanguage\":\"es\"},{\"@type\":\"Person\",\"@id\":\"https:\\\/\\\/quehacerpolitico.mx\\\/#\\\/schema\\\/person\\\/496d8ad2d1d3f8036101dca7ee39e585\",\"name\":\"Redacci\u00f3n QP\",\"image\":{\"@type\":\"ImageObject\",\"inLanguage\":\"es\",\"@id\":\"https:\\\/\\\/secure.gravatar.com\\\/avatar\\\/c7164ed6fdec453195284ad24a5ae5b6e1eed2b848477fa2a4787ba9adf39a41?s=96&d=mm&r=g\",\"url\":\"https:\\\/\\\/secure.gravatar.com\\\/avatar\\\/c7164ed6fdec453195284ad24a5ae5b6e1eed2b848477fa2a4787ba9adf39a41?s=96&d=mm&r=g\",\"contentUrl\":\"https:\\\/\\\/secure.gravatar.com\\\/avatar\\\/c7164ed6fdec453195284ad24a5ae5b6e1eed2b848477fa2a4787ba9adf39a41?s=96&d=mm&r=g\",\"caption\":\"Redacci\u00f3n QP\"},\"url\":\"https:\\\/\\\/quehacerpolitico.mx\\\/?author=2\"}]}<\/script>\n<!-- \/ Yoast SEO plugin. -->","yoast_head_json":{"title":"AMLO otorgar\u00e1 protecci\u00f3n a Ricardo Ravelo tras reportaje sobre el gobernador de Jalisco -","robots":{"index":"index","follow":"follow","max-snippet":"max-snippet:-1","max-image-preview":"max-image-preview:large","max-video-preview":"max-video-preview:-1"},"canonical":"https:\/\/quehacerpolitico.mx\/?p=87783","og_locale":"es_MX","og_type":"article","og_title":"AMLO otorgar\u00e1 protecci\u00f3n a Ricardo Ravelo tras reportaje sobre el gobernador de Jalisco -","og_description":"Por Redacci\u00f3n QP L\u00f3pez Obrador reiter\u00f3 que su Gobierno dar\u00e1 protecci\u00f3n a los periodistas que...","og_url":"https:\/\/quehacerpolitico.mx\/?p=87783","article_published_time":"2021-12-29T17:59:08+00:00","article_modified_time":"2021-12-29T17:59:12+00:00","og_image":[{"width":952,"height":700,"url":"https:\/\/quehacerpolitico.mx\/wp-content\/uploads\/2021\/12\/CDDB3EE4-F0D3-4C6C-BAD1-9BB1A00ED3E0.jpeg","type":"image\/jpeg"}],"author":"Redacci\u00f3n QP","twitter_card":"summary_large_image","twitter_misc":{"Escrito por":"Redacci\u00f3n QP","Tiempo de lectura":"2 minutos"},"schema":{"@context":"https:\/\/schema.org","@graph":[{"@type":"Article","@id":"https:\/\/quehacerpolitico.mx\/?p=87783#article","isPartOf":{"@id":"https:\/\/quehacerpolitico.mx\/?p=87783"},"author":{"name":"Redacci\u00f3n QP","@id":"https:\/\/quehacerpolitico.mx\/#\/schema\/person\/496d8ad2d1d3f8036101dca7ee39e585"},"headline":"AMLO otorgar\u00e1 protecci\u00f3n a Ricardo Ravelo tras reportaje sobre el gobernador de Jalisco","datePublished":"2021-12-29T17:59:08+00:00","dateModified":"2021-12-29T17:59:12+00:00","mainEntityOfPage":{"@id":"https:\/\/quehacerpolitico.mx\/?p=87783"},"wordCount":327,"commentCount":0,"image":{"@id":"https:\/\/quehacerpolitico.mx\/?p=87783#primaryimage"},"thumbnailUrl":"https:\/\/quehacerpolitico.mx\/wp-content\/uploads\/2021\/12\/CDDB3EE4-F0D3-4C6C-BAD1-9BB1A00ED3E0.jpeg","articleSection":["Noticias"],"inLanguage":"es","potentialAction":[{"@type":"CommentAction","name":"Comment","target":["https:\/\/quehacerpolitico.mx\/?p=87783#respond"]}]},{"@type":"WebPage","@id":"https:\/\/quehacerpolitico.mx\/?p=87783","url":"https:\/\/quehacerpolitico.mx\/?p=87783","name":"AMLO otorgar\u00e1 protecci\u00f3n a Ricardo Ravelo tras reportaje sobre el gobernador de Jalisco -","isPartOf":{"@id":"https:\/\/quehacerpolitico.mx\/#website"},"primaryImageOfPage":{"@id":"https:\/\/quehacerpolitico.mx\/?p=87783#primaryimage"},"image":{"@id":"https:\/\/quehacerpolitico.mx\/?p=87783#primaryimage"},"thumbnailUrl":"https:\/\/quehacerpolitico.mx\/wp-content\/uploads\/2021\/12\/CDDB3EE4-F0D3-4C6C-BAD1-9BB1A00ED3E0.jpeg","datePublished":"2021-12-29T17:59:08+00:00","dateModified":"2021-12-29T17:59:12+00:00","author":{"@id":"https:\/\/quehacerpolitico.mx\/#\/schema\/person\/496d8ad2d1d3f8036101dca7ee39e585"},"breadcrumb":{"@id":"https:\/\/quehacerpolitico.mx\/?p=87783#breadcrumb"},"inLanguage":"es","potentialAction":[{"@type":"ReadAction","target":["https:\/\/quehacerpolitico.mx\/?p=87783"]}]},{"@type":"ImageObject","inLanguage":"es","@id":"https:\/\/quehacerpolitico.mx\/?p=87783#primaryimage","url":"https:\/\/quehacerpolitico.mx\/wp-content\/uploads\/2021\/12\/CDDB3EE4-F0D3-4C6C-BAD1-9BB1A00ED3E0.jpeg","contentUrl":"https:\/\/quehacerpolitico.mx\/wp-content\/uploads\/2021\/12\/CDDB3EE4-F0D3-4C6C-BAD1-9BB1A00ED3E0.jpeg","width":952,"height":700},{"@type":"BreadcrumbList","@id":"https:\/\/quehacerpolitico.mx\/?p=87783#breadcrumb","itemListElement":[{"@type":"ListItem","position":1,"name":"Inicio","item":"https:\/\/quehacerpolitico.mx\/"},{"@type":"ListItem","position":2,"name":"AMLO otorgar\u00e1 protecci\u00f3n a Ricardo Ravelo tras reportaje sobre el gobernador de Jalisco"}]},{"@type":"WebSite","@id":"https:\/\/quehacerpolitico.mx\/#website","url":"https:\/\/quehacerpolitico.mx\/","name":"","description":"","potentialAction":[{"@type":"SearchAction","target":{"@type":"EntryPoint","urlTemplate":"https:\/\/quehacerpolitico.mx\/?s={search_term_string}"},"query-input":{"@type":"PropertyValueSpecification","valueRequired":true,"valueName":"search_term_string"}}],"inLanguage":"es"},{"@type":"Person","@id":"https:\/\/quehacerpolitico.mx\/#\/schema\/person\/496d8ad2d1d3f8036101dca7ee39e585","name":"Redacci\u00f3n QP","image":{"@type":"ImageObject","inLanguage":"es","@id":"https:\/\/secure.gravatar.com\/avatar\/c7164ed6fdec453195284ad24a5ae5b6e1eed2b848477fa2a4787ba9adf39a41?s=96&d=mm&r=g","url":"https:\/\/secure.gravatar.com\/avatar\/c7164ed6fdec453195284ad24a5ae5b6e1eed2b848477fa2a4787ba9adf39a41?s=96&d=mm&r=g","contentUrl":"https:\/\/secure.gravatar.com\/avatar\/c7164ed6fdec453195284ad24a5ae5b6e1eed2b848477fa2a4787ba9adf39a41?s=96&d=mm&r=g","caption":"Redacci\u00f3n QP"},"url":"https:\/\/quehacerpolitico.mx\/?author=2"}]}},"featured_image_urls":{"full":["https:\/\/quehacerpolitico.mx\/wp-content\/uploads\/2021\/12\/CDDB3EE4-F0D3-4C6C-BAD1-9BB1A00ED3E0.jpeg",952,700,false],"thumbnail":["https:\/\/quehacerpolitico.mx\/wp-content\/uploads\/2021\/12\/CDDB3EE4-F0D3-4C6C-BAD1-9BB1A00ED3E0-150x150.jpeg",150,150,true],"medium":["https:\/\/quehacerpolitico.mx\/wp-content\/uploads\/2021\/12\/CDDB3EE4-F0D3-4C6C-BAD1-9BB1A00ED3E0-300x221.jpeg",300,221,true],"medium_large":["https:\/\/quehacerpolitico.mx\/wp-content\/uploads\/2021\/12\/CDDB3EE4-F0D3-4C6C-BAD1-9BB1A00ED3E0-768x565.jpeg",640,471,true],"large":["https:\/\/quehacerpolitico.mx\/wp-content\/uploads\/2021\/12\/CDDB3EE4-F0D3-4C6C-BAD1-9BB1A00ED3E0.jpeg",640,471,false],"1536x1536":["https:\/\/quehacerpolitico.mx\/wp-content\/uploads\/2021\/12\/CDDB3EE4-F0D3-4C6C-BAD1-9BB1A00ED3E0.jpeg",952,700,false],"2048x2048":["https:\/\/quehacerpolitico.mx\/wp-content\/uploads\/2021\/12\/CDDB3EE4-F0D3-4C6C-BAD1-9BB1A00ED3E0.jpeg",952,700,false],"covernews-featured":["https:\/\/quehacerpolitico.mx\/wp-content\/uploads\/2021\/12\/CDDB3EE4-F0D3-4C6C-BAD1-9BB1A00ED3E0.jpeg",952,700,false],"covernews-medium":["https:\/\/quehacerpolitico.mx\/wp-content\/uploads\/2021\/12\/CDDB3EE4-F0D3-4C6C-BAD1-9BB1A00ED3E0.jpeg",462,340,false]},"author_info":{"display_name":"Redacci\u00f3n QP","author_link":"https:\/\/quehacerpolitico.mx\/?author=2"},"category_info":"<a href=\"https:\/\/quehacerpolitico.mx\/?cat=2\" rel=\"category\">Noticias<\/a>","tag_info":"Noticias","comment_count":"0","_links":{"self":[{"href":"https:\/\/quehacerpolitico.mx\/index.php?rest_route=\/wp\/v2\/posts\/87783","targetHints":{"allow":["GET"]}}],"collection":[{"href":"https:\/\/quehacerpolitico.mx\/index.php?rest_route=\/wp\/v2\/posts"}],"about":[{"href":"https:\/\/quehacerpolitico.mx\/index.php?rest_route=\/wp\/v2\/types\/post"}],"author":[{"embeddable":true,"href":"https:\/\/quehacerpolitico.mx\/index.php?rest_route=\/wp\/v2\/users\/2"}],"replies":[{"embeddable":true,"href":"https:\/\/quehacerpolitico.mx\/index.php?rest_route=%2Fwp%2Fv2%2Fcomments&post=87783"}],"version-history":[{"count":1,"href":"https:\/\/quehacerpolitico.mx\/index.php?rest_route=\/wp\/v2\/posts\/87783\/revisions"}],"predecessor-version":[{"id":87785,"href":"https:\/\/quehacerpolitico.mx\/index.php?rest_route=\/wp\/v2\/posts\/87783\/revisions\/87785"}],"wp:featuredmedia":[{"embeddable":true,"href":"https:\/\/quehacerpolitico.mx\/index.php?rest_route=\/wp\/v2\/media\/87784"}],"wp:attachment":[{"href":"https:\/\/quehacerpolitico.mx\/index.php?rest_route=%2Fwp%2Fv2%2Fmedia&parent=87783"}],"wp:term":[{"taxonomy":"category","embeddable":true,"href":"https:\/\/quehacerpolitico.mx\/index.php?rest_route=%2Fwp%2Fv2%2Fcategories&post=87783"},{"taxonomy":"post_tag","embeddable":true,"href":"https:\/\/quehacerpolitico.mx\/index.php?rest_route=%2Fwp%2Fv2%2Ftags&post=87783"}],"curies":[{"name":"wp","href":"https:\/\/api.w.org\/{rel}","templated":true}]}}