{"id":87780,"date":"2021-12-29T17:48:06","date_gmt":"2021-12-29T17:48:06","guid":{"rendered":"https:\/\/quehacerpolitico.mx\/?p=87780"},"modified":"2021-12-29T17:48:09","modified_gmt":"2021-12-29T17:48:09","slug":"amlo-recomienda-a-consejeros-del-ine-pensar-en-el-ciudadano-rico-o-pobre","status":"publish","type":"post","link":"https:\/\/quehacerpolitico.mx\/?p=87780","title":{"rendered":"AMLO recomienda a consejeros del INE pensar en el ciudadano, rico o pobre"},"content":{"rendered":"\n<p>Por Redacci\u00f3n QP<\/p>\n\n\n\n<p>Lo segundo que recomend\u00f3 AMLO a los consejeros del INE es que sean verdaderos jueces y que no se dejen influenciar<\/p>\n\n\n\n<ul class=\"wp-block-list\"><li>L\u00f3pez Obrador tambi\u00e9n les pidi\u00f3 a los consejeros del INE que sean imparciales y act\u00faen con rectitud<\/li><\/ul>\n\n\n\n<p>El presidente de M\u00e9xico, Andr\u00e9s Manuel L\u00f3pez Obrador (AMLO), recomend\u00f3 a los consejeros del\u00a0<strong>Instituto Nacional Electoral (INE)<\/strong>\u00a0pensar en el\u00a0<strong>ciudadano,<\/strong>\u00a0rico o pobre<\/p>\n\n\n\n<p><em>\u201cQu\u00e9 les recomendar\u00eda, primero que respeten al pueblo, que no piensen nada m\u00e1s en el aparato, que no piensen nada m\u00e1s en la esfera de la llamada\u00a0<\/em><strong>sociedad pol\u00edtica<\/strong><em>, sino que piensen en el ciudadano que es el actor principal, rico o pobre\u201d, dijo\u00a0AMLO en su\u00a0conferencia ma\u00f1anera desde Palacio Nacional.<\/em><\/p>\n\n\n\n<p>L\u00f3pez Obrador se\u00f1al\u00f3 que aun existe la&nbsp;<strong>deformaci\u00f3n<\/strong>&nbsp;de pensar que el ciudadano es el que sab\u00eda leer y escribir.<\/p>\n\n\n\n<blockquote class=\"wp-block-quote is-layout-flow wp-block-quote-is-layout-flow\"><p>\u201cPor ejemplo un pe\u00f3n de una hacienda no era considerado ciudadano en el siglo XIX y hab\u00eda todo un alegato sobre eso, hasta gente preparada, ilustrada, como Justo Sierra, recomendaba que el&nbsp;<strong>sufragio<\/strong>&nbsp;no fuese universal. Entonces eso queda en el subconsciente de que el ciudadano es el letrado, el que tiene ingresos, y no, ciudadanos somos todos, hasta la gente muy humilde, eso se lo deben quitar de la cabeza y pensar en todo\u201d, coment\u00f3.<\/p><\/blockquote>\n\n\n\n<p>Lo segundo que recomend\u00f3 AMLO a los consejeros del INE es que sean verdaderos jueces y que no se dejen\u00a0<strong>influenciar.<\/strong><\/p>\n\n\n\n<blockquote class=\"wp-block-quote is-layout-flow wp-block-quote-is-layout-flow\"><p>\u201cQue sean verdaderos jueces, no puedo decir una mala palabra, pero que manden a sus oficinas, a sus casas, a los que llegan a sonsacar, a hacerles propuestas indecorosas para que se beneficie a un candidato en contra de otro, que tengan ellos criterio suficiente\u201d, encomend\u00f3.<\/p><\/blockquote>\n\n\n\n<p>Tambi\u00e9n les pidi\u00f3 ser imparciales y actuar con rectitud.<\/p>\n\n\n\n<blockquote class=\"wp-block-quote is-layout-flow wp-block-quote-is-layout-flow\"><p>\u201cPor lo menos sean imparciales, que no tomen partido por nadie, por mucha fobia que tengan hacia los partidos, hacia el presidente, que act\u00faen con rectitud\u201d, dijo.<\/p><\/blockquote>\n\n\n\n<p>L\u00f3pez Obrador record\u00f3 el actuar del INE y\u00a0 del Tribunal Electoral del Poder Judicial de la Federaci\u00f3n (TEPJF)\u00a0en las elecciones de Guerrero y Michoc\u00e1n, donde se orden\u00f3 \u00a0la sustituci\u00f3n de las candidaturas de\u00a0F\u00e9lix Salgado Macedonio\u00a0y\u00a0<strong>Ra\u00fal Mor\u00f3n<\/strong>\u00a0en las pasadas\u00a0elecciones 2021.<\/p>\n\n\n\n<blockquote class=\"wp-block-quote is-layout-flow wp-block-quote-is-layout-flow\"><p>\u201cPodr\u00e1n decir que ya es cosa juzgada y que jur\u00eddicamente pas\u00f3, pero eso fue una mancha. C\u00f3mo es posible que resuelven algo en el Consejo, va a al Tribunal y el Tribunal les dice corrijanlo y no solo no corrigen, sino que lo profundizan mas en el criterio original y lo mandan de nuevo y el Tribunal cambia la resoluci\u00f3n y le quitan la candidatura al candidato de Guerrero y de Michoac\u00e1n, o sea, y es lo que me viene a la cabeza, pero hicieron muchas\u201d, dijo.<\/p><\/blockquote>\n\n\n\n<p>Finalmente dijo que la decisi\u00f3n del INE de no querer una consulta para la&nbsp;<strong>Revocaci\u00f3n de Mandato<\/strong>&nbsp;es contraria a lo que establece la Constituci\u00f3n y afecta a la democracia.<\/p>\n\n\n\n<blockquote class=\"wp-block-quote is-layout-flow wp-block-quote-is-layout-flow\"><p>\u201cEllos mismos pierden prestigio, pierden credibilidad\u201d, sentenci\u00f3.<\/p><\/blockquote>\n\n\n\n<p><\/p>\n","protected":false},"excerpt":{"rendered":"<p>Por Redacci\u00f3n QP Lo segundo que recomend\u00f3 AMLO a los consejeros del INE es que&#8230;<\/p>\n","protected":false},"author":2,"featured_media":87781,"comment_status":"open","ping_status":"open","sticky":false,"template":"","format":"standard","meta":{"_monsterinsights_skip_tracking":false,"_monsterinsights_sitenote_active":false,"_monsterinsights_sitenote_note":"","_monsterinsights_sitenote_category":0,"footnotes":""},"categories":[2],"tags":[],"class_list":["post-87780","post","type-post","status-publish","format-standard","has-post-thumbnail","hentry","category-noticias"],"yoast_head":"<!-- This site is optimized with the Yoast SEO plugin v27.3 - https:\/\/yoast.com\/product\/yoast-seo-wordpress\/ -->\n<title>AMLO recomienda a consejeros del INE pensar en el ciudadano, rico o pobre -<\/title>\n<meta name=\"robots\" content=\"index, follow, max-snippet:-1, max-image-preview:large, max-video-preview:-1\" \/>\n<link rel=\"canonical\" href=\"https:\/\/quehacerpolitico.mx\/?p=87780\" \/>\n<meta property=\"og:locale\" content=\"es_MX\" \/>\n<meta property=\"og:type\" content=\"article\" \/>\n<meta property=\"og:title\" content=\"AMLO recomienda a consejeros del INE pensar en el ciudadano, rico o pobre -\" \/>\n<meta property=\"og:description\" content=\"Por Redacci\u00f3n QP Lo segundo que recomend\u00f3 AMLO a los consejeros del INE es que...\" \/>\n<meta property=\"og:url\" content=\"https:\/\/quehacerpolitico.mx\/?p=87780\" \/>\n<meta property=\"article:published_time\" content=\"2021-12-29T17:48:06+00:00\" \/>\n<meta property=\"article:modified_time\" content=\"2021-12-29T17:48:09+00:00\" \/>\n<meta property=\"og:image\" content=\"https:\/\/quehacerpolitico.mx\/wp-content\/uploads\/2021\/12\/92DC53CA-D05C-412A-96A3-F394DC552B34.jpeg\" \/>\n\t<meta property=\"og:image:width\" content=\"946\" \/>\n\t<meta property=\"og:image:height\" content=\"701\" \/>\n\t<meta property=\"og:image:type\" content=\"image\/jpeg\" \/>\n<meta name=\"author\" content=\"Redacci\u00f3n QP\" \/>\n<meta name=\"twitter:card\" content=\"summary_large_image\" \/>\n<meta name=\"twitter:label1\" content=\"Escrito por\" \/>\n\t<meta name=\"twitter:data1\" content=\"Redacci\u00f3n QP\" \/>\n\t<meta name=\"twitter:label2\" content=\"Tiempo de lectura\" \/>\n\t<meta name=\"twitter:data2\" content=\"3 minutos\" \/>\n<script type=\"application\/ld+json\" class=\"yoast-schema-graph\">{\"@context\":\"https:\\\/\\\/schema.org\",\"@graph\":[{\"@type\":\"Article\",\"@id\":\"https:\\\/\\\/quehacerpolitico.mx\\\/?p=87780#article\",\"isPartOf\":{\"@id\":\"https:\\\/\\\/quehacerpolitico.mx\\\/?p=87780\"},\"author\":{\"name\":\"Redacci\u00f3n QP\",\"@id\":\"https:\\\/\\\/quehacerpolitico.mx\\\/#\\\/schema\\\/person\\\/496d8ad2d1d3f8036101dca7ee39e585\"},\"headline\":\"AMLO recomienda a consejeros del INE pensar en el ciudadano, rico o pobre\",\"datePublished\":\"2021-12-29T17:48:06+00:00\",\"dateModified\":\"2021-12-29T17:48:09+00:00\",\"mainEntityOfPage\":{\"@id\":\"https:\\\/\\\/quehacerpolitico.mx\\\/?p=87780\"},\"wordCount\":539,\"commentCount\":0,\"image\":{\"@id\":\"https:\\\/\\\/quehacerpolitico.mx\\\/?p=87780#primaryimage\"},\"thumbnailUrl\":\"https:\\\/\\\/quehacerpolitico.mx\\\/wp-content\\\/uploads\\\/2021\\\/12\\\/92DC53CA-D05C-412A-96A3-F394DC552B34.jpeg\",\"articleSection\":[\"Noticias\"],\"inLanguage\":\"es\",\"potentialAction\":[{\"@type\":\"CommentAction\",\"name\":\"Comment\",\"target\":[\"https:\\\/\\\/quehacerpolitico.mx\\\/?p=87780#respond\"]}]},{\"@type\":\"WebPage\",\"@id\":\"https:\\\/\\\/quehacerpolitico.mx\\\/?p=87780\",\"url\":\"https:\\\/\\\/quehacerpolitico.mx\\\/?p=87780\",\"name\":\"AMLO recomienda a consejeros del INE pensar en el ciudadano, rico o pobre -\",\"isPartOf\":{\"@id\":\"https:\\\/\\\/quehacerpolitico.mx\\\/#website\"},\"primaryImageOfPage\":{\"@id\":\"https:\\\/\\\/quehacerpolitico.mx\\\/?p=87780#primaryimage\"},\"image\":{\"@id\":\"https:\\\/\\\/quehacerpolitico.mx\\\/?p=87780#primaryimage\"},\"thumbnailUrl\":\"https:\\\/\\\/quehacerpolitico.mx\\\/wp-content\\\/uploads\\\/2021\\\/12\\\/92DC53CA-D05C-412A-96A3-F394DC552B34.jpeg\",\"datePublished\":\"2021-12-29T17:48:06+00:00\",\"dateModified\":\"2021-12-29T17:48:09+00:00\",\"author\":{\"@id\":\"https:\\\/\\\/quehacerpolitico.mx\\\/#\\\/schema\\\/person\\\/496d8ad2d1d3f8036101dca7ee39e585\"},\"breadcrumb\":{\"@id\":\"https:\\\/\\\/quehacerpolitico.mx\\\/?p=87780#breadcrumb\"},\"inLanguage\":\"es\",\"potentialAction\":[{\"@type\":\"ReadAction\",\"target\":[\"https:\\\/\\\/quehacerpolitico.mx\\\/?p=87780\"]}]},{\"@type\":\"ImageObject\",\"inLanguage\":\"es\",\"@id\":\"https:\\\/\\\/quehacerpolitico.mx\\\/?p=87780#primaryimage\",\"url\":\"https:\\\/\\\/quehacerpolitico.mx\\\/wp-content\\\/uploads\\\/2021\\\/12\\\/92DC53CA-D05C-412A-96A3-F394DC552B34.jpeg\",\"contentUrl\":\"https:\\\/\\\/quehacerpolitico.mx\\\/wp-content\\\/uploads\\\/2021\\\/12\\\/92DC53CA-D05C-412A-96A3-F394DC552B34.jpeg\",\"width\":946,\"height\":701},{\"@type\":\"BreadcrumbList\",\"@id\":\"https:\\\/\\\/quehacerpolitico.mx\\\/?p=87780#breadcrumb\",\"itemListElement\":[{\"@type\":\"ListItem\",\"position\":1,\"name\":\"Inicio\",\"item\":\"https:\\\/\\\/quehacerpolitico.mx\\\/\"},{\"@type\":\"ListItem\",\"position\":2,\"name\":\"AMLO recomienda a consejeros del INE pensar en el ciudadano, rico o pobre\"}]},{\"@type\":\"WebSite\",\"@id\":\"https:\\\/\\\/quehacerpolitico.mx\\\/#website\",\"url\":\"https:\\\/\\\/quehacerpolitico.mx\\\/\",\"name\":\"\",\"description\":\"\",\"potentialAction\":[{\"@type\":\"SearchAction\",\"target\":{\"@type\":\"EntryPoint\",\"urlTemplate\":\"https:\\\/\\\/quehacerpolitico.mx\\\/?s={search_term_string}\"},\"query-input\":{\"@type\":\"PropertyValueSpecification\",\"valueRequired\":true,\"valueName\":\"search_term_string\"}}],\"inLanguage\":\"es\"},{\"@type\":\"Person\",\"@id\":\"https:\\\/\\\/quehacerpolitico.mx\\\/#\\\/schema\\\/person\\\/496d8ad2d1d3f8036101dca7ee39e585\",\"name\":\"Redacci\u00f3n QP\",\"image\":{\"@type\":\"ImageObject\",\"inLanguage\":\"es\",\"@id\":\"https:\\\/\\\/secure.gravatar.com\\\/avatar\\\/c7164ed6fdec453195284ad24a5ae5b6e1eed2b848477fa2a4787ba9adf39a41?s=96&d=mm&r=g\",\"url\":\"https:\\\/\\\/secure.gravatar.com\\\/avatar\\\/c7164ed6fdec453195284ad24a5ae5b6e1eed2b848477fa2a4787ba9adf39a41?s=96&d=mm&r=g\",\"contentUrl\":\"https:\\\/\\\/secure.gravatar.com\\\/avatar\\\/c7164ed6fdec453195284ad24a5ae5b6e1eed2b848477fa2a4787ba9adf39a41?s=96&d=mm&r=g\",\"caption\":\"Redacci\u00f3n QP\"},\"url\":\"https:\\\/\\\/quehacerpolitico.mx\\\/?author=2\"}]}<\/script>\n<!-- \/ Yoast SEO plugin. -->","yoast_head_json":{"title":"AMLO recomienda a consejeros del INE pensar en el ciudadano, rico o pobre -","robots":{"index":"index","follow":"follow","max-snippet":"max-snippet:-1","max-image-preview":"max-image-preview:large","max-video-preview":"max-video-preview:-1"},"canonical":"https:\/\/quehacerpolitico.mx\/?p=87780","og_locale":"es_MX","og_type":"article","og_title":"AMLO recomienda a consejeros del INE pensar en el ciudadano, rico o pobre -","og_description":"Por Redacci\u00f3n QP Lo segundo que recomend\u00f3 AMLO a los consejeros del INE es que...","og_url":"https:\/\/quehacerpolitico.mx\/?p=87780","article_published_time":"2021-12-29T17:48:06+00:00","article_modified_time":"2021-12-29T17:48:09+00:00","og_image":[{"width":946,"height":701,"url":"https:\/\/quehacerpolitico.mx\/wp-content\/uploads\/2021\/12\/92DC53CA-D05C-412A-96A3-F394DC552B34.jpeg","type":"image\/jpeg"}],"author":"Redacci\u00f3n QP","twitter_card":"summary_large_image","twitter_misc":{"Escrito por":"Redacci\u00f3n QP","Tiempo de lectura":"3 minutos"},"schema":{"@context":"https:\/\/schema.org","@graph":[{"@type":"Article","@id":"https:\/\/quehacerpolitico.mx\/?p=87780#article","isPartOf":{"@id":"https:\/\/quehacerpolitico.mx\/?p=87780"},"author":{"name":"Redacci\u00f3n QP","@id":"https:\/\/quehacerpolitico.mx\/#\/schema\/person\/496d8ad2d1d3f8036101dca7ee39e585"},"headline":"AMLO recomienda a consejeros del INE pensar en el ciudadano, rico o pobre","datePublished":"2021-12-29T17:48:06+00:00","dateModified":"2021-12-29T17:48:09+00:00","mainEntityOfPage":{"@id":"https:\/\/quehacerpolitico.mx\/?p=87780"},"wordCount":539,"commentCount":0,"image":{"@id":"https:\/\/quehacerpolitico.mx\/?p=87780#primaryimage"},"thumbnailUrl":"https:\/\/quehacerpolitico.mx\/wp-content\/uploads\/2021\/12\/92DC53CA-D05C-412A-96A3-F394DC552B34.jpeg","articleSection":["Noticias"],"inLanguage":"es","potentialAction":[{"@type":"CommentAction","name":"Comment","target":["https:\/\/quehacerpolitico.mx\/?p=87780#respond"]}]},{"@type":"WebPage","@id":"https:\/\/quehacerpolitico.mx\/?p=87780","url":"https:\/\/quehacerpolitico.mx\/?p=87780","name":"AMLO recomienda a consejeros del INE pensar en el ciudadano, rico o pobre -","isPartOf":{"@id":"https:\/\/quehacerpolitico.mx\/#website"},"primaryImageOfPage":{"@id":"https:\/\/quehacerpolitico.mx\/?p=87780#primaryimage"},"image":{"@id":"https:\/\/quehacerpolitico.mx\/?p=87780#primaryimage"},"thumbnailUrl":"https:\/\/quehacerpolitico.mx\/wp-content\/uploads\/2021\/12\/92DC53CA-D05C-412A-96A3-F394DC552B34.jpeg","datePublished":"2021-12-29T17:48:06+00:00","dateModified":"2021-12-29T17:48:09+00:00","author":{"@id":"https:\/\/quehacerpolitico.mx\/#\/schema\/person\/496d8ad2d1d3f8036101dca7ee39e585"},"breadcrumb":{"@id":"https:\/\/quehacerpolitico.mx\/?p=87780#breadcrumb"},"inLanguage":"es","potentialAction":[{"@type":"ReadAction","target":["https:\/\/quehacerpolitico.mx\/?p=87780"]}]},{"@type":"ImageObject","inLanguage":"es","@id":"https:\/\/quehacerpolitico.mx\/?p=87780#primaryimage","url":"https:\/\/quehacerpolitico.mx\/wp-content\/uploads\/2021\/12\/92DC53CA-D05C-412A-96A3-F394DC552B34.jpeg","contentUrl":"https:\/\/quehacerpolitico.mx\/wp-content\/uploads\/2021\/12\/92DC53CA-D05C-412A-96A3-F394DC552B34.jpeg","width":946,"height":701},{"@type":"BreadcrumbList","@id":"https:\/\/quehacerpolitico.mx\/?p=87780#breadcrumb","itemListElement":[{"@type":"ListItem","position":1,"name":"Inicio","item":"https:\/\/quehacerpolitico.mx\/"},{"@type":"ListItem","position":2,"name":"AMLO recomienda a consejeros del INE pensar en el ciudadano, rico o pobre"}]},{"@type":"WebSite","@id":"https:\/\/quehacerpolitico.mx\/#website","url":"https:\/\/quehacerpolitico.mx\/","name":"","description":"","potentialAction":[{"@type":"SearchAction","target":{"@type":"EntryPoint","urlTemplate":"https:\/\/quehacerpolitico.mx\/?s={search_term_string}"},"query-input":{"@type":"PropertyValueSpecification","valueRequired":true,"valueName":"search_term_string"}}],"inLanguage":"es"},{"@type":"Person","@id":"https:\/\/quehacerpolitico.mx\/#\/schema\/person\/496d8ad2d1d3f8036101dca7ee39e585","name":"Redacci\u00f3n QP","image":{"@type":"ImageObject","inLanguage":"es","@id":"https:\/\/secure.gravatar.com\/avatar\/c7164ed6fdec453195284ad24a5ae5b6e1eed2b848477fa2a4787ba9adf39a41?s=96&d=mm&r=g","url":"https:\/\/secure.gravatar.com\/avatar\/c7164ed6fdec453195284ad24a5ae5b6e1eed2b848477fa2a4787ba9adf39a41?s=96&d=mm&r=g","contentUrl":"https:\/\/secure.gravatar.com\/avatar\/c7164ed6fdec453195284ad24a5ae5b6e1eed2b848477fa2a4787ba9adf39a41?s=96&d=mm&r=g","caption":"Redacci\u00f3n QP"},"url":"https:\/\/quehacerpolitico.mx\/?author=2"}]}},"featured_image_urls":{"full":["https:\/\/quehacerpolitico.mx\/wp-content\/uploads\/2021\/12\/92DC53CA-D05C-412A-96A3-F394DC552B34.jpeg",946,701,false],"thumbnail":["https:\/\/quehacerpolitico.mx\/wp-content\/uploads\/2021\/12\/92DC53CA-D05C-412A-96A3-F394DC552B34-150x150.jpeg",150,150,true],"medium":["https:\/\/quehacerpolitico.mx\/wp-content\/uploads\/2021\/12\/92DC53CA-D05C-412A-96A3-F394DC552B34-300x222.jpeg",300,222,true],"medium_large":["https:\/\/quehacerpolitico.mx\/wp-content\/uploads\/2021\/12\/92DC53CA-D05C-412A-96A3-F394DC552B34-768x569.jpeg",640,474,true],"large":["https:\/\/quehacerpolitico.mx\/wp-content\/uploads\/2021\/12\/92DC53CA-D05C-412A-96A3-F394DC552B34.jpeg",640,474,false],"1536x1536":["https:\/\/quehacerpolitico.mx\/wp-content\/uploads\/2021\/12\/92DC53CA-D05C-412A-96A3-F394DC552B34.jpeg",946,701,false],"2048x2048":["https:\/\/quehacerpolitico.mx\/wp-content\/uploads\/2021\/12\/92DC53CA-D05C-412A-96A3-F394DC552B34.jpeg",946,701,false],"covernews-featured":["https:\/\/quehacerpolitico.mx\/wp-content\/uploads\/2021\/12\/92DC53CA-D05C-412A-96A3-F394DC552B34.jpeg",946,701,false],"covernews-medium":["https:\/\/quehacerpolitico.mx\/wp-content\/uploads\/2021\/12\/92DC53CA-D05C-412A-96A3-F394DC552B34.jpeg",459,340,false]},"author_info":{"display_name":"Redacci\u00f3n QP","author_link":"https:\/\/quehacerpolitico.mx\/?author=2"},"category_info":"<a href=\"https:\/\/quehacerpolitico.mx\/?cat=2\" rel=\"category\">Noticias<\/a>","tag_info":"Noticias","comment_count":"0","_links":{"self":[{"href":"https:\/\/quehacerpolitico.mx\/index.php?rest_route=\/wp\/v2\/posts\/87780","targetHints":{"allow":["GET"]}}],"collection":[{"href":"https:\/\/quehacerpolitico.mx\/index.php?rest_route=\/wp\/v2\/posts"}],"about":[{"href":"https:\/\/quehacerpolitico.mx\/index.php?rest_route=\/wp\/v2\/types\/post"}],"author":[{"embeddable":true,"href":"https:\/\/quehacerpolitico.mx\/index.php?rest_route=\/wp\/v2\/users\/2"}],"replies":[{"embeddable":true,"href":"https:\/\/quehacerpolitico.mx\/index.php?rest_route=%2Fwp%2Fv2%2Fcomments&post=87780"}],"version-history":[{"count":1,"href":"https:\/\/quehacerpolitico.mx\/index.php?rest_route=\/wp\/v2\/posts\/87780\/revisions"}],"predecessor-version":[{"id":87782,"href":"https:\/\/quehacerpolitico.mx\/index.php?rest_route=\/wp\/v2\/posts\/87780\/revisions\/87782"}],"wp:featuredmedia":[{"embeddable":true,"href":"https:\/\/quehacerpolitico.mx\/index.php?rest_route=\/wp\/v2\/media\/87781"}],"wp:attachment":[{"href":"https:\/\/quehacerpolitico.mx\/index.php?rest_route=%2Fwp%2Fv2%2Fmedia&parent=87780"}],"wp:term":[{"taxonomy":"category","embeddable":true,"href":"https:\/\/quehacerpolitico.mx\/index.php?rest_route=%2Fwp%2Fv2%2Fcategories&post=87780"},{"taxonomy":"post_tag","embeddable":true,"href":"https:\/\/quehacerpolitico.mx\/index.php?rest_route=%2Fwp%2Fv2%2Ftags&post=87780"}],"curies":[{"name":"wp","href":"https:\/\/api.w.org\/{rel}","templated":true}]}}