{"id":87772,"date":"2021-12-29T15:48:01","date_gmt":"2021-12-29T15:48:01","guid":{"rendered":"https:\/\/quehacerpolitico.mx\/?p=87772"},"modified":"2021-12-29T15:48:04","modified_gmt":"2021-12-29T15:48:04","slug":"francia-reduce-el-aforo-en-los-estadios-por-tres-semanas-para-frenar-los-contagios-de-covid-19","status":"publish","type":"post","link":"https:\/\/quehacerpolitico.mx\/?p=87772","title":{"rendered":"Francia reduce el aforo en los estadios por tres semanas para frenar los contagios de COVID-19"},"content":{"rendered":"\n<p>Por Redacci\u00f3n QP<\/p>\n\n\n\n<p>Los partidos de la Ligue 1, que regresa el viernes 7 de enero, tendr\u00e1n un l\u00edmite de aforo de 5 mil personas.<\/p>\n\n\n\n<p>Debido al considerable aumento de casos positivos de COVID-19, Francia tom\u00f3 la medida de reducir el aforo en los estadios y en los espect\u00e1culos en los exteriores durante las pr\u00f3ximas tres semanas. Fue el primer ministro de Francia, Jean Castex, el encargado de dar a conocer una serie de medidas con las que el pa\u00eds europeo busca frenar el n\u00famero de contagios, entre las que destaca que el l\u00edmite de aforo en eventos al aire libre ser\u00e1 de 5 mil personas, adem\u00e1s de que qued\u00f3 estrictamente prohibido el consumo de bebidas y alimentos durante todo tipo de evento.<\/p>\n\n\n\n<p>Dichas medidas entrar\u00e1n en vigor el pr\u00f3ximo lunes 3 de enero y se mantendr\u00e1 por tres semanas, por lo que varios partidos de la Ligue 1 se jugar\u00e1n con menos p\u00fablico, pues el torneo regresa a la acci\u00f3n a partir del viernes 7 de enero. Duelos como Bordeaux vs Marsella (7 de enero), Lyon vs Paris Saint-Germain (9 de enero), Lille vs Marsella (16 de enero) y Lyon vs Saint \u00c9tienne (21 de enero) tendr\u00e1n una importante reducci\u00f3n de aforo. Te recomendamos: \u00bfSe cae el fichaje? Mbapp\u00e9 descarta llegar pronto al Real Madrid Cabe destacar que el pasado martes, Francia registr\u00f3 un nuevo m\u00e1ximo diario de contagios de COVID-19 desde el inicio de la pandemia, pues en 24 horas contabiliz\u00f3 179 mil 807 nuevos casos, un aumento considerable frente a los 100 mil casos que sum\u00f3 el s\u00e1bado. \u00bfEst\u00e1 en peligro el PSG y el Real Madrid? Pese a que la medidas tomadas por Francia para controlar la propagaci\u00f3n del COVID-19 estar\u00e1n vigentes durante las primeras tres semanas del mes de enero, existe la posibilidad de que \u00e9stas se extiendas y lleguen a afectar el duelo entre PSG y Real Madrid, correspondiente a la Ida de los Octavos de Final de la Champions League, duelo programado para el 15 de febrero.<\/p>\n","protected":false},"excerpt":{"rendered":"<p>Por Redacci\u00f3n QP Los partidos de la Ligue 1, que regresa el viernes 7 de&#8230;<\/p>\n","protected":false},"author":2,"featured_media":87773,"comment_status":"open","ping_status":"open","sticky":false,"template":"","format":"standard","meta":{"_monsterinsights_skip_tracking":false,"_monsterinsights_sitenote_active":false,"_monsterinsights_sitenote_note":"","_monsterinsights_sitenote_category":0,"footnotes":""},"categories":[54],"tags":[],"class_list":["post-87772","post","type-post","status-publish","format-standard","has-post-thumbnail","hentry","category-deportes"],"yoast_head":"<!-- This site is optimized with the Yoast SEO plugin v27.3 - https:\/\/yoast.com\/product\/yoast-seo-wordpress\/ -->\n<title>Francia reduce el aforo en los estadios por tres semanas para frenar los contagios de COVID-19 -<\/title>\n<meta name=\"robots\" content=\"index, follow, max-snippet:-1, max-image-preview:large, max-video-preview:-1\" \/>\n<link rel=\"canonical\" href=\"https:\/\/quehacerpolitico.mx\/?p=87772\" \/>\n<meta property=\"og:locale\" content=\"es_MX\" \/>\n<meta property=\"og:type\" content=\"article\" \/>\n<meta property=\"og:title\" content=\"Francia reduce el aforo en los estadios por tres semanas para frenar los contagios de COVID-19 -\" \/>\n<meta property=\"og:description\" content=\"Por Redacci\u00f3n QP Los partidos de la Ligue 1, que regresa el viernes 7 de...\" \/>\n<meta property=\"og:url\" content=\"https:\/\/quehacerpolitico.mx\/?p=87772\" \/>\n<meta property=\"article:published_time\" content=\"2021-12-29T15:48:01+00:00\" \/>\n<meta property=\"article:modified_time\" content=\"2021-12-29T15:48:04+00:00\" \/>\n<meta property=\"og:image\" content=\"https:\/\/quehacerpolitico.mx\/wp-content\/uploads\/2021\/12\/44CFAE40-8FBE-43FE-A7D6-FE0A1DBF7669.jpeg\" \/>\n\t<meta property=\"og:image:width\" content=\"738\" \/>\n\t<meta property=\"og:image:height\" content=\"415\" \/>\n\t<meta property=\"og:image:type\" content=\"image\/jpeg\" \/>\n<meta name=\"author\" content=\"Redacci\u00f3n QP\" \/>\n<meta name=\"twitter:card\" content=\"summary_large_image\" \/>\n<meta name=\"twitter:label1\" content=\"Escrito por\" \/>\n\t<meta name=\"twitter:data1\" content=\"Redacci\u00f3n QP\" \/>\n\t<meta name=\"twitter:label2\" content=\"Tiempo de lectura\" \/>\n\t<meta name=\"twitter:data2\" content=\"2 minutos\" \/>\n<script type=\"application\/ld+json\" class=\"yoast-schema-graph\">{\"@context\":\"https:\\\/\\\/schema.org\",\"@graph\":[{\"@type\":\"Article\",\"@id\":\"https:\\\/\\\/quehacerpolitico.mx\\\/?p=87772#article\",\"isPartOf\":{\"@id\":\"https:\\\/\\\/quehacerpolitico.mx\\\/?p=87772\"},\"author\":{\"name\":\"Redacci\u00f3n QP\",\"@id\":\"https:\\\/\\\/quehacerpolitico.mx\\\/#\\\/schema\\\/person\\\/496d8ad2d1d3f8036101dca7ee39e585\"},\"headline\":\"Francia reduce el aforo en los estadios por tres semanas para frenar los contagios de COVID-19\",\"datePublished\":\"2021-12-29T15:48:01+00:00\",\"dateModified\":\"2021-12-29T15:48:04+00:00\",\"mainEntityOfPage\":{\"@id\":\"https:\\\/\\\/quehacerpolitico.mx\\\/?p=87772\"},\"wordCount\":354,\"commentCount\":0,\"image\":{\"@id\":\"https:\\\/\\\/quehacerpolitico.mx\\\/?p=87772#primaryimage\"},\"thumbnailUrl\":\"https:\\\/\\\/quehacerpolitico.mx\\\/wp-content\\\/uploads\\\/2021\\\/12\\\/44CFAE40-8FBE-43FE-A7D6-FE0A1DBF7669.jpeg\",\"articleSection\":[\"Deportes\"],\"inLanguage\":\"es\",\"potentialAction\":[{\"@type\":\"CommentAction\",\"name\":\"Comment\",\"target\":[\"https:\\\/\\\/quehacerpolitico.mx\\\/?p=87772#respond\"]}]},{\"@type\":\"WebPage\",\"@id\":\"https:\\\/\\\/quehacerpolitico.mx\\\/?p=87772\",\"url\":\"https:\\\/\\\/quehacerpolitico.mx\\\/?p=87772\",\"name\":\"Francia reduce el aforo en los estadios por tres semanas para frenar los contagios de COVID-19 -\",\"isPartOf\":{\"@id\":\"https:\\\/\\\/quehacerpolitico.mx\\\/#website\"},\"primaryImageOfPage\":{\"@id\":\"https:\\\/\\\/quehacerpolitico.mx\\\/?p=87772#primaryimage\"},\"image\":{\"@id\":\"https:\\\/\\\/quehacerpolitico.mx\\\/?p=87772#primaryimage\"},\"thumbnailUrl\":\"https:\\\/\\\/quehacerpolitico.mx\\\/wp-content\\\/uploads\\\/2021\\\/12\\\/44CFAE40-8FBE-43FE-A7D6-FE0A1DBF7669.jpeg\",\"datePublished\":\"2021-12-29T15:48:01+00:00\",\"dateModified\":\"2021-12-29T15:48:04+00:00\",\"author\":{\"@id\":\"https:\\\/\\\/quehacerpolitico.mx\\\/#\\\/schema\\\/person\\\/496d8ad2d1d3f8036101dca7ee39e585\"},\"breadcrumb\":{\"@id\":\"https:\\\/\\\/quehacerpolitico.mx\\\/?p=87772#breadcrumb\"},\"inLanguage\":\"es\",\"potentialAction\":[{\"@type\":\"ReadAction\",\"target\":[\"https:\\\/\\\/quehacerpolitico.mx\\\/?p=87772\"]}]},{\"@type\":\"ImageObject\",\"inLanguage\":\"es\",\"@id\":\"https:\\\/\\\/quehacerpolitico.mx\\\/?p=87772#primaryimage\",\"url\":\"https:\\\/\\\/quehacerpolitico.mx\\\/wp-content\\\/uploads\\\/2021\\\/12\\\/44CFAE40-8FBE-43FE-A7D6-FE0A1DBF7669.jpeg\",\"contentUrl\":\"https:\\\/\\\/quehacerpolitico.mx\\\/wp-content\\\/uploads\\\/2021\\\/12\\\/44CFAE40-8FBE-43FE-A7D6-FE0A1DBF7669.jpeg\",\"width\":738,\"height\":415},{\"@type\":\"BreadcrumbList\",\"@id\":\"https:\\\/\\\/quehacerpolitico.mx\\\/?p=87772#breadcrumb\",\"itemListElement\":[{\"@type\":\"ListItem\",\"position\":1,\"name\":\"Inicio\",\"item\":\"https:\\\/\\\/quehacerpolitico.mx\\\/\"},{\"@type\":\"ListItem\",\"position\":2,\"name\":\"Francia reduce el aforo en los estadios por tres semanas para frenar los contagios de COVID-19\"}]},{\"@type\":\"WebSite\",\"@id\":\"https:\\\/\\\/quehacerpolitico.mx\\\/#website\",\"url\":\"https:\\\/\\\/quehacerpolitico.mx\\\/\",\"name\":\"\",\"description\":\"\",\"potentialAction\":[{\"@type\":\"SearchAction\",\"target\":{\"@type\":\"EntryPoint\",\"urlTemplate\":\"https:\\\/\\\/quehacerpolitico.mx\\\/?s={search_term_string}\"},\"query-input\":{\"@type\":\"PropertyValueSpecification\",\"valueRequired\":true,\"valueName\":\"search_term_string\"}}],\"inLanguage\":\"es\"},{\"@type\":\"Person\",\"@id\":\"https:\\\/\\\/quehacerpolitico.mx\\\/#\\\/schema\\\/person\\\/496d8ad2d1d3f8036101dca7ee39e585\",\"name\":\"Redacci\u00f3n QP\",\"image\":{\"@type\":\"ImageObject\",\"inLanguage\":\"es\",\"@id\":\"https:\\\/\\\/secure.gravatar.com\\\/avatar\\\/c7164ed6fdec453195284ad24a5ae5b6e1eed2b848477fa2a4787ba9adf39a41?s=96&d=mm&r=g\",\"url\":\"https:\\\/\\\/secure.gravatar.com\\\/avatar\\\/c7164ed6fdec453195284ad24a5ae5b6e1eed2b848477fa2a4787ba9adf39a41?s=96&d=mm&r=g\",\"contentUrl\":\"https:\\\/\\\/secure.gravatar.com\\\/avatar\\\/c7164ed6fdec453195284ad24a5ae5b6e1eed2b848477fa2a4787ba9adf39a41?s=96&d=mm&r=g\",\"caption\":\"Redacci\u00f3n QP\"},\"url\":\"https:\\\/\\\/quehacerpolitico.mx\\\/?author=2\"}]}<\/script>\n<!-- \/ Yoast SEO plugin. -->","yoast_head_json":{"title":"Francia reduce el aforo en los estadios por tres semanas para frenar los contagios de COVID-19 -","robots":{"index":"index","follow":"follow","max-snippet":"max-snippet:-1","max-image-preview":"max-image-preview:large","max-video-preview":"max-video-preview:-1"},"canonical":"https:\/\/quehacerpolitico.mx\/?p=87772","og_locale":"es_MX","og_type":"article","og_title":"Francia reduce el aforo en los estadios por tres semanas para frenar los contagios de COVID-19 -","og_description":"Por Redacci\u00f3n QP Los partidos de la Ligue 1, que regresa el viernes 7 de...","og_url":"https:\/\/quehacerpolitico.mx\/?p=87772","article_published_time":"2021-12-29T15:48:01+00:00","article_modified_time":"2021-12-29T15:48:04+00:00","og_image":[{"width":738,"height":415,"url":"https:\/\/quehacerpolitico.mx\/wp-content\/uploads\/2021\/12\/44CFAE40-8FBE-43FE-A7D6-FE0A1DBF7669.jpeg","type":"image\/jpeg"}],"author":"Redacci\u00f3n QP","twitter_card":"summary_large_image","twitter_misc":{"Escrito por":"Redacci\u00f3n QP","Tiempo de lectura":"2 minutos"},"schema":{"@context":"https:\/\/schema.org","@graph":[{"@type":"Article","@id":"https:\/\/quehacerpolitico.mx\/?p=87772#article","isPartOf":{"@id":"https:\/\/quehacerpolitico.mx\/?p=87772"},"author":{"name":"Redacci\u00f3n QP","@id":"https:\/\/quehacerpolitico.mx\/#\/schema\/person\/496d8ad2d1d3f8036101dca7ee39e585"},"headline":"Francia reduce el aforo en los estadios por tres semanas para frenar los contagios de COVID-19","datePublished":"2021-12-29T15:48:01+00:00","dateModified":"2021-12-29T15:48:04+00:00","mainEntityOfPage":{"@id":"https:\/\/quehacerpolitico.mx\/?p=87772"},"wordCount":354,"commentCount":0,"image":{"@id":"https:\/\/quehacerpolitico.mx\/?p=87772#primaryimage"},"thumbnailUrl":"https:\/\/quehacerpolitico.mx\/wp-content\/uploads\/2021\/12\/44CFAE40-8FBE-43FE-A7D6-FE0A1DBF7669.jpeg","articleSection":["Deportes"],"inLanguage":"es","potentialAction":[{"@type":"CommentAction","name":"Comment","target":["https:\/\/quehacerpolitico.mx\/?p=87772#respond"]}]},{"@type":"WebPage","@id":"https:\/\/quehacerpolitico.mx\/?p=87772","url":"https:\/\/quehacerpolitico.mx\/?p=87772","name":"Francia reduce el aforo en los estadios por tres semanas para frenar los contagios de COVID-19 -","isPartOf":{"@id":"https:\/\/quehacerpolitico.mx\/#website"},"primaryImageOfPage":{"@id":"https:\/\/quehacerpolitico.mx\/?p=87772#primaryimage"},"image":{"@id":"https:\/\/quehacerpolitico.mx\/?p=87772#primaryimage"},"thumbnailUrl":"https:\/\/quehacerpolitico.mx\/wp-content\/uploads\/2021\/12\/44CFAE40-8FBE-43FE-A7D6-FE0A1DBF7669.jpeg","datePublished":"2021-12-29T15:48:01+00:00","dateModified":"2021-12-29T15:48:04+00:00","author":{"@id":"https:\/\/quehacerpolitico.mx\/#\/schema\/person\/496d8ad2d1d3f8036101dca7ee39e585"},"breadcrumb":{"@id":"https:\/\/quehacerpolitico.mx\/?p=87772#breadcrumb"},"inLanguage":"es","potentialAction":[{"@type":"ReadAction","target":["https:\/\/quehacerpolitico.mx\/?p=87772"]}]},{"@type":"ImageObject","inLanguage":"es","@id":"https:\/\/quehacerpolitico.mx\/?p=87772#primaryimage","url":"https:\/\/quehacerpolitico.mx\/wp-content\/uploads\/2021\/12\/44CFAE40-8FBE-43FE-A7D6-FE0A1DBF7669.jpeg","contentUrl":"https:\/\/quehacerpolitico.mx\/wp-content\/uploads\/2021\/12\/44CFAE40-8FBE-43FE-A7D6-FE0A1DBF7669.jpeg","width":738,"height":415},{"@type":"BreadcrumbList","@id":"https:\/\/quehacerpolitico.mx\/?p=87772#breadcrumb","itemListElement":[{"@type":"ListItem","position":1,"name":"Inicio","item":"https:\/\/quehacerpolitico.mx\/"},{"@type":"ListItem","position":2,"name":"Francia reduce el aforo en los estadios por tres semanas para frenar los contagios de COVID-19"}]},{"@type":"WebSite","@id":"https:\/\/quehacerpolitico.mx\/#website","url":"https:\/\/quehacerpolitico.mx\/","name":"","description":"","potentialAction":[{"@type":"SearchAction","target":{"@type":"EntryPoint","urlTemplate":"https:\/\/quehacerpolitico.mx\/?s={search_term_string}"},"query-input":{"@type":"PropertyValueSpecification","valueRequired":true,"valueName":"search_term_string"}}],"inLanguage":"es"},{"@type":"Person","@id":"https:\/\/quehacerpolitico.mx\/#\/schema\/person\/496d8ad2d1d3f8036101dca7ee39e585","name":"Redacci\u00f3n QP","image":{"@type":"ImageObject","inLanguage":"es","@id":"https:\/\/secure.gravatar.com\/avatar\/c7164ed6fdec453195284ad24a5ae5b6e1eed2b848477fa2a4787ba9adf39a41?s=96&d=mm&r=g","url":"https:\/\/secure.gravatar.com\/avatar\/c7164ed6fdec453195284ad24a5ae5b6e1eed2b848477fa2a4787ba9adf39a41?s=96&d=mm&r=g","contentUrl":"https:\/\/secure.gravatar.com\/avatar\/c7164ed6fdec453195284ad24a5ae5b6e1eed2b848477fa2a4787ba9adf39a41?s=96&d=mm&r=g","caption":"Redacci\u00f3n QP"},"url":"https:\/\/quehacerpolitico.mx\/?author=2"}]}},"featured_image_urls":{"full":["https:\/\/quehacerpolitico.mx\/wp-content\/uploads\/2021\/12\/44CFAE40-8FBE-43FE-A7D6-FE0A1DBF7669.jpeg",738,415,false],"thumbnail":["https:\/\/quehacerpolitico.mx\/wp-content\/uploads\/2021\/12\/44CFAE40-8FBE-43FE-A7D6-FE0A1DBF7669-150x150.jpeg",150,150,true],"medium":["https:\/\/quehacerpolitico.mx\/wp-content\/uploads\/2021\/12\/44CFAE40-8FBE-43FE-A7D6-FE0A1DBF7669-300x169.jpeg",300,169,true],"medium_large":["https:\/\/quehacerpolitico.mx\/wp-content\/uploads\/2021\/12\/44CFAE40-8FBE-43FE-A7D6-FE0A1DBF7669.jpeg",640,360,false],"large":["https:\/\/quehacerpolitico.mx\/wp-content\/uploads\/2021\/12\/44CFAE40-8FBE-43FE-A7D6-FE0A1DBF7669.jpeg",640,360,false],"1536x1536":["https:\/\/quehacerpolitico.mx\/wp-content\/uploads\/2021\/12\/44CFAE40-8FBE-43FE-A7D6-FE0A1DBF7669.jpeg",738,415,false],"2048x2048":["https:\/\/quehacerpolitico.mx\/wp-content\/uploads\/2021\/12\/44CFAE40-8FBE-43FE-A7D6-FE0A1DBF7669.jpeg",738,415,false],"covernews-featured":["https:\/\/quehacerpolitico.mx\/wp-content\/uploads\/2021\/12\/44CFAE40-8FBE-43FE-A7D6-FE0A1DBF7669.jpeg",738,415,false],"covernews-medium":["https:\/\/quehacerpolitico.mx\/wp-content\/uploads\/2021\/12\/44CFAE40-8FBE-43FE-A7D6-FE0A1DBF7669.jpeg",540,304,false]},"author_info":{"display_name":"Redacci\u00f3n QP","author_link":"https:\/\/quehacerpolitico.mx\/?author=2"},"category_info":"<a href=\"https:\/\/quehacerpolitico.mx\/?cat=54\" rel=\"category\">Deportes<\/a>","tag_info":"Deportes","comment_count":"0","_links":{"self":[{"href":"https:\/\/quehacerpolitico.mx\/index.php?rest_route=\/wp\/v2\/posts\/87772","targetHints":{"allow":["GET"]}}],"collection":[{"href":"https:\/\/quehacerpolitico.mx\/index.php?rest_route=\/wp\/v2\/posts"}],"about":[{"href":"https:\/\/quehacerpolitico.mx\/index.php?rest_route=\/wp\/v2\/types\/post"}],"author":[{"embeddable":true,"href":"https:\/\/quehacerpolitico.mx\/index.php?rest_route=\/wp\/v2\/users\/2"}],"replies":[{"embeddable":true,"href":"https:\/\/quehacerpolitico.mx\/index.php?rest_route=%2Fwp%2Fv2%2Fcomments&post=87772"}],"version-history":[{"count":1,"href":"https:\/\/quehacerpolitico.mx\/index.php?rest_route=\/wp\/v2\/posts\/87772\/revisions"}],"predecessor-version":[{"id":87774,"href":"https:\/\/quehacerpolitico.mx\/index.php?rest_route=\/wp\/v2\/posts\/87772\/revisions\/87774"}],"wp:featuredmedia":[{"embeddable":true,"href":"https:\/\/quehacerpolitico.mx\/index.php?rest_route=\/wp\/v2\/media\/87773"}],"wp:attachment":[{"href":"https:\/\/quehacerpolitico.mx\/index.php?rest_route=%2Fwp%2Fv2%2Fmedia&parent=87772"}],"wp:term":[{"taxonomy":"category","embeddable":true,"href":"https:\/\/quehacerpolitico.mx\/index.php?rest_route=%2Fwp%2Fv2%2Fcategories&post=87772"},{"taxonomy":"post_tag","embeddable":true,"href":"https:\/\/quehacerpolitico.mx\/index.php?rest_route=%2Fwp%2Fv2%2Ftags&post=87772"}],"curies":[{"name":"wp","href":"https:\/\/api.w.org\/{rel}","templated":true}]}}