{"id":87760,"date":"2021-12-29T05:27:23","date_gmt":"2021-12-29T05:27:23","guid":{"rendered":"https:\/\/quehacerpolitico.mx\/?p=87760"},"modified":"2021-12-29T05:34:23","modified_gmt":"2021-12-29T05:34:23","slug":"gobierno-de-la-cdmx-suspende-concierto-de-fin-de-ano-en-por-alza-en-contagios-por-covid","status":"publish","type":"post","link":"https:\/\/quehacerpolitico.mx\/?p=87760","title":{"rendered":"Gobierno de la CDMX Suspende concierto de Fin de A\u00f1o por alza en contagios de COVID"},"content":{"rendered":"\n<p>Por Redacci\u00f3n QP<\/p>\n\n\n\n<p>La jefa de Gobierno Claudia Sheinbaum&nbsp;indica que se trata de una medida preventiva<\/p>\n\n\n\n<p>Ante el&nbsp;<strong>alza en contagios<\/strong>&nbsp;de COVID-19, el Gobierno de la Ciudad de M\u00e9xico anunci\u00f3 hoy que&nbsp;<strong>pospondr\u00e1 el concierto de Fin de A\u00f1o&nbsp;<\/strong>que se realizar\u00eda este 31 de diciembre, en la Glorieta de la Palma.<\/p>\n\n\n\n<p>Como medida para salvaguardar la salud de habitantes, tambi\u00e9n se decidi\u00f3&nbsp;<strong>adelantar el cierre de operaciones de la Verbena Navide\u00f1a<\/strong>&nbsp;para el 30 de diciembre, un d\u00eda antes de lo anunciado inicialmente.<\/p>\n\n\n\n<p>En un bolet\u00edn de prensa, el Gobierno de CDMX confirm\u00f3 que con el fin de fortalecer las medidas preventivas en el Z\u00f3calo, los d\u00edas 28, 29 y 30 de diciembre el encendido de la luminaria decembrina se llevar\u00e1 a cabo a las 18:20 horas.<\/p>\n\n\n\n<p>La jefa de Gobierno, Claudia Sheinbaum, dijo en la &nbsp;ma\u00f1ana que la suspensi\u00f3n del festejo por el 2022&nbsp;<strong>no es se\u00f1al de alarma<\/strong>, ya que hasta el momento no se ha presentado una situaci\u00f3n de emergencia a pesar de la variante \u00f3micron.<\/p>\n\n\n\n<p>&#8220;Es una<strong>&nbsp;cuesti\u00f3n de precauci\u00f3n<\/strong>&nbsp;al ver que hay un incremento de casos, pero no es una alarma, sino una medida para evitar mayor n\u00famero de contagios. Es una celebraci\u00f3n que se hizo en el 2019, quer\u00edamos que se hiciera cada 31 de diciembre como algo que permaneciera en la Ciudad, pero hay que respetar las medidas de sanidad&#8221;, expres\u00f3.<\/p>\n\n\n\n<figure class=\"wp-block-embed is-type-rich is-provider-twitter wp-block-embed-twitter\"><div class=\"wp-block-embed__wrapper\">\n<blockquote class=\"twitter-tweet\" data-width=\"550\" data-dnt=\"true\"><p lang=\"es\" dir=\"ltr\">\u00bfYa estabas afinando garganta para cantar con los \u00c1NGELES AZULES? \ud83c\udfa4<br><br>\ud83d\ude15 Pues tendr\u00e1s m\u00e1s tiempo. La Jefa de gobierno <a href=\"https:\/\/twitter.com\/Claudiashein?ref_src=twsrc%5Etfw\">@Claudiashein<\/a> confirm\u00f3 que el concierto que ofrecer\u00edan el 31 de diciembre SE POSPONE por PRECAUCI\u00d3N ante aumento de casos de <a href=\"https:\/\/twitter.com\/hashtag\/COVID19?src=hash&amp;ref_src=twsrc%5Etfw\">#COVID19<\/a> por <a href=\"https:\/\/twitter.com\/hashtag\/Omicron?src=hash&amp;ref_src=twsrc%5Etfw\">#Omicron<\/a> <a href=\"https:\/\/t.co\/n85RuKfrZz\">pic.twitter.com\/n85RuKfrZz<\/a><\/p>&mdash; Ruido en la Red (@RuidoEnLaRed) <a href=\"https:\/\/twitter.com\/RuidoEnLaRed\/status\/1475902586561744897?ref_src=twsrc%5Etfw\">December 28, 2021<\/a><\/blockquote><script async src=\"https:\/\/platform.twitter.com\/widgets.js\" charset=\"utf-8\"><\/script>\n<\/div><\/figure>\n\n\n\n<p>Sheinbaum&nbsp;dijo que esta acci\u00f3n busca transmitir a la poblaci\u00f3n la necesidad de ser cautelosos en estas \u00e9pocas y no bajar la guardia para evitar la transmisi\u00f3n del virus.<\/p>\n\n\n\n<p>&#8220;Esto no significa cerrar alguna actividad econ\u00f3mica, s\u00f3lo queremos informar a la poblaci\u00f3n para que todos estemos precavidos con este incremento de contagios. Afortunadamente en la ciudad la mayor\u00eda de las personas ya est\u00e1 vacunada, 52% de los adultos mayores ya cuentan con la tercera dosis de la vacuna y se seguir\u00e1n vacunando en las pr\u00f3ximas semanas&#8221;, se\u00f1al\u00f3.<\/p>\n","protected":false},"excerpt":{"rendered":"<p>Por Redacci\u00f3n QP La jefa de Gobierno Claudia Sheinbaum&nbsp;indica que se trata de una medida&#8230;<\/p>\n","protected":false},"author":2,"featured_media":87761,"comment_status":"open","ping_status":"open","sticky":false,"template":"","format":"standard","meta":{"_monsterinsights_skip_tracking":false,"_monsterinsights_sitenote_active":false,"_monsterinsights_sitenote_note":"","_monsterinsights_sitenote_category":0,"footnotes":""},"categories":[55],"tags":[],"class_list":["post-87760","post","type-post","status-publish","format-standard","has-post-thumbnail","hentry","category-cdmx"],"yoast_head":"<!-- This site is optimized with the Yoast SEO plugin v27.3 - https:\/\/yoast.com\/product\/yoast-seo-wordpress\/ -->\n<title>Gobierno de la CDMX Suspende concierto de Fin de A\u00f1o por alza en contagios de COVID -<\/title>\n<meta name=\"robots\" content=\"index, follow, max-snippet:-1, max-image-preview:large, max-video-preview:-1\" \/>\n<link rel=\"canonical\" href=\"https:\/\/quehacerpolitico.mx\/?p=87760\" \/>\n<meta property=\"og:locale\" content=\"es_MX\" \/>\n<meta property=\"og:type\" content=\"article\" \/>\n<meta property=\"og:title\" content=\"Gobierno de la CDMX Suspende concierto de Fin de A\u00f1o por alza en contagios de COVID -\" \/>\n<meta property=\"og:description\" content=\"Por Redacci\u00f3n QP La jefa de Gobierno Claudia Sheinbaum&nbsp;indica que se trata de una medida...\" \/>\n<meta property=\"og:url\" content=\"https:\/\/quehacerpolitico.mx\/?p=87760\" \/>\n<meta property=\"article:published_time\" content=\"2021-12-29T05:27:23+00:00\" \/>\n<meta property=\"article:modified_time\" content=\"2021-12-29T05:34:23+00:00\" \/>\n<meta property=\"og:image\" content=\"https:\/\/quehacerpolitico.mx\/wp-content\/uploads\/2021\/12\/6C267657-7B8E-4F54-B7C0-47CFD5DDF10A.jpeg\" \/>\n\t<meta property=\"og:image:width\" content=\"1600\" \/>\n\t<meta property=\"og:image:height\" content=\"1066\" \/>\n\t<meta property=\"og:image:type\" content=\"image\/jpeg\" \/>\n<meta name=\"author\" content=\"Redacci\u00f3n QP\" \/>\n<meta name=\"twitter:card\" content=\"summary_large_image\" \/>\n<meta name=\"twitter:label1\" content=\"Escrito por\" \/>\n\t<meta name=\"twitter:data1\" content=\"Redacci\u00f3n QP\" \/>\n\t<meta name=\"twitter:label2\" content=\"Tiempo de lectura\" \/>\n\t<meta name=\"twitter:data2\" content=\"2 minutos\" \/>\n<script type=\"application\/ld+json\" class=\"yoast-schema-graph\">{\"@context\":\"https:\\\/\\\/schema.org\",\"@graph\":[{\"@type\":\"Article\",\"@id\":\"https:\\\/\\\/quehacerpolitico.mx\\\/?p=87760#article\",\"isPartOf\":{\"@id\":\"https:\\\/\\\/quehacerpolitico.mx\\\/?p=87760\"},\"author\":{\"name\":\"Redacci\u00f3n QP\",\"@id\":\"https:\\\/\\\/quehacerpolitico.mx\\\/#\\\/schema\\\/person\\\/496d8ad2d1d3f8036101dca7ee39e585\"},\"headline\":\"Gobierno de la CDMX Suspende concierto de Fin de A\u00f1o por alza en contagios de COVID\",\"datePublished\":\"2021-12-29T05:27:23+00:00\",\"dateModified\":\"2021-12-29T05:34:23+00:00\",\"mainEntityOfPage\":{\"@id\":\"https:\\\/\\\/quehacerpolitico.mx\\\/?p=87760\"},\"wordCount\":373,\"commentCount\":0,\"image\":{\"@id\":\"https:\\\/\\\/quehacerpolitico.mx\\\/?p=87760#primaryimage\"},\"thumbnailUrl\":\"https:\\\/\\\/quehacerpolitico.mx\\\/wp-content\\\/uploads\\\/2021\\\/12\\\/6C267657-7B8E-4F54-B7C0-47CFD5DDF10A.jpeg\",\"articleSection\":[\"CDMX\"],\"inLanguage\":\"es\",\"potentialAction\":[{\"@type\":\"CommentAction\",\"name\":\"Comment\",\"target\":[\"https:\\\/\\\/quehacerpolitico.mx\\\/?p=87760#respond\"]}]},{\"@type\":\"WebPage\",\"@id\":\"https:\\\/\\\/quehacerpolitico.mx\\\/?p=87760\",\"url\":\"https:\\\/\\\/quehacerpolitico.mx\\\/?p=87760\",\"name\":\"Gobierno de la CDMX Suspende concierto de Fin de A\u00f1o por alza en contagios de COVID -\",\"isPartOf\":{\"@id\":\"https:\\\/\\\/quehacerpolitico.mx\\\/#website\"},\"primaryImageOfPage\":{\"@id\":\"https:\\\/\\\/quehacerpolitico.mx\\\/?p=87760#primaryimage\"},\"image\":{\"@id\":\"https:\\\/\\\/quehacerpolitico.mx\\\/?p=87760#primaryimage\"},\"thumbnailUrl\":\"https:\\\/\\\/quehacerpolitico.mx\\\/wp-content\\\/uploads\\\/2021\\\/12\\\/6C267657-7B8E-4F54-B7C0-47CFD5DDF10A.jpeg\",\"datePublished\":\"2021-12-29T05:27:23+00:00\",\"dateModified\":\"2021-12-29T05:34:23+00:00\",\"author\":{\"@id\":\"https:\\\/\\\/quehacerpolitico.mx\\\/#\\\/schema\\\/person\\\/496d8ad2d1d3f8036101dca7ee39e585\"},\"breadcrumb\":{\"@id\":\"https:\\\/\\\/quehacerpolitico.mx\\\/?p=87760#breadcrumb\"},\"inLanguage\":\"es\",\"potentialAction\":[{\"@type\":\"ReadAction\",\"target\":[\"https:\\\/\\\/quehacerpolitico.mx\\\/?p=87760\"]}]},{\"@type\":\"ImageObject\",\"inLanguage\":\"es\",\"@id\":\"https:\\\/\\\/quehacerpolitico.mx\\\/?p=87760#primaryimage\",\"url\":\"https:\\\/\\\/quehacerpolitico.mx\\\/wp-content\\\/uploads\\\/2021\\\/12\\\/6C267657-7B8E-4F54-B7C0-47CFD5DDF10A.jpeg\",\"contentUrl\":\"https:\\\/\\\/quehacerpolitico.mx\\\/wp-content\\\/uploads\\\/2021\\\/12\\\/6C267657-7B8E-4F54-B7C0-47CFD5DDF10A.jpeg\",\"width\":1600,\"height\":1066},{\"@type\":\"BreadcrumbList\",\"@id\":\"https:\\\/\\\/quehacerpolitico.mx\\\/?p=87760#breadcrumb\",\"itemListElement\":[{\"@type\":\"ListItem\",\"position\":1,\"name\":\"Inicio\",\"item\":\"https:\\\/\\\/quehacerpolitico.mx\\\/\"},{\"@type\":\"ListItem\",\"position\":2,\"name\":\"Gobierno de la CDMX Suspende concierto de Fin de A\u00f1o por alza en contagios de COVID\"}]},{\"@type\":\"WebSite\",\"@id\":\"https:\\\/\\\/quehacerpolitico.mx\\\/#website\",\"url\":\"https:\\\/\\\/quehacerpolitico.mx\\\/\",\"name\":\"\",\"description\":\"\",\"potentialAction\":[{\"@type\":\"SearchAction\",\"target\":{\"@type\":\"EntryPoint\",\"urlTemplate\":\"https:\\\/\\\/quehacerpolitico.mx\\\/?s={search_term_string}\"},\"query-input\":{\"@type\":\"PropertyValueSpecification\",\"valueRequired\":true,\"valueName\":\"search_term_string\"}}],\"inLanguage\":\"es\"},{\"@type\":\"Person\",\"@id\":\"https:\\\/\\\/quehacerpolitico.mx\\\/#\\\/schema\\\/person\\\/496d8ad2d1d3f8036101dca7ee39e585\",\"name\":\"Redacci\u00f3n QP\",\"image\":{\"@type\":\"ImageObject\",\"inLanguage\":\"es\",\"@id\":\"https:\\\/\\\/secure.gravatar.com\\\/avatar\\\/c7164ed6fdec453195284ad24a5ae5b6e1eed2b848477fa2a4787ba9adf39a41?s=96&d=mm&r=g\",\"url\":\"https:\\\/\\\/secure.gravatar.com\\\/avatar\\\/c7164ed6fdec453195284ad24a5ae5b6e1eed2b848477fa2a4787ba9adf39a41?s=96&d=mm&r=g\",\"contentUrl\":\"https:\\\/\\\/secure.gravatar.com\\\/avatar\\\/c7164ed6fdec453195284ad24a5ae5b6e1eed2b848477fa2a4787ba9adf39a41?s=96&d=mm&r=g\",\"caption\":\"Redacci\u00f3n QP\"},\"url\":\"https:\\\/\\\/quehacerpolitico.mx\\\/?author=2\"}]}<\/script>\n<!-- \/ Yoast SEO plugin. -->","yoast_head_json":{"title":"Gobierno de la CDMX Suspende concierto de Fin de A\u00f1o por alza en contagios de COVID -","robots":{"index":"index","follow":"follow","max-snippet":"max-snippet:-1","max-image-preview":"max-image-preview:large","max-video-preview":"max-video-preview:-1"},"canonical":"https:\/\/quehacerpolitico.mx\/?p=87760","og_locale":"es_MX","og_type":"article","og_title":"Gobierno de la CDMX Suspende concierto de Fin de A\u00f1o por alza en contagios de COVID -","og_description":"Por Redacci\u00f3n QP La jefa de Gobierno Claudia Sheinbaum&nbsp;indica que se trata de una medida...","og_url":"https:\/\/quehacerpolitico.mx\/?p=87760","article_published_time":"2021-12-29T05:27:23+00:00","article_modified_time":"2021-12-29T05:34:23+00:00","og_image":[{"width":1600,"height":1066,"url":"https:\/\/quehacerpolitico.mx\/wp-content\/uploads\/2021\/12\/6C267657-7B8E-4F54-B7C0-47CFD5DDF10A.jpeg","type":"image\/jpeg"}],"author":"Redacci\u00f3n QP","twitter_card":"summary_large_image","twitter_misc":{"Escrito por":"Redacci\u00f3n QP","Tiempo de lectura":"2 minutos"},"schema":{"@context":"https:\/\/schema.org","@graph":[{"@type":"Article","@id":"https:\/\/quehacerpolitico.mx\/?p=87760#article","isPartOf":{"@id":"https:\/\/quehacerpolitico.mx\/?p=87760"},"author":{"name":"Redacci\u00f3n QP","@id":"https:\/\/quehacerpolitico.mx\/#\/schema\/person\/496d8ad2d1d3f8036101dca7ee39e585"},"headline":"Gobierno de la CDMX Suspende concierto de Fin de A\u00f1o por alza en contagios de COVID","datePublished":"2021-12-29T05:27:23+00:00","dateModified":"2021-12-29T05:34:23+00:00","mainEntityOfPage":{"@id":"https:\/\/quehacerpolitico.mx\/?p=87760"},"wordCount":373,"commentCount":0,"image":{"@id":"https:\/\/quehacerpolitico.mx\/?p=87760#primaryimage"},"thumbnailUrl":"https:\/\/quehacerpolitico.mx\/wp-content\/uploads\/2021\/12\/6C267657-7B8E-4F54-B7C0-47CFD5DDF10A.jpeg","articleSection":["CDMX"],"inLanguage":"es","potentialAction":[{"@type":"CommentAction","name":"Comment","target":["https:\/\/quehacerpolitico.mx\/?p=87760#respond"]}]},{"@type":"WebPage","@id":"https:\/\/quehacerpolitico.mx\/?p=87760","url":"https:\/\/quehacerpolitico.mx\/?p=87760","name":"Gobierno de la CDMX Suspende concierto de Fin de A\u00f1o por alza en contagios de COVID -","isPartOf":{"@id":"https:\/\/quehacerpolitico.mx\/#website"},"primaryImageOfPage":{"@id":"https:\/\/quehacerpolitico.mx\/?p=87760#primaryimage"},"image":{"@id":"https:\/\/quehacerpolitico.mx\/?p=87760#primaryimage"},"thumbnailUrl":"https:\/\/quehacerpolitico.mx\/wp-content\/uploads\/2021\/12\/6C267657-7B8E-4F54-B7C0-47CFD5DDF10A.jpeg","datePublished":"2021-12-29T05:27:23+00:00","dateModified":"2021-12-29T05:34:23+00:00","author":{"@id":"https:\/\/quehacerpolitico.mx\/#\/schema\/person\/496d8ad2d1d3f8036101dca7ee39e585"},"breadcrumb":{"@id":"https:\/\/quehacerpolitico.mx\/?p=87760#breadcrumb"},"inLanguage":"es","potentialAction":[{"@type":"ReadAction","target":["https:\/\/quehacerpolitico.mx\/?p=87760"]}]},{"@type":"ImageObject","inLanguage":"es","@id":"https:\/\/quehacerpolitico.mx\/?p=87760#primaryimage","url":"https:\/\/quehacerpolitico.mx\/wp-content\/uploads\/2021\/12\/6C267657-7B8E-4F54-B7C0-47CFD5DDF10A.jpeg","contentUrl":"https:\/\/quehacerpolitico.mx\/wp-content\/uploads\/2021\/12\/6C267657-7B8E-4F54-B7C0-47CFD5DDF10A.jpeg","width":1600,"height":1066},{"@type":"BreadcrumbList","@id":"https:\/\/quehacerpolitico.mx\/?p=87760#breadcrumb","itemListElement":[{"@type":"ListItem","position":1,"name":"Inicio","item":"https:\/\/quehacerpolitico.mx\/"},{"@type":"ListItem","position":2,"name":"Gobierno de la CDMX Suspende concierto de Fin de A\u00f1o por alza en contagios de COVID"}]},{"@type":"WebSite","@id":"https:\/\/quehacerpolitico.mx\/#website","url":"https:\/\/quehacerpolitico.mx\/","name":"","description":"","potentialAction":[{"@type":"SearchAction","target":{"@type":"EntryPoint","urlTemplate":"https:\/\/quehacerpolitico.mx\/?s={search_term_string}"},"query-input":{"@type":"PropertyValueSpecification","valueRequired":true,"valueName":"search_term_string"}}],"inLanguage":"es"},{"@type":"Person","@id":"https:\/\/quehacerpolitico.mx\/#\/schema\/person\/496d8ad2d1d3f8036101dca7ee39e585","name":"Redacci\u00f3n QP","image":{"@type":"ImageObject","inLanguage":"es","@id":"https:\/\/secure.gravatar.com\/avatar\/c7164ed6fdec453195284ad24a5ae5b6e1eed2b848477fa2a4787ba9adf39a41?s=96&d=mm&r=g","url":"https:\/\/secure.gravatar.com\/avatar\/c7164ed6fdec453195284ad24a5ae5b6e1eed2b848477fa2a4787ba9adf39a41?s=96&d=mm&r=g","contentUrl":"https:\/\/secure.gravatar.com\/avatar\/c7164ed6fdec453195284ad24a5ae5b6e1eed2b848477fa2a4787ba9adf39a41?s=96&d=mm&r=g","caption":"Redacci\u00f3n QP"},"url":"https:\/\/quehacerpolitico.mx\/?author=2"}]}},"featured_image_urls":{"full":["https:\/\/quehacerpolitico.mx\/wp-content\/uploads\/2021\/12\/6C267657-7B8E-4F54-B7C0-47CFD5DDF10A.jpeg",1600,1066,false],"thumbnail":["https:\/\/quehacerpolitico.mx\/wp-content\/uploads\/2021\/12\/6C267657-7B8E-4F54-B7C0-47CFD5DDF10A-150x150.jpeg",150,150,true],"medium":["https:\/\/quehacerpolitico.mx\/wp-content\/uploads\/2021\/12\/6C267657-7B8E-4F54-B7C0-47CFD5DDF10A-300x200.jpeg",300,200,true],"medium_large":["https:\/\/quehacerpolitico.mx\/wp-content\/uploads\/2021\/12\/6C267657-7B8E-4F54-B7C0-47CFD5DDF10A-768x512.jpeg",640,427,true],"large":["https:\/\/quehacerpolitico.mx\/wp-content\/uploads\/2021\/12\/6C267657-7B8E-4F54-B7C0-47CFD5DDF10A-1024x682.jpeg",640,426,true],"1536x1536":["https:\/\/quehacerpolitico.mx\/wp-content\/uploads\/2021\/12\/6C267657-7B8E-4F54-B7C0-47CFD5DDF10A-1536x1023.jpeg",1536,1023,true],"2048x2048":["https:\/\/quehacerpolitico.mx\/wp-content\/uploads\/2021\/12\/6C267657-7B8E-4F54-B7C0-47CFD5DDF10A.jpeg",1600,1066,false],"covernews-featured":["https:\/\/quehacerpolitico.mx\/wp-content\/uploads\/2021\/12\/6C267657-7B8E-4F54-B7C0-47CFD5DDF10A.jpeg",1024,682,false],"covernews-medium":["https:\/\/quehacerpolitico.mx\/wp-content\/uploads\/2021\/12\/6C267657-7B8E-4F54-B7C0-47CFD5DDF10A.jpeg",510,340,false]},"author_info":{"display_name":"Redacci\u00f3n QP","author_link":"https:\/\/quehacerpolitico.mx\/?author=2"},"category_info":"<a href=\"https:\/\/quehacerpolitico.mx\/?cat=55\" rel=\"category\">CDMX<\/a>","tag_info":"CDMX","comment_count":"0","_links":{"self":[{"href":"https:\/\/quehacerpolitico.mx\/index.php?rest_route=\/wp\/v2\/posts\/87760","targetHints":{"allow":["GET"]}}],"collection":[{"href":"https:\/\/quehacerpolitico.mx\/index.php?rest_route=\/wp\/v2\/posts"}],"about":[{"href":"https:\/\/quehacerpolitico.mx\/index.php?rest_route=\/wp\/v2\/types\/post"}],"author":[{"embeddable":true,"href":"https:\/\/quehacerpolitico.mx\/index.php?rest_route=\/wp\/v2\/users\/2"}],"replies":[{"embeddable":true,"href":"https:\/\/quehacerpolitico.mx\/index.php?rest_route=%2Fwp%2Fv2%2Fcomments&post=87760"}],"version-history":[{"count":2,"href":"https:\/\/quehacerpolitico.mx\/index.php?rest_route=\/wp\/v2\/posts\/87760\/revisions"}],"predecessor-version":[{"id":87763,"href":"https:\/\/quehacerpolitico.mx\/index.php?rest_route=\/wp\/v2\/posts\/87760\/revisions\/87763"}],"wp:featuredmedia":[{"embeddable":true,"href":"https:\/\/quehacerpolitico.mx\/index.php?rest_route=\/wp\/v2\/media\/87761"}],"wp:attachment":[{"href":"https:\/\/quehacerpolitico.mx\/index.php?rest_route=%2Fwp%2Fv2%2Fmedia&parent=87760"}],"wp:term":[{"taxonomy":"category","embeddable":true,"href":"https:\/\/quehacerpolitico.mx\/index.php?rest_route=%2Fwp%2Fv2%2Fcategories&post=87760"},{"taxonomy":"post_tag","embeddable":true,"href":"https:\/\/quehacerpolitico.mx\/index.php?rest_route=%2Fwp%2Fv2%2Ftags&post=87760"}],"curies":[{"name":"wp","href":"https:\/\/api.w.org\/{rel}","templated":true}]}}