{"id":87757,"date":"2021-12-29T05:16:18","date_gmt":"2021-12-29T05:16:18","guid":{"rendered":"https:\/\/quehacerpolitico.mx\/?p=87757"},"modified":"2021-12-29T05:16:21","modified_gmt":"2021-12-29T05:16:21","slug":"asesinan-a-la-hija-de-12-anos-del-alcalde-de-xoxocotlan-veracruz","status":"publish","type":"post","link":"https:\/\/quehacerpolitico.mx\/?p=87757","title":{"rendered":"Asesinan a la hija de 12 a\u00f1os del alcalde de Xoxocotlan Veracruz"},"content":{"rendered":"\n<p>Por Redacci\u00f3n QP<\/p>\n\n\n\n<p>El cuerpo de la menor fue abandonado en una carretera de la Sierra de Zongolica<\/p>\n\n\n\n<p>Una ni\u00f1a de 12 a\u00f1os, hija del alcalde de Xoxocotla, Magdaleno Ju\u00e1rez, fue asesinada y su cuerpo abandonado en una carretera de la Sierra de Zongolica.<\/p>\n\n\n\n<p><strong>El cad\u00e1ver de la v\u00edctima fue localizado en la carretera Xoxocotla-Soledad Atzompa<\/strong>, a la altura de la comunidad La Mesita, donde se registr\u00f3 una fuerte movilizaci\u00f3n policial.<\/p>\n\n\n\n<figure class=\"wp-block-embed is-type-rich is-provider-twitter wp-block-embed-twitter\"><div class=\"wp-block-embed__wrapper\">\n<blockquote class=\"twitter-tweet\" data-width=\"550\" data-dnt=\"true\"><p lang=\"es\" dir=\"ltr\">\ud83d\udea8 Violan y asesinan a la hija del alcalde de <a href=\"https:\/\/twitter.com\/hashtag\/Xoxocotla?src=hash&amp;ref_src=twsrc%5Etfw\">#Xoxocotla<\/a> <a href=\"https:\/\/twitter.com\/hashtag\/Veracruz?src=hash&amp;ref_src=twsrc%5Etfw\">#Veracruz<\/a>, Magdaleno Ju\u00e1rez; tambi\u00e9n golpearon a un menor el cual fue ingresado de urgencia al hospital y hasta el momento permanece inconsciente<a href=\"https:\/\/twitter.com\/hashtag\/SinMurosNoticias?src=hash&amp;ref_src=twsrc%5Etfw\">#SinMurosNoticias<\/a> <a href=\"https:\/\/t.co\/wm4KEUMX88\">https:\/\/t.co\/wm4KEUMX88<\/a> <a href=\"https:\/\/t.co\/3Xyo275VUc\">pic.twitter.com\/3Xyo275VUc<\/a><\/p>&mdash; Sin Muros (@SinMurosMx) <a href=\"https:\/\/twitter.com\/SinMurosMx\/status\/1475962882760261636?ref_src=twsrc%5Etfw\">December 28, 2021<\/a><\/blockquote><script async src=\"https:\/\/platform.twitter.com\/widgets.js\" charset=\"utf-8\"><\/script>\n<\/div><\/figure>\n\n\n\n<p>En la zona tambi\u00e9n fue localizado un veh\u00edculo marca Chevrolet con placas del estado de Puebla,\u00a0<strong>en cuyo interior se encontraba un hombre inconsciente y golpeado<\/strong>. El sujeto fue trasladado al hospital de Tlaquilpa.<\/p>\n\n\n\n<p>Las primeras investigaciones revelaron que<strong>&nbsp;la menor fue sustra\u00edda de un baile que organiz\u00f3 el propio alcalde&nbsp;<\/strong>en la cabecera municipal para celebrar su cuarto informe de gobierno.<\/p>\n\n\n\n<p>Elementos de la Fiscal\u00eda Regional acudieron al lugar para iniciar las indagatorias del caso, el cual conmocion\u00f3 a la Sierra de Zongolica.<\/p>\n\n\n\n<figure class=\"wp-block-embed is-type-video is-provider-youtube wp-block-embed-youtube wp-embed-aspect-16-9 wp-has-aspect-ratio\"><div class=\"wp-block-embed__wrapper\">\n<iframe loading=\"lazy\" title=\"Matan a hija de Alcalde de Xoxocotla, Veracruz fue encontrada a la orilla de la carretera\" width=\"640\" height=\"360\" src=\"https:\/\/www.youtube.com\/embed\/BP8g0WVvdOs?feature=oembed\" frameborder=\"0\" allow=\"accelerometer; autoplay; clipboard-write; encrypted-media; gyroscope; picture-in-picture; web-share\" referrerpolicy=\"strict-origin-when-cross-origin\" allowfullscreen><\/iframe>\n<\/div><\/figure>\n\n\n\n<p>Con Informaci\u00f3n de SUN <\/p>\n","protected":false},"excerpt":{"rendered":"<p>Por Redacci\u00f3n QP El cuerpo de la menor fue abandonado en una carretera de la&#8230;<\/p>\n","protected":false},"author":2,"featured_media":87758,"comment_status":"open","ping_status":"open","sticky":false,"template":"","format":"standard","meta":{"_monsterinsights_skip_tracking":false,"_monsterinsights_sitenote_active":false,"_monsterinsights_sitenote_note":"","_monsterinsights_sitenote_category":0,"footnotes":""},"categories":[2],"tags":[],"class_list":["post-87757","post","type-post","status-publish","format-standard","has-post-thumbnail","hentry","category-noticias"],"yoast_head":"<!-- This site is optimized with the Yoast SEO plugin v27.3 - https:\/\/yoast.com\/product\/yoast-seo-wordpress\/ -->\n<title>Asesinan a la hija de 12 a\u00f1os del alcalde de Xoxocotlan Veracruz -<\/title>\n<meta name=\"robots\" content=\"index, follow, max-snippet:-1, max-image-preview:large, max-video-preview:-1\" \/>\n<link rel=\"canonical\" href=\"https:\/\/quehacerpolitico.mx\/?p=87757\" \/>\n<meta property=\"og:locale\" content=\"es_MX\" \/>\n<meta property=\"og:type\" content=\"article\" \/>\n<meta property=\"og:title\" content=\"Asesinan a la hija de 12 a\u00f1os del alcalde de Xoxocotlan Veracruz -\" \/>\n<meta property=\"og:description\" content=\"Por Redacci\u00f3n QP El cuerpo de la menor fue abandonado en una carretera de la...\" \/>\n<meta property=\"og:url\" content=\"https:\/\/quehacerpolitico.mx\/?p=87757\" \/>\n<meta property=\"article:published_time\" content=\"2021-12-29T05:16:18+00:00\" \/>\n<meta property=\"article:modified_time\" content=\"2021-12-29T05:16:21+00:00\" \/>\n<meta property=\"og:image\" content=\"https:\/\/quehacerpolitico.mx\/wp-content\/uploads\/2021\/12\/EDF013BF-DBDA-4116-B075-063C67C4FCFD.jpeg\" \/>\n\t<meta property=\"og:image:width\" content=\"800\" \/>\n\t<meta property=\"og:image:height\" content=\"600\" \/>\n\t<meta property=\"og:image:type\" content=\"image\/jpeg\" \/>\n<meta name=\"author\" content=\"Redacci\u00f3n QP\" \/>\n<meta name=\"twitter:card\" content=\"summary_large_image\" \/>\n<meta name=\"twitter:label1\" content=\"Escrito por\" \/>\n\t<meta name=\"twitter:data1\" content=\"Redacci\u00f3n QP\" \/>\n\t<meta name=\"twitter:label2\" content=\"Tiempo de lectura\" \/>\n\t<meta name=\"twitter:data2\" content=\"1 minuto\" \/>\n<script type=\"application\/ld+json\" class=\"yoast-schema-graph\">{\"@context\":\"https:\\\/\\\/schema.org\",\"@graph\":[{\"@type\":\"Article\",\"@id\":\"https:\\\/\\\/quehacerpolitico.mx\\\/?p=87757#article\",\"isPartOf\":{\"@id\":\"https:\\\/\\\/quehacerpolitico.mx\\\/?p=87757\"},\"author\":{\"name\":\"Redacci\u00f3n QP\",\"@id\":\"https:\\\/\\\/quehacerpolitico.mx\\\/#\\\/schema\\\/person\\\/496d8ad2d1d3f8036101dca7ee39e585\"},\"headline\":\"Asesinan a la hija de 12 a\u00f1os del alcalde de Xoxocotlan Veracruz\",\"datePublished\":\"2021-12-29T05:16:18+00:00\",\"dateModified\":\"2021-12-29T05:16:21+00:00\",\"mainEntityOfPage\":{\"@id\":\"https:\\\/\\\/quehacerpolitico.mx\\\/?p=87757\"},\"wordCount\":196,\"commentCount\":0,\"image\":{\"@id\":\"https:\\\/\\\/quehacerpolitico.mx\\\/?p=87757#primaryimage\"},\"thumbnailUrl\":\"https:\\\/\\\/quehacerpolitico.mx\\\/wp-content\\\/uploads\\\/2021\\\/12\\\/EDF013BF-DBDA-4116-B075-063C67C4FCFD.jpeg\",\"articleSection\":[\"Noticias\"],\"inLanguage\":\"es\",\"potentialAction\":[{\"@type\":\"CommentAction\",\"name\":\"Comment\",\"target\":[\"https:\\\/\\\/quehacerpolitico.mx\\\/?p=87757#respond\"]}]},{\"@type\":\"WebPage\",\"@id\":\"https:\\\/\\\/quehacerpolitico.mx\\\/?p=87757\",\"url\":\"https:\\\/\\\/quehacerpolitico.mx\\\/?p=87757\",\"name\":\"Asesinan a la hija de 12 a\u00f1os del alcalde de Xoxocotlan Veracruz -\",\"isPartOf\":{\"@id\":\"https:\\\/\\\/quehacerpolitico.mx\\\/#website\"},\"primaryImageOfPage\":{\"@id\":\"https:\\\/\\\/quehacerpolitico.mx\\\/?p=87757#primaryimage\"},\"image\":{\"@id\":\"https:\\\/\\\/quehacerpolitico.mx\\\/?p=87757#primaryimage\"},\"thumbnailUrl\":\"https:\\\/\\\/quehacerpolitico.mx\\\/wp-content\\\/uploads\\\/2021\\\/12\\\/EDF013BF-DBDA-4116-B075-063C67C4FCFD.jpeg\",\"datePublished\":\"2021-12-29T05:16:18+00:00\",\"dateModified\":\"2021-12-29T05:16:21+00:00\",\"author\":{\"@id\":\"https:\\\/\\\/quehacerpolitico.mx\\\/#\\\/schema\\\/person\\\/496d8ad2d1d3f8036101dca7ee39e585\"},\"breadcrumb\":{\"@id\":\"https:\\\/\\\/quehacerpolitico.mx\\\/?p=87757#breadcrumb\"},\"inLanguage\":\"es\",\"potentialAction\":[{\"@type\":\"ReadAction\",\"target\":[\"https:\\\/\\\/quehacerpolitico.mx\\\/?p=87757\"]}]},{\"@type\":\"ImageObject\",\"inLanguage\":\"es\",\"@id\":\"https:\\\/\\\/quehacerpolitico.mx\\\/?p=87757#primaryimage\",\"url\":\"https:\\\/\\\/quehacerpolitico.mx\\\/wp-content\\\/uploads\\\/2021\\\/12\\\/EDF013BF-DBDA-4116-B075-063C67C4FCFD.jpeg\",\"contentUrl\":\"https:\\\/\\\/quehacerpolitico.mx\\\/wp-content\\\/uploads\\\/2021\\\/12\\\/EDF013BF-DBDA-4116-B075-063C67C4FCFD.jpeg\",\"width\":800,\"height\":600},{\"@type\":\"BreadcrumbList\",\"@id\":\"https:\\\/\\\/quehacerpolitico.mx\\\/?p=87757#breadcrumb\",\"itemListElement\":[{\"@type\":\"ListItem\",\"position\":1,\"name\":\"Inicio\",\"item\":\"https:\\\/\\\/quehacerpolitico.mx\\\/\"},{\"@type\":\"ListItem\",\"position\":2,\"name\":\"Asesinan a la hija de 12 a\u00f1os del alcalde de Xoxocotlan Veracruz\"}]},{\"@type\":\"WebSite\",\"@id\":\"https:\\\/\\\/quehacerpolitico.mx\\\/#website\",\"url\":\"https:\\\/\\\/quehacerpolitico.mx\\\/\",\"name\":\"\",\"description\":\"\",\"potentialAction\":[{\"@type\":\"SearchAction\",\"target\":{\"@type\":\"EntryPoint\",\"urlTemplate\":\"https:\\\/\\\/quehacerpolitico.mx\\\/?s={search_term_string}\"},\"query-input\":{\"@type\":\"PropertyValueSpecification\",\"valueRequired\":true,\"valueName\":\"search_term_string\"}}],\"inLanguage\":\"es\"},{\"@type\":\"Person\",\"@id\":\"https:\\\/\\\/quehacerpolitico.mx\\\/#\\\/schema\\\/person\\\/496d8ad2d1d3f8036101dca7ee39e585\",\"name\":\"Redacci\u00f3n QP\",\"image\":{\"@type\":\"ImageObject\",\"inLanguage\":\"es\",\"@id\":\"https:\\\/\\\/secure.gravatar.com\\\/avatar\\\/c7164ed6fdec453195284ad24a5ae5b6e1eed2b848477fa2a4787ba9adf39a41?s=96&d=mm&r=g\",\"url\":\"https:\\\/\\\/secure.gravatar.com\\\/avatar\\\/c7164ed6fdec453195284ad24a5ae5b6e1eed2b848477fa2a4787ba9adf39a41?s=96&d=mm&r=g\",\"contentUrl\":\"https:\\\/\\\/secure.gravatar.com\\\/avatar\\\/c7164ed6fdec453195284ad24a5ae5b6e1eed2b848477fa2a4787ba9adf39a41?s=96&d=mm&r=g\",\"caption\":\"Redacci\u00f3n QP\"},\"url\":\"https:\\\/\\\/quehacerpolitico.mx\\\/?author=2\"}]}<\/script>\n<!-- \/ Yoast SEO plugin. -->","yoast_head_json":{"title":"Asesinan a la hija de 12 a\u00f1os del alcalde de Xoxocotlan Veracruz -","robots":{"index":"index","follow":"follow","max-snippet":"max-snippet:-1","max-image-preview":"max-image-preview:large","max-video-preview":"max-video-preview:-1"},"canonical":"https:\/\/quehacerpolitico.mx\/?p=87757","og_locale":"es_MX","og_type":"article","og_title":"Asesinan a la hija de 12 a\u00f1os del alcalde de Xoxocotlan Veracruz -","og_description":"Por Redacci\u00f3n QP El cuerpo de la menor fue abandonado en una carretera de la...","og_url":"https:\/\/quehacerpolitico.mx\/?p=87757","article_published_time":"2021-12-29T05:16:18+00:00","article_modified_time":"2021-12-29T05:16:21+00:00","og_image":[{"width":800,"height":600,"url":"https:\/\/quehacerpolitico.mx\/wp-content\/uploads\/2021\/12\/EDF013BF-DBDA-4116-B075-063C67C4FCFD.jpeg","type":"image\/jpeg"}],"author":"Redacci\u00f3n QP","twitter_card":"summary_large_image","twitter_misc":{"Escrito por":"Redacci\u00f3n QP","Tiempo de lectura":"1 minuto"},"schema":{"@context":"https:\/\/schema.org","@graph":[{"@type":"Article","@id":"https:\/\/quehacerpolitico.mx\/?p=87757#article","isPartOf":{"@id":"https:\/\/quehacerpolitico.mx\/?p=87757"},"author":{"name":"Redacci\u00f3n QP","@id":"https:\/\/quehacerpolitico.mx\/#\/schema\/person\/496d8ad2d1d3f8036101dca7ee39e585"},"headline":"Asesinan a la hija de 12 a\u00f1os del alcalde de Xoxocotlan Veracruz","datePublished":"2021-12-29T05:16:18+00:00","dateModified":"2021-12-29T05:16:21+00:00","mainEntityOfPage":{"@id":"https:\/\/quehacerpolitico.mx\/?p=87757"},"wordCount":196,"commentCount":0,"image":{"@id":"https:\/\/quehacerpolitico.mx\/?p=87757#primaryimage"},"thumbnailUrl":"https:\/\/quehacerpolitico.mx\/wp-content\/uploads\/2021\/12\/EDF013BF-DBDA-4116-B075-063C67C4FCFD.jpeg","articleSection":["Noticias"],"inLanguage":"es","potentialAction":[{"@type":"CommentAction","name":"Comment","target":["https:\/\/quehacerpolitico.mx\/?p=87757#respond"]}]},{"@type":"WebPage","@id":"https:\/\/quehacerpolitico.mx\/?p=87757","url":"https:\/\/quehacerpolitico.mx\/?p=87757","name":"Asesinan a la hija de 12 a\u00f1os del alcalde de Xoxocotlan Veracruz -","isPartOf":{"@id":"https:\/\/quehacerpolitico.mx\/#website"},"primaryImageOfPage":{"@id":"https:\/\/quehacerpolitico.mx\/?p=87757#primaryimage"},"image":{"@id":"https:\/\/quehacerpolitico.mx\/?p=87757#primaryimage"},"thumbnailUrl":"https:\/\/quehacerpolitico.mx\/wp-content\/uploads\/2021\/12\/EDF013BF-DBDA-4116-B075-063C67C4FCFD.jpeg","datePublished":"2021-12-29T05:16:18+00:00","dateModified":"2021-12-29T05:16:21+00:00","author":{"@id":"https:\/\/quehacerpolitico.mx\/#\/schema\/person\/496d8ad2d1d3f8036101dca7ee39e585"},"breadcrumb":{"@id":"https:\/\/quehacerpolitico.mx\/?p=87757#breadcrumb"},"inLanguage":"es","potentialAction":[{"@type":"ReadAction","target":["https:\/\/quehacerpolitico.mx\/?p=87757"]}]},{"@type":"ImageObject","inLanguage":"es","@id":"https:\/\/quehacerpolitico.mx\/?p=87757#primaryimage","url":"https:\/\/quehacerpolitico.mx\/wp-content\/uploads\/2021\/12\/EDF013BF-DBDA-4116-B075-063C67C4FCFD.jpeg","contentUrl":"https:\/\/quehacerpolitico.mx\/wp-content\/uploads\/2021\/12\/EDF013BF-DBDA-4116-B075-063C67C4FCFD.jpeg","width":800,"height":600},{"@type":"BreadcrumbList","@id":"https:\/\/quehacerpolitico.mx\/?p=87757#breadcrumb","itemListElement":[{"@type":"ListItem","position":1,"name":"Inicio","item":"https:\/\/quehacerpolitico.mx\/"},{"@type":"ListItem","position":2,"name":"Asesinan a la hija de 12 a\u00f1os del alcalde de Xoxocotlan Veracruz"}]},{"@type":"WebSite","@id":"https:\/\/quehacerpolitico.mx\/#website","url":"https:\/\/quehacerpolitico.mx\/","name":"","description":"","potentialAction":[{"@type":"SearchAction","target":{"@type":"EntryPoint","urlTemplate":"https:\/\/quehacerpolitico.mx\/?s={search_term_string}"},"query-input":{"@type":"PropertyValueSpecification","valueRequired":true,"valueName":"search_term_string"}}],"inLanguage":"es"},{"@type":"Person","@id":"https:\/\/quehacerpolitico.mx\/#\/schema\/person\/496d8ad2d1d3f8036101dca7ee39e585","name":"Redacci\u00f3n QP","image":{"@type":"ImageObject","inLanguage":"es","@id":"https:\/\/secure.gravatar.com\/avatar\/c7164ed6fdec453195284ad24a5ae5b6e1eed2b848477fa2a4787ba9adf39a41?s=96&d=mm&r=g","url":"https:\/\/secure.gravatar.com\/avatar\/c7164ed6fdec453195284ad24a5ae5b6e1eed2b848477fa2a4787ba9adf39a41?s=96&d=mm&r=g","contentUrl":"https:\/\/secure.gravatar.com\/avatar\/c7164ed6fdec453195284ad24a5ae5b6e1eed2b848477fa2a4787ba9adf39a41?s=96&d=mm&r=g","caption":"Redacci\u00f3n QP"},"url":"https:\/\/quehacerpolitico.mx\/?author=2"}]}},"featured_image_urls":{"full":["https:\/\/quehacerpolitico.mx\/wp-content\/uploads\/2021\/12\/EDF013BF-DBDA-4116-B075-063C67C4FCFD.jpeg",800,600,false],"thumbnail":["https:\/\/quehacerpolitico.mx\/wp-content\/uploads\/2021\/12\/EDF013BF-DBDA-4116-B075-063C67C4FCFD-150x150.jpeg",150,150,true],"medium":["https:\/\/quehacerpolitico.mx\/wp-content\/uploads\/2021\/12\/EDF013BF-DBDA-4116-B075-063C67C4FCFD-300x225.jpeg",300,225,true],"medium_large":["https:\/\/quehacerpolitico.mx\/wp-content\/uploads\/2021\/12\/EDF013BF-DBDA-4116-B075-063C67C4FCFD-768x576.jpeg",640,480,true],"large":["https:\/\/quehacerpolitico.mx\/wp-content\/uploads\/2021\/12\/EDF013BF-DBDA-4116-B075-063C67C4FCFD.jpeg",640,480,false],"1536x1536":["https:\/\/quehacerpolitico.mx\/wp-content\/uploads\/2021\/12\/EDF013BF-DBDA-4116-B075-063C67C4FCFD.jpeg",800,600,false],"2048x2048":["https:\/\/quehacerpolitico.mx\/wp-content\/uploads\/2021\/12\/EDF013BF-DBDA-4116-B075-063C67C4FCFD.jpeg",800,600,false],"covernews-featured":["https:\/\/quehacerpolitico.mx\/wp-content\/uploads\/2021\/12\/EDF013BF-DBDA-4116-B075-063C67C4FCFD.jpeg",800,600,false],"covernews-medium":["https:\/\/quehacerpolitico.mx\/wp-content\/uploads\/2021\/12\/EDF013BF-DBDA-4116-B075-063C67C4FCFD.jpeg",453,340,false]},"author_info":{"display_name":"Redacci\u00f3n QP","author_link":"https:\/\/quehacerpolitico.mx\/?author=2"},"category_info":"<a href=\"https:\/\/quehacerpolitico.mx\/?cat=2\" rel=\"category\">Noticias<\/a>","tag_info":"Noticias","comment_count":"0","_links":{"self":[{"href":"https:\/\/quehacerpolitico.mx\/index.php?rest_route=\/wp\/v2\/posts\/87757","targetHints":{"allow":["GET"]}}],"collection":[{"href":"https:\/\/quehacerpolitico.mx\/index.php?rest_route=\/wp\/v2\/posts"}],"about":[{"href":"https:\/\/quehacerpolitico.mx\/index.php?rest_route=\/wp\/v2\/types\/post"}],"author":[{"embeddable":true,"href":"https:\/\/quehacerpolitico.mx\/index.php?rest_route=\/wp\/v2\/users\/2"}],"replies":[{"embeddable":true,"href":"https:\/\/quehacerpolitico.mx\/index.php?rest_route=%2Fwp%2Fv2%2Fcomments&post=87757"}],"version-history":[{"count":1,"href":"https:\/\/quehacerpolitico.mx\/index.php?rest_route=\/wp\/v2\/posts\/87757\/revisions"}],"predecessor-version":[{"id":87759,"href":"https:\/\/quehacerpolitico.mx\/index.php?rest_route=\/wp\/v2\/posts\/87757\/revisions\/87759"}],"wp:featuredmedia":[{"embeddable":true,"href":"https:\/\/quehacerpolitico.mx\/index.php?rest_route=\/wp\/v2\/media\/87758"}],"wp:attachment":[{"href":"https:\/\/quehacerpolitico.mx\/index.php?rest_route=%2Fwp%2Fv2%2Fmedia&parent=87757"}],"wp:term":[{"taxonomy":"category","embeddable":true,"href":"https:\/\/quehacerpolitico.mx\/index.php?rest_route=%2Fwp%2Fv2%2Fcategories&post=87757"},{"taxonomy":"post_tag","embeddable":true,"href":"https:\/\/quehacerpolitico.mx\/index.php?rest_route=%2Fwp%2Fv2%2Ftags&post=87757"}],"curies":[{"name":"wp","href":"https:\/\/api.w.org\/{rel}","templated":true}]}}