{"id":87754,"date":"2021-12-29T05:00:50","date_gmt":"2021-12-29T05:00:50","guid":{"rendered":"https:\/\/quehacerpolitico.mx\/?p=87754"},"modified":"2021-12-29T05:00:53","modified_gmt":"2021-12-29T05:00:53","slug":"ciudad-de-mexico-cierra-2021-con-disminucion-en-todos-los-delitos","status":"publish","type":"post","link":"https:\/\/quehacerpolitico.mx\/?p=87754","title":{"rendered":"Ciudad de M\u00e9xico cierra 2021 con disminuci\u00f3n en todos los delitos"},"content":{"rendered":"\n<p>Por Redacci\u00f3n QP<\/p>\n\n\n\n<p>La jefa de Gobierno de la CDMX Claudia Sheinbaum, asegur\u00f3 que el seguimiento en cuesti\u00f3n de seguridad es diario y no pretenden bajar la guardia<\/p>\n\n\n\n<p>La jefa de Gobierno de la Ciudad de M\u00e9xico, Claudia Sheinbaum asegur\u00f3 que no hay indicios de que haya un incremento de delitos y violencia a causa de ri\u00f1as entre grupos delincuenciales en la capital.<\/p>\n\n\n\n<p>La mandataria capitalina inform\u00f3 que no hay focos rojos, sino que al contrario, al cierre de 2021 van a la baja pr\u00e1cticamente todos los delitos, &#8220;eso no quiere decir que bajemos la guardia, sino que tenemos que seguir todos los d\u00edas en este trabajo&#8221;.<\/p>\n\n\n\n<p>&#8220;<strong>En el caso de la seguridad, no se puede abandonar ni un d\u00eda el tema, cualquier d\u00eda que deja de haber presencia policial<\/strong>, que dejamos de trabajar, de atender los Gabinetes, puede haber alg\u00fan problema y, por eso, el seguimiento es diario&#8221;, remarc\u00f3.<\/p>\n\n\n\n<p>Dijo que&nbsp;<strong>hay mayor supervisi\u00f3n, presencia policial e investigaci\u00f3n en la Ciudad de M\u00e9xico, por lo que no se minimizan los casos como el asesinato del l\u00edder del grupo delictivo de &#8220;Los Rodolfos&#8221;<\/strong>, alias &#8220;La Gorda&#8221; quien fue asesinado la semana pasada sobre Canal de Miramontes.<\/p>\n\n\n\n<p>&#8220;Nosotros les llamamos bandas delincuenciales o generadores de violencia; en el caso de la ejecuci\u00f3n que hubo en Tlalpan, en Coapa, ah\u00ed est\u00e1 trabajando la Secretar\u00eda de Seguridad Ciudadana para poder hacer las detenciones a partir de la investigaci\u00f3n, junto con la Fiscal\u00eda General de Justicia&#8221;.<\/p>\n\n\n\n<p>Respecto al marino que fue encontrado maniatado y envuelto en la autopista M\u00e9xico-Cuernavaca, Claudia Sheinbaum indic\u00f3 que se est\u00e1n haciendo las investigaciones, pertinentes aunque, fue un homicidio que no se cometi\u00f3 en la alcald\u00eda Tlalpan, ya que &#8220;fue dejado el cuerpo en la carretera de Morelos hacia la Ciudad de M\u00e9xico&#8221;, apunt\u00f3.<\/p>\n\n\n\n<h2 class=\"wp-block-heading\">Vamos bien en los Gabinetes de Seguridad: Sheinbaum<\/h2>\n\n\n\n<p>Claudia Sheinbaum asegur\u00f3 que con la instalaci\u00f3n de los Gabinetes de Seguridad y la mesa de Construcci\u00f3n de Paz en 14\u00a0 de 16 alcald\u00edas se demuestra que &#8220;ha quedado claro que el elemento sustantivo para mejorar la seguridad es la coordinaci\u00f3n&#8221;.<\/p>\n\n\n\n<p>Al t\u00e9rmino de instalar el gabinete en la alcald\u00eda Venustiano Carranza, inform\u00f3 que ma\u00f1ana acudir\u00e1 a Tl\u00e1huac y en la primera semana de enero a Milpa Alta, para as\u00ed cumplir con la instalaci\u00f3n de las mesas de trabajo en las 16 demarcaciones.<\/p>\n\n\n\n<figure class=\"wp-block-embed is-type-video is-provider-youtube wp-block-embed-youtube wp-embed-aspect-16-9 wp-has-aspect-ratio\"><div class=\"wp-block-embed__wrapper\">\n<iframe loading=\"lazy\" title=\"Instalaci\u00f3n del Gabinete de Seguridad en la alcald\u00eda Venustiano Carranza\" width=\"640\" height=\"360\" src=\"https:\/\/www.youtube.com\/embed\/dLcf3r5c9bk?feature=oembed\" frameborder=\"0\" allow=\"accelerometer; autoplay; clipboard-write; encrypted-media; gyroscope; picture-in-picture; web-share\" referrerpolicy=\"strict-origin-when-cross-origin\" allowfullscreen><\/iframe>\n<\/div><\/figure>\n\n\n\n<p>&#8220;<strong>El tema del blindaje realmente qued\u00f3 de lado, y todos los alcaldes y alcaldesas est\u00e1n reconociendo la importancia de la coordinaci\u00f3n con el Gobierno de M\u00e9xico, con el Gobierno de la Ciudad de M\u00e9xico, con la Fiscal\u00eda General de Justicia y con la ciudadan\u00eda<\/strong>&#8220;, asegur\u00f3.<\/p>\n\n\n\n<p>En presencia de la edil, Evelyn Parra, la Jefa de Gobierno destac\u00f3 que en la alcald\u00eda Venustiano Carranza han bajado en su mayor\u00eda la comisi\u00f3n de delitos de alto impacto, aunque hay un incremento en robo a microb\u00fas, &#8220;nos reportan los compa\u00f1eros de Secretar\u00eda de Seguridad Ciudadana que, muchas veces, es la denuncia del robo de un celular. No necesariamente significa que hay robo con violencia en el microb\u00fas, sino extracci\u00f3n de alg\u00fan bien&#8221;.<\/p>\n\n\n\n<p>El presidente del Consejo Ciudadano para la Seguridad y Justicia de la CDMX, Salvador Guerrero Chipr\u00e9s apunt\u00f3 que\u00a0 Venustiano Carranza ocupa, en materia de promedio diario de delitos de alto impacto, el cuarto sitio de entre las 16 demarcaciones. Mientras que por cada 100 mil habitantes est\u00e1 en el tercer lugar.<\/p>\n\n\n\n<p>Con Informaci\u00f3n de SUN<\/p>\n","protected":false},"excerpt":{"rendered":"<p>Por Redacci\u00f3n QP La jefa de Gobierno de la CDMX Claudia Sheinbaum, asegur\u00f3 que el&#8230;<\/p>\n","protected":false},"author":2,"featured_media":87755,"comment_status":"open","ping_status":"open","sticky":false,"template":"","format":"standard","meta":{"_monsterinsights_skip_tracking":false,"_monsterinsights_sitenote_active":false,"_monsterinsights_sitenote_note":"","_monsterinsights_sitenote_category":0,"footnotes":""},"categories":[55],"tags":[],"class_list":["post-87754","post","type-post","status-publish","format-standard","has-post-thumbnail","hentry","category-cdmx"],"yoast_head":"<!-- This site is optimized with the Yoast SEO plugin v27.3 - https:\/\/yoast.com\/product\/yoast-seo-wordpress\/ -->\n<title>Ciudad de M\u00e9xico cierra 2021 con disminuci\u00f3n en todos los delitos -<\/title>\n<meta name=\"robots\" content=\"index, follow, max-snippet:-1, max-image-preview:large, max-video-preview:-1\" \/>\n<link rel=\"canonical\" href=\"https:\/\/quehacerpolitico.mx\/?p=87754\" \/>\n<meta property=\"og:locale\" content=\"es_MX\" \/>\n<meta property=\"og:type\" content=\"article\" \/>\n<meta property=\"og:title\" content=\"Ciudad de M\u00e9xico cierra 2021 con disminuci\u00f3n en todos los delitos -\" \/>\n<meta property=\"og:description\" content=\"Por Redacci\u00f3n QP La jefa de Gobierno de la CDMX Claudia Sheinbaum, asegur\u00f3 que el...\" \/>\n<meta property=\"og:url\" content=\"https:\/\/quehacerpolitico.mx\/?p=87754\" \/>\n<meta property=\"article:published_time\" content=\"2021-12-29T05:00:50+00:00\" \/>\n<meta property=\"article:modified_time\" content=\"2021-12-29T05:00:53+00:00\" \/>\n<meta property=\"og:image\" content=\"https:\/\/quehacerpolitico.mx\/wp-content\/uploads\/2021\/12\/8AA46A27-E433-4FD7-BB60-45E8D9FE9298.jpeg\" \/>\n\t<meta property=\"og:image:width\" content=\"1284\" \/>\n\t<meta property=\"og:image:height\" content=\"670\" \/>\n\t<meta property=\"og:image:type\" content=\"image\/jpeg\" \/>\n<meta name=\"author\" content=\"Redacci\u00f3n QP\" \/>\n<meta name=\"twitter:card\" content=\"summary_large_image\" \/>\n<meta name=\"twitter:label1\" content=\"Escrito por\" \/>\n\t<meta name=\"twitter:data1\" content=\"Redacci\u00f3n QP\" \/>\n\t<meta name=\"twitter:label2\" content=\"Tiempo de lectura\" \/>\n\t<meta name=\"twitter:data2\" content=\"3 minutos\" \/>\n<script type=\"application\/ld+json\" class=\"yoast-schema-graph\">{\"@context\":\"https:\\\/\\\/schema.org\",\"@graph\":[{\"@type\":\"Article\",\"@id\":\"https:\\\/\\\/quehacerpolitico.mx\\\/?p=87754#article\",\"isPartOf\":{\"@id\":\"https:\\\/\\\/quehacerpolitico.mx\\\/?p=87754\"},\"author\":{\"name\":\"Redacci\u00f3n QP\",\"@id\":\"https:\\\/\\\/quehacerpolitico.mx\\\/#\\\/schema\\\/person\\\/496d8ad2d1d3f8036101dca7ee39e585\"},\"headline\":\"Ciudad de M\u00e9xico cierra 2021 con disminuci\u00f3n en todos los delitos\",\"datePublished\":\"2021-12-29T05:00:50+00:00\",\"dateModified\":\"2021-12-29T05:00:53+00:00\",\"mainEntityOfPage\":{\"@id\":\"https:\\\/\\\/quehacerpolitico.mx\\\/?p=87754\"},\"wordCount\":620,\"commentCount\":0,\"image\":{\"@id\":\"https:\\\/\\\/quehacerpolitico.mx\\\/?p=87754#primaryimage\"},\"thumbnailUrl\":\"https:\\\/\\\/quehacerpolitico.mx\\\/wp-content\\\/uploads\\\/2021\\\/12\\\/8AA46A27-E433-4FD7-BB60-45E8D9FE9298.jpeg\",\"articleSection\":[\"CDMX\"],\"inLanguage\":\"es\",\"potentialAction\":[{\"@type\":\"CommentAction\",\"name\":\"Comment\",\"target\":[\"https:\\\/\\\/quehacerpolitico.mx\\\/?p=87754#respond\"]}]},{\"@type\":\"WebPage\",\"@id\":\"https:\\\/\\\/quehacerpolitico.mx\\\/?p=87754\",\"url\":\"https:\\\/\\\/quehacerpolitico.mx\\\/?p=87754\",\"name\":\"Ciudad de M\u00e9xico cierra 2021 con disminuci\u00f3n en todos los delitos -\",\"isPartOf\":{\"@id\":\"https:\\\/\\\/quehacerpolitico.mx\\\/#website\"},\"primaryImageOfPage\":{\"@id\":\"https:\\\/\\\/quehacerpolitico.mx\\\/?p=87754#primaryimage\"},\"image\":{\"@id\":\"https:\\\/\\\/quehacerpolitico.mx\\\/?p=87754#primaryimage\"},\"thumbnailUrl\":\"https:\\\/\\\/quehacerpolitico.mx\\\/wp-content\\\/uploads\\\/2021\\\/12\\\/8AA46A27-E433-4FD7-BB60-45E8D9FE9298.jpeg\",\"datePublished\":\"2021-12-29T05:00:50+00:00\",\"dateModified\":\"2021-12-29T05:00:53+00:00\",\"author\":{\"@id\":\"https:\\\/\\\/quehacerpolitico.mx\\\/#\\\/schema\\\/person\\\/496d8ad2d1d3f8036101dca7ee39e585\"},\"breadcrumb\":{\"@id\":\"https:\\\/\\\/quehacerpolitico.mx\\\/?p=87754#breadcrumb\"},\"inLanguage\":\"es\",\"potentialAction\":[{\"@type\":\"ReadAction\",\"target\":[\"https:\\\/\\\/quehacerpolitico.mx\\\/?p=87754\"]}]},{\"@type\":\"ImageObject\",\"inLanguage\":\"es\",\"@id\":\"https:\\\/\\\/quehacerpolitico.mx\\\/?p=87754#primaryimage\",\"url\":\"https:\\\/\\\/quehacerpolitico.mx\\\/wp-content\\\/uploads\\\/2021\\\/12\\\/8AA46A27-E433-4FD7-BB60-45E8D9FE9298.jpeg\",\"contentUrl\":\"https:\\\/\\\/quehacerpolitico.mx\\\/wp-content\\\/uploads\\\/2021\\\/12\\\/8AA46A27-E433-4FD7-BB60-45E8D9FE9298.jpeg\",\"width\":1284,\"height\":670},{\"@type\":\"BreadcrumbList\",\"@id\":\"https:\\\/\\\/quehacerpolitico.mx\\\/?p=87754#breadcrumb\",\"itemListElement\":[{\"@type\":\"ListItem\",\"position\":1,\"name\":\"Inicio\",\"item\":\"https:\\\/\\\/quehacerpolitico.mx\\\/\"},{\"@type\":\"ListItem\",\"position\":2,\"name\":\"Ciudad de M\u00e9xico cierra 2021 con disminuci\u00f3n en todos los delitos\"}]},{\"@type\":\"WebSite\",\"@id\":\"https:\\\/\\\/quehacerpolitico.mx\\\/#website\",\"url\":\"https:\\\/\\\/quehacerpolitico.mx\\\/\",\"name\":\"\",\"description\":\"\",\"potentialAction\":[{\"@type\":\"SearchAction\",\"target\":{\"@type\":\"EntryPoint\",\"urlTemplate\":\"https:\\\/\\\/quehacerpolitico.mx\\\/?s={search_term_string}\"},\"query-input\":{\"@type\":\"PropertyValueSpecification\",\"valueRequired\":true,\"valueName\":\"search_term_string\"}}],\"inLanguage\":\"es\"},{\"@type\":\"Person\",\"@id\":\"https:\\\/\\\/quehacerpolitico.mx\\\/#\\\/schema\\\/person\\\/496d8ad2d1d3f8036101dca7ee39e585\",\"name\":\"Redacci\u00f3n QP\",\"image\":{\"@type\":\"ImageObject\",\"inLanguage\":\"es\",\"@id\":\"https:\\\/\\\/secure.gravatar.com\\\/avatar\\\/c7164ed6fdec453195284ad24a5ae5b6e1eed2b848477fa2a4787ba9adf39a41?s=96&d=mm&r=g\",\"url\":\"https:\\\/\\\/secure.gravatar.com\\\/avatar\\\/c7164ed6fdec453195284ad24a5ae5b6e1eed2b848477fa2a4787ba9adf39a41?s=96&d=mm&r=g\",\"contentUrl\":\"https:\\\/\\\/secure.gravatar.com\\\/avatar\\\/c7164ed6fdec453195284ad24a5ae5b6e1eed2b848477fa2a4787ba9adf39a41?s=96&d=mm&r=g\",\"caption\":\"Redacci\u00f3n QP\"},\"url\":\"https:\\\/\\\/quehacerpolitico.mx\\\/?author=2\"}]}<\/script>\n<!-- \/ Yoast SEO plugin. -->","yoast_head_json":{"title":"Ciudad de M\u00e9xico cierra 2021 con disminuci\u00f3n en todos los delitos -","robots":{"index":"index","follow":"follow","max-snippet":"max-snippet:-1","max-image-preview":"max-image-preview:large","max-video-preview":"max-video-preview:-1"},"canonical":"https:\/\/quehacerpolitico.mx\/?p=87754","og_locale":"es_MX","og_type":"article","og_title":"Ciudad de M\u00e9xico cierra 2021 con disminuci\u00f3n en todos los delitos -","og_description":"Por Redacci\u00f3n QP La jefa de Gobierno de la CDMX Claudia Sheinbaum, asegur\u00f3 que el...","og_url":"https:\/\/quehacerpolitico.mx\/?p=87754","article_published_time":"2021-12-29T05:00:50+00:00","article_modified_time":"2021-12-29T05:00:53+00:00","og_image":[{"width":1284,"height":670,"url":"https:\/\/quehacerpolitico.mx\/wp-content\/uploads\/2021\/12\/8AA46A27-E433-4FD7-BB60-45E8D9FE9298.jpeg","type":"image\/jpeg"}],"author":"Redacci\u00f3n QP","twitter_card":"summary_large_image","twitter_misc":{"Escrito por":"Redacci\u00f3n QP","Tiempo de lectura":"3 minutos"},"schema":{"@context":"https:\/\/schema.org","@graph":[{"@type":"Article","@id":"https:\/\/quehacerpolitico.mx\/?p=87754#article","isPartOf":{"@id":"https:\/\/quehacerpolitico.mx\/?p=87754"},"author":{"name":"Redacci\u00f3n QP","@id":"https:\/\/quehacerpolitico.mx\/#\/schema\/person\/496d8ad2d1d3f8036101dca7ee39e585"},"headline":"Ciudad de M\u00e9xico cierra 2021 con disminuci\u00f3n en todos los delitos","datePublished":"2021-12-29T05:00:50+00:00","dateModified":"2021-12-29T05:00:53+00:00","mainEntityOfPage":{"@id":"https:\/\/quehacerpolitico.mx\/?p=87754"},"wordCount":620,"commentCount":0,"image":{"@id":"https:\/\/quehacerpolitico.mx\/?p=87754#primaryimage"},"thumbnailUrl":"https:\/\/quehacerpolitico.mx\/wp-content\/uploads\/2021\/12\/8AA46A27-E433-4FD7-BB60-45E8D9FE9298.jpeg","articleSection":["CDMX"],"inLanguage":"es","potentialAction":[{"@type":"CommentAction","name":"Comment","target":["https:\/\/quehacerpolitico.mx\/?p=87754#respond"]}]},{"@type":"WebPage","@id":"https:\/\/quehacerpolitico.mx\/?p=87754","url":"https:\/\/quehacerpolitico.mx\/?p=87754","name":"Ciudad de M\u00e9xico cierra 2021 con disminuci\u00f3n en todos los delitos -","isPartOf":{"@id":"https:\/\/quehacerpolitico.mx\/#website"},"primaryImageOfPage":{"@id":"https:\/\/quehacerpolitico.mx\/?p=87754#primaryimage"},"image":{"@id":"https:\/\/quehacerpolitico.mx\/?p=87754#primaryimage"},"thumbnailUrl":"https:\/\/quehacerpolitico.mx\/wp-content\/uploads\/2021\/12\/8AA46A27-E433-4FD7-BB60-45E8D9FE9298.jpeg","datePublished":"2021-12-29T05:00:50+00:00","dateModified":"2021-12-29T05:00:53+00:00","author":{"@id":"https:\/\/quehacerpolitico.mx\/#\/schema\/person\/496d8ad2d1d3f8036101dca7ee39e585"},"breadcrumb":{"@id":"https:\/\/quehacerpolitico.mx\/?p=87754#breadcrumb"},"inLanguage":"es","potentialAction":[{"@type":"ReadAction","target":["https:\/\/quehacerpolitico.mx\/?p=87754"]}]},{"@type":"ImageObject","inLanguage":"es","@id":"https:\/\/quehacerpolitico.mx\/?p=87754#primaryimage","url":"https:\/\/quehacerpolitico.mx\/wp-content\/uploads\/2021\/12\/8AA46A27-E433-4FD7-BB60-45E8D9FE9298.jpeg","contentUrl":"https:\/\/quehacerpolitico.mx\/wp-content\/uploads\/2021\/12\/8AA46A27-E433-4FD7-BB60-45E8D9FE9298.jpeg","width":1284,"height":670},{"@type":"BreadcrumbList","@id":"https:\/\/quehacerpolitico.mx\/?p=87754#breadcrumb","itemListElement":[{"@type":"ListItem","position":1,"name":"Inicio","item":"https:\/\/quehacerpolitico.mx\/"},{"@type":"ListItem","position":2,"name":"Ciudad de M\u00e9xico cierra 2021 con disminuci\u00f3n en todos los delitos"}]},{"@type":"WebSite","@id":"https:\/\/quehacerpolitico.mx\/#website","url":"https:\/\/quehacerpolitico.mx\/","name":"","description":"","potentialAction":[{"@type":"SearchAction","target":{"@type":"EntryPoint","urlTemplate":"https:\/\/quehacerpolitico.mx\/?s={search_term_string}"},"query-input":{"@type":"PropertyValueSpecification","valueRequired":true,"valueName":"search_term_string"}}],"inLanguage":"es"},{"@type":"Person","@id":"https:\/\/quehacerpolitico.mx\/#\/schema\/person\/496d8ad2d1d3f8036101dca7ee39e585","name":"Redacci\u00f3n QP","image":{"@type":"ImageObject","inLanguage":"es","@id":"https:\/\/secure.gravatar.com\/avatar\/c7164ed6fdec453195284ad24a5ae5b6e1eed2b848477fa2a4787ba9adf39a41?s=96&d=mm&r=g","url":"https:\/\/secure.gravatar.com\/avatar\/c7164ed6fdec453195284ad24a5ae5b6e1eed2b848477fa2a4787ba9adf39a41?s=96&d=mm&r=g","contentUrl":"https:\/\/secure.gravatar.com\/avatar\/c7164ed6fdec453195284ad24a5ae5b6e1eed2b848477fa2a4787ba9adf39a41?s=96&d=mm&r=g","caption":"Redacci\u00f3n QP"},"url":"https:\/\/quehacerpolitico.mx\/?author=2"}]}},"featured_image_urls":{"full":["https:\/\/quehacerpolitico.mx\/wp-content\/uploads\/2021\/12\/8AA46A27-E433-4FD7-BB60-45E8D9FE9298.jpeg",1284,670,false],"thumbnail":["https:\/\/quehacerpolitico.mx\/wp-content\/uploads\/2021\/12\/8AA46A27-E433-4FD7-BB60-45E8D9FE9298-150x150.jpeg",150,150,true],"medium":["https:\/\/quehacerpolitico.mx\/wp-content\/uploads\/2021\/12\/8AA46A27-E433-4FD7-BB60-45E8D9FE9298-300x157.jpeg",300,157,true],"medium_large":["https:\/\/quehacerpolitico.mx\/wp-content\/uploads\/2021\/12\/8AA46A27-E433-4FD7-BB60-45E8D9FE9298-768x401.jpeg",640,334,true],"large":["https:\/\/quehacerpolitico.mx\/wp-content\/uploads\/2021\/12\/8AA46A27-E433-4FD7-BB60-45E8D9FE9298-1024x534.jpeg",640,334,true],"1536x1536":["https:\/\/quehacerpolitico.mx\/wp-content\/uploads\/2021\/12\/8AA46A27-E433-4FD7-BB60-45E8D9FE9298.jpeg",1284,670,false],"2048x2048":["https:\/\/quehacerpolitico.mx\/wp-content\/uploads\/2021\/12\/8AA46A27-E433-4FD7-BB60-45E8D9FE9298.jpeg",1284,670,false],"covernews-featured":["https:\/\/quehacerpolitico.mx\/wp-content\/uploads\/2021\/12\/8AA46A27-E433-4FD7-BB60-45E8D9FE9298.jpeg",1024,534,false],"covernews-medium":["https:\/\/quehacerpolitico.mx\/wp-content\/uploads\/2021\/12\/8AA46A27-E433-4FD7-BB60-45E8D9FE9298.jpeg",540,282,false]},"author_info":{"display_name":"Redacci\u00f3n QP","author_link":"https:\/\/quehacerpolitico.mx\/?author=2"},"category_info":"<a href=\"https:\/\/quehacerpolitico.mx\/?cat=55\" rel=\"category\">CDMX<\/a>","tag_info":"CDMX","comment_count":"0","_links":{"self":[{"href":"https:\/\/quehacerpolitico.mx\/index.php?rest_route=\/wp\/v2\/posts\/87754","targetHints":{"allow":["GET"]}}],"collection":[{"href":"https:\/\/quehacerpolitico.mx\/index.php?rest_route=\/wp\/v2\/posts"}],"about":[{"href":"https:\/\/quehacerpolitico.mx\/index.php?rest_route=\/wp\/v2\/types\/post"}],"author":[{"embeddable":true,"href":"https:\/\/quehacerpolitico.mx\/index.php?rest_route=\/wp\/v2\/users\/2"}],"replies":[{"embeddable":true,"href":"https:\/\/quehacerpolitico.mx\/index.php?rest_route=%2Fwp%2Fv2%2Fcomments&post=87754"}],"version-history":[{"count":1,"href":"https:\/\/quehacerpolitico.mx\/index.php?rest_route=\/wp\/v2\/posts\/87754\/revisions"}],"predecessor-version":[{"id":87756,"href":"https:\/\/quehacerpolitico.mx\/index.php?rest_route=\/wp\/v2\/posts\/87754\/revisions\/87756"}],"wp:featuredmedia":[{"embeddable":true,"href":"https:\/\/quehacerpolitico.mx\/index.php?rest_route=\/wp\/v2\/media\/87755"}],"wp:attachment":[{"href":"https:\/\/quehacerpolitico.mx\/index.php?rest_route=%2Fwp%2Fv2%2Fmedia&parent=87754"}],"wp:term":[{"taxonomy":"category","embeddable":true,"href":"https:\/\/quehacerpolitico.mx\/index.php?rest_route=%2Fwp%2Fv2%2Fcategories&post=87754"},{"taxonomy":"post_tag","embeddable":true,"href":"https:\/\/quehacerpolitico.mx\/index.php?rest_route=%2Fwp%2Fv2%2Ftags&post=87754"}],"curies":[{"name":"wp","href":"https:\/\/api.w.org\/{rel}","templated":true}]}}