{"id":87751,"date":"2021-12-29T04:41:38","date_gmt":"2021-12-29T04:41:38","guid":{"rendered":"https:\/\/quehacerpolitico.mx\/?p=87751"},"modified":"2021-12-29T04:41:41","modified_gmt":"2021-12-29T04:41:41","slug":"repatrian-los-cuerpos-de-20-migrantes-muertos-en-accidente-de-chiapas","status":"publish","type":"post","link":"https:\/\/quehacerpolitico.mx\/?p=87751","title":{"rendered":"Repatr\u00edan los cuerpos de 20 migrantes muertos en accidente de Chiapas"},"content":{"rendered":"\n<p>Por Redacci\u00f3n QP<\/p>\n\n\n\n<p>Se trata de 15 personas originarias de Guatemala y cinco de Rep\u00fablica Dominicana, detallan fuentes oficiales<\/p>\n\n\n\n<p>Los cuerpos de 20 migrantes, 15 de Guatemala y cinco de Rep\u00fablica Dominicana, fueron entregados este martes para su repatriaci\u00f3n, informaron fuentes oficiales.<\/p>\n\n\n\n<p>De los 56 migrantes fallecidos el 9 de diciembre en la carretera Chiapa de Corzo-Tuxtla Guti\u00e9rrez,\u00a0<strong>a la fecha se han entregado 30 cuerpos a familiares y autoridades consulares.<\/strong><\/p>\n\n\n\n<p>M\u00e9dicos legistas realizaron pruebas de ADN a los cad\u00e1veres que fueron cotejadas con muestras de familiares requeridos.<\/p>\n\n\n\n<p>A 18 d\u00edas de la tragedia,&nbsp;<strong>85 migrantes han sido dados de alta y 11 permanecen graves tras la volcadura de un tr\u00e1iler en Chiapas.<\/strong><\/p>\n\n\n\n<p>En el Servicio M\u00e9dico Forense (Semefo) de Tuxtla Guti\u00e9rrez fue entregado el cuerpo del dominicano Raymin Brito Figuereo. Los otros cuatro cuerpos de dominicanos identificados como \u00c1ngel Lisandro Lugo Garc\u00eda, Wascar de Jes\u00fas P\u00e9rez Vargas, Ram\u00f3n Benito Almonte Espinal y Lis Alfredo Brito Baez fueron canalizados de las Semefos municipales de Tonal\u00e1 y Pijijiapan.<\/p>\n\n\n\n<p>El traslado se realiz\u00f3 en veh\u00edculos f\u00fanebres a la Ciudad de M\u00e9xico para la repatriaci\u00f3n a sus pa\u00edses de origen.<\/p>\n\n\n\n<p>De acuerdo con autoridades,\u00a0<strong>faltan a\u00fan 25 cuerpos por entregar<\/strong>; siete todav\u00eda no son identificados, seis de los cuales se encuentran en Tuxtla Guti\u00e9rrez y uno m\u00e1s en Pijijiapan.<\/p>\n\n\n\n<p>Con Informaci\u00f3n de SUN <\/p>\n","protected":false},"excerpt":{"rendered":"<p>Por Redacci\u00f3n QP Se trata de 15 personas originarias de Guatemala y cinco de Rep\u00fablica&#8230;<\/p>\n","protected":false},"author":2,"featured_media":87752,"comment_status":"open","ping_status":"open","sticky":false,"template":"","format":"standard","meta":{"_monsterinsights_skip_tracking":false,"_monsterinsights_sitenote_active":false,"_monsterinsights_sitenote_note":"","_monsterinsights_sitenote_category":0,"footnotes":""},"categories":[2],"tags":[],"class_list":["post-87751","post","type-post","status-publish","format-standard","has-post-thumbnail","hentry","category-noticias"],"yoast_head":"<!-- This site is optimized with the Yoast SEO plugin v27.3 - https:\/\/yoast.com\/product\/yoast-seo-wordpress\/ -->\n<title>Repatr\u00edan los cuerpos de 20 migrantes muertos en accidente de Chiapas -<\/title>\n<meta name=\"robots\" content=\"index, follow, max-snippet:-1, max-image-preview:large, max-video-preview:-1\" \/>\n<link rel=\"canonical\" href=\"https:\/\/quehacerpolitico.mx\/?p=87751\" \/>\n<meta property=\"og:locale\" content=\"es_MX\" \/>\n<meta property=\"og:type\" content=\"article\" \/>\n<meta property=\"og:title\" content=\"Repatr\u00edan los cuerpos de 20 migrantes muertos en accidente de Chiapas -\" \/>\n<meta property=\"og:description\" content=\"Por Redacci\u00f3n QP Se trata de 15 personas originarias de Guatemala y cinco de Rep\u00fablica...\" \/>\n<meta property=\"og:url\" content=\"https:\/\/quehacerpolitico.mx\/?p=87751\" \/>\n<meta property=\"article:published_time\" content=\"2021-12-29T04:41:38+00:00\" \/>\n<meta property=\"article:modified_time\" content=\"2021-12-29T04:41:41+00:00\" \/>\n<meta property=\"og:image\" content=\"https:\/\/quehacerpolitico.mx\/wp-content\/uploads\/2021\/12\/53216CDB-E45A-478C-9E0D-08FC4B3277B0.jpeg\" \/>\n\t<meta property=\"og:image:width\" content=\"1920\" \/>\n\t<meta property=\"og:image:height\" content=\"1314\" \/>\n\t<meta property=\"og:image:type\" content=\"image\/jpeg\" \/>\n<meta name=\"author\" content=\"Redacci\u00f3n QP\" \/>\n<meta name=\"twitter:card\" content=\"summary_large_image\" \/>\n<meta name=\"twitter:label1\" content=\"Escrito por\" \/>\n\t<meta name=\"twitter:data1\" content=\"Redacci\u00f3n QP\" \/>\n\t<meta name=\"twitter:label2\" content=\"Tiempo de lectura\" \/>\n\t<meta name=\"twitter:data2\" content=\"1 minuto\" \/>\n<script type=\"application\/ld+json\" class=\"yoast-schema-graph\">{\"@context\":\"https:\\\/\\\/schema.org\",\"@graph\":[{\"@type\":\"Article\",\"@id\":\"https:\\\/\\\/quehacerpolitico.mx\\\/?p=87751#article\",\"isPartOf\":{\"@id\":\"https:\\\/\\\/quehacerpolitico.mx\\\/?p=87751\"},\"author\":{\"name\":\"Redacci\u00f3n QP\",\"@id\":\"https:\\\/\\\/quehacerpolitico.mx\\\/#\\\/schema\\\/person\\\/496d8ad2d1d3f8036101dca7ee39e585\"},\"headline\":\"Repatr\u00edan los cuerpos de 20 migrantes muertos en accidente de Chiapas\",\"datePublished\":\"2021-12-29T04:41:38+00:00\",\"dateModified\":\"2021-12-29T04:41:41+00:00\",\"mainEntityOfPage\":{\"@id\":\"https:\\\/\\\/quehacerpolitico.mx\\\/?p=87751\"},\"wordCount\":247,\"commentCount\":0,\"image\":{\"@id\":\"https:\\\/\\\/quehacerpolitico.mx\\\/?p=87751#primaryimage\"},\"thumbnailUrl\":\"https:\\\/\\\/quehacerpolitico.mx\\\/wp-content\\\/uploads\\\/2021\\\/12\\\/53216CDB-E45A-478C-9E0D-08FC4B3277B0.jpeg\",\"articleSection\":[\"Noticias\"],\"inLanguage\":\"es\",\"potentialAction\":[{\"@type\":\"CommentAction\",\"name\":\"Comment\",\"target\":[\"https:\\\/\\\/quehacerpolitico.mx\\\/?p=87751#respond\"]}]},{\"@type\":\"WebPage\",\"@id\":\"https:\\\/\\\/quehacerpolitico.mx\\\/?p=87751\",\"url\":\"https:\\\/\\\/quehacerpolitico.mx\\\/?p=87751\",\"name\":\"Repatr\u00edan los cuerpos de 20 migrantes muertos en accidente de Chiapas -\",\"isPartOf\":{\"@id\":\"https:\\\/\\\/quehacerpolitico.mx\\\/#website\"},\"primaryImageOfPage\":{\"@id\":\"https:\\\/\\\/quehacerpolitico.mx\\\/?p=87751#primaryimage\"},\"image\":{\"@id\":\"https:\\\/\\\/quehacerpolitico.mx\\\/?p=87751#primaryimage\"},\"thumbnailUrl\":\"https:\\\/\\\/quehacerpolitico.mx\\\/wp-content\\\/uploads\\\/2021\\\/12\\\/53216CDB-E45A-478C-9E0D-08FC4B3277B0.jpeg\",\"datePublished\":\"2021-12-29T04:41:38+00:00\",\"dateModified\":\"2021-12-29T04:41:41+00:00\",\"author\":{\"@id\":\"https:\\\/\\\/quehacerpolitico.mx\\\/#\\\/schema\\\/person\\\/496d8ad2d1d3f8036101dca7ee39e585\"},\"breadcrumb\":{\"@id\":\"https:\\\/\\\/quehacerpolitico.mx\\\/?p=87751#breadcrumb\"},\"inLanguage\":\"es\",\"potentialAction\":[{\"@type\":\"ReadAction\",\"target\":[\"https:\\\/\\\/quehacerpolitico.mx\\\/?p=87751\"]}]},{\"@type\":\"ImageObject\",\"inLanguage\":\"es\",\"@id\":\"https:\\\/\\\/quehacerpolitico.mx\\\/?p=87751#primaryimage\",\"url\":\"https:\\\/\\\/quehacerpolitico.mx\\\/wp-content\\\/uploads\\\/2021\\\/12\\\/53216CDB-E45A-478C-9E0D-08FC4B3277B0.jpeg\",\"contentUrl\":\"https:\\\/\\\/quehacerpolitico.mx\\\/wp-content\\\/uploads\\\/2021\\\/12\\\/53216CDB-E45A-478C-9E0D-08FC4B3277B0.jpeg\",\"width\":1920,\"height\":1314},{\"@type\":\"BreadcrumbList\",\"@id\":\"https:\\\/\\\/quehacerpolitico.mx\\\/?p=87751#breadcrumb\",\"itemListElement\":[{\"@type\":\"ListItem\",\"position\":1,\"name\":\"Inicio\",\"item\":\"https:\\\/\\\/quehacerpolitico.mx\\\/\"},{\"@type\":\"ListItem\",\"position\":2,\"name\":\"Repatr\u00edan los cuerpos de 20 migrantes muertos en accidente de Chiapas\"}]},{\"@type\":\"WebSite\",\"@id\":\"https:\\\/\\\/quehacerpolitico.mx\\\/#website\",\"url\":\"https:\\\/\\\/quehacerpolitico.mx\\\/\",\"name\":\"\",\"description\":\"\",\"potentialAction\":[{\"@type\":\"SearchAction\",\"target\":{\"@type\":\"EntryPoint\",\"urlTemplate\":\"https:\\\/\\\/quehacerpolitico.mx\\\/?s={search_term_string}\"},\"query-input\":{\"@type\":\"PropertyValueSpecification\",\"valueRequired\":true,\"valueName\":\"search_term_string\"}}],\"inLanguage\":\"es\"},{\"@type\":\"Person\",\"@id\":\"https:\\\/\\\/quehacerpolitico.mx\\\/#\\\/schema\\\/person\\\/496d8ad2d1d3f8036101dca7ee39e585\",\"name\":\"Redacci\u00f3n QP\",\"image\":{\"@type\":\"ImageObject\",\"inLanguage\":\"es\",\"@id\":\"https:\\\/\\\/secure.gravatar.com\\\/avatar\\\/c7164ed6fdec453195284ad24a5ae5b6e1eed2b848477fa2a4787ba9adf39a41?s=96&d=mm&r=g\",\"url\":\"https:\\\/\\\/secure.gravatar.com\\\/avatar\\\/c7164ed6fdec453195284ad24a5ae5b6e1eed2b848477fa2a4787ba9adf39a41?s=96&d=mm&r=g\",\"contentUrl\":\"https:\\\/\\\/secure.gravatar.com\\\/avatar\\\/c7164ed6fdec453195284ad24a5ae5b6e1eed2b848477fa2a4787ba9adf39a41?s=96&d=mm&r=g\",\"caption\":\"Redacci\u00f3n QP\"},\"url\":\"https:\\\/\\\/quehacerpolitico.mx\\\/?author=2\"}]}<\/script>\n<!-- \/ Yoast SEO plugin. -->","yoast_head_json":{"title":"Repatr\u00edan los cuerpos de 20 migrantes muertos en accidente de Chiapas -","robots":{"index":"index","follow":"follow","max-snippet":"max-snippet:-1","max-image-preview":"max-image-preview:large","max-video-preview":"max-video-preview:-1"},"canonical":"https:\/\/quehacerpolitico.mx\/?p=87751","og_locale":"es_MX","og_type":"article","og_title":"Repatr\u00edan los cuerpos de 20 migrantes muertos en accidente de Chiapas -","og_description":"Por Redacci\u00f3n QP Se trata de 15 personas originarias de Guatemala y cinco de Rep\u00fablica...","og_url":"https:\/\/quehacerpolitico.mx\/?p=87751","article_published_time":"2021-12-29T04:41:38+00:00","article_modified_time":"2021-12-29T04:41:41+00:00","og_image":[{"width":1920,"height":1314,"url":"https:\/\/quehacerpolitico.mx\/wp-content\/uploads\/2021\/12\/53216CDB-E45A-478C-9E0D-08FC4B3277B0.jpeg","type":"image\/jpeg"}],"author":"Redacci\u00f3n QP","twitter_card":"summary_large_image","twitter_misc":{"Escrito por":"Redacci\u00f3n QP","Tiempo de lectura":"1 minuto"},"schema":{"@context":"https:\/\/schema.org","@graph":[{"@type":"Article","@id":"https:\/\/quehacerpolitico.mx\/?p=87751#article","isPartOf":{"@id":"https:\/\/quehacerpolitico.mx\/?p=87751"},"author":{"name":"Redacci\u00f3n QP","@id":"https:\/\/quehacerpolitico.mx\/#\/schema\/person\/496d8ad2d1d3f8036101dca7ee39e585"},"headline":"Repatr\u00edan los cuerpos de 20 migrantes muertos en accidente de Chiapas","datePublished":"2021-12-29T04:41:38+00:00","dateModified":"2021-12-29T04:41:41+00:00","mainEntityOfPage":{"@id":"https:\/\/quehacerpolitico.mx\/?p=87751"},"wordCount":247,"commentCount":0,"image":{"@id":"https:\/\/quehacerpolitico.mx\/?p=87751#primaryimage"},"thumbnailUrl":"https:\/\/quehacerpolitico.mx\/wp-content\/uploads\/2021\/12\/53216CDB-E45A-478C-9E0D-08FC4B3277B0.jpeg","articleSection":["Noticias"],"inLanguage":"es","potentialAction":[{"@type":"CommentAction","name":"Comment","target":["https:\/\/quehacerpolitico.mx\/?p=87751#respond"]}]},{"@type":"WebPage","@id":"https:\/\/quehacerpolitico.mx\/?p=87751","url":"https:\/\/quehacerpolitico.mx\/?p=87751","name":"Repatr\u00edan los cuerpos de 20 migrantes muertos en accidente de Chiapas -","isPartOf":{"@id":"https:\/\/quehacerpolitico.mx\/#website"},"primaryImageOfPage":{"@id":"https:\/\/quehacerpolitico.mx\/?p=87751#primaryimage"},"image":{"@id":"https:\/\/quehacerpolitico.mx\/?p=87751#primaryimage"},"thumbnailUrl":"https:\/\/quehacerpolitico.mx\/wp-content\/uploads\/2021\/12\/53216CDB-E45A-478C-9E0D-08FC4B3277B0.jpeg","datePublished":"2021-12-29T04:41:38+00:00","dateModified":"2021-12-29T04:41:41+00:00","author":{"@id":"https:\/\/quehacerpolitico.mx\/#\/schema\/person\/496d8ad2d1d3f8036101dca7ee39e585"},"breadcrumb":{"@id":"https:\/\/quehacerpolitico.mx\/?p=87751#breadcrumb"},"inLanguage":"es","potentialAction":[{"@type":"ReadAction","target":["https:\/\/quehacerpolitico.mx\/?p=87751"]}]},{"@type":"ImageObject","inLanguage":"es","@id":"https:\/\/quehacerpolitico.mx\/?p=87751#primaryimage","url":"https:\/\/quehacerpolitico.mx\/wp-content\/uploads\/2021\/12\/53216CDB-E45A-478C-9E0D-08FC4B3277B0.jpeg","contentUrl":"https:\/\/quehacerpolitico.mx\/wp-content\/uploads\/2021\/12\/53216CDB-E45A-478C-9E0D-08FC4B3277B0.jpeg","width":1920,"height":1314},{"@type":"BreadcrumbList","@id":"https:\/\/quehacerpolitico.mx\/?p=87751#breadcrumb","itemListElement":[{"@type":"ListItem","position":1,"name":"Inicio","item":"https:\/\/quehacerpolitico.mx\/"},{"@type":"ListItem","position":2,"name":"Repatr\u00edan los cuerpos de 20 migrantes muertos en accidente de Chiapas"}]},{"@type":"WebSite","@id":"https:\/\/quehacerpolitico.mx\/#website","url":"https:\/\/quehacerpolitico.mx\/","name":"","description":"","potentialAction":[{"@type":"SearchAction","target":{"@type":"EntryPoint","urlTemplate":"https:\/\/quehacerpolitico.mx\/?s={search_term_string}"},"query-input":{"@type":"PropertyValueSpecification","valueRequired":true,"valueName":"search_term_string"}}],"inLanguage":"es"},{"@type":"Person","@id":"https:\/\/quehacerpolitico.mx\/#\/schema\/person\/496d8ad2d1d3f8036101dca7ee39e585","name":"Redacci\u00f3n QP","image":{"@type":"ImageObject","inLanguage":"es","@id":"https:\/\/secure.gravatar.com\/avatar\/c7164ed6fdec453195284ad24a5ae5b6e1eed2b848477fa2a4787ba9adf39a41?s=96&d=mm&r=g","url":"https:\/\/secure.gravatar.com\/avatar\/c7164ed6fdec453195284ad24a5ae5b6e1eed2b848477fa2a4787ba9adf39a41?s=96&d=mm&r=g","contentUrl":"https:\/\/secure.gravatar.com\/avatar\/c7164ed6fdec453195284ad24a5ae5b6e1eed2b848477fa2a4787ba9adf39a41?s=96&d=mm&r=g","caption":"Redacci\u00f3n QP"},"url":"https:\/\/quehacerpolitico.mx\/?author=2"}]}},"featured_image_urls":{"full":["https:\/\/quehacerpolitico.mx\/wp-content\/uploads\/2021\/12\/53216CDB-E45A-478C-9E0D-08FC4B3277B0.jpeg",1920,1314,false],"thumbnail":["https:\/\/quehacerpolitico.mx\/wp-content\/uploads\/2021\/12\/53216CDB-E45A-478C-9E0D-08FC4B3277B0-150x150.jpeg",150,150,true],"medium":["https:\/\/quehacerpolitico.mx\/wp-content\/uploads\/2021\/12\/53216CDB-E45A-478C-9E0D-08FC4B3277B0-300x205.jpeg",300,205,true],"medium_large":["https:\/\/quehacerpolitico.mx\/wp-content\/uploads\/2021\/12\/53216CDB-E45A-478C-9E0D-08FC4B3277B0-768x526.jpeg",640,438,true],"large":["https:\/\/quehacerpolitico.mx\/wp-content\/uploads\/2021\/12\/53216CDB-E45A-478C-9E0D-08FC4B3277B0-1024x701.jpeg",640,438,true],"1536x1536":["https:\/\/quehacerpolitico.mx\/wp-content\/uploads\/2021\/12\/53216CDB-E45A-478C-9E0D-08FC4B3277B0-1536x1051.jpeg",1536,1051,true],"2048x2048":["https:\/\/quehacerpolitico.mx\/wp-content\/uploads\/2021\/12\/53216CDB-E45A-478C-9E0D-08FC4B3277B0.jpeg",1920,1314,false],"covernews-featured":["https:\/\/quehacerpolitico.mx\/wp-content\/uploads\/2021\/12\/53216CDB-E45A-478C-9E0D-08FC4B3277B0.jpeg",1024,701,false],"covernews-medium":["https:\/\/quehacerpolitico.mx\/wp-content\/uploads\/2021\/12\/53216CDB-E45A-478C-9E0D-08FC4B3277B0.jpeg",497,340,false]},"author_info":{"display_name":"Redacci\u00f3n QP","author_link":"https:\/\/quehacerpolitico.mx\/?author=2"},"category_info":"<a href=\"https:\/\/quehacerpolitico.mx\/?cat=2\" rel=\"category\">Noticias<\/a>","tag_info":"Noticias","comment_count":"0","_links":{"self":[{"href":"https:\/\/quehacerpolitico.mx\/index.php?rest_route=\/wp\/v2\/posts\/87751","targetHints":{"allow":["GET"]}}],"collection":[{"href":"https:\/\/quehacerpolitico.mx\/index.php?rest_route=\/wp\/v2\/posts"}],"about":[{"href":"https:\/\/quehacerpolitico.mx\/index.php?rest_route=\/wp\/v2\/types\/post"}],"author":[{"embeddable":true,"href":"https:\/\/quehacerpolitico.mx\/index.php?rest_route=\/wp\/v2\/users\/2"}],"replies":[{"embeddable":true,"href":"https:\/\/quehacerpolitico.mx\/index.php?rest_route=%2Fwp%2Fv2%2Fcomments&post=87751"}],"version-history":[{"count":1,"href":"https:\/\/quehacerpolitico.mx\/index.php?rest_route=\/wp\/v2\/posts\/87751\/revisions"}],"predecessor-version":[{"id":87753,"href":"https:\/\/quehacerpolitico.mx\/index.php?rest_route=\/wp\/v2\/posts\/87751\/revisions\/87753"}],"wp:featuredmedia":[{"embeddable":true,"href":"https:\/\/quehacerpolitico.mx\/index.php?rest_route=\/wp\/v2\/media\/87752"}],"wp:attachment":[{"href":"https:\/\/quehacerpolitico.mx\/index.php?rest_route=%2Fwp%2Fv2%2Fmedia&parent=87751"}],"wp:term":[{"taxonomy":"category","embeddable":true,"href":"https:\/\/quehacerpolitico.mx\/index.php?rest_route=%2Fwp%2Fv2%2Fcategories&post=87751"},{"taxonomy":"post_tag","embeddable":true,"href":"https:\/\/quehacerpolitico.mx\/index.php?rest_route=%2Fwp%2Fv2%2Ftags&post=87751"}],"curies":[{"name":"wp","href":"https:\/\/api.w.org\/{rel}","templated":true}]}}