{"id":87748,"date":"2021-12-29T04:13:21","date_gmt":"2021-12-29T04:13:21","guid":{"rendered":"https:\/\/quehacerpolitico.mx\/?p=87748"},"modified":"2021-12-29T04:13:24","modified_gmt":"2021-12-29T04:13:24","slug":"hoy-mexico-suma-cuatro-mil-426-casos-y-167-muertes-por-el-covid","status":"publish","type":"post","link":"https:\/\/quehacerpolitico.mx\/?p=87748","title":{"rendered":"Hoy M\u00e9xico suma cuatro mil 426 casos y 167 muertes por el COVID"},"content":{"rendered":"\n<p>Por Redacci\u00f3n QP<\/p>\n\n\n\n<p>El pa\u00eds acumula 298 mil 944 decesos totales, as\u00ed como tres millones 956 mil 372 contagios<\/p>\n\n\n\n<p>La Secretar\u00eda de Salud inform\u00f3 que M\u00e9xico registr\u00f3 este martes\u00a0<strong>167 muertes por coronavirus, que elevan a 298 mil 944 los decesos totales<\/strong>, as\u00ed como\u00a0<strong>cuatro mil 426 nuevos contagios para un total de tres millones 956 mil 372 casos.<\/strong><\/p>\n\n\n\n<figure class=\"wp-block-embed is-type-rich is-provider-twitter wp-block-embed-twitter\"><div class=\"wp-block-embed__wrapper\">\n<blockquote class=\"twitter-tweet\" data-width=\"550\" data-dnt=\"true\"><p lang=\"es\" dir=\"ltr\">Desglose de las 298,944 muertes por <a href=\"https:\/\/twitter.com\/hashtag\/Coronavirus?src=hash&amp;ref_src=twsrc%5Etfw\">#Coronavirus<\/a> en M\u00e9xico por Estados, seg\u00fan <a href=\"https:\/\/twitter.com\/SSalud_mx?ref_src=twsrc%5Etfw\">@SSalud_mx<\/a> <a href=\"https:\/\/t.co\/mAUQ0ynKwY\">pic.twitter.com\/mAUQ0ynKwY<\/a><\/p>&mdash; RodriGo RiVas UriBe (@RodrigoRivasU) <a href=\"https:\/\/twitter.com\/RodrigoRivasU\/status\/1475981277018820608?ref_src=twsrc%5Etfw\">December 29, 2021<\/a><\/blockquote><script async src=\"https:\/\/platform.twitter.com\/widgets.js\" charset=\"utf-8\"><\/script>\n<\/div><\/figure>\n\n\n\n<p>De la cifra de casos,&nbsp;<strong>hay 22 mil 738 activos<\/strong>, que han presentado s\u00edntomas durante los \u00faltimos 14 d\u00edas; adem\u00e1s, desde el inicio de la pandemia&nbsp;<strong>se han recuperado tres millones 304 mil 036 personas.<\/strong><\/p>\n\n\n\n<p>La ocupaci\u00f3n media de camas generales se sit\u00faa en un 13 % y el uso de camas de terapia intensiva en un 11 por ciento.<\/p>\n\n\n\n<figure class=\"wp-block-embed is-type-rich is-provider-twitter wp-block-embed-twitter\"><div class=\"wp-block-embed__wrapper\">\n<blockquote class=\"twitter-tweet\" data-width=\"550\" data-dnt=\"true\"><p lang=\"es\" dir=\"ltr\">desglose de los 3,956,372 casos confirmados de <a href=\"https:\/\/twitter.com\/hashtag\/Coronavirus?src=hash&amp;ref_src=twsrc%5Etfw\">#Coronavirus<\/a> en M\u00e9xico por Estados seg\u00fan  <a href=\"https:\/\/twitter.com\/SSalud_mx?ref_src=twsrc%5Etfw\">@SSalud_mx<\/a> <a href=\"https:\/\/t.co\/wyrpqC0PCb\">pic.twitter.com\/wyrpqC0PCb<\/a><\/p>&mdash; RodriGo RiVas UriBe (@RodrigoRivasU) <a href=\"https:\/\/twitter.com\/RodrigoRivasU\/status\/1475981157887975429?ref_src=twsrc%5Etfw\">December 29, 2021<\/a><\/blockquote><script async src=\"https:\/\/platform.twitter.com\/widgets.js\" charset=\"utf-8\"><\/script>\n<\/div><\/figure>\n\n\n\n<p>M\u00e9xico detect\u00f3 a la primera persona contagiada con la variante \u00f3micron el 3 de diciembre y desde entonces suman m\u00e1s de 40 casos confirmados en la Ciudad de M\u00e9xico, Estado de M\u00e9xico, Nuevo Le\u00f3n y Sinaloa.<\/p>\n\n\n\n<figure class=\"wp-block-embed is-type-rich is-provider-twitter wp-block-embed-twitter\"><div class=\"wp-block-embed__wrapper\">\n<blockquote class=\"twitter-tweet\" data-width=\"550\" data-dnt=\"true\"><p lang=\"es\" dir=\"ltr\">Reporta <a href=\"https:\/\/twitter.com\/SSalud_mx?ref_src=twsrc%5Etfw\">@SSalud_mx<\/a> 125 muertes  <a href=\"https:\/\/twitter.com\/hashtag\/Coronavirus?src=hash&amp;ref_src=twsrc%5Etfw\">#Coronavirus<\/a> confirmadas en las \u00faltimas 24 horas y 4,426 casos m\u00e1s <br>\ud83d\udccc298,944 muertes<br>\ud83d\udccc3,956,372 casos confirmados <a href=\"https:\/\/t.co\/thdlUHkpkf\">pic.twitter.com\/thdlUHkpkf<\/a><\/p>&mdash; RodriGo RiVas UriBe (@RodrigoRivasU) <a href=\"https:\/\/twitter.com\/RodrigoRivasU\/status\/1475980748020600832?ref_src=twsrc%5Etfw\">December 29, 2021<\/a><\/blockquote><script async src=\"https:\/\/platform.twitter.com\/widgets.js\" charset=\"utf-8\"><\/script>\n<\/div><\/figure>\n\n\n\n<h2 class=\"wp-block-heading\">PLAN DE VACUNACI\u00d3N<\/h2>\n\n\n\n<p>Las autoridades tambi\u00e9n indicaron que dentro del programa de vacunaci\u00f3n\u00a0<strong>se han aplicado 148.6 millones de dosis, al sumar 57 mil 205 durante la \u00faltima jornada.<\/strong><\/p>\n\n\n\n<p>De sus 126 millones de habitantes, 81.9 millones en el pa\u00eds tienen al menos una dosis de la vacuna; es decir, el 87 % del total de la poblaci\u00f3n mayor de edad. De ese total, el 89 % (72.71 millones) ha completado su esquema de vacunaci\u00f3n.<\/p>\n\n\n\n<p>Con Informaci\u00f3n de EFE<\/p>\n","protected":false},"excerpt":{"rendered":"<p>Por Redacci\u00f3n QP El pa\u00eds acumula 298 mil 944 decesos totales, as\u00ed como tres millones&#8230;<\/p>\n","protected":false},"author":2,"featured_media":87749,"comment_status":"open","ping_status":"open","sticky":false,"template":"","format":"standard","meta":{"_monsterinsights_skip_tracking":false,"_monsterinsights_sitenote_active":false,"_monsterinsights_sitenote_note":"","_monsterinsights_sitenote_category":0,"footnotes":""},"categories":[2],"tags":[],"class_list":["post-87748","post","type-post","status-publish","format-standard","has-post-thumbnail","hentry","category-noticias"],"yoast_head":"<!-- This site is optimized with the Yoast SEO plugin v27.3 - https:\/\/yoast.com\/product\/yoast-seo-wordpress\/ -->\n<title>Hoy M\u00e9xico suma cuatro mil 426 casos y 167 muertes por el COVID -<\/title>\n<meta name=\"robots\" content=\"index, follow, max-snippet:-1, max-image-preview:large, max-video-preview:-1\" \/>\n<link rel=\"canonical\" href=\"https:\/\/quehacerpolitico.mx\/?p=87748\" \/>\n<meta property=\"og:locale\" content=\"es_MX\" \/>\n<meta property=\"og:type\" content=\"article\" \/>\n<meta property=\"og:title\" content=\"Hoy M\u00e9xico suma cuatro mil 426 casos y 167 muertes por el COVID -\" \/>\n<meta property=\"og:description\" content=\"Por Redacci\u00f3n QP El pa\u00eds acumula 298 mil 944 decesos totales, as\u00ed como tres millones...\" \/>\n<meta property=\"og:url\" content=\"https:\/\/quehacerpolitico.mx\/?p=87748\" \/>\n<meta property=\"article:published_time\" content=\"2021-12-29T04:13:21+00:00\" \/>\n<meta property=\"article:modified_time\" content=\"2021-12-29T04:13:24+00:00\" \/>\n<meta property=\"og:image\" content=\"https:\/\/quehacerpolitico.mx\/wp-content\/uploads\/2021\/12\/71BBB460-500D-464C-85C6-802032B8BC38.jpeg\" \/>\n\t<meta property=\"og:image:width\" content=\"1095\" \/>\n\t<meta property=\"og:image:height\" content=\"689\" \/>\n\t<meta property=\"og:image:type\" content=\"image\/jpeg\" \/>\n<meta name=\"author\" content=\"Redacci\u00f3n QP\" \/>\n<meta name=\"twitter:card\" content=\"summary_large_image\" \/>\n<meta name=\"twitter:label1\" content=\"Escrito por\" \/>\n\t<meta name=\"twitter:data1\" content=\"Redacci\u00f3n QP\" \/>\n\t<meta name=\"twitter:label2\" content=\"Tiempo de lectura\" \/>\n\t<meta name=\"twitter:data2\" content=\"1 minuto\" \/>\n<script type=\"application\/ld+json\" class=\"yoast-schema-graph\">{\"@context\":\"https:\\\/\\\/schema.org\",\"@graph\":[{\"@type\":\"Article\",\"@id\":\"https:\\\/\\\/quehacerpolitico.mx\\\/?p=87748#article\",\"isPartOf\":{\"@id\":\"https:\\\/\\\/quehacerpolitico.mx\\\/?p=87748\"},\"author\":{\"name\":\"Redacci\u00f3n QP\",\"@id\":\"https:\\\/\\\/quehacerpolitico.mx\\\/#\\\/schema\\\/person\\\/496d8ad2d1d3f8036101dca7ee39e585\"},\"headline\":\"Hoy M\u00e9xico suma cuatro mil 426 casos y 167 muertes por el COVID\",\"datePublished\":\"2021-12-29T04:13:21+00:00\",\"dateModified\":\"2021-12-29T04:13:24+00:00\",\"mainEntityOfPage\":{\"@id\":\"https:\\\/\\\/quehacerpolitico.mx\\\/?p=87748\"},\"wordCount\":257,\"commentCount\":0,\"image\":{\"@id\":\"https:\\\/\\\/quehacerpolitico.mx\\\/?p=87748#primaryimage\"},\"thumbnailUrl\":\"https:\\\/\\\/quehacerpolitico.mx\\\/wp-content\\\/uploads\\\/2021\\\/12\\\/71BBB460-500D-464C-85C6-802032B8BC38.jpeg\",\"articleSection\":[\"Noticias\"],\"inLanguage\":\"es\",\"potentialAction\":[{\"@type\":\"CommentAction\",\"name\":\"Comment\",\"target\":[\"https:\\\/\\\/quehacerpolitico.mx\\\/?p=87748#respond\"]}]},{\"@type\":\"WebPage\",\"@id\":\"https:\\\/\\\/quehacerpolitico.mx\\\/?p=87748\",\"url\":\"https:\\\/\\\/quehacerpolitico.mx\\\/?p=87748\",\"name\":\"Hoy M\u00e9xico suma cuatro mil 426 casos y 167 muertes por el COVID -\",\"isPartOf\":{\"@id\":\"https:\\\/\\\/quehacerpolitico.mx\\\/#website\"},\"primaryImageOfPage\":{\"@id\":\"https:\\\/\\\/quehacerpolitico.mx\\\/?p=87748#primaryimage\"},\"image\":{\"@id\":\"https:\\\/\\\/quehacerpolitico.mx\\\/?p=87748#primaryimage\"},\"thumbnailUrl\":\"https:\\\/\\\/quehacerpolitico.mx\\\/wp-content\\\/uploads\\\/2021\\\/12\\\/71BBB460-500D-464C-85C6-802032B8BC38.jpeg\",\"datePublished\":\"2021-12-29T04:13:21+00:00\",\"dateModified\":\"2021-12-29T04:13:24+00:00\",\"author\":{\"@id\":\"https:\\\/\\\/quehacerpolitico.mx\\\/#\\\/schema\\\/person\\\/496d8ad2d1d3f8036101dca7ee39e585\"},\"breadcrumb\":{\"@id\":\"https:\\\/\\\/quehacerpolitico.mx\\\/?p=87748#breadcrumb\"},\"inLanguage\":\"es\",\"potentialAction\":[{\"@type\":\"ReadAction\",\"target\":[\"https:\\\/\\\/quehacerpolitico.mx\\\/?p=87748\"]}]},{\"@type\":\"ImageObject\",\"inLanguage\":\"es\",\"@id\":\"https:\\\/\\\/quehacerpolitico.mx\\\/?p=87748#primaryimage\",\"url\":\"https:\\\/\\\/quehacerpolitico.mx\\\/wp-content\\\/uploads\\\/2021\\\/12\\\/71BBB460-500D-464C-85C6-802032B8BC38.jpeg\",\"contentUrl\":\"https:\\\/\\\/quehacerpolitico.mx\\\/wp-content\\\/uploads\\\/2021\\\/12\\\/71BBB460-500D-464C-85C6-802032B8BC38.jpeg\",\"width\":1095,\"height\":689},{\"@type\":\"BreadcrumbList\",\"@id\":\"https:\\\/\\\/quehacerpolitico.mx\\\/?p=87748#breadcrumb\",\"itemListElement\":[{\"@type\":\"ListItem\",\"position\":1,\"name\":\"Inicio\",\"item\":\"https:\\\/\\\/quehacerpolitico.mx\\\/\"},{\"@type\":\"ListItem\",\"position\":2,\"name\":\"Hoy M\u00e9xico suma cuatro mil 426 casos y 167 muertes por el COVID\"}]},{\"@type\":\"WebSite\",\"@id\":\"https:\\\/\\\/quehacerpolitico.mx\\\/#website\",\"url\":\"https:\\\/\\\/quehacerpolitico.mx\\\/\",\"name\":\"\",\"description\":\"\",\"potentialAction\":[{\"@type\":\"SearchAction\",\"target\":{\"@type\":\"EntryPoint\",\"urlTemplate\":\"https:\\\/\\\/quehacerpolitico.mx\\\/?s={search_term_string}\"},\"query-input\":{\"@type\":\"PropertyValueSpecification\",\"valueRequired\":true,\"valueName\":\"search_term_string\"}}],\"inLanguage\":\"es\"},{\"@type\":\"Person\",\"@id\":\"https:\\\/\\\/quehacerpolitico.mx\\\/#\\\/schema\\\/person\\\/496d8ad2d1d3f8036101dca7ee39e585\",\"name\":\"Redacci\u00f3n QP\",\"image\":{\"@type\":\"ImageObject\",\"inLanguage\":\"es\",\"@id\":\"https:\\\/\\\/secure.gravatar.com\\\/avatar\\\/c7164ed6fdec453195284ad24a5ae5b6e1eed2b848477fa2a4787ba9adf39a41?s=96&d=mm&r=g\",\"url\":\"https:\\\/\\\/secure.gravatar.com\\\/avatar\\\/c7164ed6fdec453195284ad24a5ae5b6e1eed2b848477fa2a4787ba9adf39a41?s=96&d=mm&r=g\",\"contentUrl\":\"https:\\\/\\\/secure.gravatar.com\\\/avatar\\\/c7164ed6fdec453195284ad24a5ae5b6e1eed2b848477fa2a4787ba9adf39a41?s=96&d=mm&r=g\",\"caption\":\"Redacci\u00f3n QP\"},\"url\":\"https:\\\/\\\/quehacerpolitico.mx\\\/?author=2\"}]}<\/script>\n<!-- \/ Yoast SEO plugin. -->","yoast_head_json":{"title":"Hoy M\u00e9xico suma cuatro mil 426 casos y 167 muertes por el COVID -","robots":{"index":"index","follow":"follow","max-snippet":"max-snippet:-1","max-image-preview":"max-image-preview:large","max-video-preview":"max-video-preview:-1"},"canonical":"https:\/\/quehacerpolitico.mx\/?p=87748","og_locale":"es_MX","og_type":"article","og_title":"Hoy M\u00e9xico suma cuatro mil 426 casos y 167 muertes por el COVID -","og_description":"Por Redacci\u00f3n QP El pa\u00eds acumula 298 mil 944 decesos totales, as\u00ed como tres millones...","og_url":"https:\/\/quehacerpolitico.mx\/?p=87748","article_published_time":"2021-12-29T04:13:21+00:00","article_modified_time":"2021-12-29T04:13:24+00:00","og_image":[{"width":1095,"height":689,"url":"https:\/\/quehacerpolitico.mx\/wp-content\/uploads\/2021\/12\/71BBB460-500D-464C-85C6-802032B8BC38.jpeg","type":"image\/jpeg"}],"author":"Redacci\u00f3n QP","twitter_card":"summary_large_image","twitter_misc":{"Escrito por":"Redacci\u00f3n QP","Tiempo de lectura":"1 minuto"},"schema":{"@context":"https:\/\/schema.org","@graph":[{"@type":"Article","@id":"https:\/\/quehacerpolitico.mx\/?p=87748#article","isPartOf":{"@id":"https:\/\/quehacerpolitico.mx\/?p=87748"},"author":{"name":"Redacci\u00f3n QP","@id":"https:\/\/quehacerpolitico.mx\/#\/schema\/person\/496d8ad2d1d3f8036101dca7ee39e585"},"headline":"Hoy M\u00e9xico suma cuatro mil 426 casos y 167 muertes por el COVID","datePublished":"2021-12-29T04:13:21+00:00","dateModified":"2021-12-29T04:13:24+00:00","mainEntityOfPage":{"@id":"https:\/\/quehacerpolitico.mx\/?p=87748"},"wordCount":257,"commentCount":0,"image":{"@id":"https:\/\/quehacerpolitico.mx\/?p=87748#primaryimage"},"thumbnailUrl":"https:\/\/quehacerpolitico.mx\/wp-content\/uploads\/2021\/12\/71BBB460-500D-464C-85C6-802032B8BC38.jpeg","articleSection":["Noticias"],"inLanguage":"es","potentialAction":[{"@type":"CommentAction","name":"Comment","target":["https:\/\/quehacerpolitico.mx\/?p=87748#respond"]}]},{"@type":"WebPage","@id":"https:\/\/quehacerpolitico.mx\/?p=87748","url":"https:\/\/quehacerpolitico.mx\/?p=87748","name":"Hoy M\u00e9xico suma cuatro mil 426 casos y 167 muertes por el COVID -","isPartOf":{"@id":"https:\/\/quehacerpolitico.mx\/#website"},"primaryImageOfPage":{"@id":"https:\/\/quehacerpolitico.mx\/?p=87748#primaryimage"},"image":{"@id":"https:\/\/quehacerpolitico.mx\/?p=87748#primaryimage"},"thumbnailUrl":"https:\/\/quehacerpolitico.mx\/wp-content\/uploads\/2021\/12\/71BBB460-500D-464C-85C6-802032B8BC38.jpeg","datePublished":"2021-12-29T04:13:21+00:00","dateModified":"2021-12-29T04:13:24+00:00","author":{"@id":"https:\/\/quehacerpolitico.mx\/#\/schema\/person\/496d8ad2d1d3f8036101dca7ee39e585"},"breadcrumb":{"@id":"https:\/\/quehacerpolitico.mx\/?p=87748#breadcrumb"},"inLanguage":"es","potentialAction":[{"@type":"ReadAction","target":["https:\/\/quehacerpolitico.mx\/?p=87748"]}]},{"@type":"ImageObject","inLanguage":"es","@id":"https:\/\/quehacerpolitico.mx\/?p=87748#primaryimage","url":"https:\/\/quehacerpolitico.mx\/wp-content\/uploads\/2021\/12\/71BBB460-500D-464C-85C6-802032B8BC38.jpeg","contentUrl":"https:\/\/quehacerpolitico.mx\/wp-content\/uploads\/2021\/12\/71BBB460-500D-464C-85C6-802032B8BC38.jpeg","width":1095,"height":689},{"@type":"BreadcrumbList","@id":"https:\/\/quehacerpolitico.mx\/?p=87748#breadcrumb","itemListElement":[{"@type":"ListItem","position":1,"name":"Inicio","item":"https:\/\/quehacerpolitico.mx\/"},{"@type":"ListItem","position":2,"name":"Hoy M\u00e9xico suma cuatro mil 426 casos y 167 muertes por el COVID"}]},{"@type":"WebSite","@id":"https:\/\/quehacerpolitico.mx\/#website","url":"https:\/\/quehacerpolitico.mx\/","name":"","description":"","potentialAction":[{"@type":"SearchAction","target":{"@type":"EntryPoint","urlTemplate":"https:\/\/quehacerpolitico.mx\/?s={search_term_string}"},"query-input":{"@type":"PropertyValueSpecification","valueRequired":true,"valueName":"search_term_string"}}],"inLanguage":"es"},{"@type":"Person","@id":"https:\/\/quehacerpolitico.mx\/#\/schema\/person\/496d8ad2d1d3f8036101dca7ee39e585","name":"Redacci\u00f3n QP","image":{"@type":"ImageObject","inLanguage":"es","@id":"https:\/\/secure.gravatar.com\/avatar\/c7164ed6fdec453195284ad24a5ae5b6e1eed2b848477fa2a4787ba9adf39a41?s=96&d=mm&r=g","url":"https:\/\/secure.gravatar.com\/avatar\/c7164ed6fdec453195284ad24a5ae5b6e1eed2b848477fa2a4787ba9adf39a41?s=96&d=mm&r=g","contentUrl":"https:\/\/secure.gravatar.com\/avatar\/c7164ed6fdec453195284ad24a5ae5b6e1eed2b848477fa2a4787ba9adf39a41?s=96&d=mm&r=g","caption":"Redacci\u00f3n QP"},"url":"https:\/\/quehacerpolitico.mx\/?author=2"}]}},"featured_image_urls":{"full":["https:\/\/quehacerpolitico.mx\/wp-content\/uploads\/2021\/12\/71BBB460-500D-464C-85C6-802032B8BC38.jpeg",1095,689,false],"thumbnail":["https:\/\/quehacerpolitico.mx\/wp-content\/uploads\/2021\/12\/71BBB460-500D-464C-85C6-802032B8BC38-150x150.jpeg",150,150,true],"medium":["https:\/\/quehacerpolitico.mx\/wp-content\/uploads\/2021\/12\/71BBB460-500D-464C-85C6-802032B8BC38-300x189.jpeg",300,189,true],"medium_large":["https:\/\/quehacerpolitico.mx\/wp-content\/uploads\/2021\/12\/71BBB460-500D-464C-85C6-802032B8BC38-768x483.jpeg",640,403,true],"large":["https:\/\/quehacerpolitico.mx\/wp-content\/uploads\/2021\/12\/71BBB460-500D-464C-85C6-802032B8BC38-1024x644.jpeg",640,403,true],"1536x1536":["https:\/\/quehacerpolitico.mx\/wp-content\/uploads\/2021\/12\/71BBB460-500D-464C-85C6-802032B8BC38.jpeg",1095,689,false],"2048x2048":["https:\/\/quehacerpolitico.mx\/wp-content\/uploads\/2021\/12\/71BBB460-500D-464C-85C6-802032B8BC38.jpeg",1095,689,false],"covernews-featured":["https:\/\/quehacerpolitico.mx\/wp-content\/uploads\/2021\/12\/71BBB460-500D-464C-85C6-802032B8BC38.jpeg",1024,644,false],"covernews-medium":["https:\/\/quehacerpolitico.mx\/wp-content\/uploads\/2021\/12\/71BBB460-500D-464C-85C6-802032B8BC38.jpeg",540,340,false]},"author_info":{"display_name":"Redacci\u00f3n QP","author_link":"https:\/\/quehacerpolitico.mx\/?author=2"},"category_info":"<a href=\"https:\/\/quehacerpolitico.mx\/?cat=2\" rel=\"category\">Noticias<\/a>","tag_info":"Noticias","comment_count":"0","_links":{"self":[{"href":"https:\/\/quehacerpolitico.mx\/index.php?rest_route=\/wp\/v2\/posts\/87748","targetHints":{"allow":["GET"]}}],"collection":[{"href":"https:\/\/quehacerpolitico.mx\/index.php?rest_route=\/wp\/v2\/posts"}],"about":[{"href":"https:\/\/quehacerpolitico.mx\/index.php?rest_route=\/wp\/v2\/types\/post"}],"author":[{"embeddable":true,"href":"https:\/\/quehacerpolitico.mx\/index.php?rest_route=\/wp\/v2\/users\/2"}],"replies":[{"embeddable":true,"href":"https:\/\/quehacerpolitico.mx\/index.php?rest_route=%2Fwp%2Fv2%2Fcomments&post=87748"}],"version-history":[{"count":1,"href":"https:\/\/quehacerpolitico.mx\/index.php?rest_route=\/wp\/v2\/posts\/87748\/revisions"}],"predecessor-version":[{"id":87750,"href":"https:\/\/quehacerpolitico.mx\/index.php?rest_route=\/wp\/v2\/posts\/87748\/revisions\/87750"}],"wp:featuredmedia":[{"embeddable":true,"href":"https:\/\/quehacerpolitico.mx\/index.php?rest_route=\/wp\/v2\/media\/87749"}],"wp:attachment":[{"href":"https:\/\/quehacerpolitico.mx\/index.php?rest_route=%2Fwp%2Fv2%2Fmedia&parent=87748"}],"wp:term":[{"taxonomy":"category","embeddable":true,"href":"https:\/\/quehacerpolitico.mx\/index.php?rest_route=%2Fwp%2Fv2%2Fcategories&post=87748"},{"taxonomy":"post_tag","embeddable":true,"href":"https:\/\/quehacerpolitico.mx\/index.php?rest_route=%2Fwp%2Fv2%2Ftags&post=87748"}],"curies":[{"name":"wp","href":"https:\/\/api.w.org\/{rel}","templated":true}]}}