{"id":87745,"date":"2021-12-28T19:27:28","date_gmt":"2021-12-28T19:27:28","guid":{"rendered":"https:\/\/quehacerpolitico.mx\/?p=87745"},"modified":"2021-12-28T19:27:39","modified_gmt":"2021-12-28T19:27:39","slug":"amlo-asegura-que-cdmx-es-de-las-urbes-en-el-mundo-donde-mas-se-usa-el-cubrebocas","status":"publish","type":"post","link":"https:\/\/quehacerpolitico.mx\/?p=87745","title":{"rendered":"AMLO asegura que CDMX es de las urbes en el mundo donde m\u00e1s se usa el cubrebocas"},"content":{"rendered":"\n<p>Por Redacci\u00f3n QP<\/p>\n\n\n\n<p>AMLO declara: &#8220;Ah\u00ed no se puede decir que sea por el Presidente, para que vean lo grandioso de nuestro pueblo&#8221;<\/p>\n\n\n\n<p>El Presidente Andres Manuel L\u00f3pez Obrador (AMLO) asegur\u00f3 este martes que la Ciudad de M\u00e9xico (CDMX) es una de las urbes en el mundo donde m\u00e1s se usa el cubrebocas, en el contexto de la pandemia por\u00a0COVID-19 y\u00a0<strong>&#8220;ah\u00ed no se puede decir que sea por el Presidente, para que vean lo grandioso de nuestro pueblo&#8221;<\/strong>.<\/p>\n\n\n\n<blockquote class=\"wp-block-quote is-layout-flow wp-block-quote-is-layout-flow\"><p>&#8220;Si logramos esto es porque nos aplicamos todos&#8221;<\/p><\/blockquote>\n\n\n\n<p>AMLO, durante su conferencia &#8220;ma\u00f1anera&#8221;, se\u00f1al\u00f3:<\/p>\n\n\n\n<p><strong>&#8220;Si logramos esto es porque nos aplicamos todos, en primer lugar: la gente, les voy a dar un dato en aras de la objetividad, de decir siempre la verdad y no mentir, la Ciudad de M\u00e9xico es de las ciudades del mundo en donde m\u00e1s se usa el cubrebocas y ah\u00ed no se puede decir que sea por el Presidente&#8221;<\/strong>.<\/p>\n\n\n\n<p>El Presidente L\u00f3pez Obrador\u00a0destac\u00f3 que en comparaci\u00f3n con otras naciones\u00a0<strong>supimos actuar todos los mexicanos, con mucha sabidur\u00eda, nos cuidamos y nos protegimos<\/strong>.<\/p>\n\n\n\n<p><br>Desde que comenz\u00f3 la pandemia el Presidente L\u00f3pez Obrador ha sido reacio a utilizar cubrebocas en espacios cerrados, porque \u00e9l lleva a cabo otras medidas como la sana distancia, solo lo utiliza cuando viaja en vuelos comerciales y recientemente en sus giras de trabajo por la Casa Blanca y la sede la ONU en Estados Unidos.<\/p>\n\n\n\n<p>Con Informaci\u00f3n de SUN <\/p>\n","protected":false},"excerpt":{"rendered":"<p>Por Redacci\u00f3n QP AMLO declara: &#8220;Ah\u00ed no se puede decir que sea por el Presidente,&#8230;<\/p>\n","protected":false},"author":2,"featured_media":87746,"comment_status":"open","ping_status":"open","sticky":false,"template":"","format":"standard","meta":{"_monsterinsights_skip_tracking":false,"_monsterinsights_sitenote_active":false,"_monsterinsights_sitenote_note":"","_monsterinsights_sitenote_category":0,"footnotes":""},"categories":[2],"tags":[],"class_list":["post-87745","post","type-post","status-publish","format-standard","has-post-thumbnail","hentry","category-noticias"],"yoast_head":"<!-- This site is optimized with the Yoast SEO plugin v27.3 - https:\/\/yoast.com\/product\/yoast-seo-wordpress\/ -->\n<title>AMLO asegura que CDMX es de las urbes en el mundo donde m\u00e1s se usa el cubrebocas -<\/title>\n<meta name=\"robots\" content=\"index, follow, max-snippet:-1, max-image-preview:large, max-video-preview:-1\" \/>\n<link rel=\"canonical\" href=\"https:\/\/quehacerpolitico.mx\/?p=87745\" \/>\n<meta property=\"og:locale\" content=\"es_MX\" \/>\n<meta property=\"og:type\" content=\"article\" \/>\n<meta property=\"og:title\" content=\"AMLO asegura que CDMX es de las urbes en el mundo donde m\u00e1s se usa el cubrebocas -\" \/>\n<meta property=\"og:description\" content=\"Por Redacci\u00f3n QP AMLO declara: &#8220;Ah\u00ed no se puede decir que sea por el Presidente,...\" \/>\n<meta property=\"og:url\" content=\"https:\/\/quehacerpolitico.mx\/?p=87745\" \/>\n<meta property=\"article:published_time\" content=\"2021-12-28T19:27:28+00:00\" \/>\n<meta property=\"article:modified_time\" content=\"2021-12-28T19:27:39+00:00\" \/>\n<meta property=\"og:image\" content=\"https:\/\/quehacerpolitico.mx\/wp-content\/uploads\/2021\/12\/B028ECAD-0281-4F62-9237-CE7209E792BE.jpeg\" \/>\n\t<meta property=\"og:image:width\" content=\"955\" \/>\n\t<meta property=\"og:image:height\" content=\"695\" \/>\n\t<meta property=\"og:image:type\" content=\"image\/jpeg\" \/>\n<meta name=\"author\" content=\"Redacci\u00f3n QP\" \/>\n<meta name=\"twitter:card\" content=\"summary_large_image\" \/>\n<meta name=\"twitter:label1\" content=\"Escrito por\" \/>\n\t<meta name=\"twitter:data1\" content=\"Redacci\u00f3n QP\" \/>\n\t<meta name=\"twitter:label2\" content=\"Tiempo de lectura\" \/>\n\t<meta name=\"twitter:data2\" content=\"1 minuto\" \/>\n<script type=\"application\/ld+json\" class=\"yoast-schema-graph\">{\"@context\":\"https:\\\/\\\/schema.org\",\"@graph\":[{\"@type\":\"Article\",\"@id\":\"https:\\\/\\\/quehacerpolitico.mx\\\/?p=87745#article\",\"isPartOf\":{\"@id\":\"https:\\\/\\\/quehacerpolitico.mx\\\/?p=87745\"},\"author\":{\"name\":\"Redacci\u00f3n QP\",\"@id\":\"https:\\\/\\\/quehacerpolitico.mx\\\/#\\\/schema\\\/person\\\/496d8ad2d1d3f8036101dca7ee39e585\"},\"headline\":\"AMLO asegura que CDMX es de las urbes en el mundo donde m\u00e1s se usa el cubrebocas\",\"datePublished\":\"2021-12-28T19:27:28+00:00\",\"dateModified\":\"2021-12-28T19:27:39+00:00\",\"mainEntityOfPage\":{\"@id\":\"https:\\\/\\\/quehacerpolitico.mx\\\/?p=87745\"},\"wordCount\":269,\"commentCount\":0,\"image\":{\"@id\":\"https:\\\/\\\/quehacerpolitico.mx\\\/?p=87745#primaryimage\"},\"thumbnailUrl\":\"https:\\\/\\\/quehacerpolitico.mx\\\/wp-content\\\/uploads\\\/2021\\\/12\\\/B028ECAD-0281-4F62-9237-CE7209E792BE.jpeg\",\"articleSection\":[\"Noticias\"],\"inLanguage\":\"es\",\"potentialAction\":[{\"@type\":\"CommentAction\",\"name\":\"Comment\",\"target\":[\"https:\\\/\\\/quehacerpolitico.mx\\\/?p=87745#respond\"]}]},{\"@type\":\"WebPage\",\"@id\":\"https:\\\/\\\/quehacerpolitico.mx\\\/?p=87745\",\"url\":\"https:\\\/\\\/quehacerpolitico.mx\\\/?p=87745\",\"name\":\"AMLO asegura que CDMX es de las urbes en el mundo donde m\u00e1s se usa el cubrebocas -\",\"isPartOf\":{\"@id\":\"https:\\\/\\\/quehacerpolitico.mx\\\/#website\"},\"primaryImageOfPage\":{\"@id\":\"https:\\\/\\\/quehacerpolitico.mx\\\/?p=87745#primaryimage\"},\"image\":{\"@id\":\"https:\\\/\\\/quehacerpolitico.mx\\\/?p=87745#primaryimage\"},\"thumbnailUrl\":\"https:\\\/\\\/quehacerpolitico.mx\\\/wp-content\\\/uploads\\\/2021\\\/12\\\/B028ECAD-0281-4F62-9237-CE7209E792BE.jpeg\",\"datePublished\":\"2021-12-28T19:27:28+00:00\",\"dateModified\":\"2021-12-28T19:27:39+00:00\",\"author\":{\"@id\":\"https:\\\/\\\/quehacerpolitico.mx\\\/#\\\/schema\\\/person\\\/496d8ad2d1d3f8036101dca7ee39e585\"},\"breadcrumb\":{\"@id\":\"https:\\\/\\\/quehacerpolitico.mx\\\/?p=87745#breadcrumb\"},\"inLanguage\":\"es\",\"potentialAction\":[{\"@type\":\"ReadAction\",\"target\":[\"https:\\\/\\\/quehacerpolitico.mx\\\/?p=87745\"]}]},{\"@type\":\"ImageObject\",\"inLanguage\":\"es\",\"@id\":\"https:\\\/\\\/quehacerpolitico.mx\\\/?p=87745#primaryimage\",\"url\":\"https:\\\/\\\/quehacerpolitico.mx\\\/wp-content\\\/uploads\\\/2021\\\/12\\\/B028ECAD-0281-4F62-9237-CE7209E792BE.jpeg\",\"contentUrl\":\"https:\\\/\\\/quehacerpolitico.mx\\\/wp-content\\\/uploads\\\/2021\\\/12\\\/B028ECAD-0281-4F62-9237-CE7209E792BE.jpeg\",\"width\":955,\"height\":695},{\"@type\":\"BreadcrumbList\",\"@id\":\"https:\\\/\\\/quehacerpolitico.mx\\\/?p=87745#breadcrumb\",\"itemListElement\":[{\"@type\":\"ListItem\",\"position\":1,\"name\":\"Inicio\",\"item\":\"https:\\\/\\\/quehacerpolitico.mx\\\/\"},{\"@type\":\"ListItem\",\"position\":2,\"name\":\"AMLO asegura que CDMX es de las urbes en el mundo donde m\u00e1s se usa el cubrebocas\"}]},{\"@type\":\"WebSite\",\"@id\":\"https:\\\/\\\/quehacerpolitico.mx\\\/#website\",\"url\":\"https:\\\/\\\/quehacerpolitico.mx\\\/\",\"name\":\"\",\"description\":\"\",\"potentialAction\":[{\"@type\":\"SearchAction\",\"target\":{\"@type\":\"EntryPoint\",\"urlTemplate\":\"https:\\\/\\\/quehacerpolitico.mx\\\/?s={search_term_string}\"},\"query-input\":{\"@type\":\"PropertyValueSpecification\",\"valueRequired\":true,\"valueName\":\"search_term_string\"}}],\"inLanguage\":\"es\"},{\"@type\":\"Person\",\"@id\":\"https:\\\/\\\/quehacerpolitico.mx\\\/#\\\/schema\\\/person\\\/496d8ad2d1d3f8036101dca7ee39e585\",\"name\":\"Redacci\u00f3n QP\",\"image\":{\"@type\":\"ImageObject\",\"inLanguage\":\"es\",\"@id\":\"https:\\\/\\\/secure.gravatar.com\\\/avatar\\\/c7164ed6fdec453195284ad24a5ae5b6e1eed2b848477fa2a4787ba9adf39a41?s=96&d=mm&r=g\",\"url\":\"https:\\\/\\\/secure.gravatar.com\\\/avatar\\\/c7164ed6fdec453195284ad24a5ae5b6e1eed2b848477fa2a4787ba9adf39a41?s=96&d=mm&r=g\",\"contentUrl\":\"https:\\\/\\\/secure.gravatar.com\\\/avatar\\\/c7164ed6fdec453195284ad24a5ae5b6e1eed2b848477fa2a4787ba9adf39a41?s=96&d=mm&r=g\",\"caption\":\"Redacci\u00f3n QP\"},\"url\":\"https:\\\/\\\/quehacerpolitico.mx\\\/?author=2\"}]}<\/script>\n<!-- \/ Yoast SEO plugin. -->","yoast_head_json":{"title":"AMLO asegura que CDMX es de las urbes en el mundo donde m\u00e1s se usa el cubrebocas -","robots":{"index":"index","follow":"follow","max-snippet":"max-snippet:-1","max-image-preview":"max-image-preview:large","max-video-preview":"max-video-preview:-1"},"canonical":"https:\/\/quehacerpolitico.mx\/?p=87745","og_locale":"es_MX","og_type":"article","og_title":"AMLO asegura que CDMX es de las urbes en el mundo donde m\u00e1s se usa el cubrebocas -","og_description":"Por Redacci\u00f3n QP AMLO declara: &#8220;Ah\u00ed no se puede decir que sea por el Presidente,...","og_url":"https:\/\/quehacerpolitico.mx\/?p=87745","article_published_time":"2021-12-28T19:27:28+00:00","article_modified_time":"2021-12-28T19:27:39+00:00","og_image":[{"width":955,"height":695,"url":"https:\/\/quehacerpolitico.mx\/wp-content\/uploads\/2021\/12\/B028ECAD-0281-4F62-9237-CE7209E792BE.jpeg","type":"image\/jpeg"}],"author":"Redacci\u00f3n QP","twitter_card":"summary_large_image","twitter_misc":{"Escrito por":"Redacci\u00f3n QP","Tiempo de lectura":"1 minuto"},"schema":{"@context":"https:\/\/schema.org","@graph":[{"@type":"Article","@id":"https:\/\/quehacerpolitico.mx\/?p=87745#article","isPartOf":{"@id":"https:\/\/quehacerpolitico.mx\/?p=87745"},"author":{"name":"Redacci\u00f3n QP","@id":"https:\/\/quehacerpolitico.mx\/#\/schema\/person\/496d8ad2d1d3f8036101dca7ee39e585"},"headline":"AMLO asegura que CDMX es de las urbes en el mundo donde m\u00e1s se usa el cubrebocas","datePublished":"2021-12-28T19:27:28+00:00","dateModified":"2021-12-28T19:27:39+00:00","mainEntityOfPage":{"@id":"https:\/\/quehacerpolitico.mx\/?p=87745"},"wordCount":269,"commentCount":0,"image":{"@id":"https:\/\/quehacerpolitico.mx\/?p=87745#primaryimage"},"thumbnailUrl":"https:\/\/quehacerpolitico.mx\/wp-content\/uploads\/2021\/12\/B028ECAD-0281-4F62-9237-CE7209E792BE.jpeg","articleSection":["Noticias"],"inLanguage":"es","potentialAction":[{"@type":"CommentAction","name":"Comment","target":["https:\/\/quehacerpolitico.mx\/?p=87745#respond"]}]},{"@type":"WebPage","@id":"https:\/\/quehacerpolitico.mx\/?p=87745","url":"https:\/\/quehacerpolitico.mx\/?p=87745","name":"AMLO asegura que CDMX es de las urbes en el mundo donde m\u00e1s se usa el cubrebocas -","isPartOf":{"@id":"https:\/\/quehacerpolitico.mx\/#website"},"primaryImageOfPage":{"@id":"https:\/\/quehacerpolitico.mx\/?p=87745#primaryimage"},"image":{"@id":"https:\/\/quehacerpolitico.mx\/?p=87745#primaryimage"},"thumbnailUrl":"https:\/\/quehacerpolitico.mx\/wp-content\/uploads\/2021\/12\/B028ECAD-0281-4F62-9237-CE7209E792BE.jpeg","datePublished":"2021-12-28T19:27:28+00:00","dateModified":"2021-12-28T19:27:39+00:00","author":{"@id":"https:\/\/quehacerpolitico.mx\/#\/schema\/person\/496d8ad2d1d3f8036101dca7ee39e585"},"breadcrumb":{"@id":"https:\/\/quehacerpolitico.mx\/?p=87745#breadcrumb"},"inLanguage":"es","potentialAction":[{"@type":"ReadAction","target":["https:\/\/quehacerpolitico.mx\/?p=87745"]}]},{"@type":"ImageObject","inLanguage":"es","@id":"https:\/\/quehacerpolitico.mx\/?p=87745#primaryimage","url":"https:\/\/quehacerpolitico.mx\/wp-content\/uploads\/2021\/12\/B028ECAD-0281-4F62-9237-CE7209E792BE.jpeg","contentUrl":"https:\/\/quehacerpolitico.mx\/wp-content\/uploads\/2021\/12\/B028ECAD-0281-4F62-9237-CE7209E792BE.jpeg","width":955,"height":695},{"@type":"BreadcrumbList","@id":"https:\/\/quehacerpolitico.mx\/?p=87745#breadcrumb","itemListElement":[{"@type":"ListItem","position":1,"name":"Inicio","item":"https:\/\/quehacerpolitico.mx\/"},{"@type":"ListItem","position":2,"name":"AMLO asegura que CDMX es de las urbes en el mundo donde m\u00e1s se usa el cubrebocas"}]},{"@type":"WebSite","@id":"https:\/\/quehacerpolitico.mx\/#website","url":"https:\/\/quehacerpolitico.mx\/","name":"","description":"","potentialAction":[{"@type":"SearchAction","target":{"@type":"EntryPoint","urlTemplate":"https:\/\/quehacerpolitico.mx\/?s={search_term_string}"},"query-input":{"@type":"PropertyValueSpecification","valueRequired":true,"valueName":"search_term_string"}}],"inLanguage":"es"},{"@type":"Person","@id":"https:\/\/quehacerpolitico.mx\/#\/schema\/person\/496d8ad2d1d3f8036101dca7ee39e585","name":"Redacci\u00f3n QP","image":{"@type":"ImageObject","inLanguage":"es","@id":"https:\/\/secure.gravatar.com\/avatar\/c7164ed6fdec453195284ad24a5ae5b6e1eed2b848477fa2a4787ba9adf39a41?s=96&d=mm&r=g","url":"https:\/\/secure.gravatar.com\/avatar\/c7164ed6fdec453195284ad24a5ae5b6e1eed2b848477fa2a4787ba9adf39a41?s=96&d=mm&r=g","contentUrl":"https:\/\/secure.gravatar.com\/avatar\/c7164ed6fdec453195284ad24a5ae5b6e1eed2b848477fa2a4787ba9adf39a41?s=96&d=mm&r=g","caption":"Redacci\u00f3n QP"},"url":"https:\/\/quehacerpolitico.mx\/?author=2"}]}},"featured_image_urls":{"full":["https:\/\/quehacerpolitico.mx\/wp-content\/uploads\/2021\/12\/B028ECAD-0281-4F62-9237-CE7209E792BE.jpeg",955,695,false],"thumbnail":["https:\/\/quehacerpolitico.mx\/wp-content\/uploads\/2021\/12\/B028ECAD-0281-4F62-9237-CE7209E792BE-150x150.jpeg",150,150,true],"medium":["https:\/\/quehacerpolitico.mx\/wp-content\/uploads\/2021\/12\/B028ECAD-0281-4F62-9237-CE7209E792BE-300x218.jpeg",300,218,true],"medium_large":["https:\/\/quehacerpolitico.mx\/wp-content\/uploads\/2021\/12\/B028ECAD-0281-4F62-9237-CE7209E792BE-768x559.jpeg",640,466,true],"large":["https:\/\/quehacerpolitico.mx\/wp-content\/uploads\/2021\/12\/B028ECAD-0281-4F62-9237-CE7209E792BE.jpeg",640,466,false],"1536x1536":["https:\/\/quehacerpolitico.mx\/wp-content\/uploads\/2021\/12\/B028ECAD-0281-4F62-9237-CE7209E792BE.jpeg",955,695,false],"2048x2048":["https:\/\/quehacerpolitico.mx\/wp-content\/uploads\/2021\/12\/B028ECAD-0281-4F62-9237-CE7209E792BE.jpeg",955,695,false],"covernews-featured":["https:\/\/quehacerpolitico.mx\/wp-content\/uploads\/2021\/12\/B028ECAD-0281-4F62-9237-CE7209E792BE.jpeg",955,695,false],"covernews-medium":["https:\/\/quehacerpolitico.mx\/wp-content\/uploads\/2021\/12\/B028ECAD-0281-4F62-9237-CE7209E792BE.jpeg",467,340,false]},"author_info":{"display_name":"Redacci\u00f3n QP","author_link":"https:\/\/quehacerpolitico.mx\/?author=2"},"category_info":"<a href=\"https:\/\/quehacerpolitico.mx\/?cat=2\" rel=\"category\">Noticias<\/a>","tag_info":"Noticias","comment_count":"0","_links":{"self":[{"href":"https:\/\/quehacerpolitico.mx\/index.php?rest_route=\/wp\/v2\/posts\/87745","targetHints":{"allow":["GET"]}}],"collection":[{"href":"https:\/\/quehacerpolitico.mx\/index.php?rest_route=\/wp\/v2\/posts"}],"about":[{"href":"https:\/\/quehacerpolitico.mx\/index.php?rest_route=\/wp\/v2\/types\/post"}],"author":[{"embeddable":true,"href":"https:\/\/quehacerpolitico.mx\/index.php?rest_route=\/wp\/v2\/users\/2"}],"replies":[{"embeddable":true,"href":"https:\/\/quehacerpolitico.mx\/index.php?rest_route=%2Fwp%2Fv2%2Fcomments&post=87745"}],"version-history":[{"count":1,"href":"https:\/\/quehacerpolitico.mx\/index.php?rest_route=\/wp\/v2\/posts\/87745\/revisions"}],"predecessor-version":[{"id":87747,"href":"https:\/\/quehacerpolitico.mx\/index.php?rest_route=\/wp\/v2\/posts\/87745\/revisions\/87747"}],"wp:featuredmedia":[{"embeddable":true,"href":"https:\/\/quehacerpolitico.mx\/index.php?rest_route=\/wp\/v2\/media\/87746"}],"wp:attachment":[{"href":"https:\/\/quehacerpolitico.mx\/index.php?rest_route=%2Fwp%2Fv2%2Fmedia&parent=87745"}],"wp:term":[{"taxonomy":"category","embeddable":true,"href":"https:\/\/quehacerpolitico.mx\/index.php?rest_route=%2Fwp%2Fv2%2Fcategories&post=87745"},{"taxonomy":"post_tag","embeddable":true,"href":"https:\/\/quehacerpolitico.mx\/index.php?rest_route=%2Fwp%2Fv2%2Ftags&post=87745"}],"curies":[{"name":"wp","href":"https:\/\/api.w.org\/{rel}","templated":true}]}}