{"id":8774,"date":"2018-11-08T23:55:25","date_gmt":"2018-11-08T23:55:25","guid":{"rendered":"http:\/\/quehacerpolitico.mx\/video-imss-se-moderniza-y-esta-mejor-que-nunca-pena-nieto\/"},"modified":"2018-11-08T23:55:25","modified_gmt":"2018-11-08T23:55:25","slug":"video-imss-se-moderniza-y-esta-mejor-que-nunca-pena-nieto","status":"publish","type":"post","link":"https:\/\/quehacerpolitico.mx\/?p=8774","title":{"rendered":"[VIDEO] IMSS se moderniza y esta mejor que nunca: Pe\u00f1a Nieto"},"content":{"rendered":"<h2 class=\"genTitle\">[VIDEO] IMSS se moderniza y esta mejor que nunca: Pe\u00f1a Nieto<\/h2>\n<p>Por Redacci\u00f3n QP<\/p>\n<p>El presidente <strong>Enrique Pe\u00f1a Nieto<\/strong> destac\u00f3 los avances que tuvo el IMSS durante este sexenio.<\/p>\n<p>Al clausurar la 109 Asamblea Ordinaria del instituto, asever\u00f3 que en estos<strong> seis a\u00f1os se lograron grandes logros como la afiliaci\u00f3n de 4 millones de nuevos trabajadores.<\/strong><\/p>\n<p>Esto beneficiar\u00e1 a su familias y al propio Instituto Mexicano del Seguro Social (IMSS), el cual tuvo una modernizaci\u00f3n al<strong> digitalizar una serie de tr\u00e1mites<\/strong>como son pensiones, citas y an\u00e1lisis, entre otros.<\/p>\n<p>Destac\u00f3 que en 2012, ning\u00fan tr\u00e1mite en la instituci\u00f3n era electr\u00f3nico.<\/p>\n<p>Sin embargo, puntualiz\u00f3, seis a\u00f1os despu\u00e9s\u00a0<strong>ocho de cada 10<\/strong>\u00a0se pueden hacer por Internet.<\/p>\n<blockquote>\n<p>\u201cCon IMSS Digital, se han agilizado y simplificado las gestiones que, por muchos a\u00f1os, fueron presenciales e implicaban una p\u00e9rdida de tiempo para los usuarios\u201d, indic\u00f3.<\/p>\n<\/blockquote>\n<p>Destac\u00f3 que se aument\u00f3 en <strong>10 millones el n\u00famero de mexicanos que son atendidos en el instituto.<\/strong><\/p>\n<p>Esto debido a que se alcanz\u00f3 la cifra r\u00e9cord de 80 millones de <strong>derechohabientes<\/strong>.<\/p>\n<h3>Reconoce a los miembros del IMSS<\/h3>\n<p>Asimismo destac\u00f3 el trabajo de <strong>Jos\u00e9 Gonz\u00e1lez Anaya, Mikel Arriola y Miguel Tuffic<\/strong> por sumar esfuerzos para fortalecer la instituci\u00f3n como sus directores durante el sexenio.<\/p>\n<blockquote>\n<p>\u201cQuiero agradecer a los tres directores de @Tu_IMSS de esta administraci\u00f3n, @JAGlezAnaya, @MikelArriolaP y @Tuffic_Miguel, por sumar esfuerzos para fortalecer la instituci\u00f3n\u201d, expres\u00f3.<\/p>\n<\/blockquote>\n<p>El titular del <strong>Ejecutivo Federal<\/strong> reconoci\u00f3 la labor del personal m\u00e9dico, de enfermer\u00eda y administrativo, que permiten que el IMSS procur\u00e9 el bienestar de los afiliados.<\/p>\n<blockquote>\n<p>\u201cMi mayor agradecimiento a las y los profesionales de la salud, al personal administrativo y de servicios y a cada uno de los 440 mil empleados, que hacen posible que esta gran instituci\u00f3n que es el @Tu_IMSS funcione y siga creciendo\u201d, enfatiz\u00f3.<\/p>\n<\/blockquote>\n<p>Sobre el estado financiero del organismo indic\u00f3 que cuenta con<strong> finanzas sanas y su viabilidad<\/strong> est\u00e1 garantizada hasta 2030.<\/p>\n<p>Adem\u00e1s de que destac\u00f3 que de 2016 a 2018 se logr\u00f3 un super\u00e1vit financiero de <strong>21 mil millones de pesos.<\/strong><\/p>\n<blockquote class=\"twitter-tweet\" data-width=\"550\" data-dnt=\"true\">\n<p lang=\"es\" dir=\"ltr\">\u23ef El Presidente <a href=\"https:\/\/twitter.com\/EPN?ref_src=twsrc%5Etfw\">@EPN<\/a> y el Director de <a href=\"https:\/\/twitter.com\/Tu_IMSS?ref_src=twsrc%5Etfw\">@Tu_IMSS<\/a>, Mtro. <a href=\"https:\/\/twitter.com\/tuffic_miguel?ref_src=twsrc%5Etfw\">@Tuffic_Miguel<\/a>, develaron placas inaugurales del nuevo HGR No. 2 \u201cEl Marqu\u00e9s\u201d, <a href=\"https:\/\/twitter.com\/hashtag\/Quer%C3%A9taro?src=hash&amp;ref_src=twsrc%5Etfw\">#Quer\u00e9taro<\/a> y del nuevo HGR No. 58 de <a href=\"https:\/\/twitter.com\/hashtag\/Guanajuato?src=hash&amp;ref_src=twsrc%5Etfw\">#Guanajuato<\/a>. <a href=\"https:\/\/twitter.com\/hashtag\/109AsambleaIMSS?src=hash&amp;ref_src=twsrc%5Etfw\">#109AsambleaIMSS<\/a> \ud83c\udfe5\ud83d\udc69\ud83c\udffb\u200d\u2695\ud83d\udc68\ud83c\udffb\u200d\u2695 <a href=\"https:\/\/t.co\/xA5xzSdJdq\">pic.twitter.com\/xA5xzSdJdq<\/a><\/p>\n<p>&mdash; IMSS \uea00 (@Tu_IMSS) <a href=\"https:\/\/twitter.com\/Tu_IMSS\/status\/1060641409483456512?ref_src=twsrc%5Etfw\">November 8, 2018<\/a><\/p><\/blockquote>\n<p><script async src=\"https:\/\/platform.twitter.com\/widgets.js\" charset=\"utf-8\"><\/script><\/p>\n<p>El presidente Pe\u00f1a tambi\u00e9n inaugur\u00f3 los hospitales generales 2 y 58 que dar\u00e1n servicio a los pobladores de Quer\u00e9taro y Guanajuato, de forma respectiva.<\/p>\n","protected":false},"excerpt":{"rendered":"<p>[VIDEO] IMSS se moderniza y esta mejor que nunca: Pe\u00f1a Nieto<br \/>\nPor Redacci\u00f3n QP<\/p>\n","protected":false},"author":2,"featured_media":8773,"comment_status":"open","ping_status":"open","sticky":false,"template":"","format":"standard","meta":{"_monsterinsights_skip_tracking":false,"_monsterinsights_sitenote_active":false,"_monsterinsights_sitenote_note":"","_monsterinsights_sitenote_category":0,"footnotes":""},"categories":[2],"tags":[],"class_list":["post-8774","post","type-post","status-publish","format-standard","has-post-thumbnail","hentry","category-noticias"],"yoast_head":"<!-- This site is optimized with the Yoast SEO plugin v27.3 - https:\/\/yoast.com\/product\/yoast-seo-wordpress\/ -->\n<title>[VIDEO] IMSS se moderniza y esta mejor que nunca: Pe\u00f1a Nieto -<\/title>\n<meta name=\"robots\" content=\"index, follow, max-snippet:-1, max-image-preview:large, max-video-preview:-1\" \/>\n<link rel=\"canonical\" href=\"https:\/\/quehacerpolitico.mx\/?p=8774\" \/>\n<meta property=\"og:locale\" content=\"es_MX\" \/>\n<meta property=\"og:type\" content=\"article\" \/>\n<meta property=\"og:title\" content=\"[VIDEO] IMSS se moderniza y esta mejor que nunca: Pe\u00f1a Nieto -\" \/>\n<meta property=\"og:description\" content=\"[VIDEO] IMSS se moderniza y esta mejor que nunca: Pe\u00f1a Nieto Por Redacci\u00f3n QP\" \/>\n<meta property=\"og:url\" content=\"https:\/\/quehacerpolitico.mx\/?p=8774\" \/>\n<meta property=\"article:published_time\" content=\"2018-11-08T23:55:25+00:00\" \/>\n<meta name=\"author\" content=\"Redacci\u00f3n QP\" \/>\n<meta name=\"twitter:card\" content=\"summary_large_image\" \/>\n<meta name=\"twitter:label1\" content=\"Escrito por\" \/>\n\t<meta name=\"twitter:data1\" content=\"Redacci\u00f3n QP\" \/>\n\t<meta name=\"twitter:label2\" content=\"Tiempo de lectura\" \/>\n\t<meta name=\"twitter:data2\" content=\"2 minutos\" \/>\n<script type=\"application\/ld+json\" class=\"yoast-schema-graph\">{\"@context\":\"https:\\\/\\\/schema.org\",\"@graph\":[{\"@type\":\"Article\",\"@id\":\"https:\\\/\\\/quehacerpolitico.mx\\\/?p=8774#article\",\"isPartOf\":{\"@id\":\"https:\\\/\\\/quehacerpolitico.mx\\\/?p=8774\"},\"author\":{\"name\":\"Redacci\u00f3n QP\",\"@id\":\"https:\\\/\\\/quehacerpolitico.mx\\\/#\\\/schema\\\/person\\\/496d8ad2d1d3f8036101dca7ee39e585\"},\"headline\":\"[VIDEO] IMSS se moderniza y esta mejor que nunca: Pe\u00f1a Nieto\",\"datePublished\":\"2018-11-08T23:55:25+00:00\",\"mainEntityOfPage\":{\"@id\":\"https:\\\/\\\/quehacerpolitico.mx\\\/?p=8774\"},\"wordCount\":397,\"commentCount\":0,\"image\":{\"@id\":\"https:\\\/\\\/quehacerpolitico.mx\\\/?p=8774#primaryimage\"},\"thumbnailUrl\":\"\",\"articleSection\":[\"Noticias\"],\"inLanguage\":\"es\",\"potentialAction\":[{\"@type\":\"CommentAction\",\"name\":\"Comment\",\"target\":[\"https:\\\/\\\/quehacerpolitico.mx\\\/?p=8774#respond\"]}]},{\"@type\":\"WebPage\",\"@id\":\"https:\\\/\\\/quehacerpolitico.mx\\\/?p=8774\",\"url\":\"https:\\\/\\\/quehacerpolitico.mx\\\/?p=8774\",\"name\":\"[VIDEO] IMSS se moderniza y esta mejor que nunca: Pe\u00f1a Nieto -\",\"isPartOf\":{\"@id\":\"https:\\\/\\\/quehacerpolitico.mx\\\/#website\"},\"primaryImageOfPage\":{\"@id\":\"https:\\\/\\\/quehacerpolitico.mx\\\/?p=8774#primaryimage\"},\"image\":{\"@id\":\"https:\\\/\\\/quehacerpolitico.mx\\\/?p=8774#primaryimage\"},\"thumbnailUrl\":\"\",\"datePublished\":\"2018-11-08T23:55:25+00:00\",\"author\":{\"@id\":\"https:\\\/\\\/quehacerpolitico.mx\\\/#\\\/schema\\\/person\\\/496d8ad2d1d3f8036101dca7ee39e585\"},\"breadcrumb\":{\"@id\":\"https:\\\/\\\/quehacerpolitico.mx\\\/?p=8774#breadcrumb\"},\"inLanguage\":\"es\",\"potentialAction\":[{\"@type\":\"ReadAction\",\"target\":[\"https:\\\/\\\/quehacerpolitico.mx\\\/?p=8774\"]}]},{\"@type\":\"ImageObject\",\"inLanguage\":\"es\",\"@id\":\"https:\\\/\\\/quehacerpolitico.mx\\\/?p=8774#primaryimage\",\"url\":\"\",\"contentUrl\":\"\"},{\"@type\":\"BreadcrumbList\",\"@id\":\"https:\\\/\\\/quehacerpolitico.mx\\\/?p=8774#breadcrumb\",\"itemListElement\":[{\"@type\":\"ListItem\",\"position\":1,\"name\":\"Inicio\",\"item\":\"https:\\\/\\\/quehacerpolitico.mx\\\/\"},{\"@type\":\"ListItem\",\"position\":2,\"name\":\"[VIDEO] IMSS se moderniza y esta mejor que nunca: Pe\u00f1a Nieto\"}]},{\"@type\":\"WebSite\",\"@id\":\"https:\\\/\\\/quehacerpolitico.mx\\\/#website\",\"url\":\"https:\\\/\\\/quehacerpolitico.mx\\\/\",\"name\":\"\",\"description\":\"\",\"potentialAction\":[{\"@type\":\"SearchAction\",\"target\":{\"@type\":\"EntryPoint\",\"urlTemplate\":\"https:\\\/\\\/quehacerpolitico.mx\\\/?s={search_term_string}\"},\"query-input\":{\"@type\":\"PropertyValueSpecification\",\"valueRequired\":true,\"valueName\":\"search_term_string\"}}],\"inLanguage\":\"es\"},{\"@type\":\"Person\",\"@id\":\"https:\\\/\\\/quehacerpolitico.mx\\\/#\\\/schema\\\/person\\\/496d8ad2d1d3f8036101dca7ee39e585\",\"name\":\"Redacci\u00f3n QP\",\"image\":{\"@type\":\"ImageObject\",\"inLanguage\":\"es\",\"@id\":\"https:\\\/\\\/secure.gravatar.com\\\/avatar\\\/c7164ed6fdec453195284ad24a5ae5b6e1eed2b848477fa2a4787ba9adf39a41?s=96&d=mm&r=g\",\"url\":\"https:\\\/\\\/secure.gravatar.com\\\/avatar\\\/c7164ed6fdec453195284ad24a5ae5b6e1eed2b848477fa2a4787ba9adf39a41?s=96&d=mm&r=g\",\"contentUrl\":\"https:\\\/\\\/secure.gravatar.com\\\/avatar\\\/c7164ed6fdec453195284ad24a5ae5b6e1eed2b848477fa2a4787ba9adf39a41?s=96&d=mm&r=g\",\"caption\":\"Redacci\u00f3n QP\"},\"url\":\"https:\\\/\\\/quehacerpolitico.mx\\\/?author=2\"}]}<\/script>\n<!-- \/ Yoast SEO plugin. -->","yoast_head_json":{"title":"[VIDEO] IMSS se moderniza y esta mejor que nunca: Pe\u00f1a Nieto -","robots":{"index":"index","follow":"follow","max-snippet":"max-snippet:-1","max-image-preview":"max-image-preview:large","max-video-preview":"max-video-preview:-1"},"canonical":"https:\/\/quehacerpolitico.mx\/?p=8774","og_locale":"es_MX","og_type":"article","og_title":"[VIDEO] IMSS se moderniza y esta mejor que nunca: Pe\u00f1a Nieto -","og_description":"[VIDEO] IMSS se moderniza y esta mejor que nunca: Pe\u00f1a Nieto Por Redacci\u00f3n QP","og_url":"https:\/\/quehacerpolitico.mx\/?p=8774","article_published_time":"2018-11-08T23:55:25+00:00","author":"Redacci\u00f3n QP","twitter_card":"summary_large_image","twitter_misc":{"Escrito por":"Redacci\u00f3n QP","Tiempo de lectura":"2 minutos"},"schema":{"@context":"https:\/\/schema.org","@graph":[{"@type":"Article","@id":"https:\/\/quehacerpolitico.mx\/?p=8774#article","isPartOf":{"@id":"https:\/\/quehacerpolitico.mx\/?p=8774"},"author":{"name":"Redacci\u00f3n QP","@id":"https:\/\/quehacerpolitico.mx\/#\/schema\/person\/496d8ad2d1d3f8036101dca7ee39e585"},"headline":"[VIDEO] IMSS se moderniza y esta mejor que nunca: Pe\u00f1a Nieto","datePublished":"2018-11-08T23:55:25+00:00","mainEntityOfPage":{"@id":"https:\/\/quehacerpolitico.mx\/?p=8774"},"wordCount":397,"commentCount":0,"image":{"@id":"https:\/\/quehacerpolitico.mx\/?p=8774#primaryimage"},"thumbnailUrl":"","articleSection":["Noticias"],"inLanguage":"es","potentialAction":[{"@type":"CommentAction","name":"Comment","target":["https:\/\/quehacerpolitico.mx\/?p=8774#respond"]}]},{"@type":"WebPage","@id":"https:\/\/quehacerpolitico.mx\/?p=8774","url":"https:\/\/quehacerpolitico.mx\/?p=8774","name":"[VIDEO] IMSS se moderniza y esta mejor que nunca: Pe\u00f1a Nieto -","isPartOf":{"@id":"https:\/\/quehacerpolitico.mx\/#website"},"primaryImageOfPage":{"@id":"https:\/\/quehacerpolitico.mx\/?p=8774#primaryimage"},"image":{"@id":"https:\/\/quehacerpolitico.mx\/?p=8774#primaryimage"},"thumbnailUrl":"","datePublished":"2018-11-08T23:55:25+00:00","author":{"@id":"https:\/\/quehacerpolitico.mx\/#\/schema\/person\/496d8ad2d1d3f8036101dca7ee39e585"},"breadcrumb":{"@id":"https:\/\/quehacerpolitico.mx\/?p=8774#breadcrumb"},"inLanguage":"es","potentialAction":[{"@type":"ReadAction","target":["https:\/\/quehacerpolitico.mx\/?p=8774"]}]},{"@type":"ImageObject","inLanguage":"es","@id":"https:\/\/quehacerpolitico.mx\/?p=8774#primaryimage","url":"","contentUrl":""},{"@type":"BreadcrumbList","@id":"https:\/\/quehacerpolitico.mx\/?p=8774#breadcrumb","itemListElement":[{"@type":"ListItem","position":1,"name":"Inicio","item":"https:\/\/quehacerpolitico.mx\/"},{"@type":"ListItem","position":2,"name":"[VIDEO] IMSS se moderniza y esta mejor que nunca: Pe\u00f1a Nieto"}]},{"@type":"WebSite","@id":"https:\/\/quehacerpolitico.mx\/#website","url":"https:\/\/quehacerpolitico.mx\/","name":"","description":"","potentialAction":[{"@type":"SearchAction","target":{"@type":"EntryPoint","urlTemplate":"https:\/\/quehacerpolitico.mx\/?s={search_term_string}"},"query-input":{"@type":"PropertyValueSpecification","valueRequired":true,"valueName":"search_term_string"}}],"inLanguage":"es"},{"@type":"Person","@id":"https:\/\/quehacerpolitico.mx\/#\/schema\/person\/496d8ad2d1d3f8036101dca7ee39e585","name":"Redacci\u00f3n QP","image":{"@type":"ImageObject","inLanguage":"es","@id":"https:\/\/secure.gravatar.com\/avatar\/c7164ed6fdec453195284ad24a5ae5b6e1eed2b848477fa2a4787ba9adf39a41?s=96&d=mm&r=g","url":"https:\/\/secure.gravatar.com\/avatar\/c7164ed6fdec453195284ad24a5ae5b6e1eed2b848477fa2a4787ba9adf39a41?s=96&d=mm&r=g","contentUrl":"https:\/\/secure.gravatar.com\/avatar\/c7164ed6fdec453195284ad24a5ae5b6e1eed2b848477fa2a4787ba9adf39a41?s=96&d=mm&r=g","caption":"Redacci\u00f3n QP"},"url":"https:\/\/quehacerpolitico.mx\/?author=2"}]}},"featured_image_urls":{"full":"","thumbnail":"","medium":"","medium_large":"","large":"","1536x1536":"","2048x2048":"","covernews-featured":"","covernews-medium":""},"author_info":{"display_name":"Redacci\u00f3n QP","author_link":"https:\/\/quehacerpolitico.mx\/?author=2"},"category_info":"<a href=\"https:\/\/quehacerpolitico.mx\/?cat=2\" rel=\"category\">Noticias<\/a>","tag_info":"Noticias","comment_count":"0","_links":{"self":[{"href":"https:\/\/quehacerpolitico.mx\/index.php?rest_route=\/wp\/v2\/posts\/8774","targetHints":{"allow":["GET"]}}],"collection":[{"href":"https:\/\/quehacerpolitico.mx\/index.php?rest_route=\/wp\/v2\/posts"}],"about":[{"href":"https:\/\/quehacerpolitico.mx\/index.php?rest_route=\/wp\/v2\/types\/post"}],"author":[{"embeddable":true,"href":"https:\/\/quehacerpolitico.mx\/index.php?rest_route=\/wp\/v2\/users\/2"}],"replies":[{"embeddable":true,"href":"https:\/\/quehacerpolitico.mx\/index.php?rest_route=%2Fwp%2Fv2%2Fcomments&post=8774"}],"version-history":[{"count":0,"href":"https:\/\/quehacerpolitico.mx\/index.php?rest_route=\/wp\/v2\/posts\/8774\/revisions"}],"wp:featuredmedia":[{"embeddable":true,"href":"https:\/\/quehacerpolitico.mx\/index.php?rest_route=\/"}],"wp:attachment":[{"href":"https:\/\/quehacerpolitico.mx\/index.php?rest_route=%2Fwp%2Fv2%2Fmedia&parent=8774"}],"wp:term":[{"taxonomy":"category","embeddable":true,"href":"https:\/\/quehacerpolitico.mx\/index.php?rest_route=%2Fwp%2Fv2%2Fcategories&post=8774"},{"taxonomy":"post_tag","embeddable":true,"href":"https:\/\/quehacerpolitico.mx\/index.php?rest_route=%2Fwp%2Fv2%2Ftags&post=8774"}],"curies":[{"name":"wp","href":"https:\/\/api.w.org\/{rel}","templated":true}]}}