{"id":87627,"date":"2021-12-24T21:26:45","date_gmt":"2021-12-24T21:26:45","guid":{"rendered":"https:\/\/quehacerpolitico.mx\/?p=87627"},"modified":"2021-12-24T21:26:48","modified_gmt":"2021-12-24T21:26:48","slug":"dobleces-israel-mendoza-perez-ambicion-disfrazada","status":"publish","type":"post","link":"https:\/\/quehacerpolitico.mx\/?p=87627","title":{"rendered":"Dobleces\/\/\/Israel Mendoza P\u00e9rez\/\/\/Ambici\u00f3n disfrazada"},"content":{"rendered":"\n<p>Por Israel Mendoza P\u00e9rez <\/p>\n\n\n\n<p>El zarandeo por la revocaci\u00f3n del mandato entre el INE y la cuatrot\u00e9 es el pretexto para llevar al \u201cpat\u00edbulo\u201d al consejero presidente del INE, Lorenzo C\u00f3rdoba Vianello y con ello trazar la ruta para la reforma pol\u00edtico-electoral. Dirigida, en especial, para el beneficio del partido en el poder. Pero no es la \u00fanica modificaci\u00f3n. Al mismo tiempo, la agenda legislativa de Morena tiene en el tintero la Reforma El\u00e9ctrica. El com\u00fan denominador es el beneficio pol\u00edtico-electoral para los morenistas en ambos casos.<\/p>\n\n\n\n<p>Para la cuatrot\u00e9 y los legisladores del partido en el poder, la el\u00e9ctrica es prioridad, la electoral es revanchismo. Aun as\u00ed, ambas reformas transitar\u00e1n entre la polarizaci\u00f3n y el conflicto. La renovaci\u00f3n es el argumento vano ya que la Reforma El\u00e9ctrica toca la delgada l\u00ednea del monopolio y estatismo. En tanto, la electoral se mueve hacia un organismo aut\u00f3nomo menos riguroso.<\/p>\n\n\n\n<p>La discusiones y agitaci\u00f3n llegar\u00e1n hasta el 1 de febrero. Mientras, inicia la tensi\u00f3n pol\u00edtica que se mantendr\u00e1 en el primer mes de 2022. Morena apuesta a que el incumplimiento de la revocaci\u00f3n de mandato les d\u00e9 los elementos suficientes para mostrar a un INE inoperante y enemigo de la democracia.<\/p>\n\n\n\n<p>Mientras, por debajo de la mesa comienzan a trabajar por llevar m\u00e1s r\u00e1pido la reforma el\u00e9ctrica.\u00a0En el siguiente periodo\u00a0de sesiones,\u00a0la oposici\u00f3n insistir\u00e1\u00a0en la creaci\u00f3n de un\u00a0Seguro de Desempleo\u00a0y lo que tiene que ver con el problema de desabasto de medicamentos en el sector\u00a0salud.\u00a0Sin embargo, la batalla por la agenda legislativa se alista y se aprovecha para mantener en choque a la oposici\u00f3n.<\/p>\n\n\n\n<figure class=\"wp-block-embed is-type-video is-provider-youtube wp-block-embed-youtube wp-embed-aspect-16-9 wp-has-aspect-ratio\"><div class=\"wp-block-embed__wrapper\">\n<iframe loading=\"lazy\" title=\"Alfredo del Mazo, gobernador del Estado de M\u00e9xico, estuvo en Palacio Nacional\" width=\"640\" height=\"360\" src=\"https:\/\/www.youtube.com\/embed\/L9znTrFX_Lk?feature=oembed\" frameborder=\"0\" allow=\"accelerometer; autoplay; clipboard-write; encrypted-media; gyroscope; picture-in-picture; web-share\" referrerpolicy=\"strict-origin-when-cross-origin\" allowfullscreen><\/iframe>\n<\/div><\/figure>\n\n\n\n<p>La estrategia de Morena est\u00e1 encaminada a\u00a0la pesca del\u00a0electorado cautivo\u00a0principalmente con el manejo de las dos reformas. Por un lado, el INE y la el\u00e9ctrica\u00a0son los componentes para mantener el discurso pol\u00edtico encaminado a ver a los partidos opositores y al \u00e1rbitro electoral como los enemigos. La oposici\u00f3n\u00a0ya avis\u00f3 que\u00a0le\u00a0cerrar\u00e1 el paso\u00a0a la el\u00e9ctrica.\u00a0El PAN\u00a0lo tiene claro y\u00a0la\u00a0Reforma El\u00e9ctrica\u00a0no es un tema que deber\u00e1 abordarse y que no va a pasar porque es un asunto negativo que no favorece a la ciudadan\u00eda y no genera energ\u00edas limpias.<\/p>\n\n\n\n<p>La agenda de Morena en San L\u00e1zaro llevada por Ignacio Mier, tiene el componente perverso de la provocaci\u00f3n y el juego pol\u00edtico adverso a manejar los temas de manera t\u00e9cnica. Una Reforma El\u00e9ctrica debe estar encaminada sobre las bases de lo que es una modificaci\u00f3n de corte econ\u00f3mico. Sin embargo, se cierra el debate a lo pol\u00edtico y a&nbsp;crear en el electorado creyente del morenismo que&nbsp;los enemigos de la cuatrot\u00e9 son los generadores de todos los males sociales. Lo mismo pasa con el impulso a una reforma electoral.<\/p>\n\n\n\n<p>El manejo del discurso de que Morena har\u00e1 frente a los que atentan contra la democracia, seg\u00fan Ignacio Mier, es el maquillaje y la m\u00e1scara de la cuatrot\u00e9. Detr\u00e1s de ello, est\u00e1 el discurso imp\u00fadico de la ambici\u00f3n pol\u00edtica.<\/p>\n","protected":false},"excerpt":{"rendered":"<p>Por Israel Mendoza P\u00e9rez El zarandeo por la revocaci\u00f3n del mandato entre el INE y&#8230;<\/p>\n","protected":false},"author":2,"featured_media":87628,"comment_status":"open","ping_status":"open","sticky":false,"template":"","format":"standard","meta":{"_monsterinsights_skip_tracking":false,"_monsterinsights_sitenote_active":false,"_monsterinsights_sitenote_note":"","_monsterinsights_sitenote_category":0,"footnotes":""},"categories":[2],"tags":[],"class_list":["post-87627","post","type-post","status-publish","format-standard","has-post-thumbnail","hentry","category-noticias"],"yoast_head":"<!-- This site is optimized with the Yoast SEO plugin v27.3 - https:\/\/yoast.com\/product\/yoast-seo-wordpress\/ -->\n<title>Dobleces\/\/\/Israel Mendoza P\u00e9rez\/\/\/Ambici\u00f3n disfrazada -<\/title>\n<meta name=\"robots\" content=\"index, follow, max-snippet:-1, max-image-preview:large, max-video-preview:-1\" \/>\n<link rel=\"canonical\" href=\"https:\/\/quehacerpolitico.mx\/?p=87627\" \/>\n<meta property=\"og:locale\" content=\"es_MX\" \/>\n<meta property=\"og:type\" content=\"article\" \/>\n<meta property=\"og:title\" content=\"Dobleces\/\/\/Israel Mendoza P\u00e9rez\/\/\/Ambici\u00f3n disfrazada -\" \/>\n<meta property=\"og:description\" content=\"Por Israel Mendoza P\u00e9rez El zarandeo por la revocaci\u00f3n del mandato entre el INE y...\" \/>\n<meta property=\"og:url\" content=\"https:\/\/quehacerpolitico.mx\/?p=87627\" \/>\n<meta property=\"article:published_time\" content=\"2021-12-24T21:26:45+00:00\" \/>\n<meta property=\"article:modified_time\" content=\"2021-12-24T21:26:48+00:00\" \/>\n<meta property=\"og:image\" content=\"https:\/\/quehacerpolitico.mx\/wp-content\/uploads\/2021\/12\/6D0A66D5-FC9E-4DE7-B8AD-053E92382437.jpeg\" \/>\n\t<meta property=\"og:image:width\" content=\"1536\" \/>\n\t<meta property=\"og:image:height\" content=\"1023\" \/>\n\t<meta property=\"og:image:type\" content=\"image\/jpeg\" \/>\n<meta name=\"author\" content=\"Redacci\u00f3n QP\" \/>\n<meta name=\"twitter:card\" content=\"summary_large_image\" \/>\n<meta name=\"twitter:label1\" content=\"Escrito por\" \/>\n\t<meta name=\"twitter:data1\" content=\"Redacci\u00f3n QP\" \/>\n\t<meta name=\"twitter:label2\" content=\"Tiempo de lectura\" \/>\n\t<meta name=\"twitter:data2\" content=\"3 minutos\" \/>\n<script type=\"application\/ld+json\" class=\"yoast-schema-graph\">{\"@context\":\"https:\\\/\\\/schema.org\",\"@graph\":[{\"@type\":\"Article\",\"@id\":\"https:\\\/\\\/quehacerpolitico.mx\\\/?p=87627#article\",\"isPartOf\":{\"@id\":\"https:\\\/\\\/quehacerpolitico.mx\\\/?p=87627\"},\"author\":{\"name\":\"Redacci\u00f3n QP\",\"@id\":\"https:\\\/\\\/quehacerpolitico.mx\\\/#\\\/schema\\\/person\\\/496d8ad2d1d3f8036101dca7ee39e585\"},\"headline\":\"Dobleces\\\/\\\/\\\/Israel Mendoza P\u00e9rez\\\/\\\/\\\/Ambici\u00f3n disfrazada\",\"datePublished\":\"2021-12-24T21:26:45+00:00\",\"dateModified\":\"2021-12-24T21:26:48+00:00\",\"mainEntityOfPage\":{\"@id\":\"https:\\\/\\\/quehacerpolitico.mx\\\/?p=87627\"},\"wordCount\":560,\"commentCount\":0,\"image\":{\"@id\":\"https:\\\/\\\/quehacerpolitico.mx\\\/?p=87627#primaryimage\"},\"thumbnailUrl\":\"https:\\\/\\\/quehacerpolitico.mx\\\/wp-content\\\/uploads\\\/2021\\\/12\\\/6D0A66D5-FC9E-4DE7-B8AD-053E92382437.jpeg\",\"articleSection\":[\"Noticias\"],\"inLanguage\":\"es\",\"potentialAction\":[{\"@type\":\"CommentAction\",\"name\":\"Comment\",\"target\":[\"https:\\\/\\\/quehacerpolitico.mx\\\/?p=87627#respond\"]}]},{\"@type\":\"WebPage\",\"@id\":\"https:\\\/\\\/quehacerpolitico.mx\\\/?p=87627\",\"url\":\"https:\\\/\\\/quehacerpolitico.mx\\\/?p=87627\",\"name\":\"Dobleces\\\/\\\/\\\/Israel Mendoza P\u00e9rez\\\/\\\/\\\/Ambici\u00f3n disfrazada -\",\"isPartOf\":{\"@id\":\"https:\\\/\\\/quehacerpolitico.mx\\\/#website\"},\"primaryImageOfPage\":{\"@id\":\"https:\\\/\\\/quehacerpolitico.mx\\\/?p=87627#primaryimage\"},\"image\":{\"@id\":\"https:\\\/\\\/quehacerpolitico.mx\\\/?p=87627#primaryimage\"},\"thumbnailUrl\":\"https:\\\/\\\/quehacerpolitico.mx\\\/wp-content\\\/uploads\\\/2021\\\/12\\\/6D0A66D5-FC9E-4DE7-B8AD-053E92382437.jpeg\",\"datePublished\":\"2021-12-24T21:26:45+00:00\",\"dateModified\":\"2021-12-24T21:26:48+00:00\",\"author\":{\"@id\":\"https:\\\/\\\/quehacerpolitico.mx\\\/#\\\/schema\\\/person\\\/496d8ad2d1d3f8036101dca7ee39e585\"},\"breadcrumb\":{\"@id\":\"https:\\\/\\\/quehacerpolitico.mx\\\/?p=87627#breadcrumb\"},\"inLanguage\":\"es\",\"potentialAction\":[{\"@type\":\"ReadAction\",\"target\":[\"https:\\\/\\\/quehacerpolitico.mx\\\/?p=87627\"]}]},{\"@type\":\"ImageObject\",\"inLanguage\":\"es\",\"@id\":\"https:\\\/\\\/quehacerpolitico.mx\\\/?p=87627#primaryimage\",\"url\":\"https:\\\/\\\/quehacerpolitico.mx\\\/wp-content\\\/uploads\\\/2021\\\/12\\\/6D0A66D5-FC9E-4DE7-B8AD-053E92382437.jpeg\",\"contentUrl\":\"https:\\\/\\\/quehacerpolitico.mx\\\/wp-content\\\/uploads\\\/2021\\\/12\\\/6D0A66D5-FC9E-4DE7-B8AD-053E92382437.jpeg\",\"width\":1536,\"height\":1023},{\"@type\":\"BreadcrumbList\",\"@id\":\"https:\\\/\\\/quehacerpolitico.mx\\\/?p=87627#breadcrumb\",\"itemListElement\":[{\"@type\":\"ListItem\",\"position\":1,\"name\":\"Inicio\",\"item\":\"https:\\\/\\\/quehacerpolitico.mx\\\/\"},{\"@type\":\"ListItem\",\"position\":2,\"name\":\"Dobleces\\\/\\\/\\\/Israel Mendoza P\u00e9rez\\\/\\\/\\\/Ambici\u00f3n disfrazada\"}]},{\"@type\":\"WebSite\",\"@id\":\"https:\\\/\\\/quehacerpolitico.mx\\\/#website\",\"url\":\"https:\\\/\\\/quehacerpolitico.mx\\\/\",\"name\":\"\",\"description\":\"\",\"potentialAction\":[{\"@type\":\"SearchAction\",\"target\":{\"@type\":\"EntryPoint\",\"urlTemplate\":\"https:\\\/\\\/quehacerpolitico.mx\\\/?s={search_term_string}\"},\"query-input\":{\"@type\":\"PropertyValueSpecification\",\"valueRequired\":true,\"valueName\":\"search_term_string\"}}],\"inLanguage\":\"es\"},{\"@type\":\"Person\",\"@id\":\"https:\\\/\\\/quehacerpolitico.mx\\\/#\\\/schema\\\/person\\\/496d8ad2d1d3f8036101dca7ee39e585\",\"name\":\"Redacci\u00f3n QP\",\"image\":{\"@type\":\"ImageObject\",\"inLanguage\":\"es\",\"@id\":\"https:\\\/\\\/secure.gravatar.com\\\/avatar\\\/c7164ed6fdec453195284ad24a5ae5b6e1eed2b848477fa2a4787ba9adf39a41?s=96&d=mm&r=g\",\"url\":\"https:\\\/\\\/secure.gravatar.com\\\/avatar\\\/c7164ed6fdec453195284ad24a5ae5b6e1eed2b848477fa2a4787ba9adf39a41?s=96&d=mm&r=g\",\"contentUrl\":\"https:\\\/\\\/secure.gravatar.com\\\/avatar\\\/c7164ed6fdec453195284ad24a5ae5b6e1eed2b848477fa2a4787ba9adf39a41?s=96&d=mm&r=g\",\"caption\":\"Redacci\u00f3n QP\"},\"url\":\"https:\\\/\\\/quehacerpolitico.mx\\\/?author=2\"}]}<\/script>\n<!-- \/ Yoast SEO plugin. -->","yoast_head_json":{"title":"Dobleces\/\/\/Israel Mendoza P\u00e9rez\/\/\/Ambici\u00f3n disfrazada -","robots":{"index":"index","follow":"follow","max-snippet":"max-snippet:-1","max-image-preview":"max-image-preview:large","max-video-preview":"max-video-preview:-1"},"canonical":"https:\/\/quehacerpolitico.mx\/?p=87627","og_locale":"es_MX","og_type":"article","og_title":"Dobleces\/\/\/Israel Mendoza P\u00e9rez\/\/\/Ambici\u00f3n disfrazada -","og_description":"Por Israel Mendoza P\u00e9rez El zarandeo por la revocaci\u00f3n del mandato entre el INE y...","og_url":"https:\/\/quehacerpolitico.mx\/?p=87627","article_published_time":"2021-12-24T21:26:45+00:00","article_modified_time":"2021-12-24T21:26:48+00:00","og_image":[{"width":1536,"height":1023,"url":"https:\/\/quehacerpolitico.mx\/wp-content\/uploads\/2021\/12\/6D0A66D5-FC9E-4DE7-B8AD-053E92382437.jpeg","type":"image\/jpeg"}],"author":"Redacci\u00f3n QP","twitter_card":"summary_large_image","twitter_misc":{"Escrito por":"Redacci\u00f3n QP","Tiempo de lectura":"3 minutos"},"schema":{"@context":"https:\/\/schema.org","@graph":[{"@type":"Article","@id":"https:\/\/quehacerpolitico.mx\/?p=87627#article","isPartOf":{"@id":"https:\/\/quehacerpolitico.mx\/?p=87627"},"author":{"name":"Redacci\u00f3n QP","@id":"https:\/\/quehacerpolitico.mx\/#\/schema\/person\/496d8ad2d1d3f8036101dca7ee39e585"},"headline":"Dobleces\/\/\/Israel Mendoza P\u00e9rez\/\/\/Ambici\u00f3n disfrazada","datePublished":"2021-12-24T21:26:45+00:00","dateModified":"2021-12-24T21:26:48+00:00","mainEntityOfPage":{"@id":"https:\/\/quehacerpolitico.mx\/?p=87627"},"wordCount":560,"commentCount":0,"image":{"@id":"https:\/\/quehacerpolitico.mx\/?p=87627#primaryimage"},"thumbnailUrl":"https:\/\/quehacerpolitico.mx\/wp-content\/uploads\/2021\/12\/6D0A66D5-FC9E-4DE7-B8AD-053E92382437.jpeg","articleSection":["Noticias"],"inLanguage":"es","potentialAction":[{"@type":"CommentAction","name":"Comment","target":["https:\/\/quehacerpolitico.mx\/?p=87627#respond"]}]},{"@type":"WebPage","@id":"https:\/\/quehacerpolitico.mx\/?p=87627","url":"https:\/\/quehacerpolitico.mx\/?p=87627","name":"Dobleces\/\/\/Israel Mendoza P\u00e9rez\/\/\/Ambici\u00f3n disfrazada -","isPartOf":{"@id":"https:\/\/quehacerpolitico.mx\/#website"},"primaryImageOfPage":{"@id":"https:\/\/quehacerpolitico.mx\/?p=87627#primaryimage"},"image":{"@id":"https:\/\/quehacerpolitico.mx\/?p=87627#primaryimage"},"thumbnailUrl":"https:\/\/quehacerpolitico.mx\/wp-content\/uploads\/2021\/12\/6D0A66D5-FC9E-4DE7-B8AD-053E92382437.jpeg","datePublished":"2021-12-24T21:26:45+00:00","dateModified":"2021-12-24T21:26:48+00:00","author":{"@id":"https:\/\/quehacerpolitico.mx\/#\/schema\/person\/496d8ad2d1d3f8036101dca7ee39e585"},"breadcrumb":{"@id":"https:\/\/quehacerpolitico.mx\/?p=87627#breadcrumb"},"inLanguage":"es","potentialAction":[{"@type":"ReadAction","target":["https:\/\/quehacerpolitico.mx\/?p=87627"]}]},{"@type":"ImageObject","inLanguage":"es","@id":"https:\/\/quehacerpolitico.mx\/?p=87627#primaryimage","url":"https:\/\/quehacerpolitico.mx\/wp-content\/uploads\/2021\/12\/6D0A66D5-FC9E-4DE7-B8AD-053E92382437.jpeg","contentUrl":"https:\/\/quehacerpolitico.mx\/wp-content\/uploads\/2021\/12\/6D0A66D5-FC9E-4DE7-B8AD-053E92382437.jpeg","width":1536,"height":1023},{"@type":"BreadcrumbList","@id":"https:\/\/quehacerpolitico.mx\/?p=87627#breadcrumb","itemListElement":[{"@type":"ListItem","position":1,"name":"Inicio","item":"https:\/\/quehacerpolitico.mx\/"},{"@type":"ListItem","position":2,"name":"Dobleces\/\/\/Israel Mendoza P\u00e9rez\/\/\/Ambici\u00f3n disfrazada"}]},{"@type":"WebSite","@id":"https:\/\/quehacerpolitico.mx\/#website","url":"https:\/\/quehacerpolitico.mx\/","name":"","description":"","potentialAction":[{"@type":"SearchAction","target":{"@type":"EntryPoint","urlTemplate":"https:\/\/quehacerpolitico.mx\/?s={search_term_string}"},"query-input":{"@type":"PropertyValueSpecification","valueRequired":true,"valueName":"search_term_string"}}],"inLanguage":"es"},{"@type":"Person","@id":"https:\/\/quehacerpolitico.mx\/#\/schema\/person\/496d8ad2d1d3f8036101dca7ee39e585","name":"Redacci\u00f3n QP","image":{"@type":"ImageObject","inLanguage":"es","@id":"https:\/\/secure.gravatar.com\/avatar\/c7164ed6fdec453195284ad24a5ae5b6e1eed2b848477fa2a4787ba9adf39a41?s=96&d=mm&r=g","url":"https:\/\/secure.gravatar.com\/avatar\/c7164ed6fdec453195284ad24a5ae5b6e1eed2b848477fa2a4787ba9adf39a41?s=96&d=mm&r=g","contentUrl":"https:\/\/secure.gravatar.com\/avatar\/c7164ed6fdec453195284ad24a5ae5b6e1eed2b848477fa2a4787ba9adf39a41?s=96&d=mm&r=g","caption":"Redacci\u00f3n QP"},"url":"https:\/\/quehacerpolitico.mx\/?author=2"}]}},"featured_image_urls":{"full":["https:\/\/quehacerpolitico.mx\/wp-content\/uploads\/2021\/12\/6D0A66D5-FC9E-4DE7-B8AD-053E92382437.jpeg",1536,1023,false],"thumbnail":["https:\/\/quehacerpolitico.mx\/wp-content\/uploads\/2021\/12\/6D0A66D5-FC9E-4DE7-B8AD-053E92382437-150x150.jpeg",150,150,true],"medium":["https:\/\/quehacerpolitico.mx\/wp-content\/uploads\/2021\/12\/6D0A66D5-FC9E-4DE7-B8AD-053E92382437-300x200.jpeg",300,200,true],"medium_large":["https:\/\/quehacerpolitico.mx\/wp-content\/uploads\/2021\/12\/6D0A66D5-FC9E-4DE7-B8AD-053E92382437-768x512.jpeg",640,427,true],"large":["https:\/\/quehacerpolitico.mx\/wp-content\/uploads\/2021\/12\/6D0A66D5-FC9E-4DE7-B8AD-053E92382437-1024x682.jpeg",640,426,true],"1536x1536":["https:\/\/quehacerpolitico.mx\/wp-content\/uploads\/2021\/12\/6D0A66D5-FC9E-4DE7-B8AD-053E92382437.jpeg",1536,1023,false],"2048x2048":["https:\/\/quehacerpolitico.mx\/wp-content\/uploads\/2021\/12\/6D0A66D5-FC9E-4DE7-B8AD-053E92382437.jpeg",1536,1023,false],"covernews-featured":["https:\/\/quehacerpolitico.mx\/wp-content\/uploads\/2021\/12\/6D0A66D5-FC9E-4DE7-B8AD-053E92382437.jpeg",1024,682,false],"covernews-medium":["https:\/\/quehacerpolitico.mx\/wp-content\/uploads\/2021\/12\/6D0A66D5-FC9E-4DE7-B8AD-053E92382437.jpeg",510,340,false]},"author_info":{"display_name":"Redacci\u00f3n QP","author_link":"https:\/\/quehacerpolitico.mx\/?author=2"},"category_info":"<a href=\"https:\/\/quehacerpolitico.mx\/?cat=2\" rel=\"category\">Noticias<\/a>","tag_info":"Noticias","comment_count":"0","_links":{"self":[{"href":"https:\/\/quehacerpolitico.mx\/index.php?rest_route=\/wp\/v2\/posts\/87627","targetHints":{"allow":["GET"]}}],"collection":[{"href":"https:\/\/quehacerpolitico.mx\/index.php?rest_route=\/wp\/v2\/posts"}],"about":[{"href":"https:\/\/quehacerpolitico.mx\/index.php?rest_route=\/wp\/v2\/types\/post"}],"author":[{"embeddable":true,"href":"https:\/\/quehacerpolitico.mx\/index.php?rest_route=\/wp\/v2\/users\/2"}],"replies":[{"embeddable":true,"href":"https:\/\/quehacerpolitico.mx\/index.php?rest_route=%2Fwp%2Fv2%2Fcomments&post=87627"}],"version-history":[{"count":1,"href":"https:\/\/quehacerpolitico.mx\/index.php?rest_route=\/wp\/v2\/posts\/87627\/revisions"}],"predecessor-version":[{"id":87629,"href":"https:\/\/quehacerpolitico.mx\/index.php?rest_route=\/wp\/v2\/posts\/87627\/revisions\/87629"}],"wp:featuredmedia":[{"embeddable":true,"href":"https:\/\/quehacerpolitico.mx\/index.php?rest_route=\/wp\/v2\/media\/87628"}],"wp:attachment":[{"href":"https:\/\/quehacerpolitico.mx\/index.php?rest_route=%2Fwp%2Fv2%2Fmedia&parent=87627"}],"wp:term":[{"taxonomy":"category","embeddable":true,"href":"https:\/\/quehacerpolitico.mx\/index.php?rest_route=%2Fwp%2Fv2%2Fcategories&post=87627"},{"taxonomy":"post_tag","embeddable":true,"href":"https:\/\/quehacerpolitico.mx\/index.php?rest_route=%2Fwp%2Fv2%2Ftags&post=87627"}],"curies":[{"name":"wp","href":"https:\/\/api.w.org\/{rel}","templated":true}]}}