{"id":87603,"date":"2021-12-24T18:52:46","date_gmt":"2021-12-24T18:52:46","guid":{"rendered":"https:\/\/quehacerpolitico.mx\/?p=87603"},"modified":"2021-12-24T18:52:49","modified_gmt":"2021-12-24T18:52:49","slug":"internacionales-carolina-alonso-romei-eeuu-levantara-restricciones-de-viaje-que-impuso-a-ocho-paises-de-africa-por-omicron","status":"publish","type":"post","link":"https:\/\/quehacerpolitico.mx\/?p=87603","title":{"rendered":"Internacionales\/\/\/Carolina Alonso Romei\/\/\/EEUU levantar\u00e1 restricciones de viaje que impuso a ocho pa\u00edses de \u00c1frica por \u00f3micron"},"content":{"rendered":"\n<p>Por Carolina Alonso Romei <\/p>\n\n\n\n<p>Internacionalista <\/p>\n\n\n\n<p>Las restriccioones a viajeros procedentes de alguno de los ocho pa\u00edses de \u00c1frica terminar\u00e1n el 31 de diciembre de 2021<\/p>\n\n\n\n<ul class=\"wp-block-list\"><li>Estados Unidos impuso restricciones a viajeros de Sud\u00e1frica, Mozambique, Namibia, Zimbabue, Botsuana, Lesoto, Malawi y Esuatini, por el surgimiento de \u00f3micron, la variante de covid<\/li><\/ul>\n\n\n\n<p><strong>Estados Unidos (EEUU)<\/strong>\u00a0levantar\u00e1 el 31 de diciembre de 2021 las\u00a0<strong>restricciones<\/strong>\u00a0que\u00a0<strong>impuso<\/strong>\u00a0a los viajeros procedentes de\u00a0<strong>Sud\u00e1frica<\/strong>\u00a0y otros siete pa\u00edses del Sur de\u00a0Africa,\u00a0tras la aparici\u00f3n de la variante\u00a0omicron del\u00a0covid,\u00a0anunci\u00f3 la Casa Blanca.<\/p>\n\n\n\n<p>Uno de los portavoces de la Casa Blanca, Kevin Mu\u00f1oz, dijo en Twitter que el presidente estadounidense, Joe Biden, hab\u00eda tomado esa decisi\u00f3n siguiendo las recomendaciones de los Centros para el Control y la Prevenci\u00f3n de Enfermedades (CDC, por sus siglas en ingl\u00e9s), una de las m\u00e1ximas autoridades en salud p\u00fablica de\u00a0<strong>EEUU.<\/strong><\/p>\n\n\n\n<p><em>\u201cLas restricciones nos dieron tiempo para entender omicr\u00f3n y sabemos que nuestras vacunas funcionan contra omicr\u00f3n, especialmente las dosis de refuerzo\u201d, a\u00f1adi\u00f3 Mu\u00f1oz.<\/em><\/p>\n\n\n\n<p>Las restricciones afectaban, adem\u00e1s de&nbsp;<strong>Sud\u00e1frica,<\/strong>&nbsp;a&nbsp;<strong>Mozambique, Namibia, Zimbabue, Botsuana, Lesoto, Malawi<\/strong>&nbsp;y&nbsp;<strong>Esuatini.<\/strong><\/p>\n\n\n\n<p>Esas restricciones afectaban a los viajeros que durante los \u00faltimos 14 d\u00edas hubieran estado en esas naciones.<\/p>\n\n\n\n<p>No impactaron, sin embargo, en los ciudadanos estadounidenses o residentes permanentes legales de\u00a0<strong>EEUU<\/strong>\u00a0que se encontraban en esos pa\u00edses, aunque el Gobierno s\u00ed les exigi\u00f3 presentar un test de\u00a0<strong>covid<\/strong>\u00a0negativo antes de volar a territorio estadounidense.<\/p>\n\n\n\n<p><em>Con informaci\u00f3n de EFE.<\/em><\/p>\n","protected":false},"excerpt":{"rendered":"<p>Por Carolina Alonso Romei Internacionalista Las restriccioones a viajeros procedentes de alguno de los ocho&#8230;<\/p>\n","protected":false},"author":2,"featured_media":87604,"comment_status":"open","ping_status":"open","sticky":false,"template":"","format":"standard","meta":{"_monsterinsights_skip_tracking":false,"_monsterinsights_sitenote_active":false,"_monsterinsights_sitenote_note":"","_monsterinsights_sitenote_category":0,"footnotes":""},"categories":[1],"tags":[],"class_list":["post-87603","post","type-post","status-publish","format-standard","has-post-thumbnail","hentry","category-sin-categoria"],"yoast_head":"<!-- This site is optimized with the Yoast SEO plugin v27.3 - https:\/\/yoast.com\/product\/yoast-seo-wordpress\/ -->\n<title>Internacionales\/\/\/Carolina Alonso Romei\/\/\/EEUU levantar\u00e1 restricciones de viaje que impuso a ocho pa\u00edses de \u00c1frica por \u00f3micron -<\/title>\n<meta name=\"robots\" content=\"index, follow, max-snippet:-1, max-image-preview:large, max-video-preview:-1\" \/>\n<link rel=\"canonical\" href=\"https:\/\/quehacerpolitico.mx\/?p=87603\" \/>\n<meta property=\"og:locale\" content=\"es_MX\" \/>\n<meta property=\"og:type\" content=\"article\" \/>\n<meta property=\"og:title\" content=\"Internacionales\/\/\/Carolina Alonso Romei\/\/\/EEUU levantar\u00e1 restricciones de viaje que impuso a ocho pa\u00edses de \u00c1frica por \u00f3micron -\" \/>\n<meta property=\"og:description\" content=\"Por Carolina Alonso Romei Internacionalista Las restriccioones a viajeros procedentes de alguno de los ocho...\" \/>\n<meta property=\"og:url\" content=\"https:\/\/quehacerpolitico.mx\/?p=87603\" \/>\n<meta property=\"article:published_time\" content=\"2021-12-24T18:52:46+00:00\" \/>\n<meta property=\"article:modified_time\" content=\"2021-12-24T18:52:49+00:00\" \/>\n<meta property=\"og:image\" content=\"https:\/\/quehacerpolitico.mx\/wp-content\/uploads\/2021\/12\/9AE9485D-6322-43D7-BF2F-A2AA94834CBE.jpeg\" \/>\n\t<meta property=\"og:image:width\" content=\"554\" \/>\n\t<meta property=\"og:image:height\" content=\"554\" \/>\n\t<meta property=\"og:image:type\" content=\"image\/jpeg\" \/>\n<meta name=\"author\" content=\"Redacci\u00f3n QP\" \/>\n<meta name=\"twitter:card\" content=\"summary_large_image\" \/>\n<meta name=\"twitter:label1\" content=\"Escrito por\" \/>\n\t<meta name=\"twitter:data1\" content=\"Redacci\u00f3n QP\" \/>\n\t<meta name=\"twitter:label2\" content=\"Tiempo de lectura\" \/>\n\t<meta name=\"twitter:data2\" content=\"1 minuto\" \/>\n<script type=\"application\/ld+json\" class=\"yoast-schema-graph\">{\"@context\":\"https:\\\/\\\/schema.org\",\"@graph\":[{\"@type\":\"Article\",\"@id\":\"https:\\\/\\\/quehacerpolitico.mx\\\/?p=87603#article\",\"isPartOf\":{\"@id\":\"https:\\\/\\\/quehacerpolitico.mx\\\/?p=87603\"},\"author\":{\"name\":\"Redacci\u00f3n QP\",\"@id\":\"https:\\\/\\\/quehacerpolitico.mx\\\/#\\\/schema\\\/person\\\/496d8ad2d1d3f8036101dca7ee39e585\"},\"headline\":\"Internacionales\\\/\\\/\\\/Carolina Alonso Romei\\\/\\\/\\\/EEUU levantar\u00e1 restricciones de viaje que impuso a ocho pa\u00edses de \u00c1frica por \u00f3micron\",\"datePublished\":\"2021-12-24T18:52:46+00:00\",\"dateModified\":\"2021-12-24T18:52:49+00:00\",\"mainEntityOfPage\":{\"@id\":\"https:\\\/\\\/quehacerpolitico.mx\\\/?p=87603\"},\"wordCount\":282,\"commentCount\":0,\"image\":{\"@id\":\"https:\\\/\\\/quehacerpolitico.mx\\\/?p=87603#primaryimage\"},\"thumbnailUrl\":\"https:\\\/\\\/quehacerpolitico.mx\\\/wp-content\\\/uploads\\\/2021\\\/12\\\/9AE9485D-6322-43D7-BF2F-A2AA94834CBE.jpeg\",\"articleSection\":[\"Internacionales\"],\"inLanguage\":\"es\",\"potentialAction\":[{\"@type\":\"CommentAction\",\"name\":\"Comment\",\"target\":[\"https:\\\/\\\/quehacerpolitico.mx\\\/?p=87603#respond\"]}]},{\"@type\":\"WebPage\",\"@id\":\"https:\\\/\\\/quehacerpolitico.mx\\\/?p=87603\",\"url\":\"https:\\\/\\\/quehacerpolitico.mx\\\/?p=87603\",\"name\":\"Internacionales\\\/\\\/\\\/Carolina Alonso Romei\\\/\\\/\\\/EEUU levantar\u00e1 restricciones de viaje que impuso a ocho pa\u00edses de \u00c1frica por \u00f3micron -\",\"isPartOf\":{\"@id\":\"https:\\\/\\\/quehacerpolitico.mx\\\/#website\"},\"primaryImageOfPage\":{\"@id\":\"https:\\\/\\\/quehacerpolitico.mx\\\/?p=87603#primaryimage\"},\"image\":{\"@id\":\"https:\\\/\\\/quehacerpolitico.mx\\\/?p=87603#primaryimage\"},\"thumbnailUrl\":\"https:\\\/\\\/quehacerpolitico.mx\\\/wp-content\\\/uploads\\\/2021\\\/12\\\/9AE9485D-6322-43D7-BF2F-A2AA94834CBE.jpeg\",\"datePublished\":\"2021-12-24T18:52:46+00:00\",\"dateModified\":\"2021-12-24T18:52:49+00:00\",\"author\":{\"@id\":\"https:\\\/\\\/quehacerpolitico.mx\\\/#\\\/schema\\\/person\\\/496d8ad2d1d3f8036101dca7ee39e585\"},\"breadcrumb\":{\"@id\":\"https:\\\/\\\/quehacerpolitico.mx\\\/?p=87603#breadcrumb\"},\"inLanguage\":\"es\",\"potentialAction\":[{\"@type\":\"ReadAction\",\"target\":[\"https:\\\/\\\/quehacerpolitico.mx\\\/?p=87603\"]}]},{\"@type\":\"ImageObject\",\"inLanguage\":\"es\",\"@id\":\"https:\\\/\\\/quehacerpolitico.mx\\\/?p=87603#primaryimage\",\"url\":\"https:\\\/\\\/quehacerpolitico.mx\\\/wp-content\\\/uploads\\\/2021\\\/12\\\/9AE9485D-6322-43D7-BF2F-A2AA94834CBE.jpeg\",\"contentUrl\":\"https:\\\/\\\/quehacerpolitico.mx\\\/wp-content\\\/uploads\\\/2021\\\/12\\\/9AE9485D-6322-43D7-BF2F-A2AA94834CBE.jpeg\",\"width\":554,\"height\":554},{\"@type\":\"BreadcrumbList\",\"@id\":\"https:\\\/\\\/quehacerpolitico.mx\\\/?p=87603#breadcrumb\",\"itemListElement\":[{\"@type\":\"ListItem\",\"position\":1,\"name\":\"Inicio\",\"item\":\"https:\\\/\\\/quehacerpolitico.mx\\\/\"},{\"@type\":\"ListItem\",\"position\":2,\"name\":\"Internacionales\\\/\\\/\\\/Carolina Alonso Romei\\\/\\\/\\\/EEUU levantar\u00e1 restricciones de viaje que impuso a ocho pa\u00edses de \u00c1frica por \u00f3micron\"}]},{\"@type\":\"WebSite\",\"@id\":\"https:\\\/\\\/quehacerpolitico.mx\\\/#website\",\"url\":\"https:\\\/\\\/quehacerpolitico.mx\\\/\",\"name\":\"\",\"description\":\"\",\"potentialAction\":[{\"@type\":\"SearchAction\",\"target\":{\"@type\":\"EntryPoint\",\"urlTemplate\":\"https:\\\/\\\/quehacerpolitico.mx\\\/?s={search_term_string}\"},\"query-input\":{\"@type\":\"PropertyValueSpecification\",\"valueRequired\":true,\"valueName\":\"search_term_string\"}}],\"inLanguage\":\"es\"},{\"@type\":\"Person\",\"@id\":\"https:\\\/\\\/quehacerpolitico.mx\\\/#\\\/schema\\\/person\\\/496d8ad2d1d3f8036101dca7ee39e585\",\"name\":\"Redacci\u00f3n QP\",\"image\":{\"@type\":\"ImageObject\",\"inLanguage\":\"es\",\"@id\":\"https:\\\/\\\/secure.gravatar.com\\\/avatar\\\/c7164ed6fdec453195284ad24a5ae5b6e1eed2b848477fa2a4787ba9adf39a41?s=96&d=mm&r=g\",\"url\":\"https:\\\/\\\/secure.gravatar.com\\\/avatar\\\/c7164ed6fdec453195284ad24a5ae5b6e1eed2b848477fa2a4787ba9adf39a41?s=96&d=mm&r=g\",\"contentUrl\":\"https:\\\/\\\/secure.gravatar.com\\\/avatar\\\/c7164ed6fdec453195284ad24a5ae5b6e1eed2b848477fa2a4787ba9adf39a41?s=96&d=mm&r=g\",\"caption\":\"Redacci\u00f3n QP\"},\"url\":\"https:\\\/\\\/quehacerpolitico.mx\\\/?author=2\"}]}<\/script>\n<!-- \/ Yoast SEO plugin. -->","yoast_head_json":{"title":"Internacionales\/\/\/Carolina Alonso Romei\/\/\/EEUU levantar\u00e1 restricciones de viaje que impuso a ocho pa\u00edses de \u00c1frica por \u00f3micron -","robots":{"index":"index","follow":"follow","max-snippet":"max-snippet:-1","max-image-preview":"max-image-preview:large","max-video-preview":"max-video-preview:-1"},"canonical":"https:\/\/quehacerpolitico.mx\/?p=87603","og_locale":"es_MX","og_type":"article","og_title":"Internacionales\/\/\/Carolina Alonso Romei\/\/\/EEUU levantar\u00e1 restricciones de viaje que impuso a ocho pa\u00edses de \u00c1frica por \u00f3micron -","og_description":"Por Carolina Alonso Romei Internacionalista Las restriccioones a viajeros procedentes de alguno de los ocho...","og_url":"https:\/\/quehacerpolitico.mx\/?p=87603","article_published_time":"2021-12-24T18:52:46+00:00","article_modified_time":"2021-12-24T18:52:49+00:00","og_image":[{"width":554,"height":554,"url":"https:\/\/quehacerpolitico.mx\/wp-content\/uploads\/2021\/12\/9AE9485D-6322-43D7-BF2F-A2AA94834CBE.jpeg","type":"image\/jpeg"}],"author":"Redacci\u00f3n QP","twitter_card":"summary_large_image","twitter_misc":{"Escrito por":"Redacci\u00f3n QP","Tiempo de lectura":"1 minuto"},"schema":{"@context":"https:\/\/schema.org","@graph":[{"@type":"Article","@id":"https:\/\/quehacerpolitico.mx\/?p=87603#article","isPartOf":{"@id":"https:\/\/quehacerpolitico.mx\/?p=87603"},"author":{"name":"Redacci\u00f3n QP","@id":"https:\/\/quehacerpolitico.mx\/#\/schema\/person\/496d8ad2d1d3f8036101dca7ee39e585"},"headline":"Internacionales\/\/\/Carolina Alonso Romei\/\/\/EEUU levantar\u00e1 restricciones de viaje que impuso a ocho pa\u00edses de \u00c1frica por \u00f3micron","datePublished":"2021-12-24T18:52:46+00:00","dateModified":"2021-12-24T18:52:49+00:00","mainEntityOfPage":{"@id":"https:\/\/quehacerpolitico.mx\/?p=87603"},"wordCount":282,"commentCount":0,"image":{"@id":"https:\/\/quehacerpolitico.mx\/?p=87603#primaryimage"},"thumbnailUrl":"https:\/\/quehacerpolitico.mx\/wp-content\/uploads\/2021\/12\/9AE9485D-6322-43D7-BF2F-A2AA94834CBE.jpeg","articleSection":["Internacionales"],"inLanguage":"es","potentialAction":[{"@type":"CommentAction","name":"Comment","target":["https:\/\/quehacerpolitico.mx\/?p=87603#respond"]}]},{"@type":"WebPage","@id":"https:\/\/quehacerpolitico.mx\/?p=87603","url":"https:\/\/quehacerpolitico.mx\/?p=87603","name":"Internacionales\/\/\/Carolina Alonso Romei\/\/\/EEUU levantar\u00e1 restricciones de viaje que impuso a ocho pa\u00edses de \u00c1frica por \u00f3micron -","isPartOf":{"@id":"https:\/\/quehacerpolitico.mx\/#website"},"primaryImageOfPage":{"@id":"https:\/\/quehacerpolitico.mx\/?p=87603#primaryimage"},"image":{"@id":"https:\/\/quehacerpolitico.mx\/?p=87603#primaryimage"},"thumbnailUrl":"https:\/\/quehacerpolitico.mx\/wp-content\/uploads\/2021\/12\/9AE9485D-6322-43D7-BF2F-A2AA94834CBE.jpeg","datePublished":"2021-12-24T18:52:46+00:00","dateModified":"2021-12-24T18:52:49+00:00","author":{"@id":"https:\/\/quehacerpolitico.mx\/#\/schema\/person\/496d8ad2d1d3f8036101dca7ee39e585"},"breadcrumb":{"@id":"https:\/\/quehacerpolitico.mx\/?p=87603#breadcrumb"},"inLanguage":"es","potentialAction":[{"@type":"ReadAction","target":["https:\/\/quehacerpolitico.mx\/?p=87603"]}]},{"@type":"ImageObject","inLanguage":"es","@id":"https:\/\/quehacerpolitico.mx\/?p=87603#primaryimage","url":"https:\/\/quehacerpolitico.mx\/wp-content\/uploads\/2021\/12\/9AE9485D-6322-43D7-BF2F-A2AA94834CBE.jpeg","contentUrl":"https:\/\/quehacerpolitico.mx\/wp-content\/uploads\/2021\/12\/9AE9485D-6322-43D7-BF2F-A2AA94834CBE.jpeg","width":554,"height":554},{"@type":"BreadcrumbList","@id":"https:\/\/quehacerpolitico.mx\/?p=87603#breadcrumb","itemListElement":[{"@type":"ListItem","position":1,"name":"Inicio","item":"https:\/\/quehacerpolitico.mx\/"},{"@type":"ListItem","position":2,"name":"Internacionales\/\/\/Carolina Alonso Romei\/\/\/EEUU levantar\u00e1 restricciones de viaje que impuso a ocho pa\u00edses de \u00c1frica por \u00f3micron"}]},{"@type":"WebSite","@id":"https:\/\/quehacerpolitico.mx\/#website","url":"https:\/\/quehacerpolitico.mx\/","name":"","description":"","potentialAction":[{"@type":"SearchAction","target":{"@type":"EntryPoint","urlTemplate":"https:\/\/quehacerpolitico.mx\/?s={search_term_string}"},"query-input":{"@type":"PropertyValueSpecification","valueRequired":true,"valueName":"search_term_string"}}],"inLanguage":"es"},{"@type":"Person","@id":"https:\/\/quehacerpolitico.mx\/#\/schema\/person\/496d8ad2d1d3f8036101dca7ee39e585","name":"Redacci\u00f3n QP","image":{"@type":"ImageObject","inLanguage":"es","@id":"https:\/\/secure.gravatar.com\/avatar\/c7164ed6fdec453195284ad24a5ae5b6e1eed2b848477fa2a4787ba9adf39a41?s=96&d=mm&r=g","url":"https:\/\/secure.gravatar.com\/avatar\/c7164ed6fdec453195284ad24a5ae5b6e1eed2b848477fa2a4787ba9adf39a41?s=96&d=mm&r=g","contentUrl":"https:\/\/secure.gravatar.com\/avatar\/c7164ed6fdec453195284ad24a5ae5b6e1eed2b848477fa2a4787ba9adf39a41?s=96&d=mm&r=g","caption":"Redacci\u00f3n QP"},"url":"https:\/\/quehacerpolitico.mx\/?author=2"}]}},"featured_image_urls":{"full":["https:\/\/quehacerpolitico.mx\/wp-content\/uploads\/2021\/12\/9AE9485D-6322-43D7-BF2F-A2AA94834CBE.jpeg",554,554,false],"thumbnail":["https:\/\/quehacerpolitico.mx\/wp-content\/uploads\/2021\/12\/9AE9485D-6322-43D7-BF2F-A2AA94834CBE-150x150.jpeg",150,150,true],"medium":["https:\/\/quehacerpolitico.mx\/wp-content\/uploads\/2021\/12\/9AE9485D-6322-43D7-BF2F-A2AA94834CBE-300x300.jpeg",300,300,true],"medium_large":["https:\/\/quehacerpolitico.mx\/wp-content\/uploads\/2021\/12\/9AE9485D-6322-43D7-BF2F-A2AA94834CBE.jpeg",554,554,false],"large":["https:\/\/quehacerpolitico.mx\/wp-content\/uploads\/2021\/12\/9AE9485D-6322-43D7-BF2F-A2AA94834CBE.jpeg",554,554,false],"1536x1536":["https:\/\/quehacerpolitico.mx\/wp-content\/uploads\/2021\/12\/9AE9485D-6322-43D7-BF2F-A2AA94834CBE.jpeg",554,554,false],"2048x2048":["https:\/\/quehacerpolitico.mx\/wp-content\/uploads\/2021\/12\/9AE9485D-6322-43D7-BF2F-A2AA94834CBE.jpeg",554,554,false],"covernews-featured":["https:\/\/quehacerpolitico.mx\/wp-content\/uploads\/2021\/12\/9AE9485D-6322-43D7-BF2F-A2AA94834CBE.jpeg",554,554,false],"covernews-medium":["https:\/\/quehacerpolitico.mx\/wp-content\/uploads\/2021\/12\/9AE9485D-6322-43D7-BF2F-A2AA94834CBE.jpeg",340,340,false]},"author_info":{"display_name":"Redacci\u00f3n QP","author_link":"https:\/\/quehacerpolitico.mx\/?author=2"},"category_info":"<a href=\"https:\/\/quehacerpolitico.mx\/?cat=1\" rel=\"category\">Internacionales<\/a>","tag_info":"Internacionales","comment_count":"0","_links":{"self":[{"href":"https:\/\/quehacerpolitico.mx\/index.php?rest_route=\/wp\/v2\/posts\/87603","targetHints":{"allow":["GET"]}}],"collection":[{"href":"https:\/\/quehacerpolitico.mx\/index.php?rest_route=\/wp\/v2\/posts"}],"about":[{"href":"https:\/\/quehacerpolitico.mx\/index.php?rest_route=\/wp\/v2\/types\/post"}],"author":[{"embeddable":true,"href":"https:\/\/quehacerpolitico.mx\/index.php?rest_route=\/wp\/v2\/users\/2"}],"replies":[{"embeddable":true,"href":"https:\/\/quehacerpolitico.mx\/index.php?rest_route=%2Fwp%2Fv2%2Fcomments&post=87603"}],"version-history":[{"count":1,"href":"https:\/\/quehacerpolitico.mx\/index.php?rest_route=\/wp\/v2\/posts\/87603\/revisions"}],"predecessor-version":[{"id":87605,"href":"https:\/\/quehacerpolitico.mx\/index.php?rest_route=\/wp\/v2\/posts\/87603\/revisions\/87605"}],"wp:featuredmedia":[{"embeddable":true,"href":"https:\/\/quehacerpolitico.mx\/index.php?rest_route=\/wp\/v2\/media\/87604"}],"wp:attachment":[{"href":"https:\/\/quehacerpolitico.mx\/index.php?rest_route=%2Fwp%2Fv2%2Fmedia&parent=87603"}],"wp:term":[{"taxonomy":"category","embeddable":true,"href":"https:\/\/quehacerpolitico.mx\/index.php?rest_route=%2Fwp%2Fv2%2Fcategories&post=87603"},{"taxonomy":"post_tag","embeddable":true,"href":"https:\/\/quehacerpolitico.mx\/index.php?rest_route=%2Fwp%2Fv2%2Ftags&post=87603"}],"curies":[{"name":"wp","href":"https:\/\/api.w.org\/{rel}","templated":true}]}}