{"id":87599,"date":"2021-12-24T05:10:22","date_gmt":"2021-12-24T05:10:22","guid":{"rendered":"https:\/\/quehacerpolitico.mx\/?p=87599"},"modified":"2021-12-24T05:10:26","modified_gmt":"2021-12-24T05:10:26","slug":"asesinan-a-presunto-lider-de-los-rodolfos-en-canal-de-miramontes","status":"publish","type":"post","link":"https:\/\/quehacerpolitico.mx\/?p=87599","title":{"rendered":"Asesinan a presunto l\u00edder de \u2018Los Rodolfos\u2019 en Canal de Miramontes"},"content":{"rendered":"\n<p>Por Redacci\u00f3n QP<\/p>\n\n\n\n<p>Las autoridades dieron a conocer el asesinato de H\u00e9ctor \u2018N\u2019, alias \u2018El Gordo\u2019, presunto l\u00edder de \u2018Los Rodolfos\u2019 en la Ciudad de M\u00e9xico<\/p>\n\n\n\n<ul class=\"wp-block-list\"><li>El homicidio fue perpetrado por dos hombres que viajaban en una motocicleta<\/li><li>Hasta el momento los agresores no han sido detenidos<\/li><\/ul>\n\n\n\n<p>La tarde del jueves 23 de diciembre de 2021 dos hombres fueron asesinados en\u00a0<strong>Canal de Miramonte<\/strong>s, en la alcald\u00eda\u00a0Tlalpan<\/p>\n\n\n\n<p>Las dos v\u00edctimas, que viajaban en un autom\u00f3vil deportivo sin placas, ya fueron identificadas.<\/p>\n\n\n\n<p>Uno de ellos fue se\u00f1alado como H\u00e9ctor \u2018N\u2019, alias \u2018El Gordo\u2019,\u00a0<strong>presunto l\u00edder de \u2018Los Rodolfos\u2019<\/strong>, un grupo delictivo que opera en la zona de Xochimilco.<\/p>\n\n\n\n<figure class=\"wp-block-embed is-type-rich is-provider-twitter wp-block-embed-twitter\"><div class=\"wp-block-embed__wrapper\">\nhttps:\/\/twitter.com\/c4jimenez\/status\/1474175881530724353?s=21\n<\/div><\/figure>\n\n\n\n<p>El otro fallecido fue identificado con el nombre de Daniel \u2018N\u2019.<\/p>\n\n\n\n<p>El ataque dej\u00f3 un saldo de dos mujeres vivas, quienes viajaban en la parte trasera del veh\u00edculo de alta gama. Una de las mujeres fue identificada como la exesposa de H\u00e9ctor \u2018N\u2019.j<\/p>\n\n\n\n<p>Ella narr\u00f3 que dos sujetos a bordo de una motocicleta se emparejaron al autom\u00f3vil, uno de ellos sac\u00f3 una arma de fuego y dispar\u00f3 contra sus ocupantes en al menos once ocasiones.<\/p>\n\n\n\n<p>Cuando se dieron cuenta de que sus acompa\u00f1antes estaban heridos, pidieron auxilio a los servicios de emergencia, pero los hombres fallecieron en el sitio.<\/p>\n\n\n\n<p>El doble homicidio gener\u00f3 intensa movilizaci\u00f3n polic\u00edaca en las inmediaciones de Villa Coapa.<\/p>\n\n\n\n<p>Peritos en criminal\u00edstica encontraron en el sitio al menos once casquillos bal\u00edsticos y la Fiscal\u00eda de Investigaci\u00f3n Estrat\u00e9gica pare el Delito de Homicidio inici\u00f3 una carpeta de investigaci\u00f3n tras el doble asesinato.<\/p>\n\n\n\n<p>El veh\u00edculo, as\u00ed como los cuerpos de los fallecidos, fueron trasladados a las instalaciones de la Coordinaci\u00f3n Territorial Tlalpan 4, en medio de un fuerte dispositivo de seguridad.<\/p>\n\n\n\n<figure class=\"wp-block-embed is-type-rich is-provider-twitter wp-block-embed-twitter\"><div class=\"wp-block-embed__wrapper\">\nhttps:\/\/twitter.com\/c4jimenez\/status\/1474147569731260425?s=21\n<\/div><\/figure>\n\n\n\n<h2 class=\"wp-block-heading\">\u00bfQui\u00e9n era H\u00e9ctor Rodolfo \u2018N\u2019?<\/h2>\n\n\n\n<p>Ella narr\u00f3 que dos sujetos a bordo de una motocicleta se emparejaron al autom\u00f3vil, uno de ellos sac\u00f3 una arma de fuego y dispar\u00f3 contra sus ocupantes en al menos once ocasiones.<\/p>\n\n\n\n<p>Cuando se dieron cuenta de que sus acompa\u00f1antes estaban heridos, pidieron auxilio a los servicios de emergencia, pero los hombres fallecieron en el sitio.<\/p>\n\n\n\n<p>El doble homicidio gener\u00f3 intensa movilizaci\u00f3n polic\u00edaca en las inmediaciones de Villa Coapa.<\/p>\n\n\n\n<p>Peritos en criminal\u00edstica encontraron en el sitio al menos once casquillos bal\u00edsticos y la Fiscal\u00eda de Investigaci\u00f3n Estrat\u00e9gica pare el Delito de Homicidio inici\u00f3 una carpeta de investigaci\u00f3n tras el doble asesinato.<\/p>\n\n\n\n<p>El veh\u00edculo, as\u00ed como los cuerpos de los fallecidos, fueron trasladados a las instalaciones de la Coordinaci\u00f3n Territorial Tlalpan 4, en medio de un fuerte dispositivo de seguridad.<\/p>\n\n\n\n<h2 class=\"wp-block-heading\">\u00bfQui\u00e9n era H\u00e9ctor Rodolfo \u2018N\u2019?<\/h2>\n\n\n\n<p>H\u00e9ctor Rodolfo \u2018N\u2019 fue detenido en agosto del a\u00f1o pasado en la alcald\u00eda Xochimilco.<\/p>\n\n\n\n<p>Se le vincul\u00f3 con al menos 10 homicidios de integrantes de grupos rivales, sin embargo, hace unos d\u00edas hab\u00eda salido de prisi\u00f3n.<\/p>\n\n\n\n<p>De acuerdo a la Polic\u00eda de la Ciudad de M\u00e9xico, \u2018Los Rodolfos\u2019 operan principalmente en Xochimilco y se dedican a la venta de droga, extorsi\u00f3n y secuestro.<\/p>\n\n\n\n<p>La organizaci\u00f3n delictiva estableci\u00f3 acuerdos con c\u00e1rteles de la droga de Michoac\u00e1n y el Estado de M\u00e9xico, de esa manera extendi\u00f3 sus actividades a las alcald\u00eda Milpa Alta, Tlalpan, Coyoac\u00e1n e Iztapalapa.<\/p>\n\n\n\n<p>Mantienen una disputa con la Uni\u00f3n Tepito por el control de la venta de droga en el sur de la ciudad.<\/p>\n","protected":false},"excerpt":{"rendered":"<p>Por Redacci\u00f3n QP Las autoridades dieron a conocer el asesinato de H\u00e9ctor \u2018N\u2019, alias \u2018El&#8230;<\/p>\n","protected":false},"author":2,"featured_media":87601,"comment_status":"open","ping_status":"open","sticky":false,"template":"","format":"standard","meta":{"_monsterinsights_skip_tracking":false,"_monsterinsights_sitenote_active":false,"_monsterinsights_sitenote_note":"","_monsterinsights_sitenote_category":0,"footnotes":""},"categories":[55],"tags":[],"class_list":["post-87599","post","type-post","status-publish","format-standard","has-post-thumbnail","hentry","category-cdmx"],"yoast_head":"<!-- This site is optimized with the Yoast SEO plugin v27.3 - https:\/\/yoast.com\/product\/yoast-seo-wordpress\/ -->\n<title>Asesinan a presunto l\u00edder de \u2018Los Rodolfos\u2019 en Canal de Miramontes -<\/title>\n<meta name=\"robots\" content=\"index, follow, max-snippet:-1, max-image-preview:large, max-video-preview:-1\" \/>\n<link rel=\"canonical\" href=\"https:\/\/quehacerpolitico.mx\/?p=87599\" \/>\n<meta property=\"og:locale\" content=\"es_MX\" \/>\n<meta property=\"og:type\" content=\"article\" \/>\n<meta property=\"og:title\" content=\"Asesinan a presunto l\u00edder de \u2018Los Rodolfos\u2019 en Canal de Miramontes -\" \/>\n<meta property=\"og:description\" content=\"Por Redacci\u00f3n QP Las autoridades dieron a conocer el asesinato de H\u00e9ctor \u2018N\u2019, alias \u2018El...\" \/>\n<meta property=\"og:url\" content=\"https:\/\/quehacerpolitico.mx\/?p=87599\" \/>\n<meta property=\"article:published_time\" content=\"2021-12-24T05:10:22+00:00\" \/>\n<meta property=\"article:modified_time\" content=\"2021-12-24T05:10:26+00:00\" \/>\n<meta property=\"og:image\" content=\"https:\/\/quehacerpolitico.mx\/wp-content\/uploads\/2021\/12\/2B1AFFC1-CCAC-4DCC-BEAC-9AB6B2D8D44C.jpeg\" \/>\n\t<meta property=\"og:image:width\" content=\"960\" \/>\n\t<meta property=\"og:image:height\" content=\"1280\" \/>\n\t<meta property=\"og:image:type\" content=\"image\/jpeg\" \/>\n<meta name=\"author\" content=\"Redacci\u00f3n QP\" \/>\n<meta name=\"twitter:card\" content=\"summary_large_image\" \/>\n<meta name=\"twitter:label1\" content=\"Escrito por\" \/>\n\t<meta name=\"twitter:data1\" content=\"Redacci\u00f3n QP\" \/>\n\t<meta name=\"twitter:label2\" content=\"Tiempo de lectura\" \/>\n\t<meta name=\"twitter:data2\" content=\"3 minutos\" \/>\n<script type=\"application\/ld+json\" class=\"yoast-schema-graph\">{\"@context\":\"https:\\\/\\\/schema.org\",\"@graph\":[{\"@type\":\"Article\",\"@id\":\"https:\\\/\\\/quehacerpolitico.mx\\\/?p=87599#article\",\"isPartOf\":{\"@id\":\"https:\\\/\\\/quehacerpolitico.mx\\\/?p=87599\"},\"author\":{\"name\":\"Redacci\u00f3n QP\",\"@id\":\"https:\\\/\\\/quehacerpolitico.mx\\\/#\\\/schema\\\/person\\\/496d8ad2d1d3f8036101dca7ee39e585\"},\"headline\":\"Asesinan a presunto l\u00edder de \u2018Los Rodolfos\u2019 en Canal de Miramontes\",\"datePublished\":\"2021-12-24T05:10:22+00:00\",\"dateModified\":\"2021-12-24T05:10:26+00:00\",\"mainEntityOfPage\":{\"@id\":\"https:\\\/\\\/quehacerpolitico.mx\\\/?p=87599\"},\"wordCount\":613,\"commentCount\":0,\"image\":{\"@id\":\"https:\\\/\\\/quehacerpolitico.mx\\\/?p=87599#primaryimage\"},\"thumbnailUrl\":\"https:\\\/\\\/quehacerpolitico.mx\\\/wp-content\\\/uploads\\\/2021\\\/12\\\/2B1AFFC1-CCAC-4DCC-BEAC-9AB6B2D8D44C.jpeg\",\"articleSection\":[\"CDMX\"],\"inLanguage\":\"es\",\"potentialAction\":[{\"@type\":\"CommentAction\",\"name\":\"Comment\",\"target\":[\"https:\\\/\\\/quehacerpolitico.mx\\\/?p=87599#respond\"]}]},{\"@type\":\"WebPage\",\"@id\":\"https:\\\/\\\/quehacerpolitico.mx\\\/?p=87599\",\"url\":\"https:\\\/\\\/quehacerpolitico.mx\\\/?p=87599\",\"name\":\"Asesinan a presunto l\u00edder de \u2018Los Rodolfos\u2019 en Canal de Miramontes -\",\"isPartOf\":{\"@id\":\"https:\\\/\\\/quehacerpolitico.mx\\\/#website\"},\"primaryImageOfPage\":{\"@id\":\"https:\\\/\\\/quehacerpolitico.mx\\\/?p=87599#primaryimage\"},\"image\":{\"@id\":\"https:\\\/\\\/quehacerpolitico.mx\\\/?p=87599#primaryimage\"},\"thumbnailUrl\":\"https:\\\/\\\/quehacerpolitico.mx\\\/wp-content\\\/uploads\\\/2021\\\/12\\\/2B1AFFC1-CCAC-4DCC-BEAC-9AB6B2D8D44C.jpeg\",\"datePublished\":\"2021-12-24T05:10:22+00:00\",\"dateModified\":\"2021-12-24T05:10:26+00:00\",\"author\":{\"@id\":\"https:\\\/\\\/quehacerpolitico.mx\\\/#\\\/schema\\\/person\\\/496d8ad2d1d3f8036101dca7ee39e585\"},\"breadcrumb\":{\"@id\":\"https:\\\/\\\/quehacerpolitico.mx\\\/?p=87599#breadcrumb\"},\"inLanguage\":\"es\",\"potentialAction\":[{\"@type\":\"ReadAction\",\"target\":[\"https:\\\/\\\/quehacerpolitico.mx\\\/?p=87599\"]}]},{\"@type\":\"ImageObject\",\"inLanguage\":\"es\",\"@id\":\"https:\\\/\\\/quehacerpolitico.mx\\\/?p=87599#primaryimage\",\"url\":\"https:\\\/\\\/quehacerpolitico.mx\\\/wp-content\\\/uploads\\\/2021\\\/12\\\/2B1AFFC1-CCAC-4DCC-BEAC-9AB6B2D8D44C.jpeg\",\"contentUrl\":\"https:\\\/\\\/quehacerpolitico.mx\\\/wp-content\\\/uploads\\\/2021\\\/12\\\/2B1AFFC1-CCAC-4DCC-BEAC-9AB6B2D8D44C.jpeg\",\"width\":960,\"height\":1280},{\"@type\":\"BreadcrumbList\",\"@id\":\"https:\\\/\\\/quehacerpolitico.mx\\\/?p=87599#breadcrumb\",\"itemListElement\":[{\"@type\":\"ListItem\",\"position\":1,\"name\":\"Inicio\",\"item\":\"https:\\\/\\\/quehacerpolitico.mx\\\/\"},{\"@type\":\"ListItem\",\"position\":2,\"name\":\"Asesinan a presunto l\u00edder de \u2018Los Rodolfos\u2019 en Canal de Miramontes\"}]},{\"@type\":\"WebSite\",\"@id\":\"https:\\\/\\\/quehacerpolitico.mx\\\/#website\",\"url\":\"https:\\\/\\\/quehacerpolitico.mx\\\/\",\"name\":\"\",\"description\":\"\",\"potentialAction\":[{\"@type\":\"SearchAction\",\"target\":{\"@type\":\"EntryPoint\",\"urlTemplate\":\"https:\\\/\\\/quehacerpolitico.mx\\\/?s={search_term_string}\"},\"query-input\":{\"@type\":\"PropertyValueSpecification\",\"valueRequired\":true,\"valueName\":\"search_term_string\"}}],\"inLanguage\":\"es\"},{\"@type\":\"Person\",\"@id\":\"https:\\\/\\\/quehacerpolitico.mx\\\/#\\\/schema\\\/person\\\/496d8ad2d1d3f8036101dca7ee39e585\",\"name\":\"Redacci\u00f3n QP\",\"image\":{\"@type\":\"ImageObject\",\"inLanguage\":\"es\",\"@id\":\"https:\\\/\\\/secure.gravatar.com\\\/avatar\\\/c7164ed6fdec453195284ad24a5ae5b6e1eed2b848477fa2a4787ba9adf39a41?s=96&d=mm&r=g\",\"url\":\"https:\\\/\\\/secure.gravatar.com\\\/avatar\\\/c7164ed6fdec453195284ad24a5ae5b6e1eed2b848477fa2a4787ba9adf39a41?s=96&d=mm&r=g\",\"contentUrl\":\"https:\\\/\\\/secure.gravatar.com\\\/avatar\\\/c7164ed6fdec453195284ad24a5ae5b6e1eed2b848477fa2a4787ba9adf39a41?s=96&d=mm&r=g\",\"caption\":\"Redacci\u00f3n QP\"},\"url\":\"https:\\\/\\\/quehacerpolitico.mx\\\/?author=2\"}]}<\/script>\n<!-- \/ Yoast SEO plugin. -->","yoast_head_json":{"title":"Asesinan a presunto l\u00edder de \u2018Los Rodolfos\u2019 en Canal de Miramontes -","robots":{"index":"index","follow":"follow","max-snippet":"max-snippet:-1","max-image-preview":"max-image-preview:large","max-video-preview":"max-video-preview:-1"},"canonical":"https:\/\/quehacerpolitico.mx\/?p=87599","og_locale":"es_MX","og_type":"article","og_title":"Asesinan a presunto l\u00edder de \u2018Los Rodolfos\u2019 en Canal de Miramontes -","og_description":"Por Redacci\u00f3n QP Las autoridades dieron a conocer el asesinato de H\u00e9ctor \u2018N\u2019, alias \u2018El...","og_url":"https:\/\/quehacerpolitico.mx\/?p=87599","article_published_time":"2021-12-24T05:10:22+00:00","article_modified_time":"2021-12-24T05:10:26+00:00","og_image":[{"width":960,"height":1280,"url":"https:\/\/quehacerpolitico.mx\/wp-content\/uploads\/2021\/12\/2B1AFFC1-CCAC-4DCC-BEAC-9AB6B2D8D44C.jpeg","type":"image\/jpeg"}],"author":"Redacci\u00f3n QP","twitter_card":"summary_large_image","twitter_misc":{"Escrito por":"Redacci\u00f3n QP","Tiempo de lectura":"3 minutos"},"schema":{"@context":"https:\/\/schema.org","@graph":[{"@type":"Article","@id":"https:\/\/quehacerpolitico.mx\/?p=87599#article","isPartOf":{"@id":"https:\/\/quehacerpolitico.mx\/?p=87599"},"author":{"name":"Redacci\u00f3n QP","@id":"https:\/\/quehacerpolitico.mx\/#\/schema\/person\/496d8ad2d1d3f8036101dca7ee39e585"},"headline":"Asesinan a presunto l\u00edder de \u2018Los Rodolfos\u2019 en Canal de Miramontes","datePublished":"2021-12-24T05:10:22+00:00","dateModified":"2021-12-24T05:10:26+00:00","mainEntityOfPage":{"@id":"https:\/\/quehacerpolitico.mx\/?p=87599"},"wordCount":613,"commentCount":0,"image":{"@id":"https:\/\/quehacerpolitico.mx\/?p=87599#primaryimage"},"thumbnailUrl":"https:\/\/quehacerpolitico.mx\/wp-content\/uploads\/2021\/12\/2B1AFFC1-CCAC-4DCC-BEAC-9AB6B2D8D44C.jpeg","articleSection":["CDMX"],"inLanguage":"es","potentialAction":[{"@type":"CommentAction","name":"Comment","target":["https:\/\/quehacerpolitico.mx\/?p=87599#respond"]}]},{"@type":"WebPage","@id":"https:\/\/quehacerpolitico.mx\/?p=87599","url":"https:\/\/quehacerpolitico.mx\/?p=87599","name":"Asesinan a presunto l\u00edder de \u2018Los Rodolfos\u2019 en Canal de Miramontes -","isPartOf":{"@id":"https:\/\/quehacerpolitico.mx\/#website"},"primaryImageOfPage":{"@id":"https:\/\/quehacerpolitico.mx\/?p=87599#primaryimage"},"image":{"@id":"https:\/\/quehacerpolitico.mx\/?p=87599#primaryimage"},"thumbnailUrl":"https:\/\/quehacerpolitico.mx\/wp-content\/uploads\/2021\/12\/2B1AFFC1-CCAC-4DCC-BEAC-9AB6B2D8D44C.jpeg","datePublished":"2021-12-24T05:10:22+00:00","dateModified":"2021-12-24T05:10:26+00:00","author":{"@id":"https:\/\/quehacerpolitico.mx\/#\/schema\/person\/496d8ad2d1d3f8036101dca7ee39e585"},"breadcrumb":{"@id":"https:\/\/quehacerpolitico.mx\/?p=87599#breadcrumb"},"inLanguage":"es","potentialAction":[{"@type":"ReadAction","target":["https:\/\/quehacerpolitico.mx\/?p=87599"]}]},{"@type":"ImageObject","inLanguage":"es","@id":"https:\/\/quehacerpolitico.mx\/?p=87599#primaryimage","url":"https:\/\/quehacerpolitico.mx\/wp-content\/uploads\/2021\/12\/2B1AFFC1-CCAC-4DCC-BEAC-9AB6B2D8D44C.jpeg","contentUrl":"https:\/\/quehacerpolitico.mx\/wp-content\/uploads\/2021\/12\/2B1AFFC1-CCAC-4DCC-BEAC-9AB6B2D8D44C.jpeg","width":960,"height":1280},{"@type":"BreadcrumbList","@id":"https:\/\/quehacerpolitico.mx\/?p=87599#breadcrumb","itemListElement":[{"@type":"ListItem","position":1,"name":"Inicio","item":"https:\/\/quehacerpolitico.mx\/"},{"@type":"ListItem","position":2,"name":"Asesinan a presunto l\u00edder de \u2018Los Rodolfos\u2019 en Canal de Miramontes"}]},{"@type":"WebSite","@id":"https:\/\/quehacerpolitico.mx\/#website","url":"https:\/\/quehacerpolitico.mx\/","name":"","description":"","potentialAction":[{"@type":"SearchAction","target":{"@type":"EntryPoint","urlTemplate":"https:\/\/quehacerpolitico.mx\/?s={search_term_string}"},"query-input":{"@type":"PropertyValueSpecification","valueRequired":true,"valueName":"search_term_string"}}],"inLanguage":"es"},{"@type":"Person","@id":"https:\/\/quehacerpolitico.mx\/#\/schema\/person\/496d8ad2d1d3f8036101dca7ee39e585","name":"Redacci\u00f3n QP","image":{"@type":"ImageObject","inLanguage":"es","@id":"https:\/\/secure.gravatar.com\/avatar\/c7164ed6fdec453195284ad24a5ae5b6e1eed2b848477fa2a4787ba9adf39a41?s=96&d=mm&r=g","url":"https:\/\/secure.gravatar.com\/avatar\/c7164ed6fdec453195284ad24a5ae5b6e1eed2b848477fa2a4787ba9adf39a41?s=96&d=mm&r=g","contentUrl":"https:\/\/secure.gravatar.com\/avatar\/c7164ed6fdec453195284ad24a5ae5b6e1eed2b848477fa2a4787ba9adf39a41?s=96&d=mm&r=g","caption":"Redacci\u00f3n QP"},"url":"https:\/\/quehacerpolitico.mx\/?author=2"}]}},"featured_image_urls":{"full":["https:\/\/quehacerpolitico.mx\/wp-content\/uploads\/2021\/12\/2B1AFFC1-CCAC-4DCC-BEAC-9AB6B2D8D44C.jpeg",960,1280,false],"thumbnail":["https:\/\/quehacerpolitico.mx\/wp-content\/uploads\/2021\/12\/2B1AFFC1-CCAC-4DCC-BEAC-9AB6B2D8D44C-150x150.jpeg",150,150,true],"medium":["https:\/\/quehacerpolitico.mx\/wp-content\/uploads\/2021\/12\/2B1AFFC1-CCAC-4DCC-BEAC-9AB6B2D8D44C-225x300.jpeg",225,300,true],"medium_large":["https:\/\/quehacerpolitico.mx\/wp-content\/uploads\/2021\/12\/2B1AFFC1-CCAC-4DCC-BEAC-9AB6B2D8D44C-768x1024.jpeg",640,853,true],"large":["https:\/\/quehacerpolitico.mx\/wp-content\/uploads\/2021\/12\/2B1AFFC1-CCAC-4DCC-BEAC-9AB6B2D8D44C-768x1024.jpeg",640,853,true],"1536x1536":["https:\/\/quehacerpolitico.mx\/wp-content\/uploads\/2021\/12\/2B1AFFC1-CCAC-4DCC-BEAC-9AB6B2D8D44C.jpeg",960,1280,false],"2048x2048":["https:\/\/quehacerpolitico.mx\/wp-content\/uploads\/2021\/12\/2B1AFFC1-CCAC-4DCC-BEAC-9AB6B2D8D44C.jpeg",960,1280,false],"covernews-featured":["https:\/\/quehacerpolitico.mx\/wp-content\/uploads\/2021\/12\/2B1AFFC1-CCAC-4DCC-BEAC-9AB6B2D8D44C.jpeg",960,1280,false],"covernews-medium":["https:\/\/quehacerpolitico.mx\/wp-content\/uploads\/2021\/12\/2B1AFFC1-CCAC-4DCC-BEAC-9AB6B2D8D44C.jpeg",255,340,false]},"author_info":{"display_name":"Redacci\u00f3n QP","author_link":"https:\/\/quehacerpolitico.mx\/?author=2"},"category_info":"<a href=\"https:\/\/quehacerpolitico.mx\/?cat=55\" rel=\"category\">CDMX<\/a>","tag_info":"CDMX","comment_count":"0","_links":{"self":[{"href":"https:\/\/quehacerpolitico.mx\/index.php?rest_route=\/wp\/v2\/posts\/87599","targetHints":{"allow":["GET"]}}],"collection":[{"href":"https:\/\/quehacerpolitico.mx\/index.php?rest_route=\/wp\/v2\/posts"}],"about":[{"href":"https:\/\/quehacerpolitico.mx\/index.php?rest_route=\/wp\/v2\/types\/post"}],"author":[{"embeddable":true,"href":"https:\/\/quehacerpolitico.mx\/index.php?rest_route=\/wp\/v2\/users\/2"}],"replies":[{"embeddable":true,"href":"https:\/\/quehacerpolitico.mx\/index.php?rest_route=%2Fwp%2Fv2%2Fcomments&post=87599"}],"version-history":[{"count":2,"href":"https:\/\/quehacerpolitico.mx\/index.php?rest_route=\/wp\/v2\/posts\/87599\/revisions"}],"predecessor-version":[{"id":87602,"href":"https:\/\/quehacerpolitico.mx\/index.php?rest_route=\/wp\/v2\/posts\/87599\/revisions\/87602"}],"wp:featuredmedia":[{"embeddable":true,"href":"https:\/\/quehacerpolitico.mx\/index.php?rest_route=\/wp\/v2\/media\/87601"}],"wp:attachment":[{"href":"https:\/\/quehacerpolitico.mx\/index.php?rest_route=%2Fwp%2Fv2%2Fmedia&parent=87599"}],"wp:term":[{"taxonomy":"category","embeddable":true,"href":"https:\/\/quehacerpolitico.mx\/index.php?rest_route=%2Fwp%2Fv2%2Fcategories&post=87599"},{"taxonomy":"post_tag","embeddable":true,"href":"https:\/\/quehacerpolitico.mx\/index.php?rest_route=%2Fwp%2Fv2%2Ftags&post=87599"}],"curies":[{"name":"wp","href":"https:\/\/api.w.org\/{rel}","templated":true}]}}