{"id":87596,"date":"2021-12-24T04:33:57","date_gmt":"2021-12-24T04:33:57","guid":{"rendered":"https:\/\/quehacerpolitico.mx\/?p=87596"},"modified":"2021-12-24T04:34:00","modified_gmt":"2021-12-24T04:34:00","slug":"inflacion-en-mexico-sube-en-la-primera-quincena-de-diciembre","status":"publish","type":"post","link":"https:\/\/quehacerpolitico.mx\/?p=87596","title":{"rendered":"Inflaci\u00f3n en M\u00e9xico sube en la primera quincena de diciembre"},"content":{"rendered":"\n<p>Por Redacci\u00f3n QP<\/p>\n\n\n\n<p>La tasa de inflaci\u00f3n en M\u00e9xico subi\u00f3 en la primera quincena de diciembre hasta el 7.45% interanual, con lo que se mantiene en su mayor nivel de las \u00faltimas dos d\u00e9cadas<\/p>\n\n\n\n<p>Seg\u00fan inform\u00f3 hoy jueves el Instituto Nacional de Estad\u00edstica y Geograf\u00eda (Inegi), la tasa de inflaci\u00f3n en M\u00e9xico subi\u00f3 en la primera quincena de diciembre hasta el 7.45% interanual, con lo que se mantiene en su mayor nivel de las \u00faltimas dos d\u00e9cadas.<\/p>\n\n\n\n<p><strong>Ello tras un aumento del 0.10 % del \u00cdndice Nacional de Precios al Consumidor (INPC) respecto a la quincena inmediata anterior impulsado por las mercanc\u00edas<\/strong>, pese a ligeras ca\u00eddas de los agropecuarios y los energ\u00e9ticos.<\/p>\n\n\n\n<figure class=\"wp-block-image\"><img decoding=\"async\" src=\"https:\/\/www.informador.mx\/export\/sites\/elinformador\/img\/2021\/12\/23\/befunky-collage.jpg_2058945707.jpg\" alt=\"\" title=\"\"\/><\/figure>\n\n\n\n<p>En el mismo periodo de 2020, hace justo un a\u00f1o, los datos correspondientes reflejaron un aumento quincenal del 0.34 % en el INPC, con lo que la inflaci\u00f3n anual qued\u00f3 entonces en el 3.22 por ciento.<\/p>\n\n\n\n<p>En noviembre pasado, M\u00e9xico registr\u00f3 una tasa de inflaci\u00f3n del 7.37%, el mayor incremento de precios desde 2001, despu\u00e9s de que los precios subieran en el und\u00e9cimo mes del a\u00f1o un 1.14 por ciento.<\/p>\n\n\n\n<p>La inflaci\u00f3n registrada esta primera quincena de diciembre es mayor a ese dato, pero menor al 7.7% anual que se report\u00f3 solo dentro del periodo de la segunda quincena de noviembre.<\/p>\n\n\n\n<figure class=\"wp-block-embed is-type-video is-provider-youtube wp-block-embed-youtube wp-embed-aspect-16-9 wp-has-aspect-ratio\"><div class=\"wp-block-embed__wrapper\">\n<iframe loading=\"lazy\" title=\"Inflaci\u00f3n sorprende, pero ahora a la baja; toca 7.45% en primera quincena de diciembre\" width=\"640\" height=\"360\" src=\"https:\/\/www.youtube.com\/embed\/URDY7zsAq2c?feature=oembed\" frameborder=\"0\" allow=\"accelerometer; autoplay; clipboard-write; encrypted-media; gyroscope; picture-in-picture; web-share\" referrerpolicy=\"strict-origin-when-cross-origin\" allowfullscreen><\/iframe>\n<\/div><\/figure>\n\n\n\n<p><strong>Es &#8220;el menor incremento quincenal para dicho periodo en la historia del \u00edndice&#8221;<\/strong>, coment\u00f3 Julio A. Santaella, presidente del Inegi.<\/p>\n\n\n\n<p>El \u00edndice de precios subyacente, considerado un mejor par\u00e1metro para medir la carest\u00eda general porque elimina art\u00edculos de alta volatilidad en sus precios, aument\u00f3 el 0,59 % en este periodo quincenal.<\/p>\n\n\n\n<p>Con ello, dej\u00f3 la tasa anual en el 5.87%, seg\u00fan se\u00f1al\u00f3 el Inegi en un comunicado.<\/p>\n\n\n\n<p>Los precios de las mercanc\u00edas subieron un 0.60 % y los de los servicios un 0.57% quincenal, con respectivas tasas anuales del 2.89 % y del 1.54 por ciento.<\/p>\n\n\n\n<p>En los no subyacentes, los agropecuarios retrocedieron un -0.13 % respecto a la quincena anterior y los energ\u00e9ticos y tarifas autorizadas por el Gobierno -0.2 por ciento.<\/p>\n\n\n\n<p>Aunque a nivel anual, los precios de los agropecuarios han crecido un 1.71 %, mientras que los energ\u00e9ticos y tarifas se han elevado un 1.29 por ciento.<\/p>\n\n\n\n<p>De este modo, la partida de no subyacentes cay\u00f3 un -0.33 % frente a los quince d\u00edas anteriores, aunque creci\u00f3 un 3.01 % interanual.<\/p>\n\n\n\n<p>Por \u00faltimo,&nbsp;<strong>el \u00edndice de precios de la canasta de consumo m\u00ednimo, conformada por 176 productos y servicios, present\u00f3 una reducci\u00f3n quincenal del -0.05 %, pero un aumento del 8.26 % interanual<\/strong>.<\/p>\n\n\n\n<p>La inflaci\u00f3n de 2020 cerr\u00f3 en un 3.15 %, mientras que en 2019 la inflaci\u00f3n fue del 2.83 % y en 2018 los precios al consumidor se elevaron un 4.83 por ciento.<\/p>\n\n\n\n<p>Los precios al consumidor escalaron hasta el 6.77 % a finales de 2017, hasta este momento la tasa m\u00e1s alta desde 2000, que fue motivada por un alza en el precio de los combustibles.<\/p>\n\n\n\n<p>La meta del Banco de M\u00e9xico es del 3 % anual.<\/p>\n\n\n\n<p>Con Informaci\u00f3n de EFE<\/p>\n","protected":false},"excerpt":{"rendered":"<p>Por Redacci\u00f3n QP La tasa de inflaci\u00f3n en M\u00e9xico subi\u00f3 en la primera quincena de&#8230;<\/p>\n","protected":false},"author":2,"featured_media":87597,"comment_status":"open","ping_status":"open","sticky":false,"template":"","format":"standard","meta":{"_monsterinsights_skip_tracking":false,"_monsterinsights_sitenote_active":false,"_monsterinsights_sitenote_note":"","_monsterinsights_sitenote_category":0,"footnotes":""},"categories":[56],"tags":[],"class_list":["post-87596","post","type-post","status-publish","format-standard","has-post-thumbnail","hentry","category-economia"],"yoast_head":"<!-- This site is optimized with the Yoast SEO plugin v27.3 - https:\/\/yoast.com\/product\/yoast-seo-wordpress\/ -->\n<title>Inflaci\u00f3n en M\u00e9xico sube en la primera quincena de diciembre -<\/title>\n<meta name=\"robots\" content=\"index, follow, max-snippet:-1, max-image-preview:large, max-video-preview:-1\" \/>\n<link rel=\"canonical\" href=\"https:\/\/quehacerpolitico.mx\/?p=87596\" \/>\n<meta property=\"og:locale\" content=\"es_MX\" \/>\n<meta property=\"og:type\" content=\"article\" \/>\n<meta property=\"og:title\" content=\"Inflaci\u00f3n en M\u00e9xico sube en la primera quincena de diciembre -\" \/>\n<meta property=\"og:description\" content=\"Por Redacci\u00f3n QP La tasa de inflaci\u00f3n en M\u00e9xico subi\u00f3 en la primera quincena de...\" \/>\n<meta property=\"og:url\" content=\"https:\/\/quehacerpolitico.mx\/?p=87596\" \/>\n<meta property=\"article:published_time\" content=\"2021-12-24T04:33:57+00:00\" \/>\n<meta property=\"article:modified_time\" content=\"2021-12-24T04:34:00+00:00\" \/>\n<meta property=\"og:image\" content=\"https:\/\/quehacerpolitico.mx\/wp-content\/uploads\/2021\/12\/993AC4DF-2981-444B-B996-D7F7531DB24D.jpeg\" \/>\n\t<meta property=\"og:image:width\" content=\"1090\" \/>\n\t<meta property=\"og:image:height\" content=\"689\" \/>\n\t<meta property=\"og:image:type\" content=\"image\/jpeg\" \/>\n<meta name=\"author\" content=\"Redacci\u00f3n QP\" \/>\n<meta name=\"twitter:card\" content=\"summary_large_image\" \/>\n<meta name=\"twitter:label1\" content=\"Escrito por\" \/>\n\t<meta name=\"twitter:data1\" content=\"Redacci\u00f3n QP\" \/>\n\t<meta name=\"twitter:label2\" content=\"Tiempo de lectura\" \/>\n\t<meta name=\"twitter:data2\" content=\"2 minutos\" \/>\n<script type=\"application\/ld+json\" class=\"yoast-schema-graph\">{\"@context\":\"https:\\\/\\\/schema.org\",\"@graph\":[{\"@type\":\"Article\",\"@id\":\"https:\\\/\\\/quehacerpolitico.mx\\\/?p=87596#article\",\"isPartOf\":{\"@id\":\"https:\\\/\\\/quehacerpolitico.mx\\\/?p=87596\"},\"author\":{\"name\":\"Redacci\u00f3n QP\",\"@id\":\"https:\\\/\\\/quehacerpolitico.mx\\\/#\\\/schema\\\/person\\\/496d8ad2d1d3f8036101dca7ee39e585\"},\"headline\":\"Inflaci\u00f3n en M\u00e9xico sube en la primera quincena de diciembre\",\"datePublished\":\"2021-12-24T04:33:57+00:00\",\"dateModified\":\"2021-12-24T04:34:00+00:00\",\"mainEntityOfPage\":{\"@id\":\"https:\\\/\\\/quehacerpolitico.mx\\\/?p=87596\"},\"wordCount\":510,\"commentCount\":0,\"image\":{\"@id\":\"https:\\\/\\\/quehacerpolitico.mx\\\/?p=87596#primaryimage\"},\"thumbnailUrl\":\"https:\\\/\\\/quehacerpolitico.mx\\\/wp-content\\\/uploads\\\/2021\\\/12\\\/993AC4DF-2981-444B-B996-D7F7531DB24D.jpeg\",\"articleSection\":[\"Econom\u00eda\"],\"inLanguage\":\"es\",\"potentialAction\":[{\"@type\":\"CommentAction\",\"name\":\"Comment\",\"target\":[\"https:\\\/\\\/quehacerpolitico.mx\\\/?p=87596#respond\"]}]},{\"@type\":\"WebPage\",\"@id\":\"https:\\\/\\\/quehacerpolitico.mx\\\/?p=87596\",\"url\":\"https:\\\/\\\/quehacerpolitico.mx\\\/?p=87596\",\"name\":\"Inflaci\u00f3n en M\u00e9xico sube en la primera quincena de diciembre -\",\"isPartOf\":{\"@id\":\"https:\\\/\\\/quehacerpolitico.mx\\\/#website\"},\"primaryImageOfPage\":{\"@id\":\"https:\\\/\\\/quehacerpolitico.mx\\\/?p=87596#primaryimage\"},\"image\":{\"@id\":\"https:\\\/\\\/quehacerpolitico.mx\\\/?p=87596#primaryimage\"},\"thumbnailUrl\":\"https:\\\/\\\/quehacerpolitico.mx\\\/wp-content\\\/uploads\\\/2021\\\/12\\\/993AC4DF-2981-444B-B996-D7F7531DB24D.jpeg\",\"datePublished\":\"2021-12-24T04:33:57+00:00\",\"dateModified\":\"2021-12-24T04:34:00+00:00\",\"author\":{\"@id\":\"https:\\\/\\\/quehacerpolitico.mx\\\/#\\\/schema\\\/person\\\/496d8ad2d1d3f8036101dca7ee39e585\"},\"breadcrumb\":{\"@id\":\"https:\\\/\\\/quehacerpolitico.mx\\\/?p=87596#breadcrumb\"},\"inLanguage\":\"es\",\"potentialAction\":[{\"@type\":\"ReadAction\",\"target\":[\"https:\\\/\\\/quehacerpolitico.mx\\\/?p=87596\"]}]},{\"@type\":\"ImageObject\",\"inLanguage\":\"es\",\"@id\":\"https:\\\/\\\/quehacerpolitico.mx\\\/?p=87596#primaryimage\",\"url\":\"https:\\\/\\\/quehacerpolitico.mx\\\/wp-content\\\/uploads\\\/2021\\\/12\\\/993AC4DF-2981-444B-B996-D7F7531DB24D.jpeg\",\"contentUrl\":\"https:\\\/\\\/quehacerpolitico.mx\\\/wp-content\\\/uploads\\\/2021\\\/12\\\/993AC4DF-2981-444B-B996-D7F7531DB24D.jpeg\",\"width\":1090,\"height\":689},{\"@type\":\"BreadcrumbList\",\"@id\":\"https:\\\/\\\/quehacerpolitico.mx\\\/?p=87596#breadcrumb\",\"itemListElement\":[{\"@type\":\"ListItem\",\"position\":1,\"name\":\"Inicio\",\"item\":\"https:\\\/\\\/quehacerpolitico.mx\\\/\"},{\"@type\":\"ListItem\",\"position\":2,\"name\":\"Inflaci\u00f3n en M\u00e9xico sube en la primera quincena de diciembre\"}]},{\"@type\":\"WebSite\",\"@id\":\"https:\\\/\\\/quehacerpolitico.mx\\\/#website\",\"url\":\"https:\\\/\\\/quehacerpolitico.mx\\\/\",\"name\":\"\",\"description\":\"\",\"potentialAction\":[{\"@type\":\"SearchAction\",\"target\":{\"@type\":\"EntryPoint\",\"urlTemplate\":\"https:\\\/\\\/quehacerpolitico.mx\\\/?s={search_term_string}\"},\"query-input\":{\"@type\":\"PropertyValueSpecification\",\"valueRequired\":true,\"valueName\":\"search_term_string\"}}],\"inLanguage\":\"es\"},{\"@type\":\"Person\",\"@id\":\"https:\\\/\\\/quehacerpolitico.mx\\\/#\\\/schema\\\/person\\\/496d8ad2d1d3f8036101dca7ee39e585\",\"name\":\"Redacci\u00f3n QP\",\"image\":{\"@type\":\"ImageObject\",\"inLanguage\":\"es\",\"@id\":\"https:\\\/\\\/secure.gravatar.com\\\/avatar\\\/c7164ed6fdec453195284ad24a5ae5b6e1eed2b848477fa2a4787ba9adf39a41?s=96&d=mm&r=g\",\"url\":\"https:\\\/\\\/secure.gravatar.com\\\/avatar\\\/c7164ed6fdec453195284ad24a5ae5b6e1eed2b848477fa2a4787ba9adf39a41?s=96&d=mm&r=g\",\"contentUrl\":\"https:\\\/\\\/secure.gravatar.com\\\/avatar\\\/c7164ed6fdec453195284ad24a5ae5b6e1eed2b848477fa2a4787ba9adf39a41?s=96&d=mm&r=g\",\"caption\":\"Redacci\u00f3n QP\"},\"url\":\"https:\\\/\\\/quehacerpolitico.mx\\\/?author=2\"}]}<\/script>\n<!-- \/ Yoast SEO plugin. -->","yoast_head_json":{"title":"Inflaci\u00f3n en M\u00e9xico sube en la primera quincena de diciembre -","robots":{"index":"index","follow":"follow","max-snippet":"max-snippet:-1","max-image-preview":"max-image-preview:large","max-video-preview":"max-video-preview:-1"},"canonical":"https:\/\/quehacerpolitico.mx\/?p=87596","og_locale":"es_MX","og_type":"article","og_title":"Inflaci\u00f3n en M\u00e9xico sube en la primera quincena de diciembre -","og_description":"Por Redacci\u00f3n QP La tasa de inflaci\u00f3n en M\u00e9xico subi\u00f3 en la primera quincena de...","og_url":"https:\/\/quehacerpolitico.mx\/?p=87596","article_published_time":"2021-12-24T04:33:57+00:00","article_modified_time":"2021-12-24T04:34:00+00:00","og_image":[{"width":1090,"height":689,"url":"https:\/\/quehacerpolitico.mx\/wp-content\/uploads\/2021\/12\/993AC4DF-2981-444B-B996-D7F7531DB24D.jpeg","type":"image\/jpeg"}],"author":"Redacci\u00f3n QP","twitter_card":"summary_large_image","twitter_misc":{"Escrito por":"Redacci\u00f3n QP","Tiempo de lectura":"2 minutos"},"schema":{"@context":"https:\/\/schema.org","@graph":[{"@type":"Article","@id":"https:\/\/quehacerpolitico.mx\/?p=87596#article","isPartOf":{"@id":"https:\/\/quehacerpolitico.mx\/?p=87596"},"author":{"name":"Redacci\u00f3n QP","@id":"https:\/\/quehacerpolitico.mx\/#\/schema\/person\/496d8ad2d1d3f8036101dca7ee39e585"},"headline":"Inflaci\u00f3n en M\u00e9xico sube en la primera quincena de diciembre","datePublished":"2021-12-24T04:33:57+00:00","dateModified":"2021-12-24T04:34:00+00:00","mainEntityOfPage":{"@id":"https:\/\/quehacerpolitico.mx\/?p=87596"},"wordCount":510,"commentCount":0,"image":{"@id":"https:\/\/quehacerpolitico.mx\/?p=87596#primaryimage"},"thumbnailUrl":"https:\/\/quehacerpolitico.mx\/wp-content\/uploads\/2021\/12\/993AC4DF-2981-444B-B996-D7F7531DB24D.jpeg","articleSection":["Econom\u00eda"],"inLanguage":"es","potentialAction":[{"@type":"CommentAction","name":"Comment","target":["https:\/\/quehacerpolitico.mx\/?p=87596#respond"]}]},{"@type":"WebPage","@id":"https:\/\/quehacerpolitico.mx\/?p=87596","url":"https:\/\/quehacerpolitico.mx\/?p=87596","name":"Inflaci\u00f3n en M\u00e9xico sube en la primera quincena de diciembre -","isPartOf":{"@id":"https:\/\/quehacerpolitico.mx\/#website"},"primaryImageOfPage":{"@id":"https:\/\/quehacerpolitico.mx\/?p=87596#primaryimage"},"image":{"@id":"https:\/\/quehacerpolitico.mx\/?p=87596#primaryimage"},"thumbnailUrl":"https:\/\/quehacerpolitico.mx\/wp-content\/uploads\/2021\/12\/993AC4DF-2981-444B-B996-D7F7531DB24D.jpeg","datePublished":"2021-12-24T04:33:57+00:00","dateModified":"2021-12-24T04:34:00+00:00","author":{"@id":"https:\/\/quehacerpolitico.mx\/#\/schema\/person\/496d8ad2d1d3f8036101dca7ee39e585"},"breadcrumb":{"@id":"https:\/\/quehacerpolitico.mx\/?p=87596#breadcrumb"},"inLanguage":"es","potentialAction":[{"@type":"ReadAction","target":["https:\/\/quehacerpolitico.mx\/?p=87596"]}]},{"@type":"ImageObject","inLanguage":"es","@id":"https:\/\/quehacerpolitico.mx\/?p=87596#primaryimage","url":"https:\/\/quehacerpolitico.mx\/wp-content\/uploads\/2021\/12\/993AC4DF-2981-444B-B996-D7F7531DB24D.jpeg","contentUrl":"https:\/\/quehacerpolitico.mx\/wp-content\/uploads\/2021\/12\/993AC4DF-2981-444B-B996-D7F7531DB24D.jpeg","width":1090,"height":689},{"@type":"BreadcrumbList","@id":"https:\/\/quehacerpolitico.mx\/?p=87596#breadcrumb","itemListElement":[{"@type":"ListItem","position":1,"name":"Inicio","item":"https:\/\/quehacerpolitico.mx\/"},{"@type":"ListItem","position":2,"name":"Inflaci\u00f3n en M\u00e9xico sube en la primera quincena de diciembre"}]},{"@type":"WebSite","@id":"https:\/\/quehacerpolitico.mx\/#website","url":"https:\/\/quehacerpolitico.mx\/","name":"","description":"","potentialAction":[{"@type":"SearchAction","target":{"@type":"EntryPoint","urlTemplate":"https:\/\/quehacerpolitico.mx\/?s={search_term_string}"},"query-input":{"@type":"PropertyValueSpecification","valueRequired":true,"valueName":"search_term_string"}}],"inLanguage":"es"},{"@type":"Person","@id":"https:\/\/quehacerpolitico.mx\/#\/schema\/person\/496d8ad2d1d3f8036101dca7ee39e585","name":"Redacci\u00f3n QP","image":{"@type":"ImageObject","inLanguage":"es","@id":"https:\/\/secure.gravatar.com\/avatar\/c7164ed6fdec453195284ad24a5ae5b6e1eed2b848477fa2a4787ba9adf39a41?s=96&d=mm&r=g","url":"https:\/\/secure.gravatar.com\/avatar\/c7164ed6fdec453195284ad24a5ae5b6e1eed2b848477fa2a4787ba9adf39a41?s=96&d=mm&r=g","contentUrl":"https:\/\/secure.gravatar.com\/avatar\/c7164ed6fdec453195284ad24a5ae5b6e1eed2b848477fa2a4787ba9adf39a41?s=96&d=mm&r=g","caption":"Redacci\u00f3n QP"},"url":"https:\/\/quehacerpolitico.mx\/?author=2"}]}},"featured_image_urls":{"full":["https:\/\/quehacerpolitico.mx\/wp-content\/uploads\/2021\/12\/993AC4DF-2981-444B-B996-D7F7531DB24D.jpeg",1090,689,false],"thumbnail":["https:\/\/quehacerpolitico.mx\/wp-content\/uploads\/2021\/12\/993AC4DF-2981-444B-B996-D7F7531DB24D-150x150.jpeg",150,150,true],"medium":["https:\/\/quehacerpolitico.mx\/wp-content\/uploads\/2021\/12\/993AC4DF-2981-444B-B996-D7F7531DB24D-300x190.jpeg",300,190,true],"medium_large":["https:\/\/quehacerpolitico.mx\/wp-content\/uploads\/2021\/12\/993AC4DF-2981-444B-B996-D7F7531DB24D-768x485.jpeg",640,404,true],"large":["https:\/\/quehacerpolitico.mx\/wp-content\/uploads\/2021\/12\/993AC4DF-2981-444B-B996-D7F7531DB24D-1024x647.jpeg",640,404,true],"1536x1536":["https:\/\/quehacerpolitico.mx\/wp-content\/uploads\/2021\/12\/993AC4DF-2981-444B-B996-D7F7531DB24D.jpeg",1090,689,false],"2048x2048":["https:\/\/quehacerpolitico.mx\/wp-content\/uploads\/2021\/12\/993AC4DF-2981-444B-B996-D7F7531DB24D.jpeg",1090,689,false],"covernews-featured":["https:\/\/quehacerpolitico.mx\/wp-content\/uploads\/2021\/12\/993AC4DF-2981-444B-B996-D7F7531DB24D.jpeg",1024,647,false],"covernews-medium":["https:\/\/quehacerpolitico.mx\/wp-content\/uploads\/2021\/12\/993AC4DF-2981-444B-B996-D7F7531DB24D.jpeg",538,340,false]},"author_info":{"display_name":"Redacci\u00f3n QP","author_link":"https:\/\/quehacerpolitico.mx\/?author=2"},"category_info":"<a href=\"https:\/\/quehacerpolitico.mx\/?cat=56\" rel=\"category\">Econom\u00eda<\/a>","tag_info":"Econom\u00eda","comment_count":"0","_links":{"self":[{"href":"https:\/\/quehacerpolitico.mx\/index.php?rest_route=\/wp\/v2\/posts\/87596","targetHints":{"allow":["GET"]}}],"collection":[{"href":"https:\/\/quehacerpolitico.mx\/index.php?rest_route=\/wp\/v2\/posts"}],"about":[{"href":"https:\/\/quehacerpolitico.mx\/index.php?rest_route=\/wp\/v2\/types\/post"}],"author":[{"embeddable":true,"href":"https:\/\/quehacerpolitico.mx\/index.php?rest_route=\/wp\/v2\/users\/2"}],"replies":[{"embeddable":true,"href":"https:\/\/quehacerpolitico.mx\/index.php?rest_route=%2Fwp%2Fv2%2Fcomments&post=87596"}],"version-history":[{"count":1,"href":"https:\/\/quehacerpolitico.mx\/index.php?rest_route=\/wp\/v2\/posts\/87596\/revisions"}],"predecessor-version":[{"id":87598,"href":"https:\/\/quehacerpolitico.mx\/index.php?rest_route=\/wp\/v2\/posts\/87596\/revisions\/87598"}],"wp:featuredmedia":[{"embeddable":true,"href":"https:\/\/quehacerpolitico.mx\/index.php?rest_route=\/wp\/v2\/media\/87597"}],"wp:attachment":[{"href":"https:\/\/quehacerpolitico.mx\/index.php?rest_route=%2Fwp%2Fv2%2Fmedia&parent=87596"}],"wp:term":[{"taxonomy":"category","embeddable":true,"href":"https:\/\/quehacerpolitico.mx\/index.php?rest_route=%2Fwp%2Fv2%2Fcategories&post=87596"},{"taxonomy":"post_tag","embeddable":true,"href":"https:\/\/quehacerpolitico.mx\/index.php?rest_route=%2Fwp%2Fv2%2Ftags&post=87596"}],"curies":[{"name":"wp","href":"https:\/\/api.w.org\/{rel}","templated":true}]}}