{"id":87590,"date":"2021-12-24T04:05:09","date_gmt":"2021-12-24T04:05:09","guid":{"rendered":"https:\/\/quehacerpolitico.mx\/?p=87590"},"modified":"2021-12-24T04:05:14","modified_gmt":"2021-12-24T04:05:14","slug":"el-gobierno-de-la-cdmx-admite-aumento-de-casos-de-covid","status":"publish","type":"post","link":"https:\/\/quehacerpolitico.mx\/?p=87590","title":{"rendered":"El Gobierno de la CDMX admite aumento de casos de COVID"},"content":{"rendered":"\n<p>Por Redacci\u00f3n QP<\/p>\n\n\n\n<p>Eduardo Clark, director general de Gobierno Digital\u00a0\u00a0menciona que el aumento de casos se debe a la temporada invernal<\/p>\n\n\n\n<p>El Gobierno de Ciudad de M\u00e9xico admiti\u00f3 este jueves un incremento de casos de COVID-19, pero argument\u00f3 que &#8220;no es algo descontrolado&#8221; pese a la presencia de la nueva variante \u00f3micron.<\/p>\n\n\n\n<p>Los casos positivos detectados pasaron de un promedio de incrementos diarios menor a 100 a uno cercano a los 125, seg\u00fan mostr\u00f3<strong>\u00a0Eduardo Clark, director general de Gobierno Digital\u00a0<\/strong>en la conferencia semanal de COVID-19 de Ciudad de M\u00e9xico.<\/p>\n\n\n\n<p>&#8220;<strong>Empezamos la semana con una tendencia ligeramente ascendente del n\u00famero de positivos identificados, no es algo descontrolado,<\/strong>\u00a0no es algo de gran magnitud, pero s\u00ed es importante ir monitoreando los indicadores d\u00eda con d\u00eda&#8221;, expres\u00f3 el funcionario.<\/p>\n\n\n\n<p>La capital ha sido el foco de la pandemia en M\u00e9xico, que acumula m\u00e1s de 3.9 millones de casos y casi 300 mil&nbsp;muertes, la cuarta cifra m\u00e1s alta del mundo.<\/p>\n\n\n\n<p>El Gobierno federal ha confirmado poco m\u00e1s de 20 casos de la nueva variante \u00f3micron este mes, pero la Administraci\u00f3n de la capital rechaz\u00f3 que est\u00e9 detr\u00e1s del incremento de contagios.<\/p>\n\n\n\n<p>&#8220;<strong>Este incremento que vemos, que tiene ya cerca de 10 d\u00edas, creemos que est\u00e1 mucho m\u00e1s asociado, no a un tema todav\u00eda de la variante \u00f3micron, sino a lo que en muchas partes del mundo han visto con la temporada invernal<\/strong>, porque son incrementos relativamente peque\u00f1os&#8221;, sostuvo Clark.<\/p>\n\n\n\n<p>El funcionario expuso que Ciudad de M\u00e9xico estar\u00e1 las pr\u00f3ximas dos semanas en sem\u00e1foro verde por bajo riesgo epid\u00e9mico de COVID-19.<\/p>\n\n\n\n<p>Pese a la nueva variante, el Gobierno de M\u00e9xico y el de la capital han descartado mayores restricciones por la nueva variante \u00f3micron.<\/p>\n\n\n\n<p>Incluso,<strong>&nbsp;el Presidente Andr\u00e9s Manuel L\u00f3pez Obrador (AMLO) reiter\u00f3 este jueves su recomendaci\u00f3n de &#8220;encontrarse&#8221; de nuevo con los seres queridos durante los festejos navide\u00f1os<\/strong>.<\/p>\n\n\n\n<p>&#8220;Que esta Navidad sea de felicidad, de armon\u00eda, de reconciliaci\u00f3n, de amor con nuestros seres queridos, tambi\u00e9n con nuestros amigos, con los que nos distanciamos, pero que podemos reconciliarnos en estos tiempos&#8221;, declar\u00f3 en su conferencia de prensa diaria.<\/p>\n\n\n\n<p>El Gobierno capitalino report\u00f3 una reducci\u00f3n de hospitalizaciones en el \u00e1rea metropolitana, al pasar de 500 hospitalizados hace una semana a 426.<\/p>\n\n\n\n<p>Tan solo en la jurisdicci\u00f3n de Ciudad de M\u00e9xico hay 319 hospitalizados, por lo que &#8220;se ha reducido a la mitad, pr\u00e1cticamente, la ocupaci\u00f3n hospitalaria, comparado con el m\u00ednimo&#8221; anterior de junio, expres\u00f3 Clark.<\/p>\n\n\n\n<p>El Gobierno capitalino ha confiado en la rapidez de la vacunaci\u00f3n de la tercera dosis de refuerzo de COVID-19 a adultos mayores de 60 a\u00f1os, a la que se sumar\u00e1n pronto el personal m\u00e9dico y los maestros.<\/p>\n\n\n\n<figure class=\"wp-block-embed is-type-rich is-provider-twitter wp-block-embed-twitter\"><div class=\"wp-block-embed__wrapper\">\n<blockquote class=\"twitter-tweet\" data-width=\"550\" data-dnt=\"true\"><p lang=\"es\" dir=\"ltr\"><a href=\"https:\/\/twitter.com\/hashtag\/EnVivo?src=hash&amp;ref_src=twsrc%5Etfw\">#EnVivo<\/a> \u25b6\ufe0f Conferencia de prensa, con <a href=\"https:\/\/twitter.com\/SSaludCdMx?ref_src=twsrc%5Etfw\">@SSaludCdMx<\/a> y <a href=\"https:\/\/twitter.com\/LaAgenciaCDMX?ref_src=twsrc%5Etfw\">@LaAgenciaCDMX<\/a>. <a href=\"https:\/\/t.co\/QtFwmwjY9J\">https:\/\/t.co\/QtFwmwjY9J<\/a><\/p>&mdash; Gobierno de la Ciudad de M\u00e9xico (@GobCDMX) <a href=\"https:\/\/twitter.com\/GobCDMX\/status\/1474031505311682560?ref_src=twsrc%5Etfw\">December 23, 2021<\/a><\/blockquote><script async src=\"https:\/\/platform.twitter.com\/widgets.js\" charset=\"utf-8\"><\/script>\n<\/div><\/figure>\n\n\n\n<p>Con Informaci\u00f3n de EFE<\/p>\n","protected":false},"excerpt":{"rendered":"<p>Por Redacci\u00f3n QP Eduardo Clark, director general de Gobierno Digital\u00a0\u00a0menciona que el aumento de casos&#8230;<\/p>\n","protected":false},"author":2,"featured_media":87591,"comment_status":"open","ping_status":"open","sticky":false,"template":"","format":"standard","meta":{"_monsterinsights_skip_tracking":false,"_monsterinsights_sitenote_active":false,"_monsterinsights_sitenote_note":"","_monsterinsights_sitenote_category":0,"footnotes":""},"categories":[55],"tags":[],"class_list":["post-87590","post","type-post","status-publish","format-standard","has-post-thumbnail","hentry","category-cdmx"],"yoast_head":"<!-- This site is optimized with the Yoast SEO plugin v27.3 - https:\/\/yoast.com\/product\/yoast-seo-wordpress\/ -->\n<title>El Gobierno de la CDMX admite aumento de casos de COVID -<\/title>\n<meta name=\"robots\" content=\"index, follow, max-snippet:-1, max-image-preview:large, max-video-preview:-1\" \/>\n<link rel=\"canonical\" href=\"https:\/\/quehacerpolitico.mx\/?p=87590\" \/>\n<meta property=\"og:locale\" content=\"es_MX\" \/>\n<meta property=\"og:type\" content=\"article\" \/>\n<meta property=\"og:title\" content=\"El Gobierno de la CDMX admite aumento de casos de COVID -\" \/>\n<meta property=\"og:description\" content=\"Por Redacci\u00f3n QP Eduardo Clark, director general de Gobierno Digital\u00a0\u00a0menciona que el aumento de casos...\" \/>\n<meta property=\"og:url\" content=\"https:\/\/quehacerpolitico.mx\/?p=87590\" \/>\n<meta property=\"article:published_time\" content=\"2021-12-24T04:05:09+00:00\" \/>\n<meta property=\"article:modified_time\" content=\"2021-12-24T04:05:14+00:00\" \/>\n<meta property=\"og:image\" content=\"https:\/\/quehacerpolitico.mx\/wp-content\/uploads\/2021\/12\/9C619720-15B7-4A2C-8B01-F15A724B5487.jpeg\" \/>\n\t<meta property=\"og:image:width\" content=\"1284\" \/>\n\t<meta property=\"og:image:height\" content=\"701\" \/>\n\t<meta property=\"og:image:type\" content=\"image\/jpeg\" \/>\n<meta name=\"author\" content=\"Redacci\u00f3n QP\" \/>\n<meta name=\"twitter:card\" content=\"summary_large_image\" \/>\n<meta name=\"twitter:label1\" content=\"Escrito por\" \/>\n\t<meta name=\"twitter:data1\" content=\"Redacci\u00f3n QP\" \/>\n\t<meta name=\"twitter:label2\" content=\"Tiempo de lectura\" \/>\n\t<meta name=\"twitter:data2\" content=\"2 minutos\" \/>\n<script type=\"application\/ld+json\" class=\"yoast-schema-graph\">{\"@context\":\"https:\\\/\\\/schema.org\",\"@graph\":[{\"@type\":\"Article\",\"@id\":\"https:\\\/\\\/quehacerpolitico.mx\\\/?p=87590#article\",\"isPartOf\":{\"@id\":\"https:\\\/\\\/quehacerpolitico.mx\\\/?p=87590\"},\"author\":{\"name\":\"Redacci\u00f3n QP\",\"@id\":\"https:\\\/\\\/quehacerpolitico.mx\\\/#\\\/schema\\\/person\\\/496d8ad2d1d3f8036101dca7ee39e585\"},\"headline\":\"El Gobierno de la CDMX admite aumento de casos de COVID\",\"datePublished\":\"2021-12-24T04:05:09+00:00\",\"dateModified\":\"2021-12-24T04:05:14+00:00\",\"mainEntityOfPage\":{\"@id\":\"https:\\\/\\\/quehacerpolitico.mx\\\/?p=87590\"},\"wordCount\":493,\"commentCount\":0,\"image\":{\"@id\":\"https:\\\/\\\/quehacerpolitico.mx\\\/?p=87590#primaryimage\"},\"thumbnailUrl\":\"https:\\\/\\\/quehacerpolitico.mx\\\/wp-content\\\/uploads\\\/2021\\\/12\\\/9C619720-15B7-4A2C-8B01-F15A724B5487.jpeg\",\"articleSection\":[\"CDMX\"],\"inLanguage\":\"es\",\"potentialAction\":[{\"@type\":\"CommentAction\",\"name\":\"Comment\",\"target\":[\"https:\\\/\\\/quehacerpolitico.mx\\\/?p=87590#respond\"]}]},{\"@type\":\"WebPage\",\"@id\":\"https:\\\/\\\/quehacerpolitico.mx\\\/?p=87590\",\"url\":\"https:\\\/\\\/quehacerpolitico.mx\\\/?p=87590\",\"name\":\"El Gobierno de la CDMX admite aumento de casos de COVID -\",\"isPartOf\":{\"@id\":\"https:\\\/\\\/quehacerpolitico.mx\\\/#website\"},\"primaryImageOfPage\":{\"@id\":\"https:\\\/\\\/quehacerpolitico.mx\\\/?p=87590#primaryimage\"},\"image\":{\"@id\":\"https:\\\/\\\/quehacerpolitico.mx\\\/?p=87590#primaryimage\"},\"thumbnailUrl\":\"https:\\\/\\\/quehacerpolitico.mx\\\/wp-content\\\/uploads\\\/2021\\\/12\\\/9C619720-15B7-4A2C-8B01-F15A724B5487.jpeg\",\"datePublished\":\"2021-12-24T04:05:09+00:00\",\"dateModified\":\"2021-12-24T04:05:14+00:00\",\"author\":{\"@id\":\"https:\\\/\\\/quehacerpolitico.mx\\\/#\\\/schema\\\/person\\\/496d8ad2d1d3f8036101dca7ee39e585\"},\"breadcrumb\":{\"@id\":\"https:\\\/\\\/quehacerpolitico.mx\\\/?p=87590#breadcrumb\"},\"inLanguage\":\"es\",\"potentialAction\":[{\"@type\":\"ReadAction\",\"target\":[\"https:\\\/\\\/quehacerpolitico.mx\\\/?p=87590\"]}]},{\"@type\":\"ImageObject\",\"inLanguage\":\"es\",\"@id\":\"https:\\\/\\\/quehacerpolitico.mx\\\/?p=87590#primaryimage\",\"url\":\"https:\\\/\\\/quehacerpolitico.mx\\\/wp-content\\\/uploads\\\/2021\\\/12\\\/9C619720-15B7-4A2C-8B01-F15A724B5487.jpeg\",\"contentUrl\":\"https:\\\/\\\/quehacerpolitico.mx\\\/wp-content\\\/uploads\\\/2021\\\/12\\\/9C619720-15B7-4A2C-8B01-F15A724B5487.jpeg\",\"width\":1284,\"height\":701},{\"@type\":\"BreadcrumbList\",\"@id\":\"https:\\\/\\\/quehacerpolitico.mx\\\/?p=87590#breadcrumb\",\"itemListElement\":[{\"@type\":\"ListItem\",\"position\":1,\"name\":\"Inicio\",\"item\":\"https:\\\/\\\/quehacerpolitico.mx\\\/\"},{\"@type\":\"ListItem\",\"position\":2,\"name\":\"El Gobierno de la CDMX admite aumento de casos de COVID\"}]},{\"@type\":\"WebSite\",\"@id\":\"https:\\\/\\\/quehacerpolitico.mx\\\/#website\",\"url\":\"https:\\\/\\\/quehacerpolitico.mx\\\/\",\"name\":\"\",\"description\":\"\",\"potentialAction\":[{\"@type\":\"SearchAction\",\"target\":{\"@type\":\"EntryPoint\",\"urlTemplate\":\"https:\\\/\\\/quehacerpolitico.mx\\\/?s={search_term_string}\"},\"query-input\":{\"@type\":\"PropertyValueSpecification\",\"valueRequired\":true,\"valueName\":\"search_term_string\"}}],\"inLanguage\":\"es\"},{\"@type\":\"Person\",\"@id\":\"https:\\\/\\\/quehacerpolitico.mx\\\/#\\\/schema\\\/person\\\/496d8ad2d1d3f8036101dca7ee39e585\",\"name\":\"Redacci\u00f3n QP\",\"image\":{\"@type\":\"ImageObject\",\"inLanguage\":\"es\",\"@id\":\"https:\\\/\\\/secure.gravatar.com\\\/avatar\\\/c7164ed6fdec453195284ad24a5ae5b6e1eed2b848477fa2a4787ba9adf39a41?s=96&d=mm&r=g\",\"url\":\"https:\\\/\\\/secure.gravatar.com\\\/avatar\\\/c7164ed6fdec453195284ad24a5ae5b6e1eed2b848477fa2a4787ba9adf39a41?s=96&d=mm&r=g\",\"contentUrl\":\"https:\\\/\\\/secure.gravatar.com\\\/avatar\\\/c7164ed6fdec453195284ad24a5ae5b6e1eed2b848477fa2a4787ba9adf39a41?s=96&d=mm&r=g\",\"caption\":\"Redacci\u00f3n QP\"},\"url\":\"https:\\\/\\\/quehacerpolitico.mx\\\/?author=2\"}]}<\/script>\n<!-- \/ Yoast SEO plugin. -->","yoast_head_json":{"title":"El Gobierno de la CDMX admite aumento de casos de COVID -","robots":{"index":"index","follow":"follow","max-snippet":"max-snippet:-1","max-image-preview":"max-image-preview:large","max-video-preview":"max-video-preview:-1"},"canonical":"https:\/\/quehacerpolitico.mx\/?p=87590","og_locale":"es_MX","og_type":"article","og_title":"El Gobierno de la CDMX admite aumento de casos de COVID -","og_description":"Por Redacci\u00f3n QP Eduardo Clark, director general de Gobierno Digital\u00a0\u00a0menciona que el aumento de casos...","og_url":"https:\/\/quehacerpolitico.mx\/?p=87590","article_published_time":"2021-12-24T04:05:09+00:00","article_modified_time":"2021-12-24T04:05:14+00:00","og_image":[{"width":1284,"height":701,"url":"https:\/\/quehacerpolitico.mx\/wp-content\/uploads\/2021\/12\/9C619720-15B7-4A2C-8B01-F15A724B5487.jpeg","type":"image\/jpeg"}],"author":"Redacci\u00f3n QP","twitter_card":"summary_large_image","twitter_misc":{"Escrito por":"Redacci\u00f3n QP","Tiempo de lectura":"2 minutos"},"schema":{"@context":"https:\/\/schema.org","@graph":[{"@type":"Article","@id":"https:\/\/quehacerpolitico.mx\/?p=87590#article","isPartOf":{"@id":"https:\/\/quehacerpolitico.mx\/?p=87590"},"author":{"name":"Redacci\u00f3n QP","@id":"https:\/\/quehacerpolitico.mx\/#\/schema\/person\/496d8ad2d1d3f8036101dca7ee39e585"},"headline":"El Gobierno de la CDMX admite aumento de casos de COVID","datePublished":"2021-12-24T04:05:09+00:00","dateModified":"2021-12-24T04:05:14+00:00","mainEntityOfPage":{"@id":"https:\/\/quehacerpolitico.mx\/?p=87590"},"wordCount":493,"commentCount":0,"image":{"@id":"https:\/\/quehacerpolitico.mx\/?p=87590#primaryimage"},"thumbnailUrl":"https:\/\/quehacerpolitico.mx\/wp-content\/uploads\/2021\/12\/9C619720-15B7-4A2C-8B01-F15A724B5487.jpeg","articleSection":["CDMX"],"inLanguage":"es","potentialAction":[{"@type":"CommentAction","name":"Comment","target":["https:\/\/quehacerpolitico.mx\/?p=87590#respond"]}]},{"@type":"WebPage","@id":"https:\/\/quehacerpolitico.mx\/?p=87590","url":"https:\/\/quehacerpolitico.mx\/?p=87590","name":"El Gobierno de la CDMX admite aumento de casos de COVID -","isPartOf":{"@id":"https:\/\/quehacerpolitico.mx\/#website"},"primaryImageOfPage":{"@id":"https:\/\/quehacerpolitico.mx\/?p=87590#primaryimage"},"image":{"@id":"https:\/\/quehacerpolitico.mx\/?p=87590#primaryimage"},"thumbnailUrl":"https:\/\/quehacerpolitico.mx\/wp-content\/uploads\/2021\/12\/9C619720-15B7-4A2C-8B01-F15A724B5487.jpeg","datePublished":"2021-12-24T04:05:09+00:00","dateModified":"2021-12-24T04:05:14+00:00","author":{"@id":"https:\/\/quehacerpolitico.mx\/#\/schema\/person\/496d8ad2d1d3f8036101dca7ee39e585"},"breadcrumb":{"@id":"https:\/\/quehacerpolitico.mx\/?p=87590#breadcrumb"},"inLanguage":"es","potentialAction":[{"@type":"ReadAction","target":["https:\/\/quehacerpolitico.mx\/?p=87590"]}]},{"@type":"ImageObject","inLanguage":"es","@id":"https:\/\/quehacerpolitico.mx\/?p=87590#primaryimage","url":"https:\/\/quehacerpolitico.mx\/wp-content\/uploads\/2021\/12\/9C619720-15B7-4A2C-8B01-F15A724B5487.jpeg","contentUrl":"https:\/\/quehacerpolitico.mx\/wp-content\/uploads\/2021\/12\/9C619720-15B7-4A2C-8B01-F15A724B5487.jpeg","width":1284,"height":701},{"@type":"BreadcrumbList","@id":"https:\/\/quehacerpolitico.mx\/?p=87590#breadcrumb","itemListElement":[{"@type":"ListItem","position":1,"name":"Inicio","item":"https:\/\/quehacerpolitico.mx\/"},{"@type":"ListItem","position":2,"name":"El Gobierno de la CDMX admite aumento de casos de COVID"}]},{"@type":"WebSite","@id":"https:\/\/quehacerpolitico.mx\/#website","url":"https:\/\/quehacerpolitico.mx\/","name":"","description":"","potentialAction":[{"@type":"SearchAction","target":{"@type":"EntryPoint","urlTemplate":"https:\/\/quehacerpolitico.mx\/?s={search_term_string}"},"query-input":{"@type":"PropertyValueSpecification","valueRequired":true,"valueName":"search_term_string"}}],"inLanguage":"es"},{"@type":"Person","@id":"https:\/\/quehacerpolitico.mx\/#\/schema\/person\/496d8ad2d1d3f8036101dca7ee39e585","name":"Redacci\u00f3n QP","image":{"@type":"ImageObject","inLanguage":"es","@id":"https:\/\/secure.gravatar.com\/avatar\/c7164ed6fdec453195284ad24a5ae5b6e1eed2b848477fa2a4787ba9adf39a41?s=96&d=mm&r=g","url":"https:\/\/secure.gravatar.com\/avatar\/c7164ed6fdec453195284ad24a5ae5b6e1eed2b848477fa2a4787ba9adf39a41?s=96&d=mm&r=g","contentUrl":"https:\/\/secure.gravatar.com\/avatar\/c7164ed6fdec453195284ad24a5ae5b6e1eed2b848477fa2a4787ba9adf39a41?s=96&d=mm&r=g","caption":"Redacci\u00f3n QP"},"url":"https:\/\/quehacerpolitico.mx\/?author=2"}]}},"featured_image_urls":{"full":["https:\/\/quehacerpolitico.mx\/wp-content\/uploads\/2021\/12\/9C619720-15B7-4A2C-8B01-F15A724B5487.jpeg",1284,701,false],"thumbnail":["https:\/\/quehacerpolitico.mx\/wp-content\/uploads\/2021\/12\/9C619720-15B7-4A2C-8B01-F15A724B5487-150x150.jpeg",150,150,true],"medium":["https:\/\/quehacerpolitico.mx\/wp-content\/uploads\/2021\/12\/9C619720-15B7-4A2C-8B01-F15A724B5487-300x164.jpeg",300,164,true],"medium_large":["https:\/\/quehacerpolitico.mx\/wp-content\/uploads\/2021\/12\/9C619720-15B7-4A2C-8B01-F15A724B5487-768x419.jpeg",640,349,true],"large":["https:\/\/quehacerpolitico.mx\/wp-content\/uploads\/2021\/12\/9C619720-15B7-4A2C-8B01-F15A724B5487-1024x559.jpeg",640,349,true],"1536x1536":["https:\/\/quehacerpolitico.mx\/wp-content\/uploads\/2021\/12\/9C619720-15B7-4A2C-8B01-F15A724B5487.jpeg",1284,701,false],"2048x2048":["https:\/\/quehacerpolitico.mx\/wp-content\/uploads\/2021\/12\/9C619720-15B7-4A2C-8B01-F15A724B5487.jpeg",1284,701,false],"covernews-featured":["https:\/\/quehacerpolitico.mx\/wp-content\/uploads\/2021\/12\/9C619720-15B7-4A2C-8B01-F15A724B5487.jpeg",1024,559,false],"covernews-medium":["https:\/\/quehacerpolitico.mx\/wp-content\/uploads\/2021\/12\/9C619720-15B7-4A2C-8B01-F15A724B5487.jpeg",540,295,false]},"author_info":{"display_name":"Redacci\u00f3n QP","author_link":"https:\/\/quehacerpolitico.mx\/?author=2"},"category_info":"<a href=\"https:\/\/quehacerpolitico.mx\/?cat=55\" rel=\"category\">CDMX<\/a>","tag_info":"CDMX","comment_count":"0","_links":{"self":[{"href":"https:\/\/quehacerpolitico.mx\/index.php?rest_route=\/wp\/v2\/posts\/87590","targetHints":{"allow":["GET"]}}],"collection":[{"href":"https:\/\/quehacerpolitico.mx\/index.php?rest_route=\/wp\/v2\/posts"}],"about":[{"href":"https:\/\/quehacerpolitico.mx\/index.php?rest_route=\/wp\/v2\/types\/post"}],"author":[{"embeddable":true,"href":"https:\/\/quehacerpolitico.mx\/index.php?rest_route=\/wp\/v2\/users\/2"}],"replies":[{"embeddable":true,"href":"https:\/\/quehacerpolitico.mx\/index.php?rest_route=%2Fwp%2Fv2%2Fcomments&post=87590"}],"version-history":[{"count":1,"href":"https:\/\/quehacerpolitico.mx\/index.php?rest_route=\/wp\/v2\/posts\/87590\/revisions"}],"predecessor-version":[{"id":87592,"href":"https:\/\/quehacerpolitico.mx\/index.php?rest_route=\/wp\/v2\/posts\/87590\/revisions\/87592"}],"wp:featuredmedia":[{"embeddable":true,"href":"https:\/\/quehacerpolitico.mx\/index.php?rest_route=\/wp\/v2\/media\/87591"}],"wp:attachment":[{"href":"https:\/\/quehacerpolitico.mx\/index.php?rest_route=%2Fwp%2Fv2%2Fmedia&parent=87590"}],"wp:term":[{"taxonomy":"category","embeddable":true,"href":"https:\/\/quehacerpolitico.mx\/index.php?rest_route=%2Fwp%2Fv2%2Fcategories&post=87590"},{"taxonomy":"post_tag","embeddable":true,"href":"https:\/\/quehacerpolitico.mx\/index.php?rest_route=%2Fwp%2Fv2%2Ftags&post=87590"}],"curies":[{"name":"wp","href":"https:\/\/api.w.org\/{rel}","templated":true}]}}