{"id":87581,"date":"2021-12-23T05:06:10","date_gmt":"2021-12-23T05:06:10","guid":{"rendered":"https:\/\/quehacerpolitico.mx\/?p=87581"},"modified":"2021-12-23T05:06:13","modified_gmt":"2021-12-23T05:06:13","slug":"argentina-aprueba-la-extradicion-del-empresario-carlos-ahumada","status":"publish","type":"post","link":"https:\/\/quehacerpolitico.mx\/?p=87581","title":{"rendered":"Argentina aprueba la extradici\u00f3n del empresario Carlos Ahumada"},"content":{"rendered":"\n<p>Por Redacci\u00f3n QP<\/p>\n\n\n\n<p>La FGR inform\u00f3 que un juzgado de Buenos Aires declar\u00f3 procedente la solicitud hecha en 2020<\/p>\n\n\n\n<p>La Fiscal\u00eda General de Justicia de Ciudad de M\u00e9xico inform\u00f3 que el gobierno de Argentina&nbsp;<strong>otorg\u00f3 la extradici\u00f3n del empresario Carlos Ahumada.<\/strong><\/p>\n\n\n\n<p>En un comunicado, la dependencia detall\u00f3 que la Fiscal\u00eda General de la Rep\u00fablica (FGR), a solicitud de la Fiscal\u00eda General de Justicia de la Ciudad de M\u00e9xico (FGJCDMX), solicit\u00f3 al gobierno de la Rep\u00fablica de Argentina la extradici\u00f3n de Carlos Agust\u00edn Ahumada<strong>\u00a0por la posible comisi\u00f3n del delito del fraude gen\u00e9rico del fuero com\u00fa<\/strong>n con relaci\u00f3n a contratos de obras p\u00fablicas en diversas delegaciones de la Ciudad, donde se obtuvo la orden de aprehensi\u00f3n correspondiente por parte de un juzgado penal.<\/p>\n\n\n\n<p>Este mi\u00e9rcoles 22 de diciembre, en la Ciudad de Buenos Aires, el Juzgado Nacional en lo Criminal n\u00famero 9 declar\u00f3 procedente la solicitud de extradici\u00f3n de Carlos Ahumada.<\/p>\n\n\n\n<p>Fue en julio de ese a\u00f1o en que la FGR solicit\u00f3 ante la Secretar\u00eda de Relaciones Exteriores la petici\u00f3n formal de extradici\u00f3n para que por los conductos diplom\u00e1ticos fuera remitida al gobierno de la Rep\u00fablica de Argentina.<\/p>\n\n\n\n<p>Con Informaci\u00f3n de SUN<\/p>\n","protected":false},"excerpt":{"rendered":"<p>Por Redacci\u00f3n QP La FGR inform\u00f3 que un juzgado de Buenos Aires declar\u00f3 procedente la&#8230;<\/p>\n","protected":false},"author":2,"featured_media":87582,"comment_status":"open","ping_status":"open","sticky":false,"template":"","format":"standard","meta":{"_monsterinsights_skip_tracking":false,"_monsterinsights_sitenote_active":false,"_monsterinsights_sitenote_note":"","_monsterinsights_sitenote_category":0,"footnotes":""},"categories":[2],"tags":[],"class_list":["post-87581","post","type-post","status-publish","format-standard","has-post-thumbnail","hentry","category-noticias"],"yoast_head":"<!-- This site is optimized with the Yoast SEO plugin v27.3 - https:\/\/yoast.com\/product\/yoast-seo-wordpress\/ -->\n<title>Argentina aprueba la extradici\u00f3n del empresario Carlos Ahumada -<\/title>\n<meta name=\"robots\" content=\"index, follow, max-snippet:-1, max-image-preview:large, max-video-preview:-1\" \/>\n<link rel=\"canonical\" href=\"https:\/\/quehacerpolitico.mx\/?p=87581\" \/>\n<meta property=\"og:locale\" content=\"es_MX\" \/>\n<meta property=\"og:type\" content=\"article\" \/>\n<meta property=\"og:title\" content=\"Argentina aprueba la extradici\u00f3n del empresario Carlos Ahumada -\" \/>\n<meta property=\"og:description\" content=\"Por Redacci\u00f3n QP La FGR inform\u00f3 que un juzgado de Buenos Aires declar\u00f3 procedente la...\" \/>\n<meta property=\"og:url\" content=\"https:\/\/quehacerpolitico.mx\/?p=87581\" \/>\n<meta property=\"article:published_time\" content=\"2021-12-23T05:06:10+00:00\" \/>\n<meta property=\"article:modified_time\" content=\"2021-12-23T05:06:13+00:00\" \/>\n<meta property=\"og:image\" content=\"https:\/\/quehacerpolitico.mx\/wp-content\/uploads\/2021\/12\/4A27316A-8A61-4CAB-8313-65E61BE6C8A0.jpeg\" \/>\n\t<meta property=\"og:image:width\" content=\"608\" \/>\n\t<meta property=\"og:image:height\" content=\"342\" \/>\n\t<meta property=\"og:image:type\" content=\"image\/jpeg\" \/>\n<meta name=\"author\" content=\"Redacci\u00f3n QP\" \/>\n<meta name=\"twitter:card\" content=\"summary_large_image\" \/>\n<meta name=\"twitter:label1\" content=\"Escrito por\" \/>\n\t<meta name=\"twitter:data1\" content=\"Redacci\u00f3n QP\" \/>\n\t<meta name=\"twitter:label2\" content=\"Tiempo de lectura\" \/>\n\t<meta name=\"twitter:data2\" content=\"1 minuto\" \/>\n<script type=\"application\/ld+json\" class=\"yoast-schema-graph\">{\"@context\":\"https:\\\/\\\/schema.org\",\"@graph\":[{\"@type\":\"Article\",\"@id\":\"https:\\\/\\\/quehacerpolitico.mx\\\/?p=87581#article\",\"isPartOf\":{\"@id\":\"https:\\\/\\\/quehacerpolitico.mx\\\/?p=87581\"},\"author\":{\"name\":\"Redacci\u00f3n QP\",\"@id\":\"https:\\\/\\\/quehacerpolitico.mx\\\/#\\\/schema\\\/person\\\/496d8ad2d1d3f8036101dca7ee39e585\"},\"headline\":\"Argentina aprueba la extradici\u00f3n del empresario Carlos Ahumada\",\"datePublished\":\"2021-12-23T05:06:10+00:00\",\"dateModified\":\"2021-12-23T05:06:13+00:00\",\"mainEntityOfPage\":{\"@id\":\"https:\\\/\\\/quehacerpolitico.mx\\\/?p=87581\"},\"wordCount\":225,\"commentCount\":0,\"image\":{\"@id\":\"https:\\\/\\\/quehacerpolitico.mx\\\/?p=87581#primaryimage\"},\"thumbnailUrl\":\"https:\\\/\\\/quehacerpolitico.mx\\\/wp-content\\\/uploads\\\/2021\\\/12\\\/4A27316A-8A61-4CAB-8313-65E61BE6C8A0.jpeg\",\"articleSection\":[\"Noticias\"],\"inLanguage\":\"es\",\"potentialAction\":[{\"@type\":\"CommentAction\",\"name\":\"Comment\",\"target\":[\"https:\\\/\\\/quehacerpolitico.mx\\\/?p=87581#respond\"]}]},{\"@type\":\"WebPage\",\"@id\":\"https:\\\/\\\/quehacerpolitico.mx\\\/?p=87581\",\"url\":\"https:\\\/\\\/quehacerpolitico.mx\\\/?p=87581\",\"name\":\"Argentina aprueba la extradici\u00f3n del empresario Carlos Ahumada -\",\"isPartOf\":{\"@id\":\"https:\\\/\\\/quehacerpolitico.mx\\\/#website\"},\"primaryImageOfPage\":{\"@id\":\"https:\\\/\\\/quehacerpolitico.mx\\\/?p=87581#primaryimage\"},\"image\":{\"@id\":\"https:\\\/\\\/quehacerpolitico.mx\\\/?p=87581#primaryimage\"},\"thumbnailUrl\":\"https:\\\/\\\/quehacerpolitico.mx\\\/wp-content\\\/uploads\\\/2021\\\/12\\\/4A27316A-8A61-4CAB-8313-65E61BE6C8A0.jpeg\",\"datePublished\":\"2021-12-23T05:06:10+00:00\",\"dateModified\":\"2021-12-23T05:06:13+00:00\",\"author\":{\"@id\":\"https:\\\/\\\/quehacerpolitico.mx\\\/#\\\/schema\\\/person\\\/496d8ad2d1d3f8036101dca7ee39e585\"},\"breadcrumb\":{\"@id\":\"https:\\\/\\\/quehacerpolitico.mx\\\/?p=87581#breadcrumb\"},\"inLanguage\":\"es\",\"potentialAction\":[{\"@type\":\"ReadAction\",\"target\":[\"https:\\\/\\\/quehacerpolitico.mx\\\/?p=87581\"]}]},{\"@type\":\"ImageObject\",\"inLanguage\":\"es\",\"@id\":\"https:\\\/\\\/quehacerpolitico.mx\\\/?p=87581#primaryimage\",\"url\":\"https:\\\/\\\/quehacerpolitico.mx\\\/wp-content\\\/uploads\\\/2021\\\/12\\\/4A27316A-8A61-4CAB-8313-65E61BE6C8A0.jpeg\",\"contentUrl\":\"https:\\\/\\\/quehacerpolitico.mx\\\/wp-content\\\/uploads\\\/2021\\\/12\\\/4A27316A-8A61-4CAB-8313-65E61BE6C8A0.jpeg\",\"width\":608,\"height\":342},{\"@type\":\"BreadcrumbList\",\"@id\":\"https:\\\/\\\/quehacerpolitico.mx\\\/?p=87581#breadcrumb\",\"itemListElement\":[{\"@type\":\"ListItem\",\"position\":1,\"name\":\"Inicio\",\"item\":\"https:\\\/\\\/quehacerpolitico.mx\\\/\"},{\"@type\":\"ListItem\",\"position\":2,\"name\":\"Argentina aprueba la extradici\u00f3n del empresario Carlos Ahumada\"}]},{\"@type\":\"WebSite\",\"@id\":\"https:\\\/\\\/quehacerpolitico.mx\\\/#website\",\"url\":\"https:\\\/\\\/quehacerpolitico.mx\\\/\",\"name\":\"\",\"description\":\"\",\"potentialAction\":[{\"@type\":\"SearchAction\",\"target\":{\"@type\":\"EntryPoint\",\"urlTemplate\":\"https:\\\/\\\/quehacerpolitico.mx\\\/?s={search_term_string}\"},\"query-input\":{\"@type\":\"PropertyValueSpecification\",\"valueRequired\":true,\"valueName\":\"search_term_string\"}}],\"inLanguage\":\"es\"},{\"@type\":\"Person\",\"@id\":\"https:\\\/\\\/quehacerpolitico.mx\\\/#\\\/schema\\\/person\\\/496d8ad2d1d3f8036101dca7ee39e585\",\"name\":\"Redacci\u00f3n QP\",\"image\":{\"@type\":\"ImageObject\",\"inLanguage\":\"es\",\"@id\":\"https:\\\/\\\/secure.gravatar.com\\\/avatar\\\/c7164ed6fdec453195284ad24a5ae5b6e1eed2b848477fa2a4787ba9adf39a41?s=96&d=mm&r=g\",\"url\":\"https:\\\/\\\/secure.gravatar.com\\\/avatar\\\/c7164ed6fdec453195284ad24a5ae5b6e1eed2b848477fa2a4787ba9adf39a41?s=96&d=mm&r=g\",\"contentUrl\":\"https:\\\/\\\/secure.gravatar.com\\\/avatar\\\/c7164ed6fdec453195284ad24a5ae5b6e1eed2b848477fa2a4787ba9adf39a41?s=96&d=mm&r=g\",\"caption\":\"Redacci\u00f3n QP\"},\"url\":\"https:\\\/\\\/quehacerpolitico.mx\\\/?author=2\"}]}<\/script>\n<!-- \/ Yoast SEO plugin. -->","yoast_head_json":{"title":"Argentina aprueba la extradici\u00f3n del empresario Carlos Ahumada -","robots":{"index":"index","follow":"follow","max-snippet":"max-snippet:-1","max-image-preview":"max-image-preview:large","max-video-preview":"max-video-preview:-1"},"canonical":"https:\/\/quehacerpolitico.mx\/?p=87581","og_locale":"es_MX","og_type":"article","og_title":"Argentina aprueba la extradici\u00f3n del empresario Carlos Ahumada -","og_description":"Por Redacci\u00f3n QP La FGR inform\u00f3 que un juzgado de Buenos Aires declar\u00f3 procedente la...","og_url":"https:\/\/quehacerpolitico.mx\/?p=87581","article_published_time":"2021-12-23T05:06:10+00:00","article_modified_time":"2021-12-23T05:06:13+00:00","og_image":[{"width":608,"height":342,"url":"https:\/\/quehacerpolitico.mx\/wp-content\/uploads\/2021\/12\/4A27316A-8A61-4CAB-8313-65E61BE6C8A0.jpeg","type":"image\/jpeg"}],"author":"Redacci\u00f3n QP","twitter_card":"summary_large_image","twitter_misc":{"Escrito por":"Redacci\u00f3n QP","Tiempo de lectura":"1 minuto"},"schema":{"@context":"https:\/\/schema.org","@graph":[{"@type":"Article","@id":"https:\/\/quehacerpolitico.mx\/?p=87581#article","isPartOf":{"@id":"https:\/\/quehacerpolitico.mx\/?p=87581"},"author":{"name":"Redacci\u00f3n QP","@id":"https:\/\/quehacerpolitico.mx\/#\/schema\/person\/496d8ad2d1d3f8036101dca7ee39e585"},"headline":"Argentina aprueba la extradici\u00f3n del empresario Carlos Ahumada","datePublished":"2021-12-23T05:06:10+00:00","dateModified":"2021-12-23T05:06:13+00:00","mainEntityOfPage":{"@id":"https:\/\/quehacerpolitico.mx\/?p=87581"},"wordCount":225,"commentCount":0,"image":{"@id":"https:\/\/quehacerpolitico.mx\/?p=87581#primaryimage"},"thumbnailUrl":"https:\/\/quehacerpolitico.mx\/wp-content\/uploads\/2021\/12\/4A27316A-8A61-4CAB-8313-65E61BE6C8A0.jpeg","articleSection":["Noticias"],"inLanguage":"es","potentialAction":[{"@type":"CommentAction","name":"Comment","target":["https:\/\/quehacerpolitico.mx\/?p=87581#respond"]}]},{"@type":"WebPage","@id":"https:\/\/quehacerpolitico.mx\/?p=87581","url":"https:\/\/quehacerpolitico.mx\/?p=87581","name":"Argentina aprueba la extradici\u00f3n del empresario Carlos Ahumada -","isPartOf":{"@id":"https:\/\/quehacerpolitico.mx\/#website"},"primaryImageOfPage":{"@id":"https:\/\/quehacerpolitico.mx\/?p=87581#primaryimage"},"image":{"@id":"https:\/\/quehacerpolitico.mx\/?p=87581#primaryimage"},"thumbnailUrl":"https:\/\/quehacerpolitico.mx\/wp-content\/uploads\/2021\/12\/4A27316A-8A61-4CAB-8313-65E61BE6C8A0.jpeg","datePublished":"2021-12-23T05:06:10+00:00","dateModified":"2021-12-23T05:06:13+00:00","author":{"@id":"https:\/\/quehacerpolitico.mx\/#\/schema\/person\/496d8ad2d1d3f8036101dca7ee39e585"},"breadcrumb":{"@id":"https:\/\/quehacerpolitico.mx\/?p=87581#breadcrumb"},"inLanguage":"es","potentialAction":[{"@type":"ReadAction","target":["https:\/\/quehacerpolitico.mx\/?p=87581"]}]},{"@type":"ImageObject","inLanguage":"es","@id":"https:\/\/quehacerpolitico.mx\/?p=87581#primaryimage","url":"https:\/\/quehacerpolitico.mx\/wp-content\/uploads\/2021\/12\/4A27316A-8A61-4CAB-8313-65E61BE6C8A0.jpeg","contentUrl":"https:\/\/quehacerpolitico.mx\/wp-content\/uploads\/2021\/12\/4A27316A-8A61-4CAB-8313-65E61BE6C8A0.jpeg","width":608,"height":342},{"@type":"BreadcrumbList","@id":"https:\/\/quehacerpolitico.mx\/?p=87581#breadcrumb","itemListElement":[{"@type":"ListItem","position":1,"name":"Inicio","item":"https:\/\/quehacerpolitico.mx\/"},{"@type":"ListItem","position":2,"name":"Argentina aprueba la extradici\u00f3n del empresario Carlos Ahumada"}]},{"@type":"WebSite","@id":"https:\/\/quehacerpolitico.mx\/#website","url":"https:\/\/quehacerpolitico.mx\/","name":"","description":"","potentialAction":[{"@type":"SearchAction","target":{"@type":"EntryPoint","urlTemplate":"https:\/\/quehacerpolitico.mx\/?s={search_term_string}"},"query-input":{"@type":"PropertyValueSpecification","valueRequired":true,"valueName":"search_term_string"}}],"inLanguage":"es"},{"@type":"Person","@id":"https:\/\/quehacerpolitico.mx\/#\/schema\/person\/496d8ad2d1d3f8036101dca7ee39e585","name":"Redacci\u00f3n QP","image":{"@type":"ImageObject","inLanguage":"es","@id":"https:\/\/secure.gravatar.com\/avatar\/c7164ed6fdec453195284ad24a5ae5b6e1eed2b848477fa2a4787ba9adf39a41?s=96&d=mm&r=g","url":"https:\/\/secure.gravatar.com\/avatar\/c7164ed6fdec453195284ad24a5ae5b6e1eed2b848477fa2a4787ba9adf39a41?s=96&d=mm&r=g","contentUrl":"https:\/\/secure.gravatar.com\/avatar\/c7164ed6fdec453195284ad24a5ae5b6e1eed2b848477fa2a4787ba9adf39a41?s=96&d=mm&r=g","caption":"Redacci\u00f3n QP"},"url":"https:\/\/quehacerpolitico.mx\/?author=2"}]}},"featured_image_urls":{"full":["https:\/\/quehacerpolitico.mx\/wp-content\/uploads\/2021\/12\/4A27316A-8A61-4CAB-8313-65E61BE6C8A0.jpeg",608,342,false],"thumbnail":["https:\/\/quehacerpolitico.mx\/wp-content\/uploads\/2021\/12\/4A27316A-8A61-4CAB-8313-65E61BE6C8A0-150x150.jpeg",150,150,true],"medium":["https:\/\/quehacerpolitico.mx\/wp-content\/uploads\/2021\/12\/4A27316A-8A61-4CAB-8313-65E61BE6C8A0-300x169.jpeg",300,169,true],"medium_large":["https:\/\/quehacerpolitico.mx\/wp-content\/uploads\/2021\/12\/4A27316A-8A61-4CAB-8313-65E61BE6C8A0.jpeg",608,342,false],"large":["https:\/\/quehacerpolitico.mx\/wp-content\/uploads\/2021\/12\/4A27316A-8A61-4CAB-8313-65E61BE6C8A0.jpeg",608,342,false],"1536x1536":["https:\/\/quehacerpolitico.mx\/wp-content\/uploads\/2021\/12\/4A27316A-8A61-4CAB-8313-65E61BE6C8A0.jpeg",608,342,false],"2048x2048":["https:\/\/quehacerpolitico.mx\/wp-content\/uploads\/2021\/12\/4A27316A-8A61-4CAB-8313-65E61BE6C8A0.jpeg",608,342,false],"covernews-featured":["https:\/\/quehacerpolitico.mx\/wp-content\/uploads\/2021\/12\/4A27316A-8A61-4CAB-8313-65E61BE6C8A0.jpeg",608,342,false],"covernews-medium":["https:\/\/quehacerpolitico.mx\/wp-content\/uploads\/2021\/12\/4A27316A-8A61-4CAB-8313-65E61BE6C8A0.jpeg",540,304,false]},"author_info":{"display_name":"Redacci\u00f3n QP","author_link":"https:\/\/quehacerpolitico.mx\/?author=2"},"category_info":"<a href=\"https:\/\/quehacerpolitico.mx\/?cat=2\" rel=\"category\">Noticias<\/a>","tag_info":"Noticias","comment_count":"0","_links":{"self":[{"href":"https:\/\/quehacerpolitico.mx\/index.php?rest_route=\/wp\/v2\/posts\/87581","targetHints":{"allow":["GET"]}}],"collection":[{"href":"https:\/\/quehacerpolitico.mx\/index.php?rest_route=\/wp\/v2\/posts"}],"about":[{"href":"https:\/\/quehacerpolitico.mx\/index.php?rest_route=\/wp\/v2\/types\/post"}],"author":[{"embeddable":true,"href":"https:\/\/quehacerpolitico.mx\/index.php?rest_route=\/wp\/v2\/users\/2"}],"replies":[{"embeddable":true,"href":"https:\/\/quehacerpolitico.mx\/index.php?rest_route=%2Fwp%2Fv2%2Fcomments&post=87581"}],"version-history":[{"count":1,"href":"https:\/\/quehacerpolitico.mx\/index.php?rest_route=\/wp\/v2\/posts\/87581\/revisions"}],"predecessor-version":[{"id":87583,"href":"https:\/\/quehacerpolitico.mx\/index.php?rest_route=\/wp\/v2\/posts\/87581\/revisions\/87583"}],"wp:featuredmedia":[{"embeddable":true,"href":"https:\/\/quehacerpolitico.mx\/index.php?rest_route=\/wp\/v2\/media\/87582"}],"wp:attachment":[{"href":"https:\/\/quehacerpolitico.mx\/index.php?rest_route=%2Fwp%2Fv2%2Fmedia&parent=87581"}],"wp:term":[{"taxonomy":"category","embeddable":true,"href":"https:\/\/quehacerpolitico.mx\/index.php?rest_route=%2Fwp%2Fv2%2Fcategories&post=87581"},{"taxonomy":"post_tag","embeddable":true,"href":"https:\/\/quehacerpolitico.mx\/index.php?rest_route=%2Fwp%2Fv2%2Ftags&post=87581"}],"curies":[{"name":"wp","href":"https:\/\/api.w.org\/{rel}","templated":true}]}}