{"id":87576,"date":"2021-12-23T04:41:22","date_gmt":"2021-12-23T04:41:22","guid":{"rendered":"https:\/\/quehacerpolitico.mx\/?p=87576"},"modified":"2021-12-23T04:41:25","modified_gmt":"2021-12-23T04:41:25","slug":"trabajadores-del-poder-judicial-y-de-la-fiscalia-de-cdmx-toman-las-calles","status":"publish","type":"post","link":"https:\/\/quehacerpolitico.mx\/?p=87576","title":{"rendered":"Trabajadores del Poder Judicial y de la Fiscal\u00eda de CDMX toman las calles"},"content":{"rendered":"\n<p>Por Redacci\u00f3n QP<\/p>\n\n\n\n<p>Trabajadores del Poder Judicial de Ciudad de M\u00e9xico (PJCDMX) realizan una protesta por que no se les han recibido los vales de gratificaci\u00f3n de fin de a\u00f1o, toda vez que la empresa encargada de realizar ese tr\u00e1mite cancel\u00f3 la disponibilidad electr\u00f3nica del recurso por lo que podr\u00eda afectar a 10 mil empleados.<\/p>\n\n\n\n<p>Un grupo de trabajadores que se manifestaron esta ma\u00f1ana en el Instituto de Ciencias Forenses (INCIFO) expusieron que quedaron inactivas las tarjetas electr\u00f3nicas, pese a que es un derecho laboral.<\/p>\n\n\n\n<p>Adem\u00e1s, se\u00f1alaron que el PJCDMX incumpli\u00f3 con el pago de la segunda quincena de diciembre, por adelantado como se venia practicado en los \u00faltimos 12 a\u00f1os, informaron.<\/p>\n\n\n\n<p>Los inconformes responsabilizan a la Oficial\u00eda Mayor y a la direcci\u00f3n de recursos financieros por el posible incumplimiento de pago oportuno a la empresa Toca Internacional.<\/p>\n\n\n\n<p>Trabajadores del Tribunal Superior de Justicia adscritos a los juzgados del Reclusorio Norte y Oriente tambi\u00e9n expusieron su inconformidad y cerraron por varios minutos las puertas para impedir el paso de los asistentes.<\/p>\n\n\n\n<figure class=\"wp-block-embed is-type-rich is-provider-twitter wp-block-embed-twitter\"><div class=\"wp-block-embed__wrapper\">\n<blockquote class=\"twitter-tweet\" data-width=\"550\" data-dnt=\"true\"><p lang=\"es\" dir=\"ltr\">Trabajadores del Reclusorio Preventivo Norte, bloquearon los accesos del Tribunal Superior de Justicia de la Ciudad de M\u00e9xico para exigir el pago de quincenas atrasadas.<br><br>\ud83d\udcf9 Abraham Mojica @MojicaAg <a href=\"https:\/\/t.co\/zOP5lTUaaw\">pic.twitter.com\/zOP5lTUaaw<\/a><\/p>&mdash; Red Vial (@RedVialRC) <a href=\"https:\/\/twitter.com\/RedVialRC\/status\/1473823386761666563?ref_src=twsrc%5Etfw\">December 23, 2021<\/a><\/blockquote><script async src=\"https:\/\/platform.twitter.com\/widgets.js\" charset=\"utf-8\"><\/script>\n<\/div><\/figure>\n","protected":false},"excerpt":{"rendered":"<p>Por Redacci\u00f3n QP Trabajadores del Poder Judicial de Ciudad de M\u00e9xico (PJCDMX) realizan una protesta&#8230;<\/p>\n","protected":false},"author":2,"featured_media":87577,"comment_status":"open","ping_status":"open","sticky":false,"template":"","format":"standard","meta":{"_monsterinsights_skip_tracking":false,"_monsterinsights_sitenote_active":false,"_monsterinsights_sitenote_note":"","_monsterinsights_sitenote_category":0,"footnotes":""},"categories":[55],"tags":[],"class_list":["post-87576","post","type-post","status-publish","format-standard","has-post-thumbnail","hentry","category-cdmx"],"yoast_head":"<!-- This site is optimized with the Yoast SEO plugin v27.3 - https:\/\/yoast.com\/product\/yoast-seo-wordpress\/ -->\n<title>Trabajadores del Poder Judicial y de la Fiscal\u00eda de CDMX toman las calles -<\/title>\n<meta name=\"robots\" content=\"index, follow, max-snippet:-1, max-image-preview:large, max-video-preview:-1\" \/>\n<link rel=\"canonical\" href=\"https:\/\/quehacerpolitico.mx\/?p=87576\" \/>\n<meta property=\"og:locale\" content=\"es_MX\" \/>\n<meta property=\"og:type\" content=\"article\" \/>\n<meta property=\"og:title\" content=\"Trabajadores del Poder Judicial y de la Fiscal\u00eda de CDMX toman las calles -\" \/>\n<meta property=\"og:description\" content=\"Por Redacci\u00f3n QP Trabajadores del Poder Judicial de Ciudad de M\u00e9xico (PJCDMX) realizan una protesta...\" \/>\n<meta property=\"og:url\" content=\"https:\/\/quehacerpolitico.mx\/?p=87576\" \/>\n<meta property=\"article:published_time\" content=\"2021-12-23T04:41:22+00:00\" \/>\n<meta property=\"article:modified_time\" content=\"2021-12-23T04:41:25+00:00\" \/>\n<meta property=\"og:image\" content=\"https:\/\/quehacerpolitico.mx\/wp-content\/uploads\/2021\/12\/A39B7365-0036-46C5-8F57-9FB7C09B56D5.jpeg\" \/>\n\t<meta property=\"og:image:width\" content=\"712\" \/>\n\t<meta property=\"og:image:height\" content=\"431\" \/>\n\t<meta property=\"og:image:type\" content=\"image\/jpeg\" \/>\n<meta name=\"author\" content=\"Redacci\u00f3n QP\" \/>\n<meta name=\"twitter:card\" content=\"summary_large_image\" \/>\n<meta name=\"twitter:label1\" content=\"Escrito por\" \/>\n\t<meta name=\"twitter:data1\" content=\"Redacci\u00f3n QP\" \/>\n\t<meta name=\"twitter:label2\" content=\"Tiempo de lectura\" \/>\n\t<meta name=\"twitter:data2\" content=\"1 minuto\" \/>\n<script type=\"application\/ld+json\" class=\"yoast-schema-graph\">{\"@context\":\"https:\\\/\\\/schema.org\",\"@graph\":[{\"@type\":\"Article\",\"@id\":\"https:\\\/\\\/quehacerpolitico.mx\\\/?p=87576#article\",\"isPartOf\":{\"@id\":\"https:\\\/\\\/quehacerpolitico.mx\\\/?p=87576\"},\"author\":{\"name\":\"Redacci\u00f3n QP\",\"@id\":\"https:\\\/\\\/quehacerpolitico.mx\\\/#\\\/schema\\\/person\\\/496d8ad2d1d3f8036101dca7ee39e585\"},\"headline\":\"Trabajadores del Poder Judicial y de la Fiscal\u00eda de CDMX toman las calles\",\"datePublished\":\"2021-12-23T04:41:22+00:00\",\"dateModified\":\"2021-12-23T04:41:25+00:00\",\"mainEntityOfPage\":{\"@id\":\"https:\\\/\\\/quehacerpolitico.mx\\\/?p=87576\"},\"wordCount\":204,\"commentCount\":0,\"image\":{\"@id\":\"https:\\\/\\\/quehacerpolitico.mx\\\/?p=87576#primaryimage\"},\"thumbnailUrl\":\"https:\\\/\\\/quehacerpolitico.mx\\\/wp-content\\\/uploads\\\/2021\\\/12\\\/A39B7365-0036-46C5-8F57-9FB7C09B56D5.jpeg\",\"articleSection\":[\"CDMX\"],\"inLanguage\":\"es\",\"potentialAction\":[{\"@type\":\"CommentAction\",\"name\":\"Comment\",\"target\":[\"https:\\\/\\\/quehacerpolitico.mx\\\/?p=87576#respond\"]}]},{\"@type\":\"WebPage\",\"@id\":\"https:\\\/\\\/quehacerpolitico.mx\\\/?p=87576\",\"url\":\"https:\\\/\\\/quehacerpolitico.mx\\\/?p=87576\",\"name\":\"Trabajadores del Poder Judicial y de la Fiscal\u00eda de CDMX toman las calles -\",\"isPartOf\":{\"@id\":\"https:\\\/\\\/quehacerpolitico.mx\\\/#website\"},\"primaryImageOfPage\":{\"@id\":\"https:\\\/\\\/quehacerpolitico.mx\\\/?p=87576#primaryimage\"},\"image\":{\"@id\":\"https:\\\/\\\/quehacerpolitico.mx\\\/?p=87576#primaryimage\"},\"thumbnailUrl\":\"https:\\\/\\\/quehacerpolitico.mx\\\/wp-content\\\/uploads\\\/2021\\\/12\\\/A39B7365-0036-46C5-8F57-9FB7C09B56D5.jpeg\",\"datePublished\":\"2021-12-23T04:41:22+00:00\",\"dateModified\":\"2021-12-23T04:41:25+00:00\",\"author\":{\"@id\":\"https:\\\/\\\/quehacerpolitico.mx\\\/#\\\/schema\\\/person\\\/496d8ad2d1d3f8036101dca7ee39e585\"},\"breadcrumb\":{\"@id\":\"https:\\\/\\\/quehacerpolitico.mx\\\/?p=87576#breadcrumb\"},\"inLanguage\":\"es\",\"potentialAction\":[{\"@type\":\"ReadAction\",\"target\":[\"https:\\\/\\\/quehacerpolitico.mx\\\/?p=87576\"]}]},{\"@type\":\"ImageObject\",\"inLanguage\":\"es\",\"@id\":\"https:\\\/\\\/quehacerpolitico.mx\\\/?p=87576#primaryimage\",\"url\":\"https:\\\/\\\/quehacerpolitico.mx\\\/wp-content\\\/uploads\\\/2021\\\/12\\\/A39B7365-0036-46C5-8F57-9FB7C09B56D5.jpeg\",\"contentUrl\":\"https:\\\/\\\/quehacerpolitico.mx\\\/wp-content\\\/uploads\\\/2021\\\/12\\\/A39B7365-0036-46C5-8F57-9FB7C09B56D5.jpeg\",\"width\":712,\"height\":431},{\"@type\":\"BreadcrumbList\",\"@id\":\"https:\\\/\\\/quehacerpolitico.mx\\\/?p=87576#breadcrumb\",\"itemListElement\":[{\"@type\":\"ListItem\",\"position\":1,\"name\":\"Inicio\",\"item\":\"https:\\\/\\\/quehacerpolitico.mx\\\/\"},{\"@type\":\"ListItem\",\"position\":2,\"name\":\"Trabajadores del Poder Judicial y de la Fiscal\u00eda de CDMX toman las calles\"}]},{\"@type\":\"WebSite\",\"@id\":\"https:\\\/\\\/quehacerpolitico.mx\\\/#website\",\"url\":\"https:\\\/\\\/quehacerpolitico.mx\\\/\",\"name\":\"\",\"description\":\"\",\"potentialAction\":[{\"@type\":\"SearchAction\",\"target\":{\"@type\":\"EntryPoint\",\"urlTemplate\":\"https:\\\/\\\/quehacerpolitico.mx\\\/?s={search_term_string}\"},\"query-input\":{\"@type\":\"PropertyValueSpecification\",\"valueRequired\":true,\"valueName\":\"search_term_string\"}}],\"inLanguage\":\"es\"},{\"@type\":\"Person\",\"@id\":\"https:\\\/\\\/quehacerpolitico.mx\\\/#\\\/schema\\\/person\\\/496d8ad2d1d3f8036101dca7ee39e585\",\"name\":\"Redacci\u00f3n QP\",\"image\":{\"@type\":\"ImageObject\",\"inLanguage\":\"es\",\"@id\":\"https:\\\/\\\/secure.gravatar.com\\\/avatar\\\/c7164ed6fdec453195284ad24a5ae5b6e1eed2b848477fa2a4787ba9adf39a41?s=96&d=mm&r=g\",\"url\":\"https:\\\/\\\/secure.gravatar.com\\\/avatar\\\/c7164ed6fdec453195284ad24a5ae5b6e1eed2b848477fa2a4787ba9adf39a41?s=96&d=mm&r=g\",\"contentUrl\":\"https:\\\/\\\/secure.gravatar.com\\\/avatar\\\/c7164ed6fdec453195284ad24a5ae5b6e1eed2b848477fa2a4787ba9adf39a41?s=96&d=mm&r=g\",\"caption\":\"Redacci\u00f3n QP\"},\"url\":\"https:\\\/\\\/quehacerpolitico.mx\\\/?author=2\"}]}<\/script>\n<!-- \/ Yoast SEO plugin. -->","yoast_head_json":{"title":"Trabajadores del Poder Judicial y de la Fiscal\u00eda de CDMX toman las calles -","robots":{"index":"index","follow":"follow","max-snippet":"max-snippet:-1","max-image-preview":"max-image-preview:large","max-video-preview":"max-video-preview:-1"},"canonical":"https:\/\/quehacerpolitico.mx\/?p=87576","og_locale":"es_MX","og_type":"article","og_title":"Trabajadores del Poder Judicial y de la Fiscal\u00eda de CDMX toman las calles -","og_description":"Por Redacci\u00f3n QP Trabajadores del Poder Judicial de Ciudad de M\u00e9xico (PJCDMX) realizan una protesta...","og_url":"https:\/\/quehacerpolitico.mx\/?p=87576","article_published_time":"2021-12-23T04:41:22+00:00","article_modified_time":"2021-12-23T04:41:25+00:00","og_image":[{"width":712,"height":431,"url":"https:\/\/quehacerpolitico.mx\/wp-content\/uploads\/2021\/12\/A39B7365-0036-46C5-8F57-9FB7C09B56D5.jpeg","type":"image\/jpeg"}],"author":"Redacci\u00f3n QP","twitter_card":"summary_large_image","twitter_misc":{"Escrito por":"Redacci\u00f3n QP","Tiempo de lectura":"1 minuto"},"schema":{"@context":"https:\/\/schema.org","@graph":[{"@type":"Article","@id":"https:\/\/quehacerpolitico.mx\/?p=87576#article","isPartOf":{"@id":"https:\/\/quehacerpolitico.mx\/?p=87576"},"author":{"name":"Redacci\u00f3n QP","@id":"https:\/\/quehacerpolitico.mx\/#\/schema\/person\/496d8ad2d1d3f8036101dca7ee39e585"},"headline":"Trabajadores del Poder Judicial y de la Fiscal\u00eda de CDMX toman las calles","datePublished":"2021-12-23T04:41:22+00:00","dateModified":"2021-12-23T04:41:25+00:00","mainEntityOfPage":{"@id":"https:\/\/quehacerpolitico.mx\/?p=87576"},"wordCount":204,"commentCount":0,"image":{"@id":"https:\/\/quehacerpolitico.mx\/?p=87576#primaryimage"},"thumbnailUrl":"https:\/\/quehacerpolitico.mx\/wp-content\/uploads\/2021\/12\/A39B7365-0036-46C5-8F57-9FB7C09B56D5.jpeg","articleSection":["CDMX"],"inLanguage":"es","potentialAction":[{"@type":"CommentAction","name":"Comment","target":["https:\/\/quehacerpolitico.mx\/?p=87576#respond"]}]},{"@type":"WebPage","@id":"https:\/\/quehacerpolitico.mx\/?p=87576","url":"https:\/\/quehacerpolitico.mx\/?p=87576","name":"Trabajadores del Poder Judicial y de la Fiscal\u00eda de CDMX toman las calles -","isPartOf":{"@id":"https:\/\/quehacerpolitico.mx\/#website"},"primaryImageOfPage":{"@id":"https:\/\/quehacerpolitico.mx\/?p=87576#primaryimage"},"image":{"@id":"https:\/\/quehacerpolitico.mx\/?p=87576#primaryimage"},"thumbnailUrl":"https:\/\/quehacerpolitico.mx\/wp-content\/uploads\/2021\/12\/A39B7365-0036-46C5-8F57-9FB7C09B56D5.jpeg","datePublished":"2021-12-23T04:41:22+00:00","dateModified":"2021-12-23T04:41:25+00:00","author":{"@id":"https:\/\/quehacerpolitico.mx\/#\/schema\/person\/496d8ad2d1d3f8036101dca7ee39e585"},"breadcrumb":{"@id":"https:\/\/quehacerpolitico.mx\/?p=87576#breadcrumb"},"inLanguage":"es","potentialAction":[{"@type":"ReadAction","target":["https:\/\/quehacerpolitico.mx\/?p=87576"]}]},{"@type":"ImageObject","inLanguage":"es","@id":"https:\/\/quehacerpolitico.mx\/?p=87576#primaryimage","url":"https:\/\/quehacerpolitico.mx\/wp-content\/uploads\/2021\/12\/A39B7365-0036-46C5-8F57-9FB7C09B56D5.jpeg","contentUrl":"https:\/\/quehacerpolitico.mx\/wp-content\/uploads\/2021\/12\/A39B7365-0036-46C5-8F57-9FB7C09B56D5.jpeg","width":712,"height":431},{"@type":"BreadcrumbList","@id":"https:\/\/quehacerpolitico.mx\/?p=87576#breadcrumb","itemListElement":[{"@type":"ListItem","position":1,"name":"Inicio","item":"https:\/\/quehacerpolitico.mx\/"},{"@type":"ListItem","position":2,"name":"Trabajadores del Poder Judicial y de la Fiscal\u00eda de CDMX toman las calles"}]},{"@type":"WebSite","@id":"https:\/\/quehacerpolitico.mx\/#website","url":"https:\/\/quehacerpolitico.mx\/","name":"","description":"","potentialAction":[{"@type":"SearchAction","target":{"@type":"EntryPoint","urlTemplate":"https:\/\/quehacerpolitico.mx\/?s={search_term_string}"},"query-input":{"@type":"PropertyValueSpecification","valueRequired":true,"valueName":"search_term_string"}}],"inLanguage":"es"},{"@type":"Person","@id":"https:\/\/quehacerpolitico.mx\/#\/schema\/person\/496d8ad2d1d3f8036101dca7ee39e585","name":"Redacci\u00f3n QP","image":{"@type":"ImageObject","inLanguage":"es","@id":"https:\/\/secure.gravatar.com\/avatar\/c7164ed6fdec453195284ad24a5ae5b6e1eed2b848477fa2a4787ba9adf39a41?s=96&d=mm&r=g","url":"https:\/\/secure.gravatar.com\/avatar\/c7164ed6fdec453195284ad24a5ae5b6e1eed2b848477fa2a4787ba9adf39a41?s=96&d=mm&r=g","contentUrl":"https:\/\/secure.gravatar.com\/avatar\/c7164ed6fdec453195284ad24a5ae5b6e1eed2b848477fa2a4787ba9adf39a41?s=96&d=mm&r=g","caption":"Redacci\u00f3n QP"},"url":"https:\/\/quehacerpolitico.mx\/?author=2"}]}},"featured_image_urls":{"full":["https:\/\/quehacerpolitico.mx\/wp-content\/uploads\/2021\/12\/A39B7365-0036-46C5-8F57-9FB7C09B56D5.jpeg",712,431,false],"thumbnail":["https:\/\/quehacerpolitico.mx\/wp-content\/uploads\/2021\/12\/A39B7365-0036-46C5-8F57-9FB7C09B56D5-150x150.jpeg",150,150,true],"medium":["https:\/\/quehacerpolitico.mx\/wp-content\/uploads\/2021\/12\/A39B7365-0036-46C5-8F57-9FB7C09B56D5-300x182.jpeg",300,182,true],"medium_large":["https:\/\/quehacerpolitico.mx\/wp-content\/uploads\/2021\/12\/A39B7365-0036-46C5-8F57-9FB7C09B56D5.jpeg",640,387,false],"large":["https:\/\/quehacerpolitico.mx\/wp-content\/uploads\/2021\/12\/A39B7365-0036-46C5-8F57-9FB7C09B56D5.jpeg",640,387,false],"1536x1536":["https:\/\/quehacerpolitico.mx\/wp-content\/uploads\/2021\/12\/A39B7365-0036-46C5-8F57-9FB7C09B56D5.jpeg",712,431,false],"2048x2048":["https:\/\/quehacerpolitico.mx\/wp-content\/uploads\/2021\/12\/A39B7365-0036-46C5-8F57-9FB7C09B56D5.jpeg",712,431,false],"covernews-featured":["https:\/\/quehacerpolitico.mx\/wp-content\/uploads\/2021\/12\/A39B7365-0036-46C5-8F57-9FB7C09B56D5.jpeg",712,431,false],"covernews-medium":["https:\/\/quehacerpolitico.mx\/wp-content\/uploads\/2021\/12\/A39B7365-0036-46C5-8F57-9FB7C09B56D5.jpeg",540,327,false]},"author_info":{"display_name":"Redacci\u00f3n QP","author_link":"https:\/\/quehacerpolitico.mx\/?author=2"},"category_info":"<a href=\"https:\/\/quehacerpolitico.mx\/?cat=55\" rel=\"category\">CDMX<\/a>","tag_info":"CDMX","comment_count":"0","_links":{"self":[{"href":"https:\/\/quehacerpolitico.mx\/index.php?rest_route=\/wp\/v2\/posts\/87576","targetHints":{"allow":["GET"]}}],"collection":[{"href":"https:\/\/quehacerpolitico.mx\/index.php?rest_route=\/wp\/v2\/posts"}],"about":[{"href":"https:\/\/quehacerpolitico.mx\/index.php?rest_route=\/wp\/v2\/types\/post"}],"author":[{"embeddable":true,"href":"https:\/\/quehacerpolitico.mx\/index.php?rest_route=\/wp\/v2\/users\/2"}],"replies":[{"embeddable":true,"href":"https:\/\/quehacerpolitico.mx\/index.php?rest_route=%2Fwp%2Fv2%2Fcomments&post=87576"}],"version-history":[{"count":1,"href":"https:\/\/quehacerpolitico.mx\/index.php?rest_route=\/wp\/v2\/posts\/87576\/revisions"}],"predecessor-version":[{"id":87578,"href":"https:\/\/quehacerpolitico.mx\/index.php?rest_route=\/wp\/v2\/posts\/87576\/revisions\/87578"}],"wp:featuredmedia":[{"embeddable":true,"href":"https:\/\/quehacerpolitico.mx\/index.php?rest_route=\/wp\/v2\/media\/87577"}],"wp:attachment":[{"href":"https:\/\/quehacerpolitico.mx\/index.php?rest_route=%2Fwp%2Fv2%2Fmedia&parent=87576"}],"wp:term":[{"taxonomy":"category","embeddable":true,"href":"https:\/\/quehacerpolitico.mx\/index.php?rest_route=%2Fwp%2Fv2%2Fcategories&post=87576"},{"taxonomy":"post_tag","embeddable":true,"href":"https:\/\/quehacerpolitico.mx\/index.php?rest_route=%2Fwp%2Fv2%2Ftags&post=87576"}],"curies":[{"name":"wp","href":"https:\/\/api.w.org\/{rel}","templated":true}]}}