{"id":87570,"date":"2021-12-23T03:56:46","date_gmt":"2021-12-23T03:56:46","guid":{"rendered":"https:\/\/quehacerpolitico.mx\/?p=87570"},"modified":"2021-12-23T03:56:50","modified_gmt":"2021-12-23T03:56:50","slug":"corresponde-al-estado-justificar-la-temporalidad-del-nombramiento-de-los-trabajadores-a-su-servicio","status":"publish","type":"post","link":"https:\/\/quehacerpolitico.mx\/?p=87570","title":{"rendered":"CORRESPONDE AL ESTADO JUSTIFICAR LA TEMPORALIDAD DEL NOMBRAMIENTO DE LOS TRABAJADORES A SU SERVICIO"},"content":{"rendered":"\n<p>Por Redacci\u00f3n QP<\/p>\n\n\n\n<p>La Suprema Corte de Justicia de la Naci\u00f3n (SCJN), por conducto de su Segunda Sala, determin\u00f3 que el Estado, en su car\u00e1cter de empleador equiparado, est\u00e1 obligado a justificar el otorgamiento de nombramientos temporales los cuales s\u00f3lo podr\u00e1n celebrarse cuando as\u00ed lo exija la naturaleza del trabajo, tengan por objeto cubrir a otro empleado o bien el cumplimiento de una obra determinada.<\/p>\n\n\n\n<p>En una jurisprudencia emitida con motivo de la resoluci\u00f3n de una contradicci\u00f3n de tesis, la Sala consider\u00f3 que, a efecto de determinar los requisitos que deben cumplir los nombramientos de los servidores p\u00fablicos por tiempo determinado, debe atenderse a lo establecido en los art\u00edculos 35, 36, 37 y 39 de la Ley Federal del Trabajo, de acuerdo con los cuales la celebraci\u00f3n de una relaci\u00f3n de trabajo para obra o por tiempo determinado debe estar justificada en el desarrollo de una obra espec\u00edfica, la naturaleza de las funciones a desempe\u00f1ar, o bien cubrir alguna vacante temporal.<\/p>\n\n\n\n<p>Por ello, el otorgamiento de nombramientos por tiempo determinado es excepcional y el Estado est\u00e1 obligado a justificar la necesidad de su celebraci\u00f3n bajo dicha temporalidad, pues s\u00f3lo as\u00ed se actualizar\u00e1 la prerrogativa de \u00e9ste de dar por terminada la relaci\u00f3n laboral, al concluir el t\u00e9rmino del nombramiento, sin responsabilidad para las entidades o dependencias ya que, de lo contrario, se entender\u00e1 que el nombramiento fue por tiempo definitivo.<\/p>\n\n\n\n<p><em>Und\u00e9cima \u00c9poca. N\u00fam. de Registro: 2023346. Instancia: Segunda Sala. CONTRADICCI\u00d3N DE TESIS. Fuente: Semanario Judicial de la Federaci\u00f3n. Materia(s): Jurisprudencia (Laboral). Tesis: 2a.\/J. 24\/2021 (10a.).<\/em><\/p>\n","protected":false},"excerpt":{"rendered":"<p>Por Redacci\u00f3n QP La Suprema Corte de Justicia de la Naci\u00f3n (SCJN), por conducto de&#8230;<\/p>\n","protected":false},"author":2,"featured_media":87571,"comment_status":"open","ping_status":"open","sticky":false,"template":"","format":"standard","meta":{"_monsterinsights_skip_tracking":false,"_monsterinsights_sitenote_active":false,"_monsterinsights_sitenote_note":"","_monsterinsights_sitenote_category":0,"footnotes":""},"categories":[2],"tags":[],"class_list":["post-87570","post","type-post","status-publish","format-standard","has-post-thumbnail","hentry","category-noticias"],"yoast_head":"<!-- This site is optimized with the Yoast SEO plugin v27.3 - https:\/\/yoast.com\/product\/yoast-seo-wordpress\/ -->\n<title>CORRESPONDE AL ESTADO JUSTIFICAR LA TEMPORALIDAD DEL NOMBRAMIENTO DE LOS TRABAJADORES A SU SERVICIO -<\/title>\n<meta name=\"robots\" content=\"index, follow, max-snippet:-1, max-image-preview:large, max-video-preview:-1\" \/>\n<link rel=\"canonical\" href=\"https:\/\/quehacerpolitico.mx\/?p=87570\" \/>\n<meta property=\"og:locale\" content=\"es_MX\" \/>\n<meta property=\"og:type\" content=\"article\" \/>\n<meta property=\"og:title\" content=\"CORRESPONDE AL ESTADO JUSTIFICAR LA TEMPORALIDAD DEL NOMBRAMIENTO DE LOS TRABAJADORES A SU SERVICIO -\" \/>\n<meta property=\"og:description\" content=\"Por Redacci\u00f3n QP La Suprema Corte de Justicia de la Naci\u00f3n (SCJN), por conducto de...\" \/>\n<meta property=\"og:url\" content=\"https:\/\/quehacerpolitico.mx\/?p=87570\" \/>\n<meta property=\"article:published_time\" content=\"2021-12-23T03:56:46+00:00\" \/>\n<meta property=\"article:modified_time\" content=\"2021-12-23T03:56:50+00:00\" \/>\n<meta property=\"og:image\" content=\"https:\/\/quehacerpolitico.mx\/wp-content\/uploads\/2021\/12\/759D92E7-363A-42EF-B677-617C1D92D7E0.jpeg\" \/>\n\t<meta property=\"og:image:width\" content=\"701\" \/>\n\t<meta property=\"og:image:height\" content=\"438\" \/>\n\t<meta property=\"og:image:type\" content=\"image\/jpeg\" \/>\n<meta name=\"author\" content=\"Redacci\u00f3n QP\" \/>\n<meta name=\"twitter:card\" content=\"summary_large_image\" \/>\n<meta name=\"twitter:label1\" content=\"Escrito por\" \/>\n\t<meta name=\"twitter:data1\" content=\"Redacci\u00f3n QP\" \/>\n\t<meta name=\"twitter:label2\" content=\"Tiempo de lectura\" \/>\n\t<meta name=\"twitter:data2\" content=\"1 minuto\" \/>\n<script type=\"application\/ld+json\" class=\"yoast-schema-graph\">{\"@context\":\"https:\\\/\\\/schema.org\",\"@graph\":[{\"@type\":\"Article\",\"@id\":\"https:\\\/\\\/quehacerpolitico.mx\\\/?p=87570#article\",\"isPartOf\":{\"@id\":\"https:\\\/\\\/quehacerpolitico.mx\\\/?p=87570\"},\"author\":{\"name\":\"Redacci\u00f3n QP\",\"@id\":\"https:\\\/\\\/quehacerpolitico.mx\\\/#\\\/schema\\\/person\\\/496d8ad2d1d3f8036101dca7ee39e585\"},\"headline\":\"CORRESPONDE AL ESTADO JUSTIFICAR LA TEMPORALIDAD DEL NOMBRAMIENTO DE LOS TRABAJADORES A SU SERVICIO\",\"datePublished\":\"2021-12-23T03:56:46+00:00\",\"dateModified\":\"2021-12-23T03:56:50+00:00\",\"mainEntityOfPage\":{\"@id\":\"https:\\\/\\\/quehacerpolitico.mx\\\/?p=87570\"},\"wordCount\":286,\"commentCount\":0,\"image\":{\"@id\":\"https:\\\/\\\/quehacerpolitico.mx\\\/?p=87570#primaryimage\"},\"thumbnailUrl\":\"https:\\\/\\\/quehacerpolitico.mx\\\/wp-content\\\/uploads\\\/2021\\\/12\\\/759D92E7-363A-42EF-B677-617C1D92D7E0.jpeg\",\"articleSection\":[\"Noticias\"],\"inLanguage\":\"es\",\"potentialAction\":[{\"@type\":\"CommentAction\",\"name\":\"Comment\",\"target\":[\"https:\\\/\\\/quehacerpolitico.mx\\\/?p=87570#respond\"]}]},{\"@type\":\"WebPage\",\"@id\":\"https:\\\/\\\/quehacerpolitico.mx\\\/?p=87570\",\"url\":\"https:\\\/\\\/quehacerpolitico.mx\\\/?p=87570\",\"name\":\"CORRESPONDE AL ESTADO JUSTIFICAR LA TEMPORALIDAD DEL NOMBRAMIENTO DE LOS TRABAJADORES A SU SERVICIO -\",\"isPartOf\":{\"@id\":\"https:\\\/\\\/quehacerpolitico.mx\\\/#website\"},\"primaryImageOfPage\":{\"@id\":\"https:\\\/\\\/quehacerpolitico.mx\\\/?p=87570#primaryimage\"},\"image\":{\"@id\":\"https:\\\/\\\/quehacerpolitico.mx\\\/?p=87570#primaryimage\"},\"thumbnailUrl\":\"https:\\\/\\\/quehacerpolitico.mx\\\/wp-content\\\/uploads\\\/2021\\\/12\\\/759D92E7-363A-42EF-B677-617C1D92D7E0.jpeg\",\"datePublished\":\"2021-12-23T03:56:46+00:00\",\"dateModified\":\"2021-12-23T03:56:50+00:00\",\"author\":{\"@id\":\"https:\\\/\\\/quehacerpolitico.mx\\\/#\\\/schema\\\/person\\\/496d8ad2d1d3f8036101dca7ee39e585\"},\"breadcrumb\":{\"@id\":\"https:\\\/\\\/quehacerpolitico.mx\\\/?p=87570#breadcrumb\"},\"inLanguage\":\"es\",\"potentialAction\":[{\"@type\":\"ReadAction\",\"target\":[\"https:\\\/\\\/quehacerpolitico.mx\\\/?p=87570\"]}]},{\"@type\":\"ImageObject\",\"inLanguage\":\"es\",\"@id\":\"https:\\\/\\\/quehacerpolitico.mx\\\/?p=87570#primaryimage\",\"url\":\"https:\\\/\\\/quehacerpolitico.mx\\\/wp-content\\\/uploads\\\/2021\\\/12\\\/759D92E7-363A-42EF-B677-617C1D92D7E0.jpeg\",\"contentUrl\":\"https:\\\/\\\/quehacerpolitico.mx\\\/wp-content\\\/uploads\\\/2021\\\/12\\\/759D92E7-363A-42EF-B677-617C1D92D7E0.jpeg\",\"width\":701,\"height\":438},{\"@type\":\"BreadcrumbList\",\"@id\":\"https:\\\/\\\/quehacerpolitico.mx\\\/?p=87570#breadcrumb\",\"itemListElement\":[{\"@type\":\"ListItem\",\"position\":1,\"name\":\"Inicio\",\"item\":\"https:\\\/\\\/quehacerpolitico.mx\\\/\"},{\"@type\":\"ListItem\",\"position\":2,\"name\":\"CORRESPONDE AL ESTADO JUSTIFICAR LA TEMPORALIDAD DEL NOMBRAMIENTO DE LOS TRABAJADORES A SU SERVICIO\"}]},{\"@type\":\"WebSite\",\"@id\":\"https:\\\/\\\/quehacerpolitico.mx\\\/#website\",\"url\":\"https:\\\/\\\/quehacerpolitico.mx\\\/\",\"name\":\"\",\"description\":\"\",\"potentialAction\":[{\"@type\":\"SearchAction\",\"target\":{\"@type\":\"EntryPoint\",\"urlTemplate\":\"https:\\\/\\\/quehacerpolitico.mx\\\/?s={search_term_string}\"},\"query-input\":{\"@type\":\"PropertyValueSpecification\",\"valueRequired\":true,\"valueName\":\"search_term_string\"}}],\"inLanguage\":\"es\"},{\"@type\":\"Person\",\"@id\":\"https:\\\/\\\/quehacerpolitico.mx\\\/#\\\/schema\\\/person\\\/496d8ad2d1d3f8036101dca7ee39e585\",\"name\":\"Redacci\u00f3n QP\",\"image\":{\"@type\":\"ImageObject\",\"inLanguage\":\"es\",\"@id\":\"https:\\\/\\\/secure.gravatar.com\\\/avatar\\\/c7164ed6fdec453195284ad24a5ae5b6e1eed2b848477fa2a4787ba9adf39a41?s=96&d=mm&r=g\",\"url\":\"https:\\\/\\\/secure.gravatar.com\\\/avatar\\\/c7164ed6fdec453195284ad24a5ae5b6e1eed2b848477fa2a4787ba9adf39a41?s=96&d=mm&r=g\",\"contentUrl\":\"https:\\\/\\\/secure.gravatar.com\\\/avatar\\\/c7164ed6fdec453195284ad24a5ae5b6e1eed2b848477fa2a4787ba9adf39a41?s=96&d=mm&r=g\",\"caption\":\"Redacci\u00f3n QP\"},\"url\":\"https:\\\/\\\/quehacerpolitico.mx\\\/?author=2\"}]}<\/script>\n<!-- \/ Yoast SEO plugin. -->","yoast_head_json":{"title":"CORRESPONDE AL ESTADO JUSTIFICAR LA TEMPORALIDAD DEL NOMBRAMIENTO DE LOS TRABAJADORES A SU SERVICIO -","robots":{"index":"index","follow":"follow","max-snippet":"max-snippet:-1","max-image-preview":"max-image-preview:large","max-video-preview":"max-video-preview:-1"},"canonical":"https:\/\/quehacerpolitico.mx\/?p=87570","og_locale":"es_MX","og_type":"article","og_title":"CORRESPONDE AL ESTADO JUSTIFICAR LA TEMPORALIDAD DEL NOMBRAMIENTO DE LOS TRABAJADORES A SU SERVICIO -","og_description":"Por Redacci\u00f3n QP La Suprema Corte de Justicia de la Naci\u00f3n (SCJN), por conducto de...","og_url":"https:\/\/quehacerpolitico.mx\/?p=87570","article_published_time":"2021-12-23T03:56:46+00:00","article_modified_time":"2021-12-23T03:56:50+00:00","og_image":[{"width":701,"height":438,"url":"https:\/\/quehacerpolitico.mx\/wp-content\/uploads\/2021\/12\/759D92E7-363A-42EF-B677-617C1D92D7E0.jpeg","type":"image\/jpeg"}],"author":"Redacci\u00f3n QP","twitter_card":"summary_large_image","twitter_misc":{"Escrito por":"Redacci\u00f3n QP","Tiempo de lectura":"1 minuto"},"schema":{"@context":"https:\/\/schema.org","@graph":[{"@type":"Article","@id":"https:\/\/quehacerpolitico.mx\/?p=87570#article","isPartOf":{"@id":"https:\/\/quehacerpolitico.mx\/?p=87570"},"author":{"name":"Redacci\u00f3n QP","@id":"https:\/\/quehacerpolitico.mx\/#\/schema\/person\/496d8ad2d1d3f8036101dca7ee39e585"},"headline":"CORRESPONDE AL ESTADO JUSTIFICAR LA TEMPORALIDAD DEL NOMBRAMIENTO DE LOS TRABAJADORES A SU SERVICIO","datePublished":"2021-12-23T03:56:46+00:00","dateModified":"2021-12-23T03:56:50+00:00","mainEntityOfPage":{"@id":"https:\/\/quehacerpolitico.mx\/?p=87570"},"wordCount":286,"commentCount":0,"image":{"@id":"https:\/\/quehacerpolitico.mx\/?p=87570#primaryimage"},"thumbnailUrl":"https:\/\/quehacerpolitico.mx\/wp-content\/uploads\/2021\/12\/759D92E7-363A-42EF-B677-617C1D92D7E0.jpeg","articleSection":["Noticias"],"inLanguage":"es","potentialAction":[{"@type":"CommentAction","name":"Comment","target":["https:\/\/quehacerpolitico.mx\/?p=87570#respond"]}]},{"@type":"WebPage","@id":"https:\/\/quehacerpolitico.mx\/?p=87570","url":"https:\/\/quehacerpolitico.mx\/?p=87570","name":"CORRESPONDE AL ESTADO JUSTIFICAR LA TEMPORALIDAD DEL NOMBRAMIENTO DE LOS TRABAJADORES A SU SERVICIO -","isPartOf":{"@id":"https:\/\/quehacerpolitico.mx\/#website"},"primaryImageOfPage":{"@id":"https:\/\/quehacerpolitico.mx\/?p=87570#primaryimage"},"image":{"@id":"https:\/\/quehacerpolitico.mx\/?p=87570#primaryimage"},"thumbnailUrl":"https:\/\/quehacerpolitico.mx\/wp-content\/uploads\/2021\/12\/759D92E7-363A-42EF-B677-617C1D92D7E0.jpeg","datePublished":"2021-12-23T03:56:46+00:00","dateModified":"2021-12-23T03:56:50+00:00","author":{"@id":"https:\/\/quehacerpolitico.mx\/#\/schema\/person\/496d8ad2d1d3f8036101dca7ee39e585"},"breadcrumb":{"@id":"https:\/\/quehacerpolitico.mx\/?p=87570#breadcrumb"},"inLanguage":"es","potentialAction":[{"@type":"ReadAction","target":["https:\/\/quehacerpolitico.mx\/?p=87570"]}]},{"@type":"ImageObject","inLanguage":"es","@id":"https:\/\/quehacerpolitico.mx\/?p=87570#primaryimage","url":"https:\/\/quehacerpolitico.mx\/wp-content\/uploads\/2021\/12\/759D92E7-363A-42EF-B677-617C1D92D7E0.jpeg","contentUrl":"https:\/\/quehacerpolitico.mx\/wp-content\/uploads\/2021\/12\/759D92E7-363A-42EF-B677-617C1D92D7E0.jpeg","width":701,"height":438},{"@type":"BreadcrumbList","@id":"https:\/\/quehacerpolitico.mx\/?p=87570#breadcrumb","itemListElement":[{"@type":"ListItem","position":1,"name":"Inicio","item":"https:\/\/quehacerpolitico.mx\/"},{"@type":"ListItem","position":2,"name":"CORRESPONDE AL ESTADO JUSTIFICAR LA TEMPORALIDAD DEL NOMBRAMIENTO DE LOS TRABAJADORES A SU SERVICIO"}]},{"@type":"WebSite","@id":"https:\/\/quehacerpolitico.mx\/#website","url":"https:\/\/quehacerpolitico.mx\/","name":"","description":"","potentialAction":[{"@type":"SearchAction","target":{"@type":"EntryPoint","urlTemplate":"https:\/\/quehacerpolitico.mx\/?s={search_term_string}"},"query-input":{"@type":"PropertyValueSpecification","valueRequired":true,"valueName":"search_term_string"}}],"inLanguage":"es"},{"@type":"Person","@id":"https:\/\/quehacerpolitico.mx\/#\/schema\/person\/496d8ad2d1d3f8036101dca7ee39e585","name":"Redacci\u00f3n QP","image":{"@type":"ImageObject","inLanguage":"es","@id":"https:\/\/secure.gravatar.com\/avatar\/c7164ed6fdec453195284ad24a5ae5b6e1eed2b848477fa2a4787ba9adf39a41?s=96&d=mm&r=g","url":"https:\/\/secure.gravatar.com\/avatar\/c7164ed6fdec453195284ad24a5ae5b6e1eed2b848477fa2a4787ba9adf39a41?s=96&d=mm&r=g","contentUrl":"https:\/\/secure.gravatar.com\/avatar\/c7164ed6fdec453195284ad24a5ae5b6e1eed2b848477fa2a4787ba9adf39a41?s=96&d=mm&r=g","caption":"Redacci\u00f3n QP"},"url":"https:\/\/quehacerpolitico.mx\/?author=2"}]}},"featured_image_urls":{"full":["https:\/\/quehacerpolitico.mx\/wp-content\/uploads\/2021\/12\/759D92E7-363A-42EF-B677-617C1D92D7E0.jpeg",701,438,false],"thumbnail":["https:\/\/quehacerpolitico.mx\/wp-content\/uploads\/2021\/12\/759D92E7-363A-42EF-B677-617C1D92D7E0-150x150.jpeg",150,150,true],"medium":["https:\/\/quehacerpolitico.mx\/wp-content\/uploads\/2021\/12\/759D92E7-363A-42EF-B677-617C1D92D7E0-300x187.jpeg",300,187,true],"medium_large":["https:\/\/quehacerpolitico.mx\/wp-content\/uploads\/2021\/12\/759D92E7-363A-42EF-B677-617C1D92D7E0.jpeg",640,400,false],"large":["https:\/\/quehacerpolitico.mx\/wp-content\/uploads\/2021\/12\/759D92E7-363A-42EF-B677-617C1D92D7E0.jpeg",640,400,false],"1536x1536":["https:\/\/quehacerpolitico.mx\/wp-content\/uploads\/2021\/12\/759D92E7-363A-42EF-B677-617C1D92D7E0.jpeg",701,438,false],"2048x2048":["https:\/\/quehacerpolitico.mx\/wp-content\/uploads\/2021\/12\/759D92E7-363A-42EF-B677-617C1D92D7E0.jpeg",701,438,false],"covernews-featured":["https:\/\/quehacerpolitico.mx\/wp-content\/uploads\/2021\/12\/759D92E7-363A-42EF-B677-617C1D92D7E0.jpeg",701,438,false],"covernews-medium":["https:\/\/quehacerpolitico.mx\/wp-content\/uploads\/2021\/12\/759D92E7-363A-42EF-B677-617C1D92D7E0.jpeg",540,337,false]},"author_info":{"display_name":"Redacci\u00f3n QP","author_link":"https:\/\/quehacerpolitico.mx\/?author=2"},"category_info":"<a href=\"https:\/\/quehacerpolitico.mx\/?cat=2\" rel=\"category\">Noticias<\/a>","tag_info":"Noticias","comment_count":"0","_links":{"self":[{"href":"https:\/\/quehacerpolitico.mx\/index.php?rest_route=\/wp\/v2\/posts\/87570","targetHints":{"allow":["GET"]}}],"collection":[{"href":"https:\/\/quehacerpolitico.mx\/index.php?rest_route=\/wp\/v2\/posts"}],"about":[{"href":"https:\/\/quehacerpolitico.mx\/index.php?rest_route=\/wp\/v2\/types\/post"}],"author":[{"embeddable":true,"href":"https:\/\/quehacerpolitico.mx\/index.php?rest_route=\/wp\/v2\/users\/2"}],"replies":[{"embeddable":true,"href":"https:\/\/quehacerpolitico.mx\/index.php?rest_route=%2Fwp%2Fv2%2Fcomments&post=87570"}],"version-history":[{"count":1,"href":"https:\/\/quehacerpolitico.mx\/index.php?rest_route=\/wp\/v2\/posts\/87570\/revisions"}],"predecessor-version":[{"id":87572,"href":"https:\/\/quehacerpolitico.mx\/index.php?rest_route=\/wp\/v2\/posts\/87570\/revisions\/87572"}],"wp:featuredmedia":[{"embeddable":true,"href":"https:\/\/quehacerpolitico.mx\/index.php?rest_route=\/wp\/v2\/media\/87571"}],"wp:attachment":[{"href":"https:\/\/quehacerpolitico.mx\/index.php?rest_route=%2Fwp%2Fv2%2Fmedia&parent=87570"}],"wp:term":[{"taxonomy":"category","embeddable":true,"href":"https:\/\/quehacerpolitico.mx\/index.php?rest_route=%2Fwp%2Fv2%2Fcategories&post=87570"},{"taxonomy":"post_tag","embeddable":true,"href":"https:\/\/quehacerpolitico.mx\/index.php?rest_route=%2Fwp%2Fv2%2Ftags&post=87570"}],"curies":[{"name":"wp","href":"https:\/\/api.w.org\/{rel}","templated":true}]}}