{"id":87544,"date":"2021-12-22T16:40:22","date_gmt":"2021-12-22T16:40:22","guid":{"rendered":"https:\/\/quehacerpolitico.mx\/?p=87544"},"modified":"2021-12-22T16:40:25","modified_gmt":"2021-12-22T16:40:25","slug":"amlo-anuncia-vacuna-de-refuerzo-para-medicos-y-maestros","status":"publish","type":"post","link":"https:\/\/quehacerpolitico.mx\/?p=87544","title":{"rendered":"AMLO anuncia vacuna de refuerzo para m\u00e9dicos y maestros"},"content":{"rendered":"\n<p>Por Redacci\u00f3n QP<\/p>\n\n\n\n<p>Sin detallar la fecha o el f\u00e1rmaco que se utilizar\u00e1, AMLO dice que comenzar\u00e1n con la vacunaci\u00f3n &#8220;nada m\u00e1s avanzar m\u00e1s en adultos mayores, por razones obvias&#8221;<\/p>\n\n\n\n<p>El Presidente de M\u00e9xico Andr\u00e9s Manuel L\u00f3pez Obrador&nbsp;<strong>(AMLO)<\/strong>, anunci\u00f3 hoy mi\u00e9rcoles que se aplicar\u00e1 una dosis de refuerzo de la vacuna anti COVID-19 a personal m\u00e9dico y maestros. Sin embargo,&nbsp;<strong>no dio a conocer fechas ni el f\u00e1rmaco que se usar\u00e1.<\/strong><\/p>\n\n\n\n<p>Durante la ma\u00f1anera de hoy 22 de diciembre, el Presidente declar\u00f3:<strong>\u00a0&#8220;Nada m\u00e1s vamos a avanzar m\u00e1s en adultos mayores,<\/strong>\u00a0por razones obvias, tenemos que seguir avanzando como se est\u00e1 haciendo en vacunas de refuerzo para adultos mayores, personal de salud y maestros&#8221;.<\/p>\n\n\n\n<p>Luego de varios meses de resistirse a hacerlo, el Gobierno de AMLO comenz\u00f3 el pasado 7 de diciembre a aplicar una tercera dosis de refuerzo del f\u00e1rmaco de AstraZeneca a adultos mayores de 60 a\u00f1os, aunque descart\u00f3 hacerlo en el resto de la poblaci\u00f3n den M\u00e9xico.<\/p>\n\n\n\n<p>L\u00f3pez Obrador, que ha sido cr\u00edtico con las farmac\u00e9uticas, prometi\u00f3 ampliarlo al resto de los grupos prioritarios.<\/p>\n\n\n\n<p>&#8220;No hemos parado de vacunar a adultos mayores, va bien el avance, ya pr\u00e1cticamente terminamos en la Ciudad de M\u00e9xico y as\u00ed en otros estados.\u00a0<strong>Vamos a seguir avanzando y al terminar aqu\u00ed en la ciudad, por ejemplo, ya vamos con refuerzo de personal de salud y maestros&#8221;.<\/strong><\/p>\n\n\n\n<figure class=\"wp-block-embed is-type-rich is-provider-twitter wp-block-embed-twitter\"><div class=\"wp-block-embed__wrapper\">\n<blockquote class=\"twitter-tweet\" data-width=\"550\" data-dnt=\"true\"><p lang=\"es\" dir=\"ltr\">Otssss perense, \u00a1vamos con calma!<br><br>Las vacunas de los ni\u00f1os a\u00fan no se sabe si llegar\u00e1n, peeeero la de los maestros ya son seguras, s\u00f3lo que van a iniciar hasta que terminen de vacunar a los adultos mayores. <a href=\"https:\/\/t.co\/2sgjuZiZZo\">pic.twitter.com\/2sgjuZiZZo<\/a><\/p>&mdash; Ruido en la Red (@RuidoEnLaRed) <a href=\"https:\/\/twitter.com\/RuidoEnLaRed\/status\/1473658394984730634?ref_src=twsrc%5Etfw\">December 22, 2021<\/a><\/blockquote><script async src=\"https:\/\/platform.twitter.com\/widgets.js\" charset=\"utf-8\"><\/script>\n<\/div><\/figure>\n\n\n\n<p>Hasta hoy, M\u00e9xico suma m\u00e1s de 3.93 millones de casos de COVID-19 y m\u00e1s de 298 mil muertes, la cuarta cifra de decesos m\u00e1s alta del mundo.<\/p>\n\n\n\n<p>El Gobierno mexicano presume de ser el s\u00e9ptimo pa\u00eds con m\u00e1s vacunas aplicadas en n\u00fameros absolutos,\u00a0<strong>con m\u00e1s de 146.9 millones de dosis inyectadas a 81.9 millones de personas, el 87% de la poblaci\u00f3n mayor de edad.<\/strong><\/p>\n\n\n\n<p>La noticia de la dosis de refuerzo llega cuando&nbsp;<strong>M\u00e9xico est\u00e1 por cumplir un a\u00f1o,<\/strong>&nbsp;este 24 de diciembre, de iniciar la campa\u00f1a de vacunaci\u00f3n anti COVID-19, que&nbsp;<strong>comenz\u00f3 con el personal m\u00e9dico precisamente.<\/strong><\/p>\n\n\n\n<p>Aunque los maestros fueron un grupo prioritario, al aplic\u00e1rseles la vacuna desde el pasado mes de abril,&nbsp;<strong>los sindicatos se han quejado por haber recibido el f\u00e1rmaco chino de CanSino.<\/strong><\/p>\n\n\n\n<p>&#8220;Se tom\u00f3 la decisi\u00f3n de aplicar la vacuna de refuerzo a todos los maestros, eso s\u00ed ya, para que el magisterio nacional lo sepa&#8221;, declar\u00f3 hoy AMLO.<\/p>\n\n\n\n<p>Cuando se le pregunt\u00f3 por si se podr\u00e1 vacunar a ni\u00f1os a partir de cinco a\u00f1os, como ya ocurre en Estados Unidos, el Mandatario pidi\u00f3 esperar porque no quiere &#8220;llevar a cabo algo que no sea conveniente y necesario&#8221;.<\/p>\n\n\n\n<p>Y explic\u00f3: &#8220;Eso va a depender de los especialistas de nuestro pa\u00eds, sobre su conveniencia, si es recomendable, si no es riesgoso, lo de la vacunaci\u00f3n para los ni\u00f1os, ver qu\u00e9 dice al respecto la Organizaci\u00f3n Mundial de la Salud (OMS)&#8221;.<\/p>\n\n\n\n<p>Con Informaci\u00f3n de EFE<\/p>\n","protected":false},"excerpt":{"rendered":"<p>Por Redacci\u00f3n QP Sin detallar la fecha o el f\u00e1rmaco que se utilizar\u00e1, AMLO dice&#8230;<\/p>\n","protected":false},"author":2,"featured_media":87545,"comment_status":"open","ping_status":"open","sticky":false,"template":"","format":"standard","meta":{"_monsterinsights_skip_tracking":false,"_monsterinsights_sitenote_active":false,"_monsterinsights_sitenote_note":"","_monsterinsights_sitenote_category":0,"footnotes":""},"categories":[2],"tags":[],"class_list":["post-87544","post","type-post","status-publish","format-standard","has-post-thumbnail","hentry","category-noticias"],"yoast_head":"<!-- This site is optimized with the Yoast SEO plugin v27.3 - https:\/\/yoast.com\/product\/yoast-seo-wordpress\/ -->\n<title>AMLO anuncia vacuna de refuerzo para m\u00e9dicos y maestros -<\/title>\n<meta name=\"robots\" content=\"index, follow, max-snippet:-1, max-image-preview:large, max-video-preview:-1\" \/>\n<link rel=\"canonical\" href=\"https:\/\/quehacerpolitico.mx\/?p=87544\" \/>\n<meta property=\"og:locale\" content=\"es_MX\" \/>\n<meta property=\"og:type\" content=\"article\" \/>\n<meta property=\"og:title\" content=\"AMLO anuncia vacuna de refuerzo para m\u00e9dicos y maestros -\" \/>\n<meta property=\"og:description\" content=\"Por Redacci\u00f3n QP Sin detallar la fecha o el f\u00e1rmaco que se utilizar\u00e1, AMLO dice...\" \/>\n<meta property=\"og:url\" content=\"https:\/\/quehacerpolitico.mx\/?p=87544\" \/>\n<meta property=\"article:published_time\" content=\"2021-12-22T16:40:22+00:00\" \/>\n<meta property=\"article:modified_time\" content=\"2021-12-22T16:40:25+00:00\" \/>\n<meta property=\"og:image\" content=\"https:\/\/quehacerpolitico.mx\/wp-content\/uploads\/2021\/12\/05CD6071-6C24-4A61-A815-A4DB57524AF2.jpeg\" \/>\n\t<meta property=\"og:image:width\" content=\"1284\" \/>\n\t<meta property=\"og:image:height\" content=\"616\" \/>\n\t<meta property=\"og:image:type\" content=\"image\/jpeg\" \/>\n<meta name=\"author\" content=\"Redacci\u00f3n QP\" \/>\n<meta name=\"twitter:card\" content=\"summary_large_image\" \/>\n<meta name=\"twitter:label1\" content=\"Escrito por\" \/>\n\t<meta name=\"twitter:data1\" content=\"Redacci\u00f3n QP\" \/>\n\t<meta name=\"twitter:label2\" content=\"Tiempo de lectura\" \/>\n\t<meta name=\"twitter:data2\" content=\"3 minutos\" \/>\n<script type=\"application\/ld+json\" class=\"yoast-schema-graph\">{\"@context\":\"https:\\\/\\\/schema.org\",\"@graph\":[{\"@type\":\"Article\",\"@id\":\"https:\\\/\\\/quehacerpolitico.mx\\\/?p=87544#article\",\"isPartOf\":{\"@id\":\"https:\\\/\\\/quehacerpolitico.mx\\\/?p=87544\"},\"author\":{\"name\":\"Redacci\u00f3n QP\",\"@id\":\"https:\\\/\\\/quehacerpolitico.mx\\\/#\\\/schema\\\/person\\\/496d8ad2d1d3f8036101dca7ee39e585\"},\"headline\":\"AMLO anuncia vacuna de refuerzo para m\u00e9dicos y maestros\",\"datePublished\":\"2021-12-22T16:40:22+00:00\",\"dateModified\":\"2021-12-22T16:40:25+00:00\",\"mainEntityOfPage\":{\"@id\":\"https:\\\/\\\/quehacerpolitico.mx\\\/?p=87544\"},\"wordCount\":527,\"commentCount\":0,\"image\":{\"@id\":\"https:\\\/\\\/quehacerpolitico.mx\\\/?p=87544#primaryimage\"},\"thumbnailUrl\":\"https:\\\/\\\/quehacerpolitico.mx\\\/wp-content\\\/uploads\\\/2021\\\/12\\\/05CD6071-6C24-4A61-A815-A4DB57524AF2.jpeg\",\"articleSection\":[\"Noticias\"],\"inLanguage\":\"es\",\"potentialAction\":[{\"@type\":\"CommentAction\",\"name\":\"Comment\",\"target\":[\"https:\\\/\\\/quehacerpolitico.mx\\\/?p=87544#respond\"]}]},{\"@type\":\"WebPage\",\"@id\":\"https:\\\/\\\/quehacerpolitico.mx\\\/?p=87544\",\"url\":\"https:\\\/\\\/quehacerpolitico.mx\\\/?p=87544\",\"name\":\"AMLO anuncia vacuna de refuerzo para m\u00e9dicos y maestros -\",\"isPartOf\":{\"@id\":\"https:\\\/\\\/quehacerpolitico.mx\\\/#website\"},\"primaryImageOfPage\":{\"@id\":\"https:\\\/\\\/quehacerpolitico.mx\\\/?p=87544#primaryimage\"},\"image\":{\"@id\":\"https:\\\/\\\/quehacerpolitico.mx\\\/?p=87544#primaryimage\"},\"thumbnailUrl\":\"https:\\\/\\\/quehacerpolitico.mx\\\/wp-content\\\/uploads\\\/2021\\\/12\\\/05CD6071-6C24-4A61-A815-A4DB57524AF2.jpeg\",\"datePublished\":\"2021-12-22T16:40:22+00:00\",\"dateModified\":\"2021-12-22T16:40:25+00:00\",\"author\":{\"@id\":\"https:\\\/\\\/quehacerpolitico.mx\\\/#\\\/schema\\\/person\\\/496d8ad2d1d3f8036101dca7ee39e585\"},\"breadcrumb\":{\"@id\":\"https:\\\/\\\/quehacerpolitico.mx\\\/?p=87544#breadcrumb\"},\"inLanguage\":\"es\",\"potentialAction\":[{\"@type\":\"ReadAction\",\"target\":[\"https:\\\/\\\/quehacerpolitico.mx\\\/?p=87544\"]}]},{\"@type\":\"ImageObject\",\"inLanguage\":\"es\",\"@id\":\"https:\\\/\\\/quehacerpolitico.mx\\\/?p=87544#primaryimage\",\"url\":\"https:\\\/\\\/quehacerpolitico.mx\\\/wp-content\\\/uploads\\\/2021\\\/12\\\/05CD6071-6C24-4A61-A815-A4DB57524AF2.jpeg\",\"contentUrl\":\"https:\\\/\\\/quehacerpolitico.mx\\\/wp-content\\\/uploads\\\/2021\\\/12\\\/05CD6071-6C24-4A61-A815-A4DB57524AF2.jpeg\",\"width\":1284,\"height\":616},{\"@type\":\"BreadcrumbList\",\"@id\":\"https:\\\/\\\/quehacerpolitico.mx\\\/?p=87544#breadcrumb\",\"itemListElement\":[{\"@type\":\"ListItem\",\"position\":1,\"name\":\"Inicio\",\"item\":\"https:\\\/\\\/quehacerpolitico.mx\\\/\"},{\"@type\":\"ListItem\",\"position\":2,\"name\":\"AMLO anuncia vacuna de refuerzo para m\u00e9dicos y maestros\"}]},{\"@type\":\"WebSite\",\"@id\":\"https:\\\/\\\/quehacerpolitico.mx\\\/#website\",\"url\":\"https:\\\/\\\/quehacerpolitico.mx\\\/\",\"name\":\"\",\"description\":\"\",\"potentialAction\":[{\"@type\":\"SearchAction\",\"target\":{\"@type\":\"EntryPoint\",\"urlTemplate\":\"https:\\\/\\\/quehacerpolitico.mx\\\/?s={search_term_string}\"},\"query-input\":{\"@type\":\"PropertyValueSpecification\",\"valueRequired\":true,\"valueName\":\"search_term_string\"}}],\"inLanguage\":\"es\"},{\"@type\":\"Person\",\"@id\":\"https:\\\/\\\/quehacerpolitico.mx\\\/#\\\/schema\\\/person\\\/496d8ad2d1d3f8036101dca7ee39e585\",\"name\":\"Redacci\u00f3n QP\",\"image\":{\"@type\":\"ImageObject\",\"inLanguage\":\"es\",\"@id\":\"https:\\\/\\\/secure.gravatar.com\\\/avatar\\\/c7164ed6fdec453195284ad24a5ae5b6e1eed2b848477fa2a4787ba9adf39a41?s=96&d=mm&r=g\",\"url\":\"https:\\\/\\\/secure.gravatar.com\\\/avatar\\\/c7164ed6fdec453195284ad24a5ae5b6e1eed2b848477fa2a4787ba9adf39a41?s=96&d=mm&r=g\",\"contentUrl\":\"https:\\\/\\\/secure.gravatar.com\\\/avatar\\\/c7164ed6fdec453195284ad24a5ae5b6e1eed2b848477fa2a4787ba9adf39a41?s=96&d=mm&r=g\",\"caption\":\"Redacci\u00f3n QP\"},\"url\":\"https:\\\/\\\/quehacerpolitico.mx\\\/?author=2\"}]}<\/script>\n<!-- \/ Yoast SEO plugin. -->","yoast_head_json":{"title":"AMLO anuncia vacuna de refuerzo para m\u00e9dicos y maestros -","robots":{"index":"index","follow":"follow","max-snippet":"max-snippet:-1","max-image-preview":"max-image-preview:large","max-video-preview":"max-video-preview:-1"},"canonical":"https:\/\/quehacerpolitico.mx\/?p=87544","og_locale":"es_MX","og_type":"article","og_title":"AMLO anuncia vacuna de refuerzo para m\u00e9dicos y maestros -","og_description":"Por Redacci\u00f3n QP Sin detallar la fecha o el f\u00e1rmaco que se utilizar\u00e1, AMLO dice...","og_url":"https:\/\/quehacerpolitico.mx\/?p=87544","article_published_time":"2021-12-22T16:40:22+00:00","article_modified_time":"2021-12-22T16:40:25+00:00","og_image":[{"width":1284,"height":616,"url":"https:\/\/quehacerpolitico.mx\/wp-content\/uploads\/2021\/12\/05CD6071-6C24-4A61-A815-A4DB57524AF2.jpeg","type":"image\/jpeg"}],"author":"Redacci\u00f3n QP","twitter_card":"summary_large_image","twitter_misc":{"Escrito por":"Redacci\u00f3n QP","Tiempo de lectura":"3 minutos"},"schema":{"@context":"https:\/\/schema.org","@graph":[{"@type":"Article","@id":"https:\/\/quehacerpolitico.mx\/?p=87544#article","isPartOf":{"@id":"https:\/\/quehacerpolitico.mx\/?p=87544"},"author":{"name":"Redacci\u00f3n QP","@id":"https:\/\/quehacerpolitico.mx\/#\/schema\/person\/496d8ad2d1d3f8036101dca7ee39e585"},"headline":"AMLO anuncia vacuna de refuerzo para m\u00e9dicos y maestros","datePublished":"2021-12-22T16:40:22+00:00","dateModified":"2021-12-22T16:40:25+00:00","mainEntityOfPage":{"@id":"https:\/\/quehacerpolitico.mx\/?p=87544"},"wordCount":527,"commentCount":0,"image":{"@id":"https:\/\/quehacerpolitico.mx\/?p=87544#primaryimage"},"thumbnailUrl":"https:\/\/quehacerpolitico.mx\/wp-content\/uploads\/2021\/12\/05CD6071-6C24-4A61-A815-A4DB57524AF2.jpeg","articleSection":["Noticias"],"inLanguage":"es","potentialAction":[{"@type":"CommentAction","name":"Comment","target":["https:\/\/quehacerpolitico.mx\/?p=87544#respond"]}]},{"@type":"WebPage","@id":"https:\/\/quehacerpolitico.mx\/?p=87544","url":"https:\/\/quehacerpolitico.mx\/?p=87544","name":"AMLO anuncia vacuna de refuerzo para m\u00e9dicos y maestros -","isPartOf":{"@id":"https:\/\/quehacerpolitico.mx\/#website"},"primaryImageOfPage":{"@id":"https:\/\/quehacerpolitico.mx\/?p=87544#primaryimage"},"image":{"@id":"https:\/\/quehacerpolitico.mx\/?p=87544#primaryimage"},"thumbnailUrl":"https:\/\/quehacerpolitico.mx\/wp-content\/uploads\/2021\/12\/05CD6071-6C24-4A61-A815-A4DB57524AF2.jpeg","datePublished":"2021-12-22T16:40:22+00:00","dateModified":"2021-12-22T16:40:25+00:00","author":{"@id":"https:\/\/quehacerpolitico.mx\/#\/schema\/person\/496d8ad2d1d3f8036101dca7ee39e585"},"breadcrumb":{"@id":"https:\/\/quehacerpolitico.mx\/?p=87544#breadcrumb"},"inLanguage":"es","potentialAction":[{"@type":"ReadAction","target":["https:\/\/quehacerpolitico.mx\/?p=87544"]}]},{"@type":"ImageObject","inLanguage":"es","@id":"https:\/\/quehacerpolitico.mx\/?p=87544#primaryimage","url":"https:\/\/quehacerpolitico.mx\/wp-content\/uploads\/2021\/12\/05CD6071-6C24-4A61-A815-A4DB57524AF2.jpeg","contentUrl":"https:\/\/quehacerpolitico.mx\/wp-content\/uploads\/2021\/12\/05CD6071-6C24-4A61-A815-A4DB57524AF2.jpeg","width":1284,"height":616},{"@type":"BreadcrumbList","@id":"https:\/\/quehacerpolitico.mx\/?p=87544#breadcrumb","itemListElement":[{"@type":"ListItem","position":1,"name":"Inicio","item":"https:\/\/quehacerpolitico.mx\/"},{"@type":"ListItem","position":2,"name":"AMLO anuncia vacuna de refuerzo para m\u00e9dicos y maestros"}]},{"@type":"WebSite","@id":"https:\/\/quehacerpolitico.mx\/#website","url":"https:\/\/quehacerpolitico.mx\/","name":"","description":"","potentialAction":[{"@type":"SearchAction","target":{"@type":"EntryPoint","urlTemplate":"https:\/\/quehacerpolitico.mx\/?s={search_term_string}"},"query-input":{"@type":"PropertyValueSpecification","valueRequired":true,"valueName":"search_term_string"}}],"inLanguage":"es"},{"@type":"Person","@id":"https:\/\/quehacerpolitico.mx\/#\/schema\/person\/496d8ad2d1d3f8036101dca7ee39e585","name":"Redacci\u00f3n QP","image":{"@type":"ImageObject","inLanguage":"es","@id":"https:\/\/secure.gravatar.com\/avatar\/c7164ed6fdec453195284ad24a5ae5b6e1eed2b848477fa2a4787ba9adf39a41?s=96&d=mm&r=g","url":"https:\/\/secure.gravatar.com\/avatar\/c7164ed6fdec453195284ad24a5ae5b6e1eed2b848477fa2a4787ba9adf39a41?s=96&d=mm&r=g","contentUrl":"https:\/\/secure.gravatar.com\/avatar\/c7164ed6fdec453195284ad24a5ae5b6e1eed2b848477fa2a4787ba9adf39a41?s=96&d=mm&r=g","caption":"Redacci\u00f3n QP"},"url":"https:\/\/quehacerpolitico.mx\/?author=2"}]}},"featured_image_urls":{"full":["https:\/\/quehacerpolitico.mx\/wp-content\/uploads\/2021\/12\/05CD6071-6C24-4A61-A815-A4DB57524AF2.jpeg",1284,616,false],"thumbnail":["https:\/\/quehacerpolitico.mx\/wp-content\/uploads\/2021\/12\/05CD6071-6C24-4A61-A815-A4DB57524AF2-150x150.jpeg",150,150,true],"medium":["https:\/\/quehacerpolitico.mx\/wp-content\/uploads\/2021\/12\/05CD6071-6C24-4A61-A815-A4DB57524AF2-300x144.jpeg",300,144,true],"medium_large":["https:\/\/quehacerpolitico.mx\/wp-content\/uploads\/2021\/12\/05CD6071-6C24-4A61-A815-A4DB57524AF2-768x368.jpeg",640,307,true],"large":["https:\/\/quehacerpolitico.mx\/wp-content\/uploads\/2021\/12\/05CD6071-6C24-4A61-A815-A4DB57524AF2-1024x491.jpeg",640,307,true],"1536x1536":["https:\/\/quehacerpolitico.mx\/wp-content\/uploads\/2021\/12\/05CD6071-6C24-4A61-A815-A4DB57524AF2.jpeg",1284,616,false],"2048x2048":["https:\/\/quehacerpolitico.mx\/wp-content\/uploads\/2021\/12\/05CD6071-6C24-4A61-A815-A4DB57524AF2.jpeg",1284,616,false],"covernews-featured":["https:\/\/quehacerpolitico.mx\/wp-content\/uploads\/2021\/12\/05CD6071-6C24-4A61-A815-A4DB57524AF2.jpeg",1024,491,false],"covernews-medium":["https:\/\/quehacerpolitico.mx\/wp-content\/uploads\/2021\/12\/05CD6071-6C24-4A61-A815-A4DB57524AF2.jpeg",540,259,false]},"author_info":{"display_name":"Redacci\u00f3n QP","author_link":"https:\/\/quehacerpolitico.mx\/?author=2"},"category_info":"<a href=\"https:\/\/quehacerpolitico.mx\/?cat=2\" rel=\"category\">Noticias<\/a>","tag_info":"Noticias","comment_count":"0","_links":{"self":[{"href":"https:\/\/quehacerpolitico.mx\/index.php?rest_route=\/wp\/v2\/posts\/87544","targetHints":{"allow":["GET"]}}],"collection":[{"href":"https:\/\/quehacerpolitico.mx\/index.php?rest_route=\/wp\/v2\/posts"}],"about":[{"href":"https:\/\/quehacerpolitico.mx\/index.php?rest_route=\/wp\/v2\/types\/post"}],"author":[{"embeddable":true,"href":"https:\/\/quehacerpolitico.mx\/index.php?rest_route=\/wp\/v2\/users\/2"}],"replies":[{"embeddable":true,"href":"https:\/\/quehacerpolitico.mx\/index.php?rest_route=%2Fwp%2Fv2%2Fcomments&post=87544"}],"version-history":[{"count":1,"href":"https:\/\/quehacerpolitico.mx\/index.php?rest_route=\/wp\/v2\/posts\/87544\/revisions"}],"predecessor-version":[{"id":87546,"href":"https:\/\/quehacerpolitico.mx\/index.php?rest_route=\/wp\/v2\/posts\/87544\/revisions\/87546"}],"wp:featuredmedia":[{"embeddable":true,"href":"https:\/\/quehacerpolitico.mx\/index.php?rest_route=\/wp\/v2\/media\/87545"}],"wp:attachment":[{"href":"https:\/\/quehacerpolitico.mx\/index.php?rest_route=%2Fwp%2Fv2%2Fmedia&parent=87544"}],"wp:term":[{"taxonomy":"category","embeddable":true,"href":"https:\/\/quehacerpolitico.mx\/index.php?rest_route=%2Fwp%2Fv2%2Fcategories&post=87544"},{"taxonomy":"post_tag","embeddable":true,"href":"https:\/\/quehacerpolitico.mx\/index.php?rest_route=%2Fwp%2Fv2%2Ftags&post=87544"}],"curies":[{"name":"wp","href":"https:\/\/api.w.org\/{rel}","templated":true}]}}