{"id":87532,"date":"2021-12-22T15:00:44","date_gmt":"2021-12-22T15:00:44","guid":{"rendered":"https:\/\/quehacerpolitico.mx\/?p=87532"},"modified":"2021-12-22T15:00:46","modified_gmt":"2021-12-22T15:00:46","slug":"las-marchas-y-concentraciones-para-este-22-de-diciembre","status":"publish","type":"post","link":"https:\/\/quehacerpolitico.mx\/?p=87532","title":{"rendered":"Las marchas y concentraciones para este 22 de diciembre"},"content":{"rendered":"\n<p>Por Redacci\u00f3n QP<\/p>\n\n\n\n<p>Este mi\u00e9rcoles se esperan cinco concentraciones-marchas a lo largo del d\u00eda en distintos puntos de la Ciudad de M\u00e9xico. Aqu\u00ed te decimos d\u00f3nde, para que tomes precauci\u00f3n.<\/p>\n\n\n\n<p>De acuerdo con el\u00a0<strong>Centro de Comando, Control, C\u00f3mputo, Comunicaciones y Contacto Ciudadano de la Ciudad de M\u00e9xico<\/strong>(C5) este 22 de diciembre se esperan cinco marchas y concentraciones a lo largo del d\u00eda, las cuales podr\u00edan afectar la circulaci\u00f3n en vialidades de la capital.<\/p>\n\n\n\n<figure class=\"wp-block-embed is-type-rich is-provider-twitter wp-block-embed-twitter\"><div class=\"wp-block-embed__wrapper\">\n<blockquote class=\"twitter-tweet\" data-width=\"550\" data-dnt=\"true\"><p lang=\"es\" dir=\"ltr\">\u26a0\ufe0f\ud83d\udce2Te compartimos las movilizaciones sociales previstas para este d\u00eda en la CDMX.<a href=\"https:\/\/twitter.com\/hashtag\/MovilidadCDMX?src=hash&amp;ref_src=twsrc%5Etfw\">#MovilidadCDMX<\/a> <a href=\"https:\/\/twitter.com\/hashtag\/C5?src=hash&amp;ref_src=twsrc%5Etfw\">#C5<\/a> <a href=\"https:\/\/t.co\/Pvl7eA40zV\">pic.twitter.com\/Pvl7eA40zV<\/a><\/p>&mdash; C5 CDMX (@C5_CDMX) <a href=\"https:\/\/twitter.com\/C5_CDMX\/status\/1473624061339123712?ref_src=twsrc%5Etfw\">December 22, 2021<\/a><\/blockquote><script async src=\"https:\/\/platform.twitter.com\/widgets.js\" charset=\"utf-8\"><\/script>\n<\/div><\/figure>\n\n\n\n<p>Durante la jornada de este mi\u00e9rcoles se tienen previstas concentraciones en las alcald\u00edas Cuauht\u00e9moc y<strong>&nbsp;la alcald\u00eda Miguel Hidalgo.<\/strong><\/p>\n\n\n\n<h2 class=\"wp-block-heading\"><strong>Alcald\u00eda Cuauht\u00e9moc<\/strong><\/h2>\n\n\n\n<p><strong>05:00 horas<\/strong>. Concentraci\u00f3n de Habitantes del Municipio de Pinos del estado de Zacatecas en Plaza de la Constituci\u00f3n (Z\u00f3calo) s\/n, Centro Hist\u00f3rico de la Ciudad de M\u00e9xico.&nbsp;<\/p>\n\n\n\n<p><strong>09:30 horas.<\/strong>\u00a0Concentraci\u00f3n de Colectivo Boudica Bazar en avenida Nuevo Le\u00f3n, n\u00famero 80, colonia Hip\u00f3dromo Condesa.<\/p>\n\n\n\n<p><strong>13:00 horas.&nbsp;<\/strong>Concentraci\u00f3n de #24F Coalici\u00f3n Vida y Libertad Julian Assange en avenida Paseo de la Reforma, n\u00famero 305, colonia Ju\u00e1rez.<\/p>\n\n\n\n<p><strong>18:00 horas.<\/strong>&nbsp;Concentraci\u00f3n de Circulo de Mujeres Plant\u00f3n, n\u00famero 420, en Avenida Paseo de la Reforma, s\/n, colonia Ju\u00e1rez.&nbsp;<\/p>\n\n\n\n<h2 class=\"wp-block-heading\"><strong>Alcald\u00eda Miguel Hidalgo<\/strong><\/h2>\n\n\n\n<p><strong>11:00 horas.<\/strong>&nbsp;Concentraci\u00f3n de Ejercito Zapatista de Liberaci\u00f3n Nacional en Lieja n\u00famero 270, colonia Bosque de Chapultepec 1 Secci\u00f3n.<\/p>\n","protected":false},"excerpt":{"rendered":"<p>Por Redacci\u00f3n QP Este mi\u00e9rcoles se esperan cinco concentraciones-marchas a lo largo del d\u00eda en&#8230;<\/p>\n","protected":false},"author":2,"featured_media":87533,"comment_status":"open","ping_status":"open","sticky":false,"template":"","format":"standard","meta":{"_monsterinsights_skip_tracking":false,"_monsterinsights_sitenote_active":false,"_monsterinsights_sitenote_note":"","_monsterinsights_sitenote_category":0,"footnotes":""},"categories":[55],"tags":[],"class_list":["post-87532","post","type-post","status-publish","format-standard","has-post-thumbnail","hentry","category-cdmx"],"yoast_head":"<!-- This site is optimized with the Yoast SEO plugin v27.3 - https:\/\/yoast.com\/product\/yoast-seo-wordpress\/ -->\n<title>Las marchas y concentraciones para este 22 de diciembre -<\/title>\n<meta name=\"robots\" content=\"index, follow, max-snippet:-1, max-image-preview:large, max-video-preview:-1\" \/>\n<link rel=\"canonical\" href=\"https:\/\/quehacerpolitico.mx\/?p=87532\" \/>\n<meta property=\"og:locale\" content=\"es_MX\" \/>\n<meta property=\"og:type\" content=\"article\" \/>\n<meta property=\"og:title\" content=\"Las marchas y concentraciones para este 22 de diciembre -\" \/>\n<meta property=\"og:description\" content=\"Por Redacci\u00f3n QP Este mi\u00e9rcoles se esperan cinco concentraciones-marchas a lo largo del d\u00eda en...\" \/>\n<meta property=\"og:url\" content=\"https:\/\/quehacerpolitico.mx\/?p=87532\" \/>\n<meta property=\"article:published_time\" content=\"2021-12-22T15:00:44+00:00\" \/>\n<meta property=\"article:modified_time\" content=\"2021-12-22T15:00:46+00:00\" \/>\n<meta property=\"og:image\" content=\"https:\/\/quehacerpolitico.mx\/wp-content\/uploads\/2021\/12\/A2F54E88-ECE9-4F39-9898-61AFBB2CAB2D.jpeg\" \/>\n\t<meta property=\"og:image:width\" content=\"703\" \/>\n\t<meta property=\"og:image:height\" content=\"436\" \/>\n\t<meta property=\"og:image:type\" content=\"image\/jpeg\" \/>\n<meta name=\"author\" content=\"Redacci\u00f3n QP\" \/>\n<meta name=\"twitter:card\" content=\"summary_large_image\" \/>\n<meta name=\"twitter:label1\" content=\"Escrito por\" \/>\n\t<meta name=\"twitter:data1\" content=\"Redacci\u00f3n QP\" \/>\n\t<meta name=\"twitter:label2\" content=\"Tiempo de lectura\" \/>\n\t<meta name=\"twitter:data2\" content=\"1 minuto\" \/>\n<script type=\"application\/ld+json\" class=\"yoast-schema-graph\">{\"@context\":\"https:\\\/\\\/schema.org\",\"@graph\":[{\"@type\":\"Article\",\"@id\":\"https:\\\/\\\/quehacerpolitico.mx\\\/?p=87532#article\",\"isPartOf\":{\"@id\":\"https:\\\/\\\/quehacerpolitico.mx\\\/?p=87532\"},\"author\":{\"name\":\"Redacci\u00f3n QP\",\"@id\":\"https:\\\/\\\/quehacerpolitico.mx\\\/#\\\/schema\\\/person\\\/496d8ad2d1d3f8036101dca7ee39e585\"},\"headline\":\"Las marchas y concentraciones para este 22 de diciembre\",\"datePublished\":\"2021-12-22T15:00:44+00:00\",\"dateModified\":\"2021-12-22T15:00:46+00:00\",\"mainEntityOfPage\":{\"@id\":\"https:\\\/\\\/quehacerpolitico.mx\\\/?p=87532\"},\"wordCount\":252,\"commentCount\":0,\"image\":{\"@id\":\"https:\\\/\\\/quehacerpolitico.mx\\\/?p=87532#primaryimage\"},\"thumbnailUrl\":\"https:\\\/\\\/quehacerpolitico.mx\\\/wp-content\\\/uploads\\\/2021\\\/12\\\/A2F54E88-ECE9-4F39-9898-61AFBB2CAB2D.jpeg\",\"articleSection\":[\"CDMX\"],\"inLanguage\":\"es\",\"potentialAction\":[{\"@type\":\"CommentAction\",\"name\":\"Comment\",\"target\":[\"https:\\\/\\\/quehacerpolitico.mx\\\/?p=87532#respond\"]}]},{\"@type\":\"WebPage\",\"@id\":\"https:\\\/\\\/quehacerpolitico.mx\\\/?p=87532\",\"url\":\"https:\\\/\\\/quehacerpolitico.mx\\\/?p=87532\",\"name\":\"Las marchas y concentraciones para este 22 de diciembre -\",\"isPartOf\":{\"@id\":\"https:\\\/\\\/quehacerpolitico.mx\\\/#website\"},\"primaryImageOfPage\":{\"@id\":\"https:\\\/\\\/quehacerpolitico.mx\\\/?p=87532#primaryimage\"},\"image\":{\"@id\":\"https:\\\/\\\/quehacerpolitico.mx\\\/?p=87532#primaryimage\"},\"thumbnailUrl\":\"https:\\\/\\\/quehacerpolitico.mx\\\/wp-content\\\/uploads\\\/2021\\\/12\\\/A2F54E88-ECE9-4F39-9898-61AFBB2CAB2D.jpeg\",\"datePublished\":\"2021-12-22T15:00:44+00:00\",\"dateModified\":\"2021-12-22T15:00:46+00:00\",\"author\":{\"@id\":\"https:\\\/\\\/quehacerpolitico.mx\\\/#\\\/schema\\\/person\\\/496d8ad2d1d3f8036101dca7ee39e585\"},\"breadcrumb\":{\"@id\":\"https:\\\/\\\/quehacerpolitico.mx\\\/?p=87532#breadcrumb\"},\"inLanguage\":\"es\",\"potentialAction\":[{\"@type\":\"ReadAction\",\"target\":[\"https:\\\/\\\/quehacerpolitico.mx\\\/?p=87532\"]}]},{\"@type\":\"ImageObject\",\"inLanguage\":\"es\",\"@id\":\"https:\\\/\\\/quehacerpolitico.mx\\\/?p=87532#primaryimage\",\"url\":\"https:\\\/\\\/quehacerpolitico.mx\\\/wp-content\\\/uploads\\\/2021\\\/12\\\/A2F54E88-ECE9-4F39-9898-61AFBB2CAB2D.jpeg\",\"contentUrl\":\"https:\\\/\\\/quehacerpolitico.mx\\\/wp-content\\\/uploads\\\/2021\\\/12\\\/A2F54E88-ECE9-4F39-9898-61AFBB2CAB2D.jpeg\",\"width\":703,\"height\":436},{\"@type\":\"BreadcrumbList\",\"@id\":\"https:\\\/\\\/quehacerpolitico.mx\\\/?p=87532#breadcrumb\",\"itemListElement\":[{\"@type\":\"ListItem\",\"position\":1,\"name\":\"Inicio\",\"item\":\"https:\\\/\\\/quehacerpolitico.mx\\\/\"},{\"@type\":\"ListItem\",\"position\":2,\"name\":\"Las marchas y concentraciones para este 22 de diciembre\"}]},{\"@type\":\"WebSite\",\"@id\":\"https:\\\/\\\/quehacerpolitico.mx\\\/#website\",\"url\":\"https:\\\/\\\/quehacerpolitico.mx\\\/\",\"name\":\"\",\"description\":\"\",\"potentialAction\":[{\"@type\":\"SearchAction\",\"target\":{\"@type\":\"EntryPoint\",\"urlTemplate\":\"https:\\\/\\\/quehacerpolitico.mx\\\/?s={search_term_string}\"},\"query-input\":{\"@type\":\"PropertyValueSpecification\",\"valueRequired\":true,\"valueName\":\"search_term_string\"}}],\"inLanguage\":\"es\"},{\"@type\":\"Person\",\"@id\":\"https:\\\/\\\/quehacerpolitico.mx\\\/#\\\/schema\\\/person\\\/496d8ad2d1d3f8036101dca7ee39e585\",\"name\":\"Redacci\u00f3n QP\",\"image\":{\"@type\":\"ImageObject\",\"inLanguage\":\"es\",\"@id\":\"https:\\\/\\\/secure.gravatar.com\\\/avatar\\\/c7164ed6fdec453195284ad24a5ae5b6e1eed2b848477fa2a4787ba9adf39a41?s=96&d=mm&r=g\",\"url\":\"https:\\\/\\\/secure.gravatar.com\\\/avatar\\\/c7164ed6fdec453195284ad24a5ae5b6e1eed2b848477fa2a4787ba9adf39a41?s=96&d=mm&r=g\",\"contentUrl\":\"https:\\\/\\\/secure.gravatar.com\\\/avatar\\\/c7164ed6fdec453195284ad24a5ae5b6e1eed2b848477fa2a4787ba9adf39a41?s=96&d=mm&r=g\",\"caption\":\"Redacci\u00f3n QP\"},\"url\":\"https:\\\/\\\/quehacerpolitico.mx\\\/?author=2\"}]}<\/script>\n<!-- \/ Yoast SEO plugin. -->","yoast_head_json":{"title":"Las marchas y concentraciones para este 22 de diciembre -","robots":{"index":"index","follow":"follow","max-snippet":"max-snippet:-1","max-image-preview":"max-image-preview:large","max-video-preview":"max-video-preview:-1"},"canonical":"https:\/\/quehacerpolitico.mx\/?p=87532","og_locale":"es_MX","og_type":"article","og_title":"Las marchas y concentraciones para este 22 de diciembre -","og_description":"Por Redacci\u00f3n QP Este mi\u00e9rcoles se esperan cinco concentraciones-marchas a lo largo del d\u00eda en...","og_url":"https:\/\/quehacerpolitico.mx\/?p=87532","article_published_time":"2021-12-22T15:00:44+00:00","article_modified_time":"2021-12-22T15:00:46+00:00","og_image":[{"width":703,"height":436,"url":"https:\/\/quehacerpolitico.mx\/wp-content\/uploads\/2021\/12\/A2F54E88-ECE9-4F39-9898-61AFBB2CAB2D.jpeg","type":"image\/jpeg"}],"author":"Redacci\u00f3n QP","twitter_card":"summary_large_image","twitter_misc":{"Escrito por":"Redacci\u00f3n QP","Tiempo de lectura":"1 minuto"},"schema":{"@context":"https:\/\/schema.org","@graph":[{"@type":"Article","@id":"https:\/\/quehacerpolitico.mx\/?p=87532#article","isPartOf":{"@id":"https:\/\/quehacerpolitico.mx\/?p=87532"},"author":{"name":"Redacci\u00f3n QP","@id":"https:\/\/quehacerpolitico.mx\/#\/schema\/person\/496d8ad2d1d3f8036101dca7ee39e585"},"headline":"Las marchas y concentraciones para este 22 de diciembre","datePublished":"2021-12-22T15:00:44+00:00","dateModified":"2021-12-22T15:00:46+00:00","mainEntityOfPage":{"@id":"https:\/\/quehacerpolitico.mx\/?p=87532"},"wordCount":252,"commentCount":0,"image":{"@id":"https:\/\/quehacerpolitico.mx\/?p=87532#primaryimage"},"thumbnailUrl":"https:\/\/quehacerpolitico.mx\/wp-content\/uploads\/2021\/12\/A2F54E88-ECE9-4F39-9898-61AFBB2CAB2D.jpeg","articleSection":["CDMX"],"inLanguage":"es","potentialAction":[{"@type":"CommentAction","name":"Comment","target":["https:\/\/quehacerpolitico.mx\/?p=87532#respond"]}]},{"@type":"WebPage","@id":"https:\/\/quehacerpolitico.mx\/?p=87532","url":"https:\/\/quehacerpolitico.mx\/?p=87532","name":"Las marchas y concentraciones para este 22 de diciembre -","isPartOf":{"@id":"https:\/\/quehacerpolitico.mx\/#website"},"primaryImageOfPage":{"@id":"https:\/\/quehacerpolitico.mx\/?p=87532#primaryimage"},"image":{"@id":"https:\/\/quehacerpolitico.mx\/?p=87532#primaryimage"},"thumbnailUrl":"https:\/\/quehacerpolitico.mx\/wp-content\/uploads\/2021\/12\/A2F54E88-ECE9-4F39-9898-61AFBB2CAB2D.jpeg","datePublished":"2021-12-22T15:00:44+00:00","dateModified":"2021-12-22T15:00:46+00:00","author":{"@id":"https:\/\/quehacerpolitico.mx\/#\/schema\/person\/496d8ad2d1d3f8036101dca7ee39e585"},"breadcrumb":{"@id":"https:\/\/quehacerpolitico.mx\/?p=87532#breadcrumb"},"inLanguage":"es","potentialAction":[{"@type":"ReadAction","target":["https:\/\/quehacerpolitico.mx\/?p=87532"]}]},{"@type":"ImageObject","inLanguage":"es","@id":"https:\/\/quehacerpolitico.mx\/?p=87532#primaryimage","url":"https:\/\/quehacerpolitico.mx\/wp-content\/uploads\/2021\/12\/A2F54E88-ECE9-4F39-9898-61AFBB2CAB2D.jpeg","contentUrl":"https:\/\/quehacerpolitico.mx\/wp-content\/uploads\/2021\/12\/A2F54E88-ECE9-4F39-9898-61AFBB2CAB2D.jpeg","width":703,"height":436},{"@type":"BreadcrumbList","@id":"https:\/\/quehacerpolitico.mx\/?p=87532#breadcrumb","itemListElement":[{"@type":"ListItem","position":1,"name":"Inicio","item":"https:\/\/quehacerpolitico.mx\/"},{"@type":"ListItem","position":2,"name":"Las marchas y concentraciones para este 22 de diciembre"}]},{"@type":"WebSite","@id":"https:\/\/quehacerpolitico.mx\/#website","url":"https:\/\/quehacerpolitico.mx\/","name":"","description":"","potentialAction":[{"@type":"SearchAction","target":{"@type":"EntryPoint","urlTemplate":"https:\/\/quehacerpolitico.mx\/?s={search_term_string}"},"query-input":{"@type":"PropertyValueSpecification","valueRequired":true,"valueName":"search_term_string"}}],"inLanguage":"es"},{"@type":"Person","@id":"https:\/\/quehacerpolitico.mx\/#\/schema\/person\/496d8ad2d1d3f8036101dca7ee39e585","name":"Redacci\u00f3n QP","image":{"@type":"ImageObject","inLanguage":"es","@id":"https:\/\/secure.gravatar.com\/avatar\/c7164ed6fdec453195284ad24a5ae5b6e1eed2b848477fa2a4787ba9adf39a41?s=96&d=mm&r=g","url":"https:\/\/secure.gravatar.com\/avatar\/c7164ed6fdec453195284ad24a5ae5b6e1eed2b848477fa2a4787ba9adf39a41?s=96&d=mm&r=g","contentUrl":"https:\/\/secure.gravatar.com\/avatar\/c7164ed6fdec453195284ad24a5ae5b6e1eed2b848477fa2a4787ba9adf39a41?s=96&d=mm&r=g","caption":"Redacci\u00f3n QP"},"url":"https:\/\/quehacerpolitico.mx\/?author=2"}]}},"featured_image_urls":{"full":["https:\/\/quehacerpolitico.mx\/wp-content\/uploads\/2021\/12\/A2F54E88-ECE9-4F39-9898-61AFBB2CAB2D.jpeg",703,436,false],"thumbnail":["https:\/\/quehacerpolitico.mx\/wp-content\/uploads\/2021\/12\/A2F54E88-ECE9-4F39-9898-61AFBB2CAB2D-150x150.jpeg",150,150,true],"medium":["https:\/\/quehacerpolitico.mx\/wp-content\/uploads\/2021\/12\/A2F54E88-ECE9-4F39-9898-61AFBB2CAB2D-300x186.jpeg",300,186,true],"medium_large":["https:\/\/quehacerpolitico.mx\/wp-content\/uploads\/2021\/12\/A2F54E88-ECE9-4F39-9898-61AFBB2CAB2D.jpeg",640,397,false],"large":["https:\/\/quehacerpolitico.mx\/wp-content\/uploads\/2021\/12\/A2F54E88-ECE9-4F39-9898-61AFBB2CAB2D.jpeg",640,397,false],"1536x1536":["https:\/\/quehacerpolitico.mx\/wp-content\/uploads\/2021\/12\/A2F54E88-ECE9-4F39-9898-61AFBB2CAB2D.jpeg",703,436,false],"2048x2048":["https:\/\/quehacerpolitico.mx\/wp-content\/uploads\/2021\/12\/A2F54E88-ECE9-4F39-9898-61AFBB2CAB2D.jpeg",703,436,false],"covernews-featured":["https:\/\/quehacerpolitico.mx\/wp-content\/uploads\/2021\/12\/A2F54E88-ECE9-4F39-9898-61AFBB2CAB2D.jpeg",703,436,false],"covernews-medium":["https:\/\/quehacerpolitico.mx\/wp-content\/uploads\/2021\/12\/A2F54E88-ECE9-4F39-9898-61AFBB2CAB2D.jpeg",540,335,false]},"author_info":{"display_name":"Redacci\u00f3n QP","author_link":"https:\/\/quehacerpolitico.mx\/?author=2"},"category_info":"<a href=\"https:\/\/quehacerpolitico.mx\/?cat=55\" rel=\"category\">CDMX<\/a>","tag_info":"CDMX","comment_count":"0","_links":{"self":[{"href":"https:\/\/quehacerpolitico.mx\/index.php?rest_route=\/wp\/v2\/posts\/87532","targetHints":{"allow":["GET"]}}],"collection":[{"href":"https:\/\/quehacerpolitico.mx\/index.php?rest_route=\/wp\/v2\/posts"}],"about":[{"href":"https:\/\/quehacerpolitico.mx\/index.php?rest_route=\/wp\/v2\/types\/post"}],"author":[{"embeddable":true,"href":"https:\/\/quehacerpolitico.mx\/index.php?rest_route=\/wp\/v2\/users\/2"}],"replies":[{"embeddable":true,"href":"https:\/\/quehacerpolitico.mx\/index.php?rest_route=%2Fwp%2Fv2%2Fcomments&post=87532"}],"version-history":[{"count":1,"href":"https:\/\/quehacerpolitico.mx\/index.php?rest_route=\/wp\/v2\/posts\/87532\/revisions"}],"predecessor-version":[{"id":87534,"href":"https:\/\/quehacerpolitico.mx\/index.php?rest_route=\/wp\/v2\/posts\/87532\/revisions\/87534"}],"wp:featuredmedia":[{"embeddable":true,"href":"https:\/\/quehacerpolitico.mx\/index.php?rest_route=\/wp\/v2\/media\/87533"}],"wp:attachment":[{"href":"https:\/\/quehacerpolitico.mx\/index.php?rest_route=%2Fwp%2Fv2%2Fmedia&parent=87532"}],"wp:term":[{"taxonomy":"category","embeddable":true,"href":"https:\/\/quehacerpolitico.mx\/index.php?rest_route=%2Fwp%2Fv2%2Fcategories&post=87532"},{"taxonomy":"post_tag","embeddable":true,"href":"https:\/\/quehacerpolitico.mx\/index.php?rest_route=%2Fwp%2Fv2%2Ftags&post=87532"}],"curies":[{"name":"wp","href":"https:\/\/api.w.org\/{rel}","templated":true}]}}